{"id":127453,"date":"2022-12-13T06:39:08","date_gmt":"2022-12-13T10:39:08","guid":{"rendered":"https:\/\/www.eldiario.net\/portal\/?p=127453"},"modified":"2022-12-13T06:39:08","modified_gmt":"2022-12-13T10:39:08","slug":"dina-boluarte-propone-adelantar-elecciones-para-abril-de-2024-en-peru","status":"publish","type":"post","link":"https:\/\/www.eldiario.net\/portal\/2022\/12\/13\/dina-boluarte-propone-adelantar-elecciones-para-abril-de-2024-en-peru\/","title":{"rendered":"Dina Boluarte propone adelantar  elecciones para abril de 2024 en Per\u00fa"},"content":{"rendered":"<p>La presidenta del Per\u00fa, Dina Boluarte, anunci\u00f3 una declaratoria de estado de emergencia en Apur\u00edmac, Arequipa e Ica (sur del pa\u00eds) por \u00abla alta conflictividad social\u00bb y propuso adelantar las elecciones generales a abril de 2024, dos a\u00f1os antes de lo previsto.<\/p>\n<p>Su mensaje respondi\u00f3 a las protestas registradas en varias partes del pa\u00eds, que dejaron este fin de semana al menos 2 muertos en enfrentamientos con la polic\u00eda, y que se desataron tras la destituci\u00f3n de su predecesor, Pedro Castillo, el pasado mi\u00e9rcoles 7 de diciembre.<\/p>\n<p>Los manifestantes exigen el cierre del Congreso y adelanto de las elecciones luego de la vacancia de Castillo, y entre algunos sectores tambi\u00e9n se pide la liberaci\u00f3n del exmandatario, informan medios locales.<\/p>\n<p>En un mensaje televisado, la presidenta Boluarte inform\u00f3 de la declaratoria de estado de emergencia y anunci\u00f3 que hab\u00eda dado \u00ablas instrucciones para que se recupere pac\u00edficamente el control del orden interno, sin afectar los derechos fundamentales de la ciudadan\u00eda\u00bb.<\/p>\n<p>Asimismo, y despu\u00e9s de rechazar el adelanto electoral en un principio, Boluarte confirm\u00f3 que presentar\u00e1 una propuesta concreta al Congreso con tal fin.<\/p>\n<p>El domingo, manifestantes en diversas ciudades del interior de Per\u00fa (entre ellas, Cajamarca, Arequipa, Huancayo, Cusco y Puno) demandaron la liberaci\u00f3n de Castillo.<\/p>\n<p>En la ciudad sure\u00f1a de Andahuaylas, regi\u00f3n de Apur\u00edmac, se desataron enfrentamientos entre manifestantes y polic\u00eda que dejaron al menos 2 muertos y 30 heridos, confirmaron las autoridades a la radio peruana RPP. (BBC Mundo)<\/p>\n<p>M\u00c1S INFORMACI\u00d3N: INTERNACIONAL<\/p>\n","protected":false},"excerpt":{"rendered":"<p>La presidenta del Per\u00fa, Dina Boluarte, anunci\u00f3 una declaratoria de estado de emergencia en Apur\u00edmac, Arequipa e Ica (sur del pa\u00eds) por \u00abla alta conflictividad social\u00bb y propuso adelantar las elecciones generales a abril de 2024, dos a\u00f1os antes de lo previsto. Su mensaje respondi\u00f3 a las protestas registradas en varias partes del pa\u00eds, que [&hellip;]<\/p>\n","protected":false},"author":1,"featured_media":127454,"comment_status":"closed","ping_status":"closed","sticky":false,"template":"","format":"standard","meta":{"_acf_changed":false,"footnotes":""},"categories":[15],"tags":[],"class_list":["post-127453","post","type-post","status-publish","format-standard","has-post-thumbnail","category-portada"],"acf":{"antetitulo":""},"yoast_head":"<!-- This site is optimized with the Yoast SEO plugin v28.4 - https:\/\/yoast.com\/product\/yoast-seo-wordpress\/ -->\n<title>Dina Boluarte propone adelantar elecciones para abril de 2024 en Per\u00fa - El Diario - Bolivia<\/title>\n<meta name=\"robots\" content=\"index, follow, max-snippet:-1, max-image-preview:large, max-video-preview:-1\" \/>\n<link rel=\"canonical\" href=\"https:\/\/www.eldiario.net\/portal\/2022\/12\/13\/dina-boluarte-propone-adelantar-elecciones-para-abril-de-2024-en-peru\/\" \/>\n<meta property=\"og:locale\" content=\"es_ES\" \/>\n<meta property=\"og:type\" content=\"article\" \/>\n<meta property=\"og:title\" content=\"Dina Boluarte propone adelantar elecciones para abril de 2024 en Per\u00fa - El Diario - Bolivia\" \/>\n<meta property=\"og:description\" content=\"La presidenta del Per\u00fa, Dina Boluarte, anunci\u00f3 una declaratoria de estado de emergencia en Apur\u00edmac, Arequipa e Ica (sur del pa\u00eds) por \u00abla alta conflictividad social\u00bb y propuso adelantar las elecciones generales a abril de 2024, dos a\u00f1os antes de lo previsto. Su mensaje respondi\u00f3 a las protestas registradas en varias partes del pa\u00eds, que [&hellip;]\" \/>\n<meta property=\"og:url\" content=\"https:\/\/www.eldiario.net\/portal\/2022\/12\/13\/dina-boluarte-propone-adelantar-elecciones-para-abril-de-2024-en-peru\/\" \/>\n<meta property=\"og:site_name\" content=\"El Diario - Bolivia\" \/>\n<meta property=\"article:publisher\" content=\"https:\/\/www.facebook.com\/eldiario.bolivia\/\" \/>\n<meta property=\"article:published_time\" content=\"2022-12-13T10:39:08+00:00\" \/>\n<meta name=\"author\" content=\"Jeanette\" \/>\n<meta name=\"twitter:card\" content=\"summary_large_image\" \/>\n<meta name=\"twitter:creator\" content=\"@eldiario_net\" \/>\n<meta name=\"twitter:site\" content=\"@eldiario_net\" \/>\n<meta name=\"twitter:label1\" content=\"Escrito por\" \/>\n\t<meta name=\"twitter:data1\" content=\"Jeanette\" \/>\n\t<meta name=\"twitter:label2\" content=\"Tiempo de lectura\" \/>\n\t<meta name=\"twitter:data2\" content=\"2 minutos\" \/>\n<script type=\"application\/ld+json\" class=\"yoast-schema-graph\">{\"@context\":\"https:\\\/\\\/schema.org\",\"@graph\":[{\"@type\":\"Article\",\"@id\":\"https:\\\/\\\/www.eldiario.net\\\/portal\\\/2022\\\/12\\\/13\\\/dina-boluarte-propone-adelantar-elecciones-para-abril-de-2024-en-peru\\\/#article\",\"isPartOf\":{\"@id\":\"https:\\\/\\\/www.eldiario.net\\\/portal\\\/2022\\\/12\\\/13\\\/dina-boluarte-propone-adelantar-elecciones-para-abril-de-2024-en-peru\\\/\"},\"author\":{\"name\":\"Jeanette\",\"@id\":\"https:\\\/\\\/www.eldiario.net\\\/portal\\\/#\\\/schema\\\/person\\\/f46445640444750d7d753ccd04ae01b7\"},\"headline\":\"Dina Boluarte propone adelantar elecciones para abril de 2024 en Per\u00fa\",\"datePublished\":\"2022-12-13T10:39:08+00:00\",\"mainEntityOfPage\":{\"@id\":\"https:\\\/\\\/www.eldiario.net\\\/portal\\\/2022\\\/12\\\/13\\\/dina-boluarte-propone-adelantar-elecciones-para-abril-de-2024-en-peru\\\/\"},\"wordCount\":268,\"publisher\":{\"@id\":\"https:\\\/\\\/www.eldiario.net\\\/portal\\\/#organization\"},\"image\":{\"@id\":\"https:\\\/\\\/www.eldiario.net\\\/portal\\\/2022\\\/12\\\/13\\\/dina-boluarte-propone-adelantar-elecciones-para-abril-de-2024-en-peru\\\/#primaryimage\"},\"thumbnailUrl\":\"\",\"articleSection\":[\"Portada\"],\"inLanguage\":\"es\"},{\"@type\":\"WebPage\",\"@id\":\"https:\\\/\\\/www.eldiario.net\\\/portal\\\/2022\\\/12\\\/13\\\/dina-boluarte-propone-adelantar-elecciones-para-abril-de-2024-en-peru\\\/\",\"url\":\"https:\\\/\\\/www.eldiario.net\\\/portal\\\/2022\\\/12\\\/13\\\/dina-boluarte-propone-adelantar-elecciones-para-abril-de-2024-en-peru\\\/\",\"name\":\"Dina Boluarte propone adelantar elecciones para abril de 2024 en Per\u00fa - El Diario - Bolivia\",\"isPartOf\":{\"@id\":\"https:\\\/\\\/www.eldiario.net\\\/portal\\\/#website\"},\"primaryImageOfPage\":{\"@id\":\"https:\\\/\\\/www.eldiario.net\\\/portal\\\/2022\\\/12\\\/13\\\/dina-boluarte-propone-adelantar-elecciones-para-abril-de-2024-en-peru\\\/#primaryimage\"},\"image\":{\"@id\":\"https:\\\/\\\/www.eldiario.net\\\/portal\\\/2022\\\/12\\\/13\\\/dina-boluarte-propone-adelantar-elecciones-para-abril-de-2024-en-peru\\\/#primaryimage\"},\"thumbnailUrl\":\"\",\"datePublished\":\"2022-12-13T10:39:08+00:00\",\"breadcrumb\":{\"@id\":\"https:\\\/\\\/www.eldiario.net\\\/portal\\\/2022\\\/12\\\/13\\\/dina-boluarte-propone-adelantar-elecciones-para-abril-de-2024-en-peru\\\/#breadcrumb\"},\"inLanguage\":\"es\",\"potentialAction\":[{\"@type\":\"ReadAction\",\"target\":[\"https:\\\/\\\/www.eldiario.net\\\/portal\\\/2022\\\/12\\\/13\\\/dina-boluarte-propone-adelantar-elecciones-para-abril-de-2024-en-peru\\\/\"]}]},{\"@type\":\"ImageObject\",\"inLanguage\":\"es\",\"@id\":\"https:\\\/\\\/www.eldiario.net\\\/portal\\\/2022\\\/12\\\/13\\\/dina-boluarte-propone-adelantar-elecciones-para-abril-de-2024-en-peru\\\/#primaryimage\",\"url\":\"\",\"contentUrl\":\"\"},{\"@type\":\"BreadcrumbList\",\"@id\":\"https:\\\/\\\/www.eldiario.net\\\/portal\\\/2022\\\/12\\\/13\\\/dina-boluarte-propone-adelantar-elecciones-para-abril-de-2024-en-peru\\\/#breadcrumb\",\"itemListElement\":[{\"@type\":\"ListItem\",\"position\":1,\"name\":\"Portada\",\"item\":\"https:\\\/\\\/www.eldiario.net\\\/portal\\\/\"},{\"@type\":\"ListItem\",\"position\":2,\"name\":\"Dina Boluarte propone adelantar elecciones para abril de 2024 en Per\u00fa\"}]},{\"@type\":\"WebSite\",\"@id\":\"https:\\\/\\\/www.eldiario.net\\\/portal\\\/#website\",\"url\":\"https:\\\/\\\/www.eldiario.net\\\/portal\\\/\",\"name\":\"El Diario - Decano de la prensa nacional\",\"description\":\"El Diario - Decano de la prensa nacional\",\"publisher\":{\"@id\":\"https:\\\/\\\/www.eldiario.net\\\/portal\\\/#organization\"},\"potentialAction\":[{\"@type\":\"SearchAction\",\"target\":{\"@type\":\"EntryPoint\",\"urlTemplate\":\"https:\\\/\\\/www.eldiario.net\\\/portal\\\/?s={search_term_string}\"},\"query-input\":{\"@type\":\"PropertyValueSpecification\",\"valueRequired\":true,\"valueName\":\"search_term_string\"}}],\"inLanguage\":\"es\"},{\"@type\":\"Organization\",\"@id\":\"https:\\\/\\\/www.eldiario.net\\\/portal\\\/#organization\",\"name\":\"El Diario - Decano de la prensa nacional\",\"url\":\"https:\\\/\\\/www.eldiario.net\\\/portal\\\/\",\"logo\":{\"@type\":\"ImageObject\",\"inLanguage\":\"es\",\"@id\":\"https:\\\/\\\/www.eldiario.net\\\/portal\\\/#\\\/schema\\\/logo\\\/image\\\/\",\"url\":\"https:\\\/\\\/www.eldiario.net\\\/portal\\\/wp-content\\\/uploads\\\/2023\\\/07\\\/logo_ED.jpg\",\"contentUrl\":\"https:\\\/\\\/www.eldiario.net\\\/portal\\\/wp-content\\\/uploads\\\/2023\\\/07\\\/logo_ED.jpg\",\"width\":272,\"height\":52,\"caption\":\"El Diario - Decano de la prensa nacional\"},\"image\":{\"@id\":\"https:\\\/\\\/www.eldiario.net\\\/portal\\\/#\\\/schema\\\/logo\\\/image\\\/\"},\"sameAs\":[\"https:\\\/\\\/www.facebook.com\\\/eldiario.bolivia\\\/\",\"https:\\\/\\\/x.com\\\/eldiario_net\"]},{\"@type\":\"Person\",\"@id\":\"https:\\\/\\\/www.eldiario.net\\\/portal\\\/#\\\/schema\\\/person\\\/f46445640444750d7d753ccd04ae01b7\",\"name\":\"Jeanette\",\"image\":{\"@type\":\"ImageObject\",\"inLanguage\":\"es\",\"@id\":\"https:\\\/\\\/secure.gravatar.com\\\/avatar\\\/3ea2118a5f7dad2b7138b1187a6b7ee55f160b9968b66013c3a3ef39dd7e5798?s=96&d=mm&r=g\",\"url\":\"https:\\\/\\\/secure.gravatar.com\\\/avatar\\\/3ea2118a5f7dad2b7138b1187a6b7ee55f160b9968b66013c3a3ef39dd7e5798?s=96&d=mm&r=g\",\"contentUrl\":\"https:\\\/\\\/secure.gravatar.com\\\/avatar\\\/3ea2118a5f7dad2b7138b1187a6b7ee55f160b9968b66013c3a3ef39dd7e5798?s=96&d=mm&r=g\",\"caption\":\"Jeanette\"},\"sameAs\":[\"https:\\\/\\\/www.eldiario.net\\\/portal\"],\"url\":\"https:\\\/\\\/www.eldiario.net\\\/portal\\\/author\\\/jeanette\\\/\"}]}<\/script>\n<!-- \/ Yoast SEO plugin. -->","yoast_head_json":{"title":"Dina Boluarte propone adelantar elecciones para abril de 2024 en Per\u00fa - El Diario - Bolivia","robots":{"index":"index","follow":"follow","max-snippet":"max-snippet:-1","max-image-preview":"max-image-preview:large","max-video-preview":"max-video-preview:-1"},"canonical":"https:\/\/www.eldiario.net\/portal\/2022\/12\/13\/dina-boluarte-propone-adelantar-elecciones-para-abril-de-2024-en-peru\/","og_locale":"es_ES","og_type":"article","og_title":"Dina Boluarte propone adelantar elecciones para abril de 2024 en Per\u00fa - El Diario - Bolivia","og_description":"La presidenta del Per\u00fa, Dina Boluarte, anunci\u00f3 una declaratoria de estado de emergencia en Apur\u00edmac, Arequipa e Ica (sur del pa\u00eds) por \u00abla alta conflictividad social\u00bb y propuso adelantar las elecciones generales a abril de 2024, dos a\u00f1os antes de lo previsto. Su mensaje respondi\u00f3 a las protestas registradas en varias partes del pa\u00eds, que [&hellip;]","og_url":"https:\/\/www.eldiario.net\/portal\/2022\/12\/13\/dina-boluarte-propone-adelantar-elecciones-para-abril-de-2024-en-peru\/","og_site_name":"El Diario - Bolivia","article_publisher":"https:\/\/www.facebook.com\/eldiario.bolivia\/","article_published_time":"2022-12-13T10:39:08+00:00","author":"Jeanette","twitter_card":"summary_large_image","twitter_creator":"@eldiario_net","twitter_site":"@eldiario_net","twitter_misc":{"Escrito por":"Jeanette","Tiempo de lectura":"2 minutos"},"schema":{"@context":"https:\/\/schema.org","@graph":[{"@type":"Article","@id":"https:\/\/www.eldiario.net\/portal\/2022\/12\/13\/dina-boluarte-propone-adelantar-elecciones-para-abril-de-2024-en-peru\/#article","isPartOf":{"@id":"https:\/\/www.eldiario.net\/portal\/2022\/12\/13\/dina-boluarte-propone-adelantar-elecciones-para-abril-de-2024-en-peru\/"},"author":{"name":"Jeanette","@id":"https:\/\/www.eldiario.net\/portal\/#\/schema\/person\/f46445640444750d7d753ccd04ae01b7"},"headline":"Dina Boluarte propone adelantar elecciones para abril de 2024 en Per\u00fa","datePublished":"2022-12-13T10:39:08+00:00","mainEntityOfPage":{"@id":"https:\/\/www.eldiario.net\/portal\/2022\/12\/13\/dina-boluarte-propone-adelantar-elecciones-para-abril-de-2024-en-peru\/"},"wordCount":268,"publisher":{"@id":"https:\/\/www.eldiario.net\/portal\/#organization"},"image":{"@id":"https:\/\/www.eldiario.net\/portal\/2022\/12\/13\/dina-boluarte-propone-adelantar-elecciones-para-abril-de-2024-en-peru\/#primaryimage"},"thumbnailUrl":"","articleSection":["Portada"],"inLanguage":"es"},{"@type":"WebPage","@id":"https:\/\/www.eldiario.net\/portal\/2022\/12\/13\/dina-boluarte-propone-adelantar-elecciones-para-abril-de-2024-en-peru\/","url":"https:\/\/www.eldiario.net\/portal\/2022\/12\/13\/dina-boluarte-propone-adelantar-elecciones-para-abril-de-2024-en-peru\/","name":"Dina Boluarte propone adelantar elecciones para abril de 2024 en Per\u00fa - El Diario - Bolivia","isPartOf":{"@id":"https:\/\/www.eldiario.net\/portal\/#website"},"primaryImageOfPage":{"@id":"https:\/\/www.eldiario.net\/portal\/2022\/12\/13\/dina-boluarte-propone-adelantar-elecciones-para-abril-de-2024-en-peru\/#primaryimage"},"image":{"@id":"https:\/\/www.eldiario.net\/portal\/2022\/12\/13\/dina-boluarte-propone-adelantar-elecciones-para-abril-de-2024-en-peru\/#primaryimage"},"thumbnailUrl":"","datePublished":"2022-12-13T10:39:08+00:00","breadcrumb":{"@id":"https:\/\/www.eldiario.net\/portal\/2022\/12\/13\/dina-boluarte-propone-adelantar-elecciones-para-abril-de-2024-en-peru\/#breadcrumb"},"inLanguage":"es","potentialAction":[{"@type":"ReadAction","target":["https:\/\/www.eldiario.net\/portal\/2022\/12\/13\/dina-boluarte-propone-adelantar-elecciones-para-abril-de-2024-en-peru\/"]}]},{"@type":"ImageObject","inLanguage":"es","@id":"https:\/\/www.eldiario.net\/portal\/2022\/12\/13\/dina-boluarte-propone-adelantar-elecciones-para-abril-de-2024-en-peru\/#primaryimage","url":"","contentUrl":""},{"@type":"BreadcrumbList","@id":"https:\/\/www.eldiario.net\/portal\/2022\/12\/13\/dina-boluarte-propone-adelantar-elecciones-para-abril-de-2024-en-peru\/#breadcrumb","itemListElement":[{"@type":"ListItem","position":1,"name":"Portada","item":"https:\/\/www.eldiario.net\/portal\/"},{"@type":"ListItem","position":2,"name":"Dina Boluarte propone adelantar elecciones para abril de 2024 en Per\u00fa"}]},{"@type":"WebSite","@id":"https:\/\/www.eldiario.net\/portal\/#website","url":"https:\/\/www.eldiario.net\/portal\/","name":"El Diario - Decano de la prensa nacional","description":"El Diario - Decano de la prensa nacional","publisher":{"@id":"https:\/\/www.eldiario.net\/portal\/#organization"},"potentialAction":[{"@type":"SearchAction","target":{"@type":"EntryPoint","urlTemplate":"https:\/\/www.eldiario.net\/portal\/?s={search_term_string}"},"query-input":{"@type":"PropertyValueSpecification","valueRequired":true,"valueName":"search_term_string"}}],"inLanguage":"es"},{"@type":"Organization","@id":"https:\/\/www.eldiario.net\/portal\/#organization","name":"El Diario - Decano de la prensa nacional","url":"https:\/\/www.eldiario.net\/portal\/","logo":{"@type":"ImageObject","inLanguage":"es","@id":"https:\/\/www.eldiario.net\/portal\/#\/schema\/logo\/image\/","url":"https:\/\/www.eldiario.net\/portal\/wp-content\/uploads\/2023\/07\/logo_ED.jpg","contentUrl":"https:\/\/www.eldiario.net\/portal\/wp-content\/uploads\/2023\/07\/logo_ED.jpg","width":272,"height":52,"caption":"El Diario - Decano de la prensa nacional"},"image":{"@id":"https:\/\/www.eldiario.net\/portal\/#\/schema\/logo\/image\/"},"sameAs":["https:\/\/www.facebook.com\/eldiario.bolivia\/","https:\/\/x.com\/eldiario_net"]},{"@type":"Person","@id":"https:\/\/www.eldiario.net\/portal\/#\/schema\/person\/f46445640444750d7d753ccd04ae01b7","name":"Jeanette","image":{"@type":"ImageObject","inLanguage":"es","@id":"https:\/\/secure.gravatar.com\/avatar\/3ea2118a5f7dad2b7138b1187a6b7ee55f160b9968b66013c3a3ef39dd7e5798?s=96&d=mm&r=g","url":"https:\/\/secure.gravatar.com\/avatar\/3ea2118a5f7dad2b7138b1187a6b7ee55f160b9968b66013c3a3ef39dd7e5798?s=96&d=mm&r=g","contentUrl":"https:\/\/secure.gravatar.com\/avatar\/3ea2118a5f7dad2b7138b1187a6b7ee55f160b9968b66013c3a3ef39dd7e5798?s=96&d=mm&r=g","caption":"Jeanette"},"sameAs":["https:\/\/www.eldiario.net\/portal"],"url":"https:\/\/www.eldiario.net\/portal\/author\/jeanette\/"}]}},"_links":{"self":[{"href":"https:\/\/www.eldiario.net\/portal\/wp-json\/wp\/v2\/posts\/127453","targetHints":{"allow":["GET"]}}],"collection":[{"href":"https:\/\/www.eldiario.net\/portal\/wp-json\/wp\/v2\/posts"}],"about":[{"href":"https:\/\/www.eldiario.net\/portal\/wp-json\/wp\/v2\/types\/post"}],"author":[{"embeddable":true,"href":"https:\/\/www.eldiario.net\/portal\/wp-json\/wp\/v2\/users\/1"}],"replies":[{"embeddable":true,"href":"https:\/\/www.eldiario.net\/portal\/wp-json\/wp\/v2\/comments?post=127453"}],"version-history":[{"count":0,"href":"https:\/\/www.eldiario.net\/portal\/wp-json\/wp\/v2\/posts\/127453\/revisions"}],"wp:attachment":[{"href":"https:\/\/www.eldiario.net\/portal\/wp-json\/wp\/v2\/media?parent=127453"}],"wp:term":[{"taxonomy":"category","embeddable":true,"href":"https:\/\/www.eldiario.net\/portal\/wp-json\/wp\/v2\/categories?post=127453"},{"taxonomy":"post_tag","embeddable":true,"href":"https:\/\/www.eldiario.net\/portal\/wp-json\/wp\/v2\/tags?post=127453"}],"curies":[{"name":"wp","href":"https:\/\/api.w.org\/{rel}","templated":true}]}}