{"id":127448,"date":"2022-12-13T06:36:37","date_gmt":"2022-12-13T10:36:37","guid":{"rendered":"https:\/\/www.eldiario.net\/portal\/?p=127448"},"modified":"2022-12-13T06:36:37","modified_gmt":"2022-12-13T10:36:37","slug":"asalto-a-haciendas-e-indiferencia-oficial","status":"publish","type":"post","link":"https:\/\/www.eldiario.net\/portal\/2022\/12\/13\/asalto-a-haciendas-e-indiferencia-oficial\/","title":{"rendered":"Asalto a haciendas  e indiferencia oficial"},"content":{"rendered":"<p><em><span class=\"dropcap \" style=\"background-color: #ffffff; color: #000000; border-color: #ffffff;\">D<\/span>esde hace alrededor de veinte a\u00f1os la regi\u00f3n oriental del pa\u00eds padece por una ola de asaltos y allanamientos a haciendas y tierras de propiedad privada y estatal, por parte de personas de diversas regiones, atentando contra todo el pa\u00eds. Es, adem\u00e1s, una prolongaci\u00f3n del estado de intranquilidad en el campo, con el objetivo de apoderarse y destruir haciendas y terrenos fiscales.<\/em><\/p>\n<p><em>Ese estado de convulsi\u00f3n que afect\u00f3 a la zona andina del pa\u00eds durante cincuenta a\u00f1os del siglo anterior, totaliza setenta a\u00f1os de dificultades para la agricultura y la seguridad alimentaria de la poblaci\u00f3n. En los \u00faltimos seis a\u00f1os, ese mal llamado \u201cavasallamiento\u201d de haciendas se ha agudizado y genera impunidad con acciones que han sobrepasado la defensa de los vecinos, as\u00ed como de fiscales, polic\u00edas y periodistas que se hicieron presentes en escenarios de hechos de violencia.<\/em><\/p>\n<p><em>Advertencias y amenazas en sentido que se debe evitar esas incursiones, finalmente cayeron en saco roto, dejando que esa situaci\u00f3n de anormalidad llegue al caos, lo que permite observar que, si bien algunas autoridades decidieron tomar cartas sobre el problema, se limitan a dar dulces consejos y saludos a los avasalladores, ya que, cuando se retiraron, las cosas volvieron a punto cero y se crey\u00f3 que la crisis ya fue solucionada y no volver\u00eda a producirse.<\/em><\/p>\n<p><em>Sin embargo, ese optimismo desaparece pronto, pues vuelve la violencia con m\u00e1s agitadores y la an\u00e1rquica acci\u00f3n terrorista se reinicia con m\u00e1s fuerza, como ocurri\u00f3 en \u00faltimas semanas en otras regiones de Santa Cruz, donde se ha afincado esa ola de arbitrariedades, ante la vista gorda del gobierno y sus dependientes. Entonces, vuelve el desorden y se convierte en un problema de nunca acabar.<\/em><\/p>\n<p><em>No es suficiente tomar medidas policiales o emitir amenazas de orden, lo que debe hacer el gobierno es buscar las causas que originan ese estado de cosas, que no solo le perjudica, sino que afecta a toda la naci\u00f3n. Se puede adelantar que esa indiferencia raya en la complicidad con los delincuentes, pues las autoridades nacionales no analizan ni encuentran las causas de ese mal. Pero algunos agraristas nacionales las han hecho conocer por medio de diversas opiniones de prensa, a las que, sin embargo, no se les da debida importancia.<\/em><\/p>\n<p><em>El problema de la tierra en Bolivia es de inmensa gravedad y solo con medidas profundas, inclusive con reformas constitucionales, podr\u00e1 ser solucionado. En caso contrario, el medio rural del pa\u00eds, adem\u00e1s de no producir, entrar\u00e1 en un ciclo de atraso y malestar propicio para la agitaci\u00f3n de demagogos y terroristas con objetivos populistas que, por lo dem\u00e1s, han fracasado en todo el mundo.<\/em><\/p>\n","protected":false},"excerpt":{"rendered":"<p>Desde hace alrededor de veinte a\u00f1os la regi\u00f3n oriental del pa\u00eds padece por una ola de asaltos y allanamientos a haciendas y tierras de propiedad privada y estatal, por parte de personas de diversas regiones, atentando contra todo el pa\u00eds. Es, adem\u00e1s, una prolongaci\u00f3n del estado de intranquilidad en el campo, con el objetivo de [&hellip;]<\/p>\n","protected":false},"author":1,"featured_media":0,"comment_status":"closed","ping_status":"closed","sticky":false,"template":"","format":"standard","meta":{"_acf_changed":false,"footnotes":""},"categories":[4],"tags":[],"class_list":["post-127448","post","type-post","status-publish","format-standard","category-editorial"],"acf":{"antetitulo":""},"yoast_head":"<!-- This site is optimized with the Yoast SEO plugin v28.4 - https:\/\/yoast.com\/product\/yoast-seo-wordpress\/ -->\n<title>Asalto a haciendas e indiferencia oficial - El Diario - Bolivia<\/title>\n<meta name=\"robots\" content=\"index, follow, max-snippet:-1, max-image-preview:large, max-video-preview:-1\" \/>\n<link rel=\"canonical\" href=\"https:\/\/www.eldiario.net\/portal\/2022\/12\/13\/asalto-a-haciendas-e-indiferencia-oficial\/\" \/>\n<meta property=\"og:locale\" content=\"es_ES\" \/>\n<meta property=\"og:type\" content=\"article\" \/>\n<meta property=\"og:title\" content=\"Asalto a haciendas e indiferencia oficial - El Diario - Bolivia\" \/>\n<meta property=\"og:description\" content=\"Desde hace alrededor de veinte a\u00f1os la regi\u00f3n oriental del pa\u00eds padece por una ola de asaltos y allanamientos a haciendas y tierras de propiedad privada y estatal, por parte de personas de diversas regiones, atentando contra todo el pa\u00eds. Es, adem\u00e1s, una prolongaci\u00f3n del estado de intranquilidad en el campo, con el objetivo de [&hellip;]\" \/>\n<meta property=\"og:url\" content=\"https:\/\/www.eldiario.net\/portal\/2022\/12\/13\/asalto-a-haciendas-e-indiferencia-oficial\/\" \/>\n<meta property=\"og:site_name\" content=\"El Diario - Bolivia\" \/>\n<meta property=\"article:publisher\" content=\"https:\/\/www.facebook.com\/eldiario.bolivia\/\" \/>\n<meta property=\"article:published_time\" content=\"2022-12-13T10:36:37+00:00\" \/>\n<meta name=\"author\" content=\"Jeanette\" \/>\n<meta name=\"twitter:card\" content=\"summary_large_image\" \/>\n<meta name=\"twitter:creator\" content=\"@eldiario_net\" \/>\n<meta name=\"twitter:site\" content=\"@eldiario_net\" \/>\n<meta name=\"twitter:label1\" content=\"Escrito por\" \/>\n\t<meta name=\"twitter:data1\" content=\"Jeanette\" \/>\n\t<meta name=\"twitter:label2\" content=\"Tiempo de lectura\" \/>\n\t<meta name=\"twitter:data2\" content=\"2 minutos\" \/>\n<script type=\"application\/ld+json\" class=\"yoast-schema-graph\">{\"@context\":\"https:\\\/\\\/schema.org\",\"@graph\":[{\"@type\":\"Article\",\"@id\":\"https:\\\/\\\/www.eldiario.net\\\/portal\\\/2022\\\/12\\\/13\\\/asalto-a-haciendas-e-indiferencia-oficial\\\/#article\",\"isPartOf\":{\"@id\":\"https:\\\/\\\/www.eldiario.net\\\/portal\\\/2022\\\/12\\\/13\\\/asalto-a-haciendas-e-indiferencia-oficial\\\/\"},\"author\":{\"name\":\"Jeanette\",\"@id\":\"https:\\\/\\\/www.eldiario.net\\\/portal\\\/#\\\/schema\\\/person\\\/f46445640444750d7d753ccd04ae01b7\"},\"headline\":\"Asalto a haciendas e indiferencia oficial\",\"datePublished\":\"2022-12-13T10:36:37+00:00\",\"mainEntityOfPage\":{\"@id\":\"https:\\\/\\\/www.eldiario.net\\\/portal\\\/2022\\\/12\\\/13\\\/asalto-a-haciendas-e-indiferencia-oficial\\\/\"},\"wordCount\":464,\"publisher\":{\"@id\":\"https:\\\/\\\/www.eldiario.net\\\/portal\\\/#organization\"},\"articleSection\":[\"Editorial\"],\"inLanguage\":\"es\"},{\"@type\":\"WebPage\",\"@id\":\"https:\\\/\\\/www.eldiario.net\\\/portal\\\/2022\\\/12\\\/13\\\/asalto-a-haciendas-e-indiferencia-oficial\\\/\",\"url\":\"https:\\\/\\\/www.eldiario.net\\\/portal\\\/2022\\\/12\\\/13\\\/asalto-a-haciendas-e-indiferencia-oficial\\\/\",\"name\":\"Asalto a haciendas e indiferencia oficial - El Diario - Bolivia\",\"isPartOf\":{\"@id\":\"https:\\\/\\\/www.eldiario.net\\\/portal\\\/#website\"},\"datePublished\":\"2022-12-13T10:36:37+00:00\",\"breadcrumb\":{\"@id\":\"https:\\\/\\\/www.eldiario.net\\\/portal\\\/2022\\\/12\\\/13\\\/asalto-a-haciendas-e-indiferencia-oficial\\\/#breadcrumb\"},\"inLanguage\":\"es\",\"potentialAction\":[{\"@type\":\"ReadAction\",\"target\":[\"https:\\\/\\\/www.eldiario.net\\\/portal\\\/2022\\\/12\\\/13\\\/asalto-a-haciendas-e-indiferencia-oficial\\\/\"]}]},{\"@type\":\"BreadcrumbList\",\"@id\":\"https:\\\/\\\/www.eldiario.net\\\/portal\\\/2022\\\/12\\\/13\\\/asalto-a-haciendas-e-indiferencia-oficial\\\/#breadcrumb\",\"itemListElement\":[{\"@type\":\"ListItem\",\"position\":1,\"name\":\"Portada\",\"item\":\"https:\\\/\\\/www.eldiario.net\\\/portal\\\/\"},{\"@type\":\"ListItem\",\"position\":2,\"name\":\"Asalto a haciendas e indiferencia oficial\"}]},{\"@type\":\"WebSite\",\"@id\":\"https:\\\/\\\/www.eldiario.net\\\/portal\\\/#website\",\"url\":\"https:\\\/\\\/www.eldiario.net\\\/portal\\\/\",\"name\":\"El Diario - Decano de la prensa nacional\",\"description\":\"El Diario - Decano de la prensa nacional\",\"publisher\":{\"@id\":\"https:\\\/\\\/www.eldiario.net\\\/portal\\\/#organization\"},\"potentialAction\":[{\"@type\":\"SearchAction\",\"target\":{\"@type\":\"EntryPoint\",\"urlTemplate\":\"https:\\\/\\\/www.eldiario.net\\\/portal\\\/?s={search_term_string}\"},\"query-input\":{\"@type\":\"PropertyValueSpecification\",\"valueRequired\":true,\"valueName\":\"search_term_string\"}}],\"inLanguage\":\"es\"},{\"@type\":\"Organization\",\"@id\":\"https:\\\/\\\/www.eldiario.net\\\/portal\\\/#organization\",\"name\":\"El Diario - Decano de la prensa nacional\",\"url\":\"https:\\\/\\\/www.eldiario.net\\\/portal\\\/\",\"logo\":{\"@type\":\"ImageObject\",\"inLanguage\":\"es\",\"@id\":\"https:\\\/\\\/www.eldiario.net\\\/portal\\\/#\\\/schema\\\/logo\\\/image\\\/\",\"url\":\"https:\\\/\\\/www.eldiario.net\\\/portal\\\/wp-content\\\/uploads\\\/2023\\\/07\\\/logo_ED.jpg\",\"contentUrl\":\"https:\\\/\\\/www.eldiario.net\\\/portal\\\/wp-content\\\/uploads\\\/2023\\\/07\\\/logo_ED.jpg\",\"width\":272,\"height\":52,\"caption\":\"El Diario - Decano de la prensa nacional\"},\"image\":{\"@id\":\"https:\\\/\\\/www.eldiario.net\\\/portal\\\/#\\\/schema\\\/logo\\\/image\\\/\"},\"sameAs\":[\"https:\\\/\\\/www.facebook.com\\\/eldiario.bolivia\\\/\",\"https:\\\/\\\/x.com\\\/eldiario_net\"]},{\"@type\":\"Person\",\"@id\":\"https:\\\/\\\/www.eldiario.net\\\/portal\\\/#\\\/schema\\\/person\\\/f46445640444750d7d753ccd04ae01b7\",\"name\":\"Jeanette\",\"image\":{\"@type\":\"ImageObject\",\"inLanguage\":\"es\",\"@id\":\"https:\\\/\\\/secure.gravatar.com\\\/avatar\\\/3ea2118a5f7dad2b7138b1187a6b7ee55f160b9968b66013c3a3ef39dd7e5798?s=96&d=mm&r=g\",\"url\":\"https:\\\/\\\/secure.gravatar.com\\\/avatar\\\/3ea2118a5f7dad2b7138b1187a6b7ee55f160b9968b66013c3a3ef39dd7e5798?s=96&d=mm&r=g\",\"contentUrl\":\"https:\\\/\\\/secure.gravatar.com\\\/avatar\\\/3ea2118a5f7dad2b7138b1187a6b7ee55f160b9968b66013c3a3ef39dd7e5798?s=96&d=mm&r=g\",\"caption\":\"Jeanette\"},\"sameAs\":[\"https:\\\/\\\/www.eldiario.net\\\/portal\"],\"url\":\"https:\\\/\\\/www.eldiario.net\\\/portal\\\/author\\\/jeanette\\\/\"}]}<\/script>\n<!-- \/ Yoast SEO plugin. -->","yoast_head_json":{"title":"Asalto a haciendas e indiferencia oficial - El Diario - Bolivia","robots":{"index":"index","follow":"follow","max-snippet":"max-snippet:-1","max-image-preview":"max-image-preview:large","max-video-preview":"max-video-preview:-1"},"canonical":"https:\/\/www.eldiario.net\/portal\/2022\/12\/13\/asalto-a-haciendas-e-indiferencia-oficial\/","og_locale":"es_ES","og_type":"article","og_title":"Asalto a haciendas e indiferencia oficial - El Diario - Bolivia","og_description":"Desde hace alrededor de veinte a\u00f1os la regi\u00f3n oriental del pa\u00eds padece por una ola de asaltos y allanamientos a haciendas y tierras de propiedad privada y estatal, por parte de personas de diversas regiones, atentando contra todo el pa\u00eds. Es, adem\u00e1s, una prolongaci\u00f3n del estado de intranquilidad en el campo, con el objetivo de [&hellip;]","og_url":"https:\/\/www.eldiario.net\/portal\/2022\/12\/13\/asalto-a-haciendas-e-indiferencia-oficial\/","og_site_name":"El Diario - Bolivia","article_publisher":"https:\/\/www.facebook.com\/eldiario.bolivia\/","article_published_time":"2022-12-13T10:36:37+00:00","author":"Jeanette","twitter_card":"summary_large_image","twitter_creator":"@eldiario_net","twitter_site":"@eldiario_net","twitter_misc":{"Escrito por":"Jeanette","Tiempo de lectura":"2 minutos"},"schema":{"@context":"https:\/\/schema.org","@graph":[{"@type":"Article","@id":"https:\/\/www.eldiario.net\/portal\/2022\/12\/13\/asalto-a-haciendas-e-indiferencia-oficial\/#article","isPartOf":{"@id":"https:\/\/www.eldiario.net\/portal\/2022\/12\/13\/asalto-a-haciendas-e-indiferencia-oficial\/"},"author":{"name":"Jeanette","@id":"https:\/\/www.eldiario.net\/portal\/#\/schema\/person\/f46445640444750d7d753ccd04ae01b7"},"headline":"Asalto a haciendas e indiferencia oficial","datePublished":"2022-12-13T10:36:37+00:00","mainEntityOfPage":{"@id":"https:\/\/www.eldiario.net\/portal\/2022\/12\/13\/asalto-a-haciendas-e-indiferencia-oficial\/"},"wordCount":464,"publisher":{"@id":"https:\/\/www.eldiario.net\/portal\/#organization"},"articleSection":["Editorial"],"inLanguage":"es"},{"@type":"WebPage","@id":"https:\/\/www.eldiario.net\/portal\/2022\/12\/13\/asalto-a-haciendas-e-indiferencia-oficial\/","url":"https:\/\/www.eldiario.net\/portal\/2022\/12\/13\/asalto-a-haciendas-e-indiferencia-oficial\/","name":"Asalto a haciendas e indiferencia oficial - El Diario - Bolivia","isPartOf":{"@id":"https:\/\/www.eldiario.net\/portal\/#website"},"datePublished":"2022-12-13T10:36:37+00:00","breadcrumb":{"@id":"https:\/\/www.eldiario.net\/portal\/2022\/12\/13\/asalto-a-haciendas-e-indiferencia-oficial\/#breadcrumb"},"inLanguage":"es","potentialAction":[{"@type":"ReadAction","target":["https:\/\/www.eldiario.net\/portal\/2022\/12\/13\/asalto-a-haciendas-e-indiferencia-oficial\/"]}]},{"@type":"BreadcrumbList","@id":"https:\/\/www.eldiario.net\/portal\/2022\/12\/13\/asalto-a-haciendas-e-indiferencia-oficial\/#breadcrumb","itemListElement":[{"@type":"ListItem","position":1,"name":"Portada","item":"https:\/\/www.eldiario.net\/portal\/"},{"@type":"ListItem","position":2,"name":"Asalto a haciendas e indiferencia oficial"}]},{"@type":"WebSite","@id":"https:\/\/www.eldiario.net\/portal\/#website","url":"https:\/\/www.eldiario.net\/portal\/","name":"El Diario - Decano de la prensa nacional","description":"El Diario - Decano de la prensa nacional","publisher":{"@id":"https:\/\/www.eldiario.net\/portal\/#organization"},"potentialAction":[{"@type":"SearchAction","target":{"@type":"EntryPoint","urlTemplate":"https:\/\/www.eldiario.net\/portal\/?s={search_term_string}"},"query-input":{"@type":"PropertyValueSpecification","valueRequired":true,"valueName":"search_term_string"}}],"inLanguage":"es"},{"@type":"Organization","@id":"https:\/\/www.eldiario.net\/portal\/#organization","name":"El Diario - Decano de la prensa nacional","url":"https:\/\/www.eldiario.net\/portal\/","logo":{"@type":"ImageObject","inLanguage":"es","@id":"https:\/\/www.eldiario.net\/portal\/#\/schema\/logo\/image\/","url":"https:\/\/www.eldiario.net\/portal\/wp-content\/uploads\/2023\/07\/logo_ED.jpg","contentUrl":"https:\/\/www.eldiario.net\/portal\/wp-content\/uploads\/2023\/07\/logo_ED.jpg","width":272,"height":52,"caption":"El Diario - Decano de la prensa nacional"},"image":{"@id":"https:\/\/www.eldiario.net\/portal\/#\/schema\/logo\/image\/"},"sameAs":["https:\/\/www.facebook.com\/eldiario.bolivia\/","https:\/\/x.com\/eldiario_net"]},{"@type":"Person","@id":"https:\/\/www.eldiario.net\/portal\/#\/schema\/person\/f46445640444750d7d753ccd04ae01b7","name":"Jeanette","image":{"@type":"ImageObject","inLanguage":"es","@id":"https:\/\/secure.gravatar.com\/avatar\/3ea2118a5f7dad2b7138b1187a6b7ee55f160b9968b66013c3a3ef39dd7e5798?s=96&d=mm&r=g","url":"https:\/\/secure.gravatar.com\/avatar\/3ea2118a5f7dad2b7138b1187a6b7ee55f160b9968b66013c3a3ef39dd7e5798?s=96&d=mm&r=g","contentUrl":"https:\/\/secure.gravatar.com\/avatar\/3ea2118a5f7dad2b7138b1187a6b7ee55f160b9968b66013c3a3ef39dd7e5798?s=96&d=mm&r=g","caption":"Jeanette"},"sameAs":["https:\/\/www.eldiario.net\/portal"],"url":"https:\/\/www.eldiario.net\/portal\/author\/jeanette\/"}]}},"_links":{"self":[{"href":"https:\/\/www.eldiario.net\/portal\/wp-json\/wp\/v2\/posts\/127448","targetHints":{"allow":["GET"]}}],"collection":[{"href":"https:\/\/www.eldiario.net\/portal\/wp-json\/wp\/v2\/posts"}],"about":[{"href":"https:\/\/www.eldiario.net\/portal\/wp-json\/wp\/v2\/types\/post"}],"author":[{"embeddable":true,"href":"https:\/\/www.eldiario.net\/portal\/wp-json\/wp\/v2\/users\/1"}],"replies":[{"embeddable":true,"href":"https:\/\/www.eldiario.net\/portal\/wp-json\/wp\/v2\/comments?post=127448"}],"version-history":[{"count":0,"href":"https:\/\/www.eldiario.net\/portal\/wp-json\/wp\/v2\/posts\/127448\/revisions"}],"wp:attachment":[{"href":"https:\/\/www.eldiario.net\/portal\/wp-json\/wp\/v2\/media?parent=127448"}],"wp:term":[{"taxonomy":"category","embeddable":true,"href":"https:\/\/www.eldiario.net\/portal\/wp-json\/wp\/v2\/categories?post=127448"},{"taxonomy":"post_tag","embeddable":true,"href":"https:\/\/www.eldiario.net\/portal\/wp-json\/wp\/v2\/tags?post=127448"}],"curies":[{"name":"wp","href":"https:\/\/api.w.org\/{rel}","templated":true}]}}