{"id":127444,"date":"2022-12-13T06:35:09","date_gmt":"2022-12-13T10:35:09","guid":{"rendered":"https:\/\/www.eldiario.net\/portal\/?p=127444"},"modified":"2022-12-13T06:35:09","modified_gmt":"2022-12-13T10:35:09","slug":"el-gobierno-cumple-el-adendum-del-alba-contra-los-derechos-humanos-de-bolivia","status":"publish","type":"post","link":"https:\/\/www.eldiario.net\/portal\/2022\/12\/13\/el-gobierno-cumple-el-adendum-del-alba-contra-los-derechos-humanos-de-bolivia\/","title":{"rendered":"El Gobierno cumple el Adendum del Alba contra los Derechos Humanos de Bolivia"},"content":{"rendered":"<p>El 10 de diciembre se celebra el D\u00eda de los Derechos Humanos porque en 1948, la Asamblea General de las Naciones Unidas adopt\u00f3 la Declaraci\u00f3n Universal de Derechos Humanos (DUDH), documento hist\u00f3rico que proclama los derechos inalienables que corresponden a toda persona como ser humano, independientemente de su raza, color, religi\u00f3n, sexo, idioma, opini\u00f3n pol\u00edtica o de otra \u00edndole, origen nacional o social, posici\u00f3n econ\u00f3mica, nacimiento o cualquier otra condici\u00f3n para el disfrute de la vida.<\/p>\n<p>La Constituci\u00f3n Pol\u00edtica del Estado define en los art\u00edculos 15, 16, 17, 18, 19 y 20 los derechos fundamentales, y los art\u00edculos 13 IV \u201cLos tratados y convenios internacionales ratificados por la Asamblea Legislativa Plurinacional, que reconocen los derechos humanos y que proh\u00edben su limitaci\u00f3n en los Estados de Excepci\u00f3n, prevalecen en el orden interno. Los derechos y deberes consagrados en esta Constituci\u00f3n se interpretar\u00e1n de conformidad con los Tratados Internacionales de derechos humanos ratificados por Bolivia\u201d. El Art\u00edculo 410 II expresa que \u201cLa Constituci\u00f3n es la norma suprema del ordenamiento jur\u00eddico boliviano y goza de primac\u00eda frente a cualquier otra disposici\u00f3n normativa. El bloque de constitucionalidad est\u00e1 integrado por los Tratados y Convenios internacionales en materia de Derechos Humanos y las normas de Derecho Comunitario, ratificados por el pa\u00eds\u201d.<\/p>\n<p>Amnist\u00eda Internacional ha denunciado reiteradamente las violaciones a Derechos Humanos ocurridas tras las elecciones del 20 de octubre de 2019 en Bolivia, las que incluyen la represi\u00f3n a manifestaciones, con uso excesivo e innecesario de la fuerza por parte de la Polic\u00eda Nacional y las Fuerzas Armadas.<\/p>\n<p>La IMPUNIDAD por delitos violentos y violaciones a Derechos Humanos sigue siendo un problema grave en Bolivia. El uso extendido y arbitrario de la prisi\u00f3n preventiva atenta contra los derechos de los acusados y agrava la sobrepoblaci\u00f3n carcelaria. El gobierno de Evo Morales arremeti\u00f3 reiteradamente contra los periodistas, acus\u00e1ndolos de difundir mentiras y de distorsionar la realidad con intenciones pol\u00edticas. Pero los derechos m\u00e1s quebrantados son el acceso a la justicia, la presunci\u00f3n de inocencia, el debido proceso, el derecho a la defensa, el derecho al honor y otros.<\/p>\n<p>El gobierno de Luis Arce est\u00e1 cumpliendo el mandato del Adendum del Alba en contra de los DDHH, cuyo punto 1.4. Por la Fuerza aun sin Raz\u00f3n, expresa: \u201cLa fuerza de la victoria es la pol\u00edtica, la violencia debe ser nuestro principio. El enga\u00f1o y la hipocres\u00eda son las reglas de oro de aquellos gobiernos que no quieran caer ante un nuevo poder. No nos detendremos innecesariamente ante la corrupci\u00f3n, la compra de conciencias, la impostura y la traici\u00f3n, porque con ellas servimos a la causa, En pol\u00edtica no dudemos en confiscar la propiedad, si de este modo podemos lograr sumisi\u00f3n y poder\u201d.<\/p>\n<p>Arce cumple en el enga\u00f1o, nos enga\u00f1aron con respecto al Censo, con el Presupuesto General del Estado, que es prebendal, por la entrega de recursos a empresas deficitarias y usurpando las competencias de las Gobernaciones y las Alcald\u00edas, pues sus \u201cobras\u201d realiza, en campa\u00f1a electoral permanente, a costa de las y los bolivianos que aportamos con nuestro trabajo al pagar impuestos. Con hipocres\u00eda sus ministros repiten ese enga\u00f1o al ser aplaudidos por los legisladores oficialistas. La corrupci\u00f3n es generalizada, especialmente en ABC, con pruebas contundentes de corrupci\u00f3n, desde el Presidente de esa instituci\u00f3n, con la justicia cooptada que archiva obrados, con la compra de conciencias, con violencia ejercida por la polic\u00eda, incluso a un beb\u00e9 en cuna, cerrando con broche de oro la represi\u00f3n con el env\u00edo de militantes a las propiedades de Santa Cruz, Beni y Pando para el avasallamiento, con muerte, a tierras productivas, poniendo en riesgo la SEGURIDAD ALIMENTARIA, ya que esos hechos violentos tendr\u00e1n graves consecuencias, como la escasez de alimentos y la posible inflaci\u00f3n.<\/p>\n<p>Exigimos a Luis Arce el respeto a los Derechos Humanos y que atienda las recomendaciones que hacen organismos internacionales, por denuncias de personas que recurren a estas instancias al ver con impotencia que el Gobierno boliviano NO cumple las recomendaciones para acabar con violaciones a los DDHH.<\/p>\n<p>&nbsp;<\/p>\n<p><em>Ang\u00e9lica Siles Parrado, Abogada, Economista, ex Asamble\u00edsta Constituyente.<\/em><\/p>\n","protected":false},"excerpt":{"rendered":"<p>El 10 de diciembre se celebra el D\u00eda de los Derechos Humanos porque en 1948, la Asamblea General de las Naciones Unidas adopt\u00f3 la Declaraci\u00f3n Universal de Derechos Humanos (DUDH), documento hist\u00f3rico que proclama los derechos inalienables que corresponden a toda persona como ser humano, independientemente de su raza, color, religi\u00f3n, sexo, idioma, opini\u00f3n pol\u00edtica [&hellip;]<\/p>\n","protected":false},"author":1,"featured_media":2714,"comment_status":"closed","ping_status":"closed","sticky":false,"template":"","format":"standard","meta":{"_acf_changed":false,"footnotes":""},"categories":[9],"tags":[],"class_list":["post-127444","post","type-post","status-publish","format-standard","has-post-thumbnail","category-opinion"],"acf":{"antetitulo":""},"yoast_head":"<!-- This site is optimized with the Yoast SEO plugin v28.4 - https:\/\/yoast.com\/product\/yoast-seo-wordpress\/ -->\n<title>El Gobierno cumple el Adendum del Alba contra los Derechos Humanos de Bolivia - El Diario - Bolivia<\/title>\n<meta name=\"robots\" content=\"index, follow, max-snippet:-1, max-image-preview:large, max-video-preview:-1\" \/>\n<link rel=\"canonical\" href=\"https:\/\/www.eldiario.net\/portal\/2022\/12\/13\/el-gobierno-cumple-el-adendum-del-alba-contra-los-derechos-humanos-de-bolivia\/\" \/>\n<meta property=\"og:locale\" content=\"es_ES\" \/>\n<meta property=\"og:type\" content=\"article\" \/>\n<meta property=\"og:title\" content=\"El Gobierno cumple el Adendum del Alba contra los Derechos Humanos de Bolivia - El Diario - Bolivia\" \/>\n<meta property=\"og:description\" content=\"El 10 de diciembre se celebra el D\u00eda de los Derechos Humanos porque en 1948, la Asamblea General de las Naciones Unidas adopt\u00f3 la Declaraci\u00f3n Universal de Derechos Humanos (DUDH), documento hist\u00f3rico que proclama los derechos inalienables que corresponden a toda persona como ser humano, independientemente de su raza, color, religi\u00f3n, sexo, idioma, opini\u00f3n pol\u00edtica [&hellip;]\" \/>\n<meta property=\"og:url\" content=\"https:\/\/www.eldiario.net\/portal\/2022\/12\/13\/el-gobierno-cumple-el-adendum-del-alba-contra-los-derechos-humanos-de-bolivia\/\" \/>\n<meta property=\"og:site_name\" content=\"El Diario - Bolivia\" \/>\n<meta property=\"article:publisher\" content=\"https:\/\/www.facebook.com\/eldiario.bolivia\/\" \/>\n<meta property=\"article:published_time\" content=\"2022-12-13T10:35:09+00:00\" \/>\n<meta property=\"og:image\" content=\"https:\/\/www.eldiario.net\/portal\/wp-content\/uploads\/2021\/04\/angelica_siles-1.jpg\" \/>\n\t<meta property=\"og:image:width\" content=\"1200\" \/>\n\t<meta property=\"og:image:height\" content=\"628\" \/>\n\t<meta property=\"og:image:type\" content=\"image\/jpeg\" \/>\n<meta name=\"author\" content=\"Jeanette\" \/>\n<meta name=\"twitter:card\" content=\"summary_large_image\" \/>\n<meta name=\"twitter:creator\" content=\"@eldiario_net\" \/>\n<meta name=\"twitter:site\" content=\"@eldiario_net\" \/>\n<meta name=\"twitter:label1\" content=\"Escrito por\" \/>\n\t<meta name=\"twitter:data1\" content=\"Jeanette\" \/>\n\t<meta name=\"twitter:label2\" content=\"Tiempo de lectura\" \/>\n\t<meta name=\"twitter:data2\" content=\"4 minutos\" \/>\n<script type=\"application\/ld+json\" class=\"yoast-schema-graph\">{\"@context\":\"https:\\\/\\\/schema.org\",\"@graph\":[{\"@type\":\"Article\",\"@id\":\"https:\\\/\\\/www.eldiario.net\\\/portal\\\/2022\\\/12\\\/13\\\/el-gobierno-cumple-el-adendum-del-alba-contra-los-derechos-humanos-de-bolivia\\\/#article\",\"isPartOf\":{\"@id\":\"https:\\\/\\\/www.eldiario.net\\\/portal\\\/2022\\\/12\\\/13\\\/el-gobierno-cumple-el-adendum-del-alba-contra-los-derechos-humanos-de-bolivia\\\/\"},\"author\":{\"name\":\"Jeanette\",\"@id\":\"https:\\\/\\\/www.eldiario.net\\\/portal\\\/#\\\/schema\\\/person\\\/f46445640444750d7d753ccd04ae01b7\"},\"headline\":\"El Gobierno cumple el Adendum del Alba contra los Derechos Humanos de Bolivia\",\"datePublished\":\"2022-12-13T10:35:09+00:00\",\"mainEntityOfPage\":{\"@id\":\"https:\\\/\\\/www.eldiario.net\\\/portal\\\/2022\\\/12\\\/13\\\/el-gobierno-cumple-el-adendum-del-alba-contra-los-derechos-humanos-de-bolivia\\\/\"},\"wordCount\":727,\"publisher\":{\"@id\":\"https:\\\/\\\/www.eldiario.net\\\/portal\\\/#organization\"},\"image\":{\"@id\":\"https:\\\/\\\/www.eldiario.net\\\/portal\\\/2022\\\/12\\\/13\\\/el-gobierno-cumple-el-adendum-del-alba-contra-los-derechos-humanos-de-bolivia\\\/#primaryimage\"},\"thumbnailUrl\":\"https:\\\/\\\/www.eldiario.net\\\/portal\\\/wp-content\\\/uploads\\\/2021\\\/04\\\/angelica_siles-1.jpg\",\"articleSection\":[\"Opini\u00f3n\"],\"inLanguage\":\"es\"},{\"@type\":\"WebPage\",\"@id\":\"https:\\\/\\\/www.eldiario.net\\\/portal\\\/2022\\\/12\\\/13\\\/el-gobierno-cumple-el-adendum-del-alba-contra-los-derechos-humanos-de-bolivia\\\/\",\"url\":\"https:\\\/\\\/www.eldiario.net\\\/portal\\\/2022\\\/12\\\/13\\\/el-gobierno-cumple-el-adendum-del-alba-contra-los-derechos-humanos-de-bolivia\\\/\",\"name\":\"El Gobierno cumple el Adendum del Alba contra los Derechos Humanos de Bolivia - El Diario - Bolivia\",\"isPartOf\":{\"@id\":\"https:\\\/\\\/www.eldiario.net\\\/portal\\\/#website\"},\"primaryImageOfPage\":{\"@id\":\"https:\\\/\\\/www.eldiario.net\\\/portal\\\/2022\\\/12\\\/13\\\/el-gobierno-cumple-el-adendum-del-alba-contra-los-derechos-humanos-de-bolivia\\\/#primaryimage\"},\"image\":{\"@id\":\"https:\\\/\\\/www.eldiario.net\\\/portal\\\/2022\\\/12\\\/13\\\/el-gobierno-cumple-el-adendum-del-alba-contra-los-derechos-humanos-de-bolivia\\\/#primaryimage\"},\"thumbnailUrl\":\"https:\\\/\\\/www.eldiario.net\\\/portal\\\/wp-content\\\/uploads\\\/2021\\\/04\\\/angelica_siles-1.jpg\",\"datePublished\":\"2022-12-13T10:35:09+00:00\",\"breadcrumb\":{\"@id\":\"https:\\\/\\\/www.eldiario.net\\\/portal\\\/2022\\\/12\\\/13\\\/el-gobierno-cumple-el-adendum-del-alba-contra-los-derechos-humanos-de-bolivia\\\/#breadcrumb\"},\"inLanguage\":\"es\",\"potentialAction\":[{\"@type\":\"ReadAction\",\"target\":[\"https:\\\/\\\/www.eldiario.net\\\/portal\\\/2022\\\/12\\\/13\\\/el-gobierno-cumple-el-adendum-del-alba-contra-los-derechos-humanos-de-bolivia\\\/\"]}]},{\"@type\":\"ImageObject\",\"inLanguage\":\"es\",\"@id\":\"https:\\\/\\\/www.eldiario.net\\\/portal\\\/2022\\\/12\\\/13\\\/el-gobierno-cumple-el-adendum-del-alba-contra-los-derechos-humanos-de-bolivia\\\/#primaryimage\",\"url\":\"https:\\\/\\\/www.eldiario.net\\\/portal\\\/wp-content\\\/uploads\\\/2021\\\/04\\\/angelica_siles-1.jpg\",\"contentUrl\":\"https:\\\/\\\/www.eldiario.net\\\/portal\\\/wp-content\\\/uploads\\\/2021\\\/04\\\/angelica_siles-1.jpg\",\"width\":1200,\"height\":628},{\"@type\":\"BreadcrumbList\",\"@id\":\"https:\\\/\\\/www.eldiario.net\\\/portal\\\/2022\\\/12\\\/13\\\/el-gobierno-cumple-el-adendum-del-alba-contra-los-derechos-humanos-de-bolivia\\\/#breadcrumb\",\"itemListElement\":[{\"@type\":\"ListItem\",\"position\":1,\"name\":\"Portada\",\"item\":\"https:\\\/\\\/www.eldiario.net\\\/portal\\\/\"},{\"@type\":\"ListItem\",\"position\":2,\"name\":\"El Gobierno cumple el Adendum del Alba contra los Derechos Humanos de Bolivia\"}]},{\"@type\":\"WebSite\",\"@id\":\"https:\\\/\\\/www.eldiario.net\\\/portal\\\/#website\",\"url\":\"https:\\\/\\\/www.eldiario.net\\\/portal\\\/\",\"name\":\"El Diario - Decano de la prensa nacional\",\"description\":\"El Diario - Decano de la prensa nacional\",\"publisher\":{\"@id\":\"https:\\\/\\\/www.eldiario.net\\\/portal\\\/#organization\"},\"potentialAction\":[{\"@type\":\"SearchAction\",\"target\":{\"@type\":\"EntryPoint\",\"urlTemplate\":\"https:\\\/\\\/www.eldiario.net\\\/portal\\\/?s={search_term_string}\"},\"query-input\":{\"@type\":\"PropertyValueSpecification\",\"valueRequired\":true,\"valueName\":\"search_term_string\"}}],\"inLanguage\":\"es\"},{\"@type\":\"Organization\",\"@id\":\"https:\\\/\\\/www.eldiario.net\\\/portal\\\/#organization\",\"name\":\"El Diario - Decano de la prensa nacional\",\"url\":\"https:\\\/\\\/www.eldiario.net\\\/portal\\\/\",\"logo\":{\"@type\":\"ImageObject\",\"inLanguage\":\"es\",\"@id\":\"https:\\\/\\\/www.eldiario.net\\\/portal\\\/#\\\/schema\\\/logo\\\/image\\\/\",\"url\":\"https:\\\/\\\/www.eldiario.net\\\/portal\\\/wp-content\\\/uploads\\\/2023\\\/07\\\/logo_ED.jpg\",\"contentUrl\":\"https:\\\/\\\/www.eldiario.net\\\/portal\\\/wp-content\\\/uploads\\\/2023\\\/07\\\/logo_ED.jpg\",\"width\":272,\"height\":52,\"caption\":\"El Diario - Decano de la prensa nacional\"},\"image\":{\"@id\":\"https:\\\/\\\/www.eldiario.net\\\/portal\\\/#\\\/schema\\\/logo\\\/image\\\/\"},\"sameAs\":[\"https:\\\/\\\/www.facebook.com\\\/eldiario.bolivia\\\/\",\"https:\\\/\\\/x.com\\\/eldiario_net\"]},{\"@type\":\"Person\",\"@id\":\"https:\\\/\\\/www.eldiario.net\\\/portal\\\/#\\\/schema\\\/person\\\/f46445640444750d7d753ccd04ae01b7\",\"name\":\"Jeanette\",\"image\":{\"@type\":\"ImageObject\",\"inLanguage\":\"es\",\"@id\":\"https:\\\/\\\/secure.gravatar.com\\\/avatar\\\/3ea2118a5f7dad2b7138b1187a6b7ee55f160b9968b66013c3a3ef39dd7e5798?s=96&d=mm&r=g\",\"url\":\"https:\\\/\\\/secure.gravatar.com\\\/avatar\\\/3ea2118a5f7dad2b7138b1187a6b7ee55f160b9968b66013c3a3ef39dd7e5798?s=96&d=mm&r=g\",\"contentUrl\":\"https:\\\/\\\/secure.gravatar.com\\\/avatar\\\/3ea2118a5f7dad2b7138b1187a6b7ee55f160b9968b66013c3a3ef39dd7e5798?s=96&d=mm&r=g\",\"caption\":\"Jeanette\"},\"sameAs\":[\"https:\\\/\\\/www.eldiario.net\\\/portal\"],\"url\":\"https:\\\/\\\/www.eldiario.net\\\/portal\\\/author\\\/jeanette\\\/\"}]}<\/script>\n<!-- \/ Yoast SEO plugin. -->","yoast_head_json":{"title":"El Gobierno cumple el Adendum del Alba contra los Derechos Humanos de Bolivia - El Diario - Bolivia","robots":{"index":"index","follow":"follow","max-snippet":"max-snippet:-1","max-image-preview":"max-image-preview:large","max-video-preview":"max-video-preview:-1"},"canonical":"https:\/\/www.eldiario.net\/portal\/2022\/12\/13\/el-gobierno-cumple-el-adendum-del-alba-contra-los-derechos-humanos-de-bolivia\/","og_locale":"es_ES","og_type":"article","og_title":"El Gobierno cumple el Adendum del Alba contra los Derechos Humanos de Bolivia - El Diario - Bolivia","og_description":"El 10 de diciembre se celebra el D\u00eda de los Derechos Humanos porque en 1948, la Asamblea General de las Naciones Unidas adopt\u00f3 la Declaraci\u00f3n Universal de Derechos Humanos (DUDH), documento hist\u00f3rico que proclama los derechos inalienables que corresponden a toda persona como ser humano, independientemente de su raza, color, religi\u00f3n, sexo, idioma, opini\u00f3n pol\u00edtica [&hellip;]","og_url":"https:\/\/www.eldiario.net\/portal\/2022\/12\/13\/el-gobierno-cumple-el-adendum-del-alba-contra-los-derechos-humanos-de-bolivia\/","og_site_name":"El Diario - Bolivia","article_publisher":"https:\/\/www.facebook.com\/eldiario.bolivia\/","article_published_time":"2022-12-13T10:35:09+00:00","og_image":[{"width":1200,"height":628,"url":"https:\/\/www.eldiario.net\/portal\/wp-content\/uploads\/2021\/04\/angelica_siles-1.jpg","type":"image\/jpeg"}],"author":"Jeanette","twitter_card":"summary_large_image","twitter_creator":"@eldiario_net","twitter_site":"@eldiario_net","twitter_misc":{"Escrito por":"Jeanette","Tiempo de lectura":"4 minutos"},"schema":{"@context":"https:\/\/schema.org","@graph":[{"@type":"Article","@id":"https:\/\/www.eldiario.net\/portal\/2022\/12\/13\/el-gobierno-cumple-el-adendum-del-alba-contra-los-derechos-humanos-de-bolivia\/#article","isPartOf":{"@id":"https:\/\/www.eldiario.net\/portal\/2022\/12\/13\/el-gobierno-cumple-el-adendum-del-alba-contra-los-derechos-humanos-de-bolivia\/"},"author":{"name":"Jeanette","@id":"https:\/\/www.eldiario.net\/portal\/#\/schema\/person\/f46445640444750d7d753ccd04ae01b7"},"headline":"El Gobierno cumple el Adendum del Alba contra los Derechos Humanos de Bolivia","datePublished":"2022-12-13T10:35:09+00:00","mainEntityOfPage":{"@id":"https:\/\/www.eldiario.net\/portal\/2022\/12\/13\/el-gobierno-cumple-el-adendum-del-alba-contra-los-derechos-humanos-de-bolivia\/"},"wordCount":727,"publisher":{"@id":"https:\/\/www.eldiario.net\/portal\/#organization"},"image":{"@id":"https:\/\/www.eldiario.net\/portal\/2022\/12\/13\/el-gobierno-cumple-el-adendum-del-alba-contra-los-derechos-humanos-de-bolivia\/#primaryimage"},"thumbnailUrl":"https:\/\/www.eldiario.net\/portal\/wp-content\/uploads\/2021\/04\/angelica_siles-1.jpg","articleSection":["Opini\u00f3n"],"inLanguage":"es"},{"@type":"WebPage","@id":"https:\/\/www.eldiario.net\/portal\/2022\/12\/13\/el-gobierno-cumple-el-adendum-del-alba-contra-los-derechos-humanos-de-bolivia\/","url":"https:\/\/www.eldiario.net\/portal\/2022\/12\/13\/el-gobierno-cumple-el-adendum-del-alba-contra-los-derechos-humanos-de-bolivia\/","name":"El Gobierno cumple el Adendum del Alba contra los Derechos Humanos de Bolivia - El Diario - Bolivia","isPartOf":{"@id":"https:\/\/www.eldiario.net\/portal\/#website"},"primaryImageOfPage":{"@id":"https:\/\/www.eldiario.net\/portal\/2022\/12\/13\/el-gobierno-cumple-el-adendum-del-alba-contra-los-derechos-humanos-de-bolivia\/#primaryimage"},"image":{"@id":"https:\/\/www.eldiario.net\/portal\/2022\/12\/13\/el-gobierno-cumple-el-adendum-del-alba-contra-los-derechos-humanos-de-bolivia\/#primaryimage"},"thumbnailUrl":"https:\/\/www.eldiario.net\/portal\/wp-content\/uploads\/2021\/04\/angelica_siles-1.jpg","datePublished":"2022-12-13T10:35:09+00:00","breadcrumb":{"@id":"https:\/\/www.eldiario.net\/portal\/2022\/12\/13\/el-gobierno-cumple-el-adendum-del-alba-contra-los-derechos-humanos-de-bolivia\/#breadcrumb"},"inLanguage":"es","potentialAction":[{"@type":"ReadAction","target":["https:\/\/www.eldiario.net\/portal\/2022\/12\/13\/el-gobierno-cumple-el-adendum-del-alba-contra-los-derechos-humanos-de-bolivia\/"]}]},{"@type":"ImageObject","inLanguage":"es","@id":"https:\/\/www.eldiario.net\/portal\/2022\/12\/13\/el-gobierno-cumple-el-adendum-del-alba-contra-los-derechos-humanos-de-bolivia\/#primaryimage","url":"https:\/\/www.eldiario.net\/portal\/wp-content\/uploads\/2021\/04\/angelica_siles-1.jpg","contentUrl":"https:\/\/www.eldiario.net\/portal\/wp-content\/uploads\/2021\/04\/angelica_siles-1.jpg","width":1200,"height":628},{"@type":"BreadcrumbList","@id":"https:\/\/www.eldiario.net\/portal\/2022\/12\/13\/el-gobierno-cumple-el-adendum-del-alba-contra-los-derechos-humanos-de-bolivia\/#breadcrumb","itemListElement":[{"@type":"ListItem","position":1,"name":"Portada","item":"https:\/\/www.eldiario.net\/portal\/"},{"@type":"ListItem","position":2,"name":"El Gobierno cumple el Adendum del Alba contra los Derechos Humanos de Bolivia"}]},{"@type":"WebSite","@id":"https:\/\/www.eldiario.net\/portal\/#website","url":"https:\/\/www.eldiario.net\/portal\/","name":"El Diario - Decano de la prensa nacional","description":"El Diario - Decano de la prensa nacional","publisher":{"@id":"https:\/\/www.eldiario.net\/portal\/#organization"},"potentialAction":[{"@type":"SearchAction","target":{"@type":"EntryPoint","urlTemplate":"https:\/\/www.eldiario.net\/portal\/?s={search_term_string}"},"query-input":{"@type":"PropertyValueSpecification","valueRequired":true,"valueName":"search_term_string"}}],"inLanguage":"es"},{"@type":"Organization","@id":"https:\/\/www.eldiario.net\/portal\/#organization","name":"El Diario - Decano de la prensa nacional","url":"https:\/\/www.eldiario.net\/portal\/","logo":{"@type":"ImageObject","inLanguage":"es","@id":"https:\/\/www.eldiario.net\/portal\/#\/schema\/logo\/image\/","url":"https:\/\/www.eldiario.net\/portal\/wp-content\/uploads\/2023\/07\/logo_ED.jpg","contentUrl":"https:\/\/www.eldiario.net\/portal\/wp-content\/uploads\/2023\/07\/logo_ED.jpg","width":272,"height":52,"caption":"El Diario - Decano de la prensa nacional"},"image":{"@id":"https:\/\/www.eldiario.net\/portal\/#\/schema\/logo\/image\/"},"sameAs":["https:\/\/www.facebook.com\/eldiario.bolivia\/","https:\/\/x.com\/eldiario_net"]},{"@type":"Person","@id":"https:\/\/www.eldiario.net\/portal\/#\/schema\/person\/f46445640444750d7d753ccd04ae01b7","name":"Jeanette","image":{"@type":"ImageObject","inLanguage":"es","@id":"https:\/\/secure.gravatar.com\/avatar\/3ea2118a5f7dad2b7138b1187a6b7ee55f160b9968b66013c3a3ef39dd7e5798?s=96&d=mm&r=g","url":"https:\/\/secure.gravatar.com\/avatar\/3ea2118a5f7dad2b7138b1187a6b7ee55f160b9968b66013c3a3ef39dd7e5798?s=96&d=mm&r=g","contentUrl":"https:\/\/secure.gravatar.com\/avatar\/3ea2118a5f7dad2b7138b1187a6b7ee55f160b9968b66013c3a3ef39dd7e5798?s=96&d=mm&r=g","caption":"Jeanette"},"sameAs":["https:\/\/www.eldiario.net\/portal"],"url":"https:\/\/www.eldiario.net\/portal\/author\/jeanette\/"}]}},"_links":{"self":[{"href":"https:\/\/www.eldiario.net\/portal\/wp-json\/wp\/v2\/posts\/127444","targetHints":{"allow":["GET"]}}],"collection":[{"href":"https:\/\/www.eldiario.net\/portal\/wp-json\/wp\/v2\/posts"}],"about":[{"href":"https:\/\/www.eldiario.net\/portal\/wp-json\/wp\/v2\/types\/post"}],"author":[{"embeddable":true,"href":"https:\/\/www.eldiario.net\/portal\/wp-json\/wp\/v2\/users\/1"}],"replies":[{"embeddable":true,"href":"https:\/\/www.eldiario.net\/portal\/wp-json\/wp\/v2\/comments?post=127444"}],"version-history":[{"count":0,"href":"https:\/\/www.eldiario.net\/portal\/wp-json\/wp\/v2\/posts\/127444\/revisions"}],"wp:featuredmedia":[{"embeddable":true,"href":"https:\/\/www.eldiario.net\/portal\/wp-json\/wp\/v2\/media\/2714"}],"wp:attachment":[{"href":"https:\/\/www.eldiario.net\/portal\/wp-json\/wp\/v2\/media?parent=127444"}],"wp:term":[{"taxonomy":"category","embeddable":true,"href":"https:\/\/www.eldiario.net\/portal\/wp-json\/wp\/v2\/categories?post=127444"},{"taxonomy":"post_tag","embeddable":true,"href":"https:\/\/www.eldiario.net\/portal\/wp-json\/wp\/v2\/tags?post=127444"}],"curies":[{"name":"wp","href":"https:\/\/api.w.org\/{rel}","templated":true}]}}