{"id":127442,"date":"2022-12-13T06:34:15","date_gmt":"2022-12-13T10:34:15","guid":{"rendered":"https:\/\/www.eldiario.net\/portal\/?p=127442"},"modified":"2022-12-13T06:34:15","modified_gmt":"2022-12-13T10:34:15","slug":"nuestra-edad-se-traslada","status":"publish","type":"post","link":"https:\/\/www.eldiario.net\/portal\/2022\/12\/13\/nuestra-edad-se-traslada\/","title":{"rendered":"Nuestra edad se traslada"},"content":{"rendered":"<p>\u201cDe un tiempo a esta parte en aquella familia no ganaban para sorpresas. A la bisabuela, con apenas 95 a\u00f1os, le hab\u00edan programado una intervenci\u00f3n quir\u00fargica. Ella estaba un poco preocupada porque era la primera vez que iba a ser ingresada en un hospital. Su hijo, reci\u00e9n jubilado por su edad, hab\u00eda decidido prepararse para correr una media marat\u00f3n. Hab\u00eda sido siempre su ilusi\u00f3n, y ahora dispon\u00eda de tiempo. Hab\u00eda acudido a un centro de entrenamiento y despu\u00e9s de varias pruebas m\u00e9dicas le hab\u00eda comunicado que estaba en perfectas condiciones para poder hacer la carrera, s\u00f3lo necesitaba la preparaci\u00f3n f\u00edsica adecuada. La mayor ilusi\u00f3n corr\u00eda a cargo de la nieta peque\u00f1a, a sus cuarenta y tantos a\u00f1os se hab\u00eda quedado embarazada por primera vez. \u00a1No cab\u00eda de j\u00fabilo! La guinda joven la pon\u00edan los biznietos que, sin a\u00fan haber cumplido los quince a\u00f1os, se ir\u00edan al extranjero durante varios meses para perfeccionar el ingl\u00e9s\u201d.<\/p>\n<p>La diferencia entre la edad y el tiempo, es que la edad es una noci\u00f3n social, psicol\u00f3gica y cultural, mientras que el tiempo es un concepto cronol\u00f3gico vinculado al espacio. El concepto de edad est\u00e1 basado en ciencias biol\u00f3gicas como la cronobiolog\u00eda, la gerontolog\u00eda, la biolog\u00eda evolutiva y la biolog\u00eda del desarrollo, en todas ellas se sigue pensando en un tiempo biol\u00f3gico medido en a\u00f1os. El proceso biol\u00f3gico, que empieza incluso antes de la concepci\u00f3n, est\u00e1 influenciado por cuestiones culturales, por el entorno social en el que se desarrolla, por la percepci\u00f3n psicol\u00f3gica que tenemos de nuestro propio yo, y por las expectativas de futuro a las que aspiramos. Dec\u00eda Garc\u00eda M\u00e1rquez que \u201c<em>Hoy empieza lo mejor de lo que nos queda por vivir<\/em>\u201d.<\/p>\n<p>Si bien el proceso de envejecimiento biol\u00f3gico viene marcado gen\u00e9ticamente, el cognitivo est\u00e1 a expensas de los procesos de aprendizaje que hemos tenido y del desarrollo de las habilidades intelectuales que hemos adquirido. Alguien dijo alguna vez que el envejecimiento est\u00e1 relacionado con la p\u00e9rdida de la curiosidad y de las ganas de aprender y de iniciar retos nuevos. La rutina se podr\u00eda decir que acelera el envejecimiento y acorta el tiempo.<\/p>\n<p>La edad incluso llega a tener par\u00e1metros administrativos (la mayor\u00eda de edad, la edad de jubilaci\u00f3n, la edad para poder trabajar). Hubo un tiempo, no hace tanto, que la edad pedi\u00e1trica terminaba a los 7 a\u00f1os de edad. No digamos aquellos factores de tipo econ\u00f3mico que nos pueden situar en la escala de personas acomodadas o bajarnos a la categor\u00eda de la vulnerabilidad y casi la exclusi\u00f3n. En Espa\u00f1a, los datos de Instituto Nacional de Estad\u00edstica sobre \u201cIndicadores Urbanos\u201d, donde se recoge informaci\u00f3n sobre las condiciones de vida atendiendo a la vertiente econ\u00f3mica por provincias y Comunidades Aut\u00f3nomas (CC AA), destacan que la esperanza de vida al nacimiento es m\u00e1s elevada en aquellas con mayor renta por habitante, pudiendo alcanzar hasta seis a\u00f1os de vida de diferencia. Igualmente, la esperanza de vida de buena salud (vida en ausencia de limitaciones funcionales o de discapacidad) tambi\u00e9n es significativamente mayor.<\/p>\n<p>El concepto del tiempo y como sentimos el paso del mismo est\u00e1n relacionados directamente con la edad. Investigaciones recientes apuntan a que a partir de los cuarenta a\u00f1os es cuando el tiempo empieza a acortarse y a pasar m\u00e1s r\u00e1pido.<\/p>\n<p>En el contexto social en el que vivimos estamos asistiendo a un proceso de retraso de las edades. La infancia se alarga, la juventud no termina con la finalizaci\u00f3n del proceso de crecimiento, sino que desde el punto de vista psicol\u00f3gico estamos viendo a una generaci\u00f3n \u201cPeter Pan\u201d, que, incluso rebasada la cuarentena, adopta comportamientos propios de edades m\u00e1s tempranas. En torno a este proceso de traslado de la edad el debate sobre la edad de jubilaci\u00f3n (a partir de los 65 a\u00f1os) est\u00e1 m\u00e1s candente que nunca. Esa edad se estableci\u00f3 en Espa\u00f1a en el a\u00f1o 1919 con la creaci\u00f3n del Retiro Obrero Obligatorio (gestionado por el Instituto Nacional de Previsi\u00f3n y destinado a asalariados de entre 16 y 65 a\u00f1os de edad). Los expertos abogan por una revisi\u00f3n de la misma por dos motivos. Uno por el aumento de la esperanza de vida de la poblaci\u00f3n y otro por las capacidades perdidas de un colectivo todav\u00eda apto para el desempe\u00f1o de sus funciones laborales una vez cumplidos los 65 a\u00f1os.<\/p>\n<p>Desde el punto de vista del Sistema Sanitario, el ensanchamiento de la c\u00faspide de la pir\u00e1mide de poblaci\u00f3n requiere de una reformulaci\u00f3n de los servicios socio sanitarios a loa que la poblaci\u00f3n tiene derecho. En Espa\u00f1a hay m\u00e1s de 18.000 personas que superan la edad de 100 a\u00f1os. Hoy el ingreso hospitalario de una persona nonagenaria es cada vez m\u00e1s frecuente y no es sin\u00f3nimo de un desenlace fatal. La Sociedad Espa\u00f1ola de Cirug\u00eda Ortop\u00e9dica y Traumatolog\u00eda se\u00f1ala que cada vez son m\u00e1s frecuentes intervenciones por fractura de f\u00e9mur en pacientes nonagenarios con resultados mucho m\u00e1s que \u00f3ptimos que permiten al paciente la vuelta a una vida normalizada. Adem\u00e1s de la cirug\u00eda traumatol\u00f3gica, las intervenciones de cataratas, la colocaci\u00f3n de marcapasos, las intervenciones de tumores cut\u00e1neos, los procedimientos urol\u00f3gicos y las exploraciones m\u00ednimamente invasivas, est\u00e1n a la orden del d\u00eda en este colectivo cada vez m\u00e1s numeroso. Desde la Sociedad Espa\u00f1ola de Anestesiolog\u00eda y Reanimaci\u00f3n se asegura que los procesos quir\u00fargicos a esas edades no requieren de un dispositivo especial ni de infraestructuras extraordinarias. pero s\u00ed extremar los cuidados en la monitorizaci\u00f3n de los pacientes.<\/p>\n<p>La edad se ha convertido en factor relativo a la hora de la toma de decisiones que competen a nuestra salud.<\/p>\n<p>\u201c<em>Y cuando la vida hab\u00eda ya marcado en su rostro las desdichas, cu\u00e1ntas veces en un banco de la plaza apesadumbrado y abatido, ha esperado nuevamente el tren de regreso<\/em>\u201d.<\/p>\n<p>&nbsp;<\/p>\n<p><em>Dr. Antonio Ares Camerino, vicesecretario del Colegio Oficial de M\u00e9dicos de la Provincia de C\u00e1diz, Espa\u00f1a.<\/em><\/p>\n<p>&nbsp;<\/p>\n<p>medicosypacientes.com<\/p>\n","protected":false},"excerpt":{"rendered":"<p>\u201cDe un tiempo a esta parte en aquella familia no ganaban para sorpresas. A la bisabuela, con apenas 95 a\u00f1os, le hab\u00edan programado una intervenci\u00f3n quir\u00fargica. Ella estaba un poco preocupada porque era la primera vez que iba a ser ingresada en un hospital. Su hijo, reci\u00e9n jubilado por su edad, hab\u00eda decidido prepararse para [&hellip;]<\/p>\n","protected":false},"author":1,"featured_media":0,"comment_status":"closed","ping_status":"closed","sticky":false,"template":"","format":"standard","meta":{"_acf_changed":false,"footnotes":""},"categories":[9],"tags":[],"class_list":["post-127442","post","type-post","status-publish","format-standard","category-opinion"],"acf":{"antetitulo":""},"yoast_head":"<!-- This site is optimized with the Yoast SEO plugin v28.4 - https:\/\/yoast.com\/product\/yoast-seo-wordpress\/ -->\n<title>Nuestra edad se traslada - El Diario - Bolivia<\/title>\n<meta name=\"robots\" content=\"index, follow, max-snippet:-1, max-image-preview:large, max-video-preview:-1\" \/>\n<link rel=\"canonical\" href=\"https:\/\/www.eldiario.net\/portal\/2022\/12\/13\/nuestra-edad-se-traslada\/\" \/>\n<meta property=\"og:locale\" content=\"es_ES\" \/>\n<meta property=\"og:type\" content=\"article\" \/>\n<meta property=\"og:title\" content=\"Nuestra edad se traslada - El Diario - Bolivia\" \/>\n<meta property=\"og:description\" content=\"\u201cDe un tiempo a esta parte en aquella familia no ganaban para sorpresas. A la bisabuela, con apenas 95 a\u00f1os, le hab\u00edan programado una intervenci\u00f3n quir\u00fargica. Ella estaba un poco preocupada porque era la primera vez que iba a ser ingresada en un hospital. Su hijo, reci\u00e9n jubilado por su edad, hab\u00eda decidido prepararse para [&hellip;]\" \/>\n<meta property=\"og:url\" content=\"https:\/\/www.eldiario.net\/portal\/2022\/12\/13\/nuestra-edad-se-traslada\/\" \/>\n<meta property=\"og:site_name\" content=\"El Diario - Bolivia\" \/>\n<meta property=\"article:publisher\" content=\"https:\/\/www.facebook.com\/eldiario.bolivia\/\" \/>\n<meta property=\"article:published_time\" content=\"2022-12-13T10:34:15+00:00\" \/>\n<meta name=\"author\" content=\"Jeanette\" \/>\n<meta name=\"twitter:card\" content=\"summary_large_image\" \/>\n<meta name=\"twitter:creator\" content=\"@eldiario_net\" \/>\n<meta name=\"twitter:site\" content=\"@eldiario_net\" \/>\n<meta name=\"twitter:label1\" content=\"Escrito por\" \/>\n\t<meta name=\"twitter:data1\" content=\"Jeanette\" \/>\n\t<meta name=\"twitter:label2\" content=\"Tiempo de lectura\" \/>\n\t<meta name=\"twitter:data2\" content=\"5 minutos\" \/>\n<script type=\"application\/ld+json\" class=\"yoast-schema-graph\">{\"@context\":\"https:\\\/\\\/schema.org\",\"@graph\":[{\"@type\":\"Article\",\"@id\":\"https:\\\/\\\/www.eldiario.net\\\/portal\\\/2022\\\/12\\\/13\\\/nuestra-edad-se-traslada\\\/#article\",\"isPartOf\":{\"@id\":\"https:\\\/\\\/www.eldiario.net\\\/portal\\\/2022\\\/12\\\/13\\\/nuestra-edad-se-traslada\\\/\"},\"author\":{\"name\":\"Jeanette\",\"@id\":\"https:\\\/\\\/www.eldiario.net\\\/portal\\\/#\\\/schema\\\/person\\\/f46445640444750d7d753ccd04ae01b7\"},\"headline\":\"Nuestra edad se traslada\",\"datePublished\":\"2022-12-13T10:34:15+00:00\",\"mainEntityOfPage\":{\"@id\":\"https:\\\/\\\/www.eldiario.net\\\/portal\\\/2022\\\/12\\\/13\\\/nuestra-edad-se-traslada\\\/\"},\"wordCount\":1086,\"publisher\":{\"@id\":\"https:\\\/\\\/www.eldiario.net\\\/portal\\\/#organization\"},\"articleSection\":[\"Opini\u00f3n\"],\"inLanguage\":\"es\"},{\"@type\":\"WebPage\",\"@id\":\"https:\\\/\\\/www.eldiario.net\\\/portal\\\/2022\\\/12\\\/13\\\/nuestra-edad-se-traslada\\\/\",\"url\":\"https:\\\/\\\/www.eldiario.net\\\/portal\\\/2022\\\/12\\\/13\\\/nuestra-edad-se-traslada\\\/\",\"name\":\"Nuestra edad se traslada - El Diario - Bolivia\",\"isPartOf\":{\"@id\":\"https:\\\/\\\/www.eldiario.net\\\/portal\\\/#website\"},\"datePublished\":\"2022-12-13T10:34:15+00:00\",\"breadcrumb\":{\"@id\":\"https:\\\/\\\/www.eldiario.net\\\/portal\\\/2022\\\/12\\\/13\\\/nuestra-edad-se-traslada\\\/#breadcrumb\"},\"inLanguage\":\"es\",\"potentialAction\":[{\"@type\":\"ReadAction\",\"target\":[\"https:\\\/\\\/www.eldiario.net\\\/portal\\\/2022\\\/12\\\/13\\\/nuestra-edad-se-traslada\\\/\"]}]},{\"@type\":\"BreadcrumbList\",\"@id\":\"https:\\\/\\\/www.eldiario.net\\\/portal\\\/2022\\\/12\\\/13\\\/nuestra-edad-se-traslada\\\/#breadcrumb\",\"itemListElement\":[{\"@type\":\"ListItem\",\"position\":1,\"name\":\"Portada\",\"item\":\"https:\\\/\\\/www.eldiario.net\\\/portal\\\/\"},{\"@type\":\"ListItem\",\"position\":2,\"name\":\"Nuestra edad se traslada\"}]},{\"@type\":\"WebSite\",\"@id\":\"https:\\\/\\\/www.eldiario.net\\\/portal\\\/#website\",\"url\":\"https:\\\/\\\/www.eldiario.net\\\/portal\\\/\",\"name\":\"El Diario - Decano de la prensa nacional\",\"description\":\"El Diario - Decano de la prensa nacional\",\"publisher\":{\"@id\":\"https:\\\/\\\/www.eldiario.net\\\/portal\\\/#organization\"},\"potentialAction\":[{\"@type\":\"SearchAction\",\"target\":{\"@type\":\"EntryPoint\",\"urlTemplate\":\"https:\\\/\\\/www.eldiario.net\\\/portal\\\/?s={search_term_string}\"},\"query-input\":{\"@type\":\"PropertyValueSpecification\",\"valueRequired\":true,\"valueName\":\"search_term_string\"}}],\"inLanguage\":\"es\"},{\"@type\":\"Organization\",\"@id\":\"https:\\\/\\\/www.eldiario.net\\\/portal\\\/#organization\",\"name\":\"El Diario - Decano de la prensa nacional\",\"url\":\"https:\\\/\\\/www.eldiario.net\\\/portal\\\/\",\"logo\":{\"@type\":\"ImageObject\",\"inLanguage\":\"es\",\"@id\":\"https:\\\/\\\/www.eldiario.net\\\/portal\\\/#\\\/schema\\\/logo\\\/image\\\/\",\"url\":\"https:\\\/\\\/www.eldiario.net\\\/portal\\\/wp-content\\\/uploads\\\/2023\\\/07\\\/logo_ED.jpg\",\"contentUrl\":\"https:\\\/\\\/www.eldiario.net\\\/portal\\\/wp-content\\\/uploads\\\/2023\\\/07\\\/logo_ED.jpg\",\"width\":272,\"height\":52,\"caption\":\"El Diario - Decano de la prensa nacional\"},\"image\":{\"@id\":\"https:\\\/\\\/www.eldiario.net\\\/portal\\\/#\\\/schema\\\/logo\\\/image\\\/\"},\"sameAs\":[\"https:\\\/\\\/www.facebook.com\\\/eldiario.bolivia\\\/\",\"https:\\\/\\\/x.com\\\/eldiario_net\"]},{\"@type\":\"Person\",\"@id\":\"https:\\\/\\\/www.eldiario.net\\\/portal\\\/#\\\/schema\\\/person\\\/f46445640444750d7d753ccd04ae01b7\",\"name\":\"Jeanette\",\"image\":{\"@type\":\"ImageObject\",\"inLanguage\":\"es\",\"@id\":\"https:\\\/\\\/secure.gravatar.com\\\/avatar\\\/3ea2118a5f7dad2b7138b1187a6b7ee55f160b9968b66013c3a3ef39dd7e5798?s=96&d=mm&r=g\",\"url\":\"https:\\\/\\\/secure.gravatar.com\\\/avatar\\\/3ea2118a5f7dad2b7138b1187a6b7ee55f160b9968b66013c3a3ef39dd7e5798?s=96&d=mm&r=g\",\"contentUrl\":\"https:\\\/\\\/secure.gravatar.com\\\/avatar\\\/3ea2118a5f7dad2b7138b1187a6b7ee55f160b9968b66013c3a3ef39dd7e5798?s=96&d=mm&r=g\",\"caption\":\"Jeanette\"},\"sameAs\":[\"https:\\\/\\\/www.eldiario.net\\\/portal\"],\"url\":\"https:\\\/\\\/www.eldiario.net\\\/portal\\\/author\\\/jeanette\\\/\"}]}<\/script>\n<!-- \/ Yoast SEO plugin. -->","yoast_head_json":{"title":"Nuestra edad se traslada - El Diario - Bolivia","robots":{"index":"index","follow":"follow","max-snippet":"max-snippet:-1","max-image-preview":"max-image-preview:large","max-video-preview":"max-video-preview:-1"},"canonical":"https:\/\/www.eldiario.net\/portal\/2022\/12\/13\/nuestra-edad-se-traslada\/","og_locale":"es_ES","og_type":"article","og_title":"Nuestra edad se traslada - El Diario - Bolivia","og_description":"\u201cDe un tiempo a esta parte en aquella familia no ganaban para sorpresas. A la bisabuela, con apenas 95 a\u00f1os, le hab\u00edan programado una intervenci\u00f3n quir\u00fargica. Ella estaba un poco preocupada porque era la primera vez que iba a ser ingresada en un hospital. Su hijo, reci\u00e9n jubilado por su edad, hab\u00eda decidido prepararse para [&hellip;]","og_url":"https:\/\/www.eldiario.net\/portal\/2022\/12\/13\/nuestra-edad-se-traslada\/","og_site_name":"El Diario - Bolivia","article_publisher":"https:\/\/www.facebook.com\/eldiario.bolivia\/","article_published_time":"2022-12-13T10:34:15+00:00","author":"Jeanette","twitter_card":"summary_large_image","twitter_creator":"@eldiario_net","twitter_site":"@eldiario_net","twitter_misc":{"Escrito por":"Jeanette","Tiempo de lectura":"5 minutos"},"schema":{"@context":"https:\/\/schema.org","@graph":[{"@type":"Article","@id":"https:\/\/www.eldiario.net\/portal\/2022\/12\/13\/nuestra-edad-se-traslada\/#article","isPartOf":{"@id":"https:\/\/www.eldiario.net\/portal\/2022\/12\/13\/nuestra-edad-se-traslada\/"},"author":{"name":"Jeanette","@id":"https:\/\/www.eldiario.net\/portal\/#\/schema\/person\/f46445640444750d7d753ccd04ae01b7"},"headline":"Nuestra edad se traslada","datePublished":"2022-12-13T10:34:15+00:00","mainEntityOfPage":{"@id":"https:\/\/www.eldiario.net\/portal\/2022\/12\/13\/nuestra-edad-se-traslada\/"},"wordCount":1086,"publisher":{"@id":"https:\/\/www.eldiario.net\/portal\/#organization"},"articleSection":["Opini\u00f3n"],"inLanguage":"es"},{"@type":"WebPage","@id":"https:\/\/www.eldiario.net\/portal\/2022\/12\/13\/nuestra-edad-se-traslada\/","url":"https:\/\/www.eldiario.net\/portal\/2022\/12\/13\/nuestra-edad-se-traslada\/","name":"Nuestra edad se traslada - El Diario - Bolivia","isPartOf":{"@id":"https:\/\/www.eldiario.net\/portal\/#website"},"datePublished":"2022-12-13T10:34:15+00:00","breadcrumb":{"@id":"https:\/\/www.eldiario.net\/portal\/2022\/12\/13\/nuestra-edad-se-traslada\/#breadcrumb"},"inLanguage":"es","potentialAction":[{"@type":"ReadAction","target":["https:\/\/www.eldiario.net\/portal\/2022\/12\/13\/nuestra-edad-se-traslada\/"]}]},{"@type":"BreadcrumbList","@id":"https:\/\/www.eldiario.net\/portal\/2022\/12\/13\/nuestra-edad-se-traslada\/#breadcrumb","itemListElement":[{"@type":"ListItem","position":1,"name":"Portada","item":"https:\/\/www.eldiario.net\/portal\/"},{"@type":"ListItem","position":2,"name":"Nuestra edad se traslada"}]},{"@type":"WebSite","@id":"https:\/\/www.eldiario.net\/portal\/#website","url":"https:\/\/www.eldiario.net\/portal\/","name":"El Diario - Decano de la prensa nacional","description":"El Diario - Decano de la prensa nacional","publisher":{"@id":"https:\/\/www.eldiario.net\/portal\/#organization"},"potentialAction":[{"@type":"SearchAction","target":{"@type":"EntryPoint","urlTemplate":"https:\/\/www.eldiario.net\/portal\/?s={search_term_string}"},"query-input":{"@type":"PropertyValueSpecification","valueRequired":true,"valueName":"search_term_string"}}],"inLanguage":"es"},{"@type":"Organization","@id":"https:\/\/www.eldiario.net\/portal\/#organization","name":"El Diario - Decano de la prensa nacional","url":"https:\/\/www.eldiario.net\/portal\/","logo":{"@type":"ImageObject","inLanguage":"es","@id":"https:\/\/www.eldiario.net\/portal\/#\/schema\/logo\/image\/","url":"https:\/\/www.eldiario.net\/portal\/wp-content\/uploads\/2023\/07\/logo_ED.jpg","contentUrl":"https:\/\/www.eldiario.net\/portal\/wp-content\/uploads\/2023\/07\/logo_ED.jpg","width":272,"height":52,"caption":"El Diario - Decano de la prensa nacional"},"image":{"@id":"https:\/\/www.eldiario.net\/portal\/#\/schema\/logo\/image\/"},"sameAs":["https:\/\/www.facebook.com\/eldiario.bolivia\/","https:\/\/x.com\/eldiario_net"]},{"@type":"Person","@id":"https:\/\/www.eldiario.net\/portal\/#\/schema\/person\/f46445640444750d7d753ccd04ae01b7","name":"Jeanette","image":{"@type":"ImageObject","inLanguage":"es","@id":"https:\/\/secure.gravatar.com\/avatar\/3ea2118a5f7dad2b7138b1187a6b7ee55f160b9968b66013c3a3ef39dd7e5798?s=96&d=mm&r=g","url":"https:\/\/secure.gravatar.com\/avatar\/3ea2118a5f7dad2b7138b1187a6b7ee55f160b9968b66013c3a3ef39dd7e5798?s=96&d=mm&r=g","contentUrl":"https:\/\/secure.gravatar.com\/avatar\/3ea2118a5f7dad2b7138b1187a6b7ee55f160b9968b66013c3a3ef39dd7e5798?s=96&d=mm&r=g","caption":"Jeanette"},"sameAs":["https:\/\/www.eldiario.net\/portal"],"url":"https:\/\/www.eldiario.net\/portal\/author\/jeanette\/"}]}},"_links":{"self":[{"href":"https:\/\/www.eldiario.net\/portal\/wp-json\/wp\/v2\/posts\/127442","targetHints":{"allow":["GET"]}}],"collection":[{"href":"https:\/\/www.eldiario.net\/portal\/wp-json\/wp\/v2\/posts"}],"about":[{"href":"https:\/\/www.eldiario.net\/portal\/wp-json\/wp\/v2\/types\/post"}],"author":[{"embeddable":true,"href":"https:\/\/www.eldiario.net\/portal\/wp-json\/wp\/v2\/users\/1"}],"replies":[{"embeddable":true,"href":"https:\/\/www.eldiario.net\/portal\/wp-json\/wp\/v2\/comments?post=127442"}],"version-history":[{"count":0,"href":"https:\/\/www.eldiario.net\/portal\/wp-json\/wp\/v2\/posts\/127442\/revisions"}],"wp:attachment":[{"href":"https:\/\/www.eldiario.net\/portal\/wp-json\/wp\/v2\/media?parent=127442"}],"wp:term":[{"taxonomy":"category","embeddable":true,"href":"https:\/\/www.eldiario.net\/portal\/wp-json\/wp\/v2\/categories?post=127442"},{"taxonomy":"post_tag","embeddable":true,"href":"https:\/\/www.eldiario.net\/portal\/wp-json\/wp\/v2\/tags?post=127442"}],"curies":[{"name":"wp","href":"https:\/\/api.w.org\/{rel}","templated":true}]}}