{"id":127440,"date":"2022-12-13T06:33:35","date_gmt":"2022-12-13T10:33:35","guid":{"rendered":"https:\/\/www.eldiario.net\/portal\/?p=127440"},"modified":"2022-12-13T06:33:35","modified_gmt":"2022-12-13T10:33:35","slug":"renuencia","status":"publish","type":"post","link":"https:\/\/www.eldiario.net\/portal\/2022\/12\/13\/renuencia\/","title":{"rendered":"Renuencia"},"content":{"rendered":"<p>Iniciada la primera fase (5 al 15 de diciembre de 2022) de los talleres gratuitos de socializaci\u00f3n del \u201cCurr\u00edculo Actualizado 2023\u201d del Sistema Educativo Plurinacional, \u201cPor una educaci\u00f3n de calidad, rumbo al bicentenario\u201d, sintom\u00e1ticamente salieron a flote las duras cr\u00edticas de algunos maestros y dirigentes del magisterio urbano y rural.<\/p>\n<p>Con ese antecedente, el 8 de diciembre del a\u00f1o en curso, la Confederaci\u00f3n de Trabajadores de Educaci\u00f3n Urbana de Bolivia (CTEUB) present\u00f3 nota escrita al ministro Edgar Pary Chambi, bajo el tenor; \u201csolicita congreso nacional, no se acepta la imposici\u00f3n del plan curricular\u201d.<\/p>\n<p>En precedente misiva, la CTEUB refiere que, el magisterio urbano particip\u00f3 de diferentes eventos pedag\u00f3gicos convocados por el Ministerio de Educaci\u00f3n, en relaci\u00f3n con la actualizaci\u00f3n del curr\u00edculo (base), en los mismos se habr\u00edan concretado aportes y propuestas compiladas de diferentes distritos educativos; sin embargo, no fueron plasmados en los nuevos planes y programas de cada \u00e1rea y nivel, aprobados mediante la Resoluci\u00f3n Ministerial N\u00ba 1040\/2022.<\/p>\n<p>En ese orden, parad\u00f3jicamente en la referida misiva, la CTEUB aclara y establece que no particip\u00f3 de la elaboraci\u00f3n del curr\u00edculo actualizado 2023. Por otra parte, no acepta parches o enmiendas en la estructura normativa y pedag\u00f3gica (curricular). En tal sentido, exige la convocatoria inmediata al Congreso Plurinacional de Educaci\u00f3n, en raz\u00f3n al an\u00e1lisis de los resultados de la Ley N\u00ba 070 \u201cAvelino Si\u00f1ani \u2013 Elizardo P\u00e9rez\u201d, promulgada el 20 de diciembre de 2010.<\/p>\n<p>Al respecto, el art\u00edculo 92, de la Ley N\u00ba 070, estable que el Congreso Plurinacional de Educaci\u00f3n, es la instancia m\u00e1xima de intervenci\u00f3n de todos los sectores de la sociedad, para la formulaci\u00f3n y definici\u00f3n de lineamientos de las pol\u00edticas educativas, debiendo ser convocado por el Ministerio de Educaci\u00f3n, cada cinco a\u00f1os.<\/p>\n<p>Ante la confusi\u00f3n generada, en relaci\u00f3n con qui\u00e9nes fueron los directos responsables de la actualizaci\u00f3n del curr\u00edculo, es imperante recordar algunos antecedentes de la presente gesti\u00f3n. El 5 de agosto, el viceministro de Educaci\u00f3n Regular, Bartolom\u00e9 Puma Vel\u00e1squez, emite el Instructivo IT\/VER N\u00ba 0089\/2022, en la cual dispuso la tolerancia y declaratoria en comisi\u00f3n para maestros participantes del proceso de evaluaci\u00f3n y actualizaci\u00f3n del curr\u00edculo.<\/p>\n<p>Asimismo, en septiembre, el Ministerio de Educaci\u00f3n promovi\u00f3 en los nueve departamentos, talleres de actualizaci\u00f3n de la malla curricular. El 27 del mismo mes, el Comit\u00e9 Ejecutivo de la Universidad Boliviana (CEUB) representado por Freddy Mendoza Espinoza, entreg\u00f3 al ministro Edgar Pary Chambi, el documento de propuestas y aportes acad\u00e9micos para la actualizaci\u00f3n del curr\u00edculo base de secundaria, con el objetivo de reducir las brechas entre el Subsistema Regular y Superior.<\/p>\n<p>Por \u00faltimo, el 20 y 21 de octubre de los corrientes, se desarroll\u00f3 el \u201c7mo. Encuentro Pedag\u00f3gico\u201d, con objeto de definir los planes y programas del curr\u00edculo para el 2023, resultado del proceso de actualizaci\u00f3n llevado adelante por el Ministerio de Educaci\u00f3n, entre las gestiones 2021 y 2022, con la participaci\u00f3n y aportes de los actores de la comunidad educativa boliviana.<\/p>\n<p>En consecuencia, la participaci\u00f3n de las confederaciones, federaciones departamentales y regiones del magisterio urbano y rural fue evidente, independientemente de la discrecionalidad en la elecci\u00f3n de los maestros. Por tanto, la renuencia al curr\u00edculo actualizado 2023 por algunos dirigentes sindicales, pareciera tener el prop\u00f3sito de deslindar responsabilidades del proceso en el cual fueron actores directos.<\/p>\n<p>&nbsp;<\/p>\n<p><em>El autor es Magister en Pol\u00edticas de Formaci\u00f3n Docente.<\/em><\/p>\n","protected":false},"excerpt":{"rendered":"<p>Iniciada la primera fase (5 al 15 de diciembre de 2022) de los talleres gratuitos de socializaci\u00f3n del \u201cCurr\u00edculo Actualizado 2023\u201d del Sistema Educativo Plurinacional, \u201cPor una educaci\u00f3n de calidad, rumbo al bicentenario\u201d, sintom\u00e1ticamente salieron a flote las duras cr\u00edticas de algunos maestros y dirigentes del magisterio urbano y rural. Con ese antecedente, el 8 [&hellip;]<\/p>\n","protected":false},"author":1,"featured_media":103354,"comment_status":"closed","ping_status":"closed","sticky":false,"template":"","format":"standard","meta":{"_acf_changed":false,"footnotes":""},"categories":[9],"tags":[],"class_list":["post-127440","post","type-post","status-publish","format-standard","has-post-thumbnail","category-opinion"],"acf":{"antetitulo":""},"yoast_head":"<!-- This site is optimized with the Yoast SEO plugin v28.4 - https:\/\/yoast.com\/product\/yoast-seo-wordpress\/ -->\n<title>Renuencia - El Diario - Bolivia<\/title>\n<meta name=\"robots\" content=\"index, follow, max-snippet:-1, max-image-preview:large, max-video-preview:-1\" \/>\n<link rel=\"canonical\" href=\"https:\/\/www.eldiario.net\/portal\/2022\/12\/13\/renuencia\/\" \/>\n<meta property=\"og:locale\" content=\"es_ES\" \/>\n<meta property=\"og:type\" content=\"article\" \/>\n<meta property=\"og:title\" content=\"Renuencia - El Diario - Bolivia\" \/>\n<meta property=\"og:description\" content=\"Iniciada la primera fase (5 al 15 de diciembre de 2022) de los talleres gratuitos de socializaci\u00f3n del \u201cCurr\u00edculo Actualizado 2023\u201d del Sistema Educativo Plurinacional, \u201cPor una educaci\u00f3n de calidad, rumbo al bicentenario\u201d, sintom\u00e1ticamente salieron a flote las duras cr\u00edticas de algunos maestros y dirigentes del magisterio urbano y rural. Con ese antecedente, el 8 [&hellip;]\" \/>\n<meta property=\"og:url\" content=\"https:\/\/www.eldiario.net\/portal\/2022\/12\/13\/renuencia\/\" \/>\n<meta property=\"og:site_name\" content=\"El Diario - Bolivia\" \/>\n<meta property=\"article:publisher\" content=\"https:\/\/www.facebook.com\/eldiario.bolivia\/\" \/>\n<meta property=\"article:published_time\" content=\"2022-12-13T10:33:35+00:00\" \/>\n<meta name=\"author\" content=\"Jeanette\" \/>\n<meta name=\"twitter:card\" content=\"summary_large_image\" \/>\n<meta name=\"twitter:creator\" content=\"@eldiario_net\" \/>\n<meta name=\"twitter:site\" content=\"@eldiario_net\" \/>\n<meta name=\"twitter:label1\" content=\"Escrito por\" \/>\n\t<meta name=\"twitter:data1\" content=\"Jeanette\" \/>\n\t<meta name=\"twitter:label2\" content=\"Tiempo de lectura\" \/>\n\t<meta name=\"twitter:data2\" content=\"3 minutos\" \/>\n<script type=\"application\/ld+json\" class=\"yoast-schema-graph\">{\"@context\":\"https:\\\/\\\/schema.org\",\"@graph\":[{\"@type\":\"Article\",\"@id\":\"https:\\\/\\\/www.eldiario.net\\\/portal\\\/2022\\\/12\\\/13\\\/renuencia\\\/#article\",\"isPartOf\":{\"@id\":\"https:\\\/\\\/www.eldiario.net\\\/portal\\\/2022\\\/12\\\/13\\\/renuencia\\\/\"},\"author\":{\"name\":\"Jeanette\",\"@id\":\"https:\\\/\\\/www.eldiario.net\\\/portal\\\/#\\\/schema\\\/person\\\/f46445640444750d7d753ccd04ae01b7\"},\"headline\":\"Renuencia\",\"datePublished\":\"2022-12-13T10:33:35+00:00\",\"mainEntityOfPage\":{\"@id\":\"https:\\\/\\\/www.eldiario.net\\\/portal\\\/2022\\\/12\\\/13\\\/renuencia\\\/\"},\"wordCount\":589,\"publisher\":{\"@id\":\"https:\\\/\\\/www.eldiario.net\\\/portal\\\/#organization\"},\"image\":{\"@id\":\"https:\\\/\\\/www.eldiario.net\\\/portal\\\/2022\\\/12\\\/13\\\/renuencia\\\/#primaryimage\"},\"thumbnailUrl\":\"\",\"articleSection\":[\"Opini\u00f3n\"],\"inLanguage\":\"es\"},{\"@type\":\"WebPage\",\"@id\":\"https:\\\/\\\/www.eldiario.net\\\/portal\\\/2022\\\/12\\\/13\\\/renuencia\\\/\",\"url\":\"https:\\\/\\\/www.eldiario.net\\\/portal\\\/2022\\\/12\\\/13\\\/renuencia\\\/\",\"name\":\"Renuencia - El Diario - Bolivia\",\"isPartOf\":{\"@id\":\"https:\\\/\\\/www.eldiario.net\\\/portal\\\/#website\"},\"primaryImageOfPage\":{\"@id\":\"https:\\\/\\\/www.eldiario.net\\\/portal\\\/2022\\\/12\\\/13\\\/renuencia\\\/#primaryimage\"},\"image\":{\"@id\":\"https:\\\/\\\/www.eldiario.net\\\/portal\\\/2022\\\/12\\\/13\\\/renuencia\\\/#primaryimage\"},\"thumbnailUrl\":\"\",\"datePublished\":\"2022-12-13T10:33:35+00:00\",\"breadcrumb\":{\"@id\":\"https:\\\/\\\/www.eldiario.net\\\/portal\\\/2022\\\/12\\\/13\\\/renuencia\\\/#breadcrumb\"},\"inLanguage\":\"es\",\"potentialAction\":[{\"@type\":\"ReadAction\",\"target\":[\"https:\\\/\\\/www.eldiario.net\\\/portal\\\/2022\\\/12\\\/13\\\/renuencia\\\/\"]}]},{\"@type\":\"ImageObject\",\"inLanguage\":\"es\",\"@id\":\"https:\\\/\\\/www.eldiario.net\\\/portal\\\/2022\\\/12\\\/13\\\/renuencia\\\/#primaryimage\",\"url\":\"\",\"contentUrl\":\"\"},{\"@type\":\"BreadcrumbList\",\"@id\":\"https:\\\/\\\/www.eldiario.net\\\/portal\\\/2022\\\/12\\\/13\\\/renuencia\\\/#breadcrumb\",\"itemListElement\":[{\"@type\":\"ListItem\",\"position\":1,\"name\":\"Portada\",\"item\":\"https:\\\/\\\/www.eldiario.net\\\/portal\\\/\"},{\"@type\":\"ListItem\",\"position\":2,\"name\":\"Renuencia\"}]},{\"@type\":\"WebSite\",\"@id\":\"https:\\\/\\\/www.eldiario.net\\\/portal\\\/#website\",\"url\":\"https:\\\/\\\/www.eldiario.net\\\/portal\\\/\",\"name\":\"El Diario - Decano de la prensa nacional\",\"description\":\"El Diario - Decano de la prensa nacional\",\"publisher\":{\"@id\":\"https:\\\/\\\/www.eldiario.net\\\/portal\\\/#organization\"},\"potentialAction\":[{\"@type\":\"SearchAction\",\"target\":{\"@type\":\"EntryPoint\",\"urlTemplate\":\"https:\\\/\\\/www.eldiario.net\\\/portal\\\/?s={search_term_string}\"},\"query-input\":{\"@type\":\"PropertyValueSpecification\",\"valueRequired\":true,\"valueName\":\"search_term_string\"}}],\"inLanguage\":\"es\"},{\"@type\":\"Organization\",\"@id\":\"https:\\\/\\\/www.eldiario.net\\\/portal\\\/#organization\",\"name\":\"El Diario - Decano de la prensa nacional\",\"url\":\"https:\\\/\\\/www.eldiario.net\\\/portal\\\/\",\"logo\":{\"@type\":\"ImageObject\",\"inLanguage\":\"es\",\"@id\":\"https:\\\/\\\/www.eldiario.net\\\/portal\\\/#\\\/schema\\\/logo\\\/image\\\/\",\"url\":\"https:\\\/\\\/www.eldiario.net\\\/portal\\\/wp-content\\\/uploads\\\/2023\\\/07\\\/logo_ED.jpg\",\"contentUrl\":\"https:\\\/\\\/www.eldiario.net\\\/portal\\\/wp-content\\\/uploads\\\/2023\\\/07\\\/logo_ED.jpg\",\"width\":272,\"height\":52,\"caption\":\"El Diario - Decano de la prensa nacional\"},\"image\":{\"@id\":\"https:\\\/\\\/www.eldiario.net\\\/portal\\\/#\\\/schema\\\/logo\\\/image\\\/\"},\"sameAs\":[\"https:\\\/\\\/www.facebook.com\\\/eldiario.bolivia\\\/\",\"https:\\\/\\\/x.com\\\/eldiario_net\"]},{\"@type\":\"Person\",\"@id\":\"https:\\\/\\\/www.eldiario.net\\\/portal\\\/#\\\/schema\\\/person\\\/f46445640444750d7d753ccd04ae01b7\",\"name\":\"Jeanette\",\"image\":{\"@type\":\"ImageObject\",\"inLanguage\":\"es\",\"@id\":\"https:\\\/\\\/secure.gravatar.com\\\/avatar\\\/3ea2118a5f7dad2b7138b1187a6b7ee55f160b9968b66013c3a3ef39dd7e5798?s=96&d=mm&r=g\",\"url\":\"https:\\\/\\\/secure.gravatar.com\\\/avatar\\\/3ea2118a5f7dad2b7138b1187a6b7ee55f160b9968b66013c3a3ef39dd7e5798?s=96&d=mm&r=g\",\"contentUrl\":\"https:\\\/\\\/secure.gravatar.com\\\/avatar\\\/3ea2118a5f7dad2b7138b1187a6b7ee55f160b9968b66013c3a3ef39dd7e5798?s=96&d=mm&r=g\",\"caption\":\"Jeanette\"},\"sameAs\":[\"https:\\\/\\\/www.eldiario.net\\\/portal\"],\"url\":\"https:\\\/\\\/www.eldiario.net\\\/portal\\\/author\\\/jeanette\\\/\"}]}<\/script>\n<!-- \/ Yoast SEO plugin. -->","yoast_head_json":{"title":"Renuencia - El Diario - Bolivia","robots":{"index":"index","follow":"follow","max-snippet":"max-snippet:-1","max-image-preview":"max-image-preview:large","max-video-preview":"max-video-preview:-1"},"canonical":"https:\/\/www.eldiario.net\/portal\/2022\/12\/13\/renuencia\/","og_locale":"es_ES","og_type":"article","og_title":"Renuencia - El Diario - Bolivia","og_description":"Iniciada la primera fase (5 al 15 de diciembre de 2022) de los talleres gratuitos de socializaci\u00f3n del \u201cCurr\u00edculo Actualizado 2023\u201d del Sistema Educativo Plurinacional, \u201cPor una educaci\u00f3n de calidad, rumbo al bicentenario\u201d, sintom\u00e1ticamente salieron a flote las duras cr\u00edticas de algunos maestros y dirigentes del magisterio urbano y rural. Con ese antecedente, el 8 [&hellip;]","og_url":"https:\/\/www.eldiario.net\/portal\/2022\/12\/13\/renuencia\/","og_site_name":"El Diario - Bolivia","article_publisher":"https:\/\/www.facebook.com\/eldiario.bolivia\/","article_published_time":"2022-12-13T10:33:35+00:00","author":"Jeanette","twitter_card":"summary_large_image","twitter_creator":"@eldiario_net","twitter_site":"@eldiario_net","twitter_misc":{"Escrito por":"Jeanette","Tiempo de lectura":"3 minutos"},"schema":{"@context":"https:\/\/schema.org","@graph":[{"@type":"Article","@id":"https:\/\/www.eldiario.net\/portal\/2022\/12\/13\/renuencia\/#article","isPartOf":{"@id":"https:\/\/www.eldiario.net\/portal\/2022\/12\/13\/renuencia\/"},"author":{"name":"Jeanette","@id":"https:\/\/www.eldiario.net\/portal\/#\/schema\/person\/f46445640444750d7d753ccd04ae01b7"},"headline":"Renuencia","datePublished":"2022-12-13T10:33:35+00:00","mainEntityOfPage":{"@id":"https:\/\/www.eldiario.net\/portal\/2022\/12\/13\/renuencia\/"},"wordCount":589,"publisher":{"@id":"https:\/\/www.eldiario.net\/portal\/#organization"},"image":{"@id":"https:\/\/www.eldiario.net\/portal\/2022\/12\/13\/renuencia\/#primaryimage"},"thumbnailUrl":"","articleSection":["Opini\u00f3n"],"inLanguage":"es"},{"@type":"WebPage","@id":"https:\/\/www.eldiario.net\/portal\/2022\/12\/13\/renuencia\/","url":"https:\/\/www.eldiario.net\/portal\/2022\/12\/13\/renuencia\/","name":"Renuencia - El Diario - Bolivia","isPartOf":{"@id":"https:\/\/www.eldiario.net\/portal\/#website"},"primaryImageOfPage":{"@id":"https:\/\/www.eldiario.net\/portal\/2022\/12\/13\/renuencia\/#primaryimage"},"image":{"@id":"https:\/\/www.eldiario.net\/portal\/2022\/12\/13\/renuencia\/#primaryimage"},"thumbnailUrl":"","datePublished":"2022-12-13T10:33:35+00:00","breadcrumb":{"@id":"https:\/\/www.eldiario.net\/portal\/2022\/12\/13\/renuencia\/#breadcrumb"},"inLanguage":"es","potentialAction":[{"@type":"ReadAction","target":["https:\/\/www.eldiario.net\/portal\/2022\/12\/13\/renuencia\/"]}]},{"@type":"ImageObject","inLanguage":"es","@id":"https:\/\/www.eldiario.net\/portal\/2022\/12\/13\/renuencia\/#primaryimage","url":"","contentUrl":""},{"@type":"BreadcrumbList","@id":"https:\/\/www.eldiario.net\/portal\/2022\/12\/13\/renuencia\/#breadcrumb","itemListElement":[{"@type":"ListItem","position":1,"name":"Portada","item":"https:\/\/www.eldiario.net\/portal\/"},{"@type":"ListItem","position":2,"name":"Renuencia"}]},{"@type":"WebSite","@id":"https:\/\/www.eldiario.net\/portal\/#website","url":"https:\/\/www.eldiario.net\/portal\/","name":"El Diario - Decano de la prensa nacional","description":"El Diario - Decano de la prensa nacional","publisher":{"@id":"https:\/\/www.eldiario.net\/portal\/#organization"},"potentialAction":[{"@type":"SearchAction","target":{"@type":"EntryPoint","urlTemplate":"https:\/\/www.eldiario.net\/portal\/?s={search_term_string}"},"query-input":{"@type":"PropertyValueSpecification","valueRequired":true,"valueName":"search_term_string"}}],"inLanguage":"es"},{"@type":"Organization","@id":"https:\/\/www.eldiario.net\/portal\/#organization","name":"El Diario - Decano de la prensa nacional","url":"https:\/\/www.eldiario.net\/portal\/","logo":{"@type":"ImageObject","inLanguage":"es","@id":"https:\/\/www.eldiario.net\/portal\/#\/schema\/logo\/image\/","url":"https:\/\/www.eldiario.net\/portal\/wp-content\/uploads\/2023\/07\/logo_ED.jpg","contentUrl":"https:\/\/www.eldiario.net\/portal\/wp-content\/uploads\/2023\/07\/logo_ED.jpg","width":272,"height":52,"caption":"El Diario - Decano de la prensa nacional"},"image":{"@id":"https:\/\/www.eldiario.net\/portal\/#\/schema\/logo\/image\/"},"sameAs":["https:\/\/www.facebook.com\/eldiario.bolivia\/","https:\/\/x.com\/eldiario_net"]},{"@type":"Person","@id":"https:\/\/www.eldiario.net\/portal\/#\/schema\/person\/f46445640444750d7d753ccd04ae01b7","name":"Jeanette","image":{"@type":"ImageObject","inLanguage":"es","@id":"https:\/\/secure.gravatar.com\/avatar\/3ea2118a5f7dad2b7138b1187a6b7ee55f160b9968b66013c3a3ef39dd7e5798?s=96&d=mm&r=g","url":"https:\/\/secure.gravatar.com\/avatar\/3ea2118a5f7dad2b7138b1187a6b7ee55f160b9968b66013c3a3ef39dd7e5798?s=96&d=mm&r=g","contentUrl":"https:\/\/secure.gravatar.com\/avatar\/3ea2118a5f7dad2b7138b1187a6b7ee55f160b9968b66013c3a3ef39dd7e5798?s=96&d=mm&r=g","caption":"Jeanette"},"sameAs":["https:\/\/www.eldiario.net\/portal"],"url":"https:\/\/www.eldiario.net\/portal\/author\/jeanette\/"}]}},"_links":{"self":[{"href":"https:\/\/www.eldiario.net\/portal\/wp-json\/wp\/v2\/posts\/127440","targetHints":{"allow":["GET"]}}],"collection":[{"href":"https:\/\/www.eldiario.net\/portal\/wp-json\/wp\/v2\/posts"}],"about":[{"href":"https:\/\/www.eldiario.net\/portal\/wp-json\/wp\/v2\/types\/post"}],"author":[{"embeddable":true,"href":"https:\/\/www.eldiario.net\/portal\/wp-json\/wp\/v2\/users\/1"}],"replies":[{"embeddable":true,"href":"https:\/\/www.eldiario.net\/portal\/wp-json\/wp\/v2\/comments?post=127440"}],"version-history":[{"count":0,"href":"https:\/\/www.eldiario.net\/portal\/wp-json\/wp\/v2\/posts\/127440\/revisions"}],"wp:attachment":[{"href":"https:\/\/www.eldiario.net\/portal\/wp-json\/wp\/v2\/media?parent=127440"}],"wp:term":[{"taxonomy":"category","embeddable":true,"href":"https:\/\/www.eldiario.net\/portal\/wp-json\/wp\/v2\/categories?post=127440"},{"taxonomy":"post_tag","embeddable":true,"href":"https:\/\/www.eldiario.net\/portal\/wp-json\/wp\/v2\/tags?post=127440"}],"curies":[{"name":"wp","href":"https:\/\/api.w.org\/{rel}","templated":true}]}}