{"id":127438,"date":"2022-12-13T06:32:43","date_gmt":"2022-12-13T10:32:43","guid":{"rendered":"https:\/\/www.eldiario.net\/portal\/?p=127438"},"modified":"2022-12-13T06:32:43","modified_gmt":"2022-12-13T10:32:43","slug":"un-libro-describe-el-proceso-de-expansion-del-cristianismo-en-europa-entre-los-siglos-xii-y-xv","status":"publish","type":"post","link":"https:\/\/www.eldiario.net\/portal\/2022\/12\/13\/un-libro-describe-el-proceso-de-expansion-del-cristianismo-en-europa-entre-los-siglos-xii-y-xv\/","title":{"rendered":"Un libro describe el proceso de expansi\u00f3n del cristianismo en Europa entre los siglos XII y XV"},"content":{"rendered":"<p>La conversi\u00f3n religiosa suele ser una v\u00eda de doble mano. Y era as\u00ed tambi\u00e9n entre los siglos XII y XV en la Europa medieval. Si de un lado hab\u00eda cl\u00e9rigos en busca de maneras de conquistar m\u00e1s fieles y expandir la Iglesia Cat\u00f3lica, del otro hab\u00eda nobles y campesinos, hombres y mujeres, letrados e iletrados que necesitaban que tocasen sus corazones y sus mentes para entonces s\u00ed, seguir los preceptos de la fe.<\/p>\n<p>El libro intitulado Cativar as almas &#8211; Diretrizes para a instru\u00e7\u00e3o espiritual (s\u00e9c. XII-XV) (editorial Unisinos, 2022) [Cautivar las almas. Directrices para la instrucci\u00f3n espiritual (siglos XII-XV)] tiene el objetivo de dirigir la mirada hacia el lado m\u00e1s olvidado de los estudios dedicados al proceso de conversi\u00f3n y evangelizaci\u00f3n, enfoc\u00e1ndose en el peso de la voluntad individual en tal decisi\u00f3n.<\/p>\n<p>La obra, que cuenta con el apoyo de la FAPESP, re\u00fane a tres investigadores de diferentes pa\u00edses que iniciaron el estudio para la elaboraci\u00f3n del libro en el a\u00f1o 2019, durante un encuentro realizado en la Unicamp, la Universidad de Campinas (en el estado de Sao Paulo, Brasil). Jean-Claude Schmitt, profesor em\u00e9rito de la \u00c9cole des Hautes \u00c9tudes en Sciences Sociales, de Par\u00eds, es considerado uno de los mayores medievalistas; Pablo Mart\u00edn Prieto es profesor titular de Historia Medieval en la Universidad Complutense de Madrid, y Leandro Alves Teodoro es docente del Departamento de Historia de la Universidade Estadual Paulista (Unesp) en la localidad de Assis.<\/p>\n<p>Mediante una Ayuda de Investigaci\u00f3n \u2013 J\u00f3venes Investigadores, Alves Teodoro desarroll\u00f3 un banco de datos con textos hist\u00f3ricos creados para difundir la moral cristiana al final de la Edad Media. Y tambi\u00e9n lleva adelante una investigaci\u00f3n en colaboraci\u00f3n con la Swiss National Science Foundation (SNSF) para mapear peque\u00f1as historias en la ejemplificaci\u00f3n de virtudes y pecados en la pen\u00ednsula ib\u00e9rica durante la Edad Media\u2026<\/p>\n<p>\u201cEn el libro buscamos romper con esa idea m\u00e1s cl\u00e1sica de que el contacto entre laicos y cl\u00e9rigos se daba sobre todo a trav\u00e9s de mecanismos de coacci\u00f3n. Nuestro objetivo es dar m\u00e1s protagonismo a los laicos en ese final de Edad Media, cuando la moral cristiana se estaba consolidando y convirti\u00e9ndose en la ra\u00edz de la identidad de Occidente\u201d, explica Alves Teodoro.<\/p>\n<p>Cabe destacar que, entre los siglos XII y XV, Europa pasaba por profundos cambios. Estaba en curso la guerra de la reconquista, por ejemplo, que expuls\u00f3 al pueblo \u00e1rabe de los territorios del sur de Europa en 1492. All\u00ed viv\u00edan tambi\u00e9n muchos jud\u00edos, y las personas en su gran mayor\u00eda no sab\u00edan leer, lo que dificultaba la difusi\u00f3n del conocimiento sobre la moral cristiana, los mandamientos de la Iglesia e incluso oraciones como el <em>Padre Nuestro<\/em> y el <em>Ave Mar\u00eda<\/em>.<\/p>\n<p>No por casualidad, fue tambi\u00e9n en esa \u00e9poca cuando la Iglesia adopt\u00f3 como estrategia la difusi\u00f3n de textos escritos, en el caso de la pen\u00ednsula ib\u00e9rica, en portugu\u00e9s y en castellano, para que un mayor n\u00famero de cl\u00e9rigos tuviesen acceso a contenidos sobre la moral cristiana, y pudiesen transmitir esas ense\u00f1anzas y cautivar a m\u00e1s fieles.<\/p>\n<p>Y en ese contexto de revigorizaci\u00f3n de la pastoral cristiana, en el cual los fieles eran persuadidos a redefinir sus acciones cotidianas, los autores analizan la actuaci\u00f3n de los conversos.<\/p>\n<p>De esta forma, el libro procura salir de un lugar com\u00fan que centra el proceso de conversi\u00f3n en el rol de los curas, los frailes y los monjes. \u201cCuando se habla de la pr\u00e9dica de la fe, suele observ\u00e1rsela a partir de los oradores, pues son ellos quienes manejaban instrumentos tales como los sermones y las homil\u00edas, por ejemplo. Pero en el libro procuramos escapar a la tradici\u00f3n que ve el proceso de formaci\u00f3n moral de arriba abajo. Nuestra idea es mostrar que no bastaba con llevar la palabra si no se cautivaba a las personas\u201d, dice.<\/p>\n<p>Un ejemplo del peso de las voluntades individuales puede observarse en los sermones de san Antonio de Padua (1195-1231). En un serm\u00f3n sobre las virtudes de un coraz\u00f3n contrito, san Antonio afirma que, con un coraz\u00f3n manchado por las \u201ctinieblas del pecado mortal\u201d, el pecador se vuelve \u201cv\u00edctima de la falta de conocimiento divino y de la ignorancia de su propia fragilidad, y ya no logra distinguir entre el bien y el mal\u201d.<\/p>\n<p>Alves Teodoro explica que esos sermones formaban parte del movimiento evangelizador que emergi\u00f3 con fuerza en el Siglo XIII, a partir de la creaci\u00f3n de las llamadas \u00f3rdenes mendicantes, tales como las de los franciscanos y los dominicanos.<\/p>\n<p>\u201cEra un per\u00edodo de expansi\u00f3n de la Iglesia, de b\u00fasqueda de fieles, de ir a las aldeas, de predicar. Y en sus sermones, san Antonio sosten\u00eda que la palabra predicada deber\u00eda servir como un llamado a cautivar y seducir a los pecadores, para perfeccionar as\u00ed su formaci\u00f3n espiritual\u201d, dice.<\/p>\n<p>El investigador explica que la formaci\u00f3n espiritual por medio de la palabra predicada transcurr\u00eda de diversas maneras. \u201cAlgo muy fuerte para cautivar a los fieles era la idea de lo que era pecado. La gente en aquella \u00e9poca ten\u00eda mucho miedo del infierno, por ejemplo. Por eso mismo, las personas de alg\u00fan modo se identificaban con lo que la Iglesia transmit\u00eda. Sacramentos como la confesi\u00f3n y el propio casamiento realizado por sacerdotes constitu\u00edan otra forma de seducir a los fieles\u201d, afirma.<\/p>\n<p>\u201cEl libro no apunta a investigar los aparatos institucionales de la Inquisici\u00f3n, sino qu\u00e9 era lo que llevaba a una persona a convertirse. Es lo que denominamos juegos moralizantes. Existe una idea muy cara al cristianismo: todas las piezas que estaban en el tablero, desde el papa hasta los laicos, ten\u00edan un rol, metas y responsabilidades por cumplir en ese juego\u201d, explica.<\/p>\n<p>En el caso de los religiosos, por ejemplo, Alves Teodoro comenta que para que se moviesen de manera adecuada y que no se los condenase al infierno, deb\u00edan seguir ciertas determinaciones, entre ellas orientar a los laicos sabiendo que la conversi\u00f3n deber\u00eda ser espont\u00e1nea. \u201cPues ellos sab\u00edan que, si no fuese espont\u00e1nea, no valdr\u00eda de nada. Y lo que vemos es que el \u00e9xito del cristianismo echa ra\u00edces precisamente en el poder de cautivar a la gente. Si fuese \u00fanicamente por coacci\u00f3n, no habr\u00eda tenido el \u00e9xito que tuvo\u201d, afirma\u2026 (Agencia FAPESP).<\/p>\n","protected":false},"excerpt":{"rendered":"<p>La conversi\u00f3n religiosa suele ser una v\u00eda de doble mano. Y era as\u00ed tambi\u00e9n entre los siglos XII y XV en la Europa medieval. Si de un lado hab\u00eda cl\u00e9rigos en busca de maneras de conquistar m\u00e1s fieles y expandir la Iglesia Cat\u00f3lica, del otro hab\u00eda nobles y campesinos, hombres y mujeres, letrados e iletrados [&hellip;]<\/p>\n","protected":false},"author":1,"featured_media":0,"comment_status":"closed","ping_status":"closed","sticky":false,"template":"","format":"standard","meta":{"_acf_changed":false,"footnotes":""},"categories":[9],"tags":[],"class_list":["post-127438","post","type-post","status-publish","format-standard","category-opinion"],"acf":{"antetitulo":""},"yoast_head":"<!-- This site is optimized with the Yoast SEO plugin v28.4 - https:\/\/yoast.com\/product\/yoast-seo-wordpress\/ -->\n<title>Un libro describe el proceso de expansi\u00f3n del cristianismo en Europa entre los siglos XII y XV - El Diario - Bolivia<\/title>\n<meta name=\"robots\" content=\"index, follow, max-snippet:-1, max-image-preview:large, max-video-preview:-1\" \/>\n<link rel=\"canonical\" href=\"https:\/\/www.eldiario.net\/portal\/2022\/12\/13\/un-libro-describe-el-proceso-de-expansion-del-cristianismo-en-europa-entre-los-siglos-xii-y-xv\/\" \/>\n<meta property=\"og:locale\" content=\"es_ES\" \/>\n<meta property=\"og:type\" content=\"article\" \/>\n<meta property=\"og:title\" content=\"Un libro describe el proceso de expansi\u00f3n del cristianismo en Europa entre los siglos XII y XV - El Diario - Bolivia\" \/>\n<meta property=\"og:description\" content=\"La conversi\u00f3n religiosa suele ser una v\u00eda de doble mano. Y era as\u00ed tambi\u00e9n entre los siglos XII y XV en la Europa medieval. Si de un lado hab\u00eda cl\u00e9rigos en busca de maneras de conquistar m\u00e1s fieles y expandir la Iglesia Cat\u00f3lica, del otro hab\u00eda nobles y campesinos, hombres y mujeres, letrados e iletrados [&hellip;]\" \/>\n<meta property=\"og:url\" content=\"https:\/\/www.eldiario.net\/portal\/2022\/12\/13\/un-libro-describe-el-proceso-de-expansion-del-cristianismo-en-europa-entre-los-siglos-xii-y-xv\/\" \/>\n<meta property=\"og:site_name\" content=\"El Diario - Bolivia\" \/>\n<meta property=\"article:publisher\" content=\"https:\/\/www.facebook.com\/eldiario.bolivia\/\" \/>\n<meta property=\"article:published_time\" content=\"2022-12-13T10:32:43+00:00\" \/>\n<meta name=\"author\" content=\"Jeanette\" \/>\n<meta name=\"twitter:card\" content=\"summary_large_image\" \/>\n<meta name=\"twitter:creator\" content=\"@eldiario_net\" \/>\n<meta name=\"twitter:site\" content=\"@eldiario_net\" \/>\n<meta name=\"twitter:label1\" content=\"Escrito por\" \/>\n\t<meta name=\"twitter:data1\" content=\"Jeanette\" \/>\n\t<meta name=\"twitter:label2\" content=\"Tiempo de lectura\" \/>\n\t<meta name=\"twitter:data2\" content=\"5 minutos\" \/>\n<script type=\"application\/ld+json\" class=\"yoast-schema-graph\">{\"@context\":\"https:\\\/\\\/schema.org\",\"@graph\":[{\"@type\":\"Article\",\"@id\":\"https:\\\/\\\/www.eldiario.net\\\/portal\\\/2022\\\/12\\\/13\\\/un-libro-describe-el-proceso-de-expansion-del-cristianismo-en-europa-entre-los-siglos-xii-y-xv\\\/#article\",\"isPartOf\":{\"@id\":\"https:\\\/\\\/www.eldiario.net\\\/portal\\\/2022\\\/12\\\/13\\\/un-libro-describe-el-proceso-de-expansion-del-cristianismo-en-europa-entre-los-siglos-xii-y-xv\\\/\"},\"author\":{\"name\":\"Jeanette\",\"@id\":\"https:\\\/\\\/www.eldiario.net\\\/portal\\\/#\\\/schema\\\/person\\\/f46445640444750d7d753ccd04ae01b7\"},\"headline\":\"Un libro describe el proceso de expansi\u00f3n del cristianismo en Europa entre los siglos XII y XV\",\"datePublished\":\"2022-12-13T10:32:43+00:00\",\"mainEntityOfPage\":{\"@id\":\"https:\\\/\\\/www.eldiario.net\\\/portal\\\/2022\\\/12\\\/13\\\/un-libro-describe-el-proceso-de-expansion-del-cristianismo-en-europa-entre-los-siglos-xii-y-xv\\\/\"},\"wordCount\":1134,\"publisher\":{\"@id\":\"https:\\\/\\\/www.eldiario.net\\\/portal\\\/#organization\"},\"articleSection\":[\"Opini\u00f3n\"],\"inLanguage\":\"es\"},{\"@type\":\"WebPage\",\"@id\":\"https:\\\/\\\/www.eldiario.net\\\/portal\\\/2022\\\/12\\\/13\\\/un-libro-describe-el-proceso-de-expansion-del-cristianismo-en-europa-entre-los-siglos-xii-y-xv\\\/\",\"url\":\"https:\\\/\\\/www.eldiario.net\\\/portal\\\/2022\\\/12\\\/13\\\/un-libro-describe-el-proceso-de-expansion-del-cristianismo-en-europa-entre-los-siglos-xii-y-xv\\\/\",\"name\":\"Un libro describe el proceso de expansi\u00f3n del cristianismo en Europa entre los siglos XII y XV - El Diario - Bolivia\",\"isPartOf\":{\"@id\":\"https:\\\/\\\/www.eldiario.net\\\/portal\\\/#website\"},\"datePublished\":\"2022-12-13T10:32:43+00:00\",\"breadcrumb\":{\"@id\":\"https:\\\/\\\/www.eldiario.net\\\/portal\\\/2022\\\/12\\\/13\\\/un-libro-describe-el-proceso-de-expansion-del-cristianismo-en-europa-entre-los-siglos-xii-y-xv\\\/#breadcrumb\"},\"inLanguage\":\"es\",\"potentialAction\":[{\"@type\":\"ReadAction\",\"target\":[\"https:\\\/\\\/www.eldiario.net\\\/portal\\\/2022\\\/12\\\/13\\\/un-libro-describe-el-proceso-de-expansion-del-cristianismo-en-europa-entre-los-siglos-xii-y-xv\\\/\"]}]},{\"@type\":\"BreadcrumbList\",\"@id\":\"https:\\\/\\\/www.eldiario.net\\\/portal\\\/2022\\\/12\\\/13\\\/un-libro-describe-el-proceso-de-expansion-del-cristianismo-en-europa-entre-los-siglos-xii-y-xv\\\/#breadcrumb\",\"itemListElement\":[{\"@type\":\"ListItem\",\"position\":1,\"name\":\"Portada\",\"item\":\"https:\\\/\\\/www.eldiario.net\\\/portal\\\/\"},{\"@type\":\"ListItem\",\"position\":2,\"name\":\"Un libro describe el proceso de expansi\u00f3n del cristianismo en Europa entre los siglos XII y XV\"}]},{\"@type\":\"WebSite\",\"@id\":\"https:\\\/\\\/www.eldiario.net\\\/portal\\\/#website\",\"url\":\"https:\\\/\\\/www.eldiario.net\\\/portal\\\/\",\"name\":\"El Diario - Decano de la prensa nacional\",\"description\":\"El Diario - Decano de la prensa nacional\",\"publisher\":{\"@id\":\"https:\\\/\\\/www.eldiario.net\\\/portal\\\/#organization\"},\"potentialAction\":[{\"@type\":\"SearchAction\",\"target\":{\"@type\":\"EntryPoint\",\"urlTemplate\":\"https:\\\/\\\/www.eldiario.net\\\/portal\\\/?s={search_term_string}\"},\"query-input\":{\"@type\":\"PropertyValueSpecification\",\"valueRequired\":true,\"valueName\":\"search_term_string\"}}],\"inLanguage\":\"es\"},{\"@type\":\"Organization\",\"@id\":\"https:\\\/\\\/www.eldiario.net\\\/portal\\\/#organization\",\"name\":\"El Diario - Decano de la prensa nacional\",\"url\":\"https:\\\/\\\/www.eldiario.net\\\/portal\\\/\",\"logo\":{\"@type\":\"ImageObject\",\"inLanguage\":\"es\",\"@id\":\"https:\\\/\\\/www.eldiario.net\\\/portal\\\/#\\\/schema\\\/logo\\\/image\\\/\",\"url\":\"https:\\\/\\\/www.eldiario.net\\\/portal\\\/wp-content\\\/uploads\\\/2023\\\/07\\\/logo_ED.jpg\",\"contentUrl\":\"https:\\\/\\\/www.eldiario.net\\\/portal\\\/wp-content\\\/uploads\\\/2023\\\/07\\\/logo_ED.jpg\",\"width\":272,\"height\":52,\"caption\":\"El Diario - Decano de la prensa nacional\"},\"image\":{\"@id\":\"https:\\\/\\\/www.eldiario.net\\\/portal\\\/#\\\/schema\\\/logo\\\/image\\\/\"},\"sameAs\":[\"https:\\\/\\\/www.facebook.com\\\/eldiario.bolivia\\\/\",\"https:\\\/\\\/x.com\\\/eldiario_net\"]},{\"@type\":\"Person\",\"@id\":\"https:\\\/\\\/www.eldiario.net\\\/portal\\\/#\\\/schema\\\/person\\\/f46445640444750d7d753ccd04ae01b7\",\"name\":\"Jeanette\",\"image\":{\"@type\":\"ImageObject\",\"inLanguage\":\"es\",\"@id\":\"https:\\\/\\\/secure.gravatar.com\\\/avatar\\\/3ea2118a5f7dad2b7138b1187a6b7ee55f160b9968b66013c3a3ef39dd7e5798?s=96&d=mm&r=g\",\"url\":\"https:\\\/\\\/secure.gravatar.com\\\/avatar\\\/3ea2118a5f7dad2b7138b1187a6b7ee55f160b9968b66013c3a3ef39dd7e5798?s=96&d=mm&r=g\",\"contentUrl\":\"https:\\\/\\\/secure.gravatar.com\\\/avatar\\\/3ea2118a5f7dad2b7138b1187a6b7ee55f160b9968b66013c3a3ef39dd7e5798?s=96&d=mm&r=g\",\"caption\":\"Jeanette\"},\"sameAs\":[\"https:\\\/\\\/www.eldiario.net\\\/portal\"],\"url\":\"https:\\\/\\\/www.eldiario.net\\\/portal\\\/author\\\/jeanette\\\/\"}]}<\/script>\n<!-- \/ Yoast SEO plugin. -->","yoast_head_json":{"title":"Un libro describe el proceso de expansi\u00f3n del cristianismo en Europa entre los siglos XII y XV - El Diario - Bolivia","robots":{"index":"index","follow":"follow","max-snippet":"max-snippet:-1","max-image-preview":"max-image-preview:large","max-video-preview":"max-video-preview:-1"},"canonical":"https:\/\/www.eldiario.net\/portal\/2022\/12\/13\/un-libro-describe-el-proceso-de-expansion-del-cristianismo-en-europa-entre-los-siglos-xii-y-xv\/","og_locale":"es_ES","og_type":"article","og_title":"Un libro describe el proceso de expansi\u00f3n del cristianismo en Europa entre los siglos XII y XV - El Diario - Bolivia","og_description":"La conversi\u00f3n religiosa suele ser una v\u00eda de doble mano. Y era as\u00ed tambi\u00e9n entre los siglos XII y XV en la Europa medieval. Si de un lado hab\u00eda cl\u00e9rigos en busca de maneras de conquistar m\u00e1s fieles y expandir la Iglesia Cat\u00f3lica, del otro hab\u00eda nobles y campesinos, hombres y mujeres, letrados e iletrados [&hellip;]","og_url":"https:\/\/www.eldiario.net\/portal\/2022\/12\/13\/un-libro-describe-el-proceso-de-expansion-del-cristianismo-en-europa-entre-los-siglos-xii-y-xv\/","og_site_name":"El Diario - Bolivia","article_publisher":"https:\/\/www.facebook.com\/eldiario.bolivia\/","article_published_time":"2022-12-13T10:32:43+00:00","author":"Jeanette","twitter_card":"summary_large_image","twitter_creator":"@eldiario_net","twitter_site":"@eldiario_net","twitter_misc":{"Escrito por":"Jeanette","Tiempo de lectura":"5 minutos"},"schema":{"@context":"https:\/\/schema.org","@graph":[{"@type":"Article","@id":"https:\/\/www.eldiario.net\/portal\/2022\/12\/13\/un-libro-describe-el-proceso-de-expansion-del-cristianismo-en-europa-entre-los-siglos-xii-y-xv\/#article","isPartOf":{"@id":"https:\/\/www.eldiario.net\/portal\/2022\/12\/13\/un-libro-describe-el-proceso-de-expansion-del-cristianismo-en-europa-entre-los-siglos-xii-y-xv\/"},"author":{"name":"Jeanette","@id":"https:\/\/www.eldiario.net\/portal\/#\/schema\/person\/f46445640444750d7d753ccd04ae01b7"},"headline":"Un libro describe el proceso de expansi\u00f3n del cristianismo en Europa entre los siglos XII y XV","datePublished":"2022-12-13T10:32:43+00:00","mainEntityOfPage":{"@id":"https:\/\/www.eldiario.net\/portal\/2022\/12\/13\/un-libro-describe-el-proceso-de-expansion-del-cristianismo-en-europa-entre-los-siglos-xii-y-xv\/"},"wordCount":1134,"publisher":{"@id":"https:\/\/www.eldiario.net\/portal\/#organization"},"articleSection":["Opini\u00f3n"],"inLanguage":"es"},{"@type":"WebPage","@id":"https:\/\/www.eldiario.net\/portal\/2022\/12\/13\/un-libro-describe-el-proceso-de-expansion-del-cristianismo-en-europa-entre-los-siglos-xii-y-xv\/","url":"https:\/\/www.eldiario.net\/portal\/2022\/12\/13\/un-libro-describe-el-proceso-de-expansion-del-cristianismo-en-europa-entre-los-siglos-xii-y-xv\/","name":"Un libro describe el proceso de expansi\u00f3n del cristianismo en Europa entre los siglos XII y XV - El Diario - Bolivia","isPartOf":{"@id":"https:\/\/www.eldiario.net\/portal\/#website"},"datePublished":"2022-12-13T10:32:43+00:00","breadcrumb":{"@id":"https:\/\/www.eldiario.net\/portal\/2022\/12\/13\/un-libro-describe-el-proceso-de-expansion-del-cristianismo-en-europa-entre-los-siglos-xii-y-xv\/#breadcrumb"},"inLanguage":"es","potentialAction":[{"@type":"ReadAction","target":["https:\/\/www.eldiario.net\/portal\/2022\/12\/13\/un-libro-describe-el-proceso-de-expansion-del-cristianismo-en-europa-entre-los-siglos-xii-y-xv\/"]}]},{"@type":"BreadcrumbList","@id":"https:\/\/www.eldiario.net\/portal\/2022\/12\/13\/un-libro-describe-el-proceso-de-expansion-del-cristianismo-en-europa-entre-los-siglos-xii-y-xv\/#breadcrumb","itemListElement":[{"@type":"ListItem","position":1,"name":"Portada","item":"https:\/\/www.eldiario.net\/portal\/"},{"@type":"ListItem","position":2,"name":"Un libro describe el proceso de expansi\u00f3n del cristianismo en Europa entre los siglos XII y XV"}]},{"@type":"WebSite","@id":"https:\/\/www.eldiario.net\/portal\/#website","url":"https:\/\/www.eldiario.net\/portal\/","name":"El Diario - Decano de la prensa nacional","description":"El Diario - Decano de la prensa nacional","publisher":{"@id":"https:\/\/www.eldiario.net\/portal\/#organization"},"potentialAction":[{"@type":"SearchAction","target":{"@type":"EntryPoint","urlTemplate":"https:\/\/www.eldiario.net\/portal\/?s={search_term_string}"},"query-input":{"@type":"PropertyValueSpecification","valueRequired":true,"valueName":"search_term_string"}}],"inLanguage":"es"},{"@type":"Organization","@id":"https:\/\/www.eldiario.net\/portal\/#organization","name":"El Diario - Decano de la prensa nacional","url":"https:\/\/www.eldiario.net\/portal\/","logo":{"@type":"ImageObject","inLanguage":"es","@id":"https:\/\/www.eldiario.net\/portal\/#\/schema\/logo\/image\/","url":"https:\/\/www.eldiario.net\/portal\/wp-content\/uploads\/2023\/07\/logo_ED.jpg","contentUrl":"https:\/\/www.eldiario.net\/portal\/wp-content\/uploads\/2023\/07\/logo_ED.jpg","width":272,"height":52,"caption":"El Diario - Decano de la prensa nacional"},"image":{"@id":"https:\/\/www.eldiario.net\/portal\/#\/schema\/logo\/image\/"},"sameAs":["https:\/\/www.facebook.com\/eldiario.bolivia\/","https:\/\/x.com\/eldiario_net"]},{"@type":"Person","@id":"https:\/\/www.eldiario.net\/portal\/#\/schema\/person\/f46445640444750d7d753ccd04ae01b7","name":"Jeanette","image":{"@type":"ImageObject","inLanguage":"es","@id":"https:\/\/secure.gravatar.com\/avatar\/3ea2118a5f7dad2b7138b1187a6b7ee55f160b9968b66013c3a3ef39dd7e5798?s=96&d=mm&r=g","url":"https:\/\/secure.gravatar.com\/avatar\/3ea2118a5f7dad2b7138b1187a6b7ee55f160b9968b66013c3a3ef39dd7e5798?s=96&d=mm&r=g","contentUrl":"https:\/\/secure.gravatar.com\/avatar\/3ea2118a5f7dad2b7138b1187a6b7ee55f160b9968b66013c3a3ef39dd7e5798?s=96&d=mm&r=g","caption":"Jeanette"},"sameAs":["https:\/\/www.eldiario.net\/portal"],"url":"https:\/\/www.eldiario.net\/portal\/author\/jeanette\/"}]}},"_links":{"self":[{"href":"https:\/\/www.eldiario.net\/portal\/wp-json\/wp\/v2\/posts\/127438","targetHints":{"allow":["GET"]}}],"collection":[{"href":"https:\/\/www.eldiario.net\/portal\/wp-json\/wp\/v2\/posts"}],"about":[{"href":"https:\/\/www.eldiario.net\/portal\/wp-json\/wp\/v2\/types\/post"}],"author":[{"embeddable":true,"href":"https:\/\/www.eldiario.net\/portal\/wp-json\/wp\/v2\/users\/1"}],"replies":[{"embeddable":true,"href":"https:\/\/www.eldiario.net\/portal\/wp-json\/wp\/v2\/comments?post=127438"}],"version-history":[{"count":0,"href":"https:\/\/www.eldiario.net\/portal\/wp-json\/wp\/v2\/posts\/127438\/revisions"}],"wp:attachment":[{"href":"https:\/\/www.eldiario.net\/portal\/wp-json\/wp\/v2\/media?parent=127438"}],"wp:term":[{"taxonomy":"category","embeddable":true,"href":"https:\/\/www.eldiario.net\/portal\/wp-json\/wp\/v2\/categories?post=127438"},{"taxonomy":"post_tag","embeddable":true,"href":"https:\/\/www.eldiario.net\/portal\/wp-json\/wp\/v2\/tags?post=127438"}],"curies":[{"name":"wp","href":"https:\/\/api.w.org\/{rel}","templated":true}]}}