{"id":127434,"date":"2022-12-13T06:31:54","date_gmt":"2022-12-13T10:31:54","guid":{"rendered":"https:\/\/www.eldiario.net\/portal\/?p=127434"},"modified":"2022-12-13T06:31:54","modified_gmt":"2022-12-13T10:31:54","slug":"senador-pide-a-morales-no-presionar-con-acusaciones","status":"publish","type":"post","link":"https:\/\/www.eldiario.net\/portal\/2022\/12\/13\/senador-pide-a-morales-no-presionar-con-acusaciones\/","title":{"rendered":"Senador pide a Morales no presionar con acusaciones"},"content":{"rendered":"<p>Se\u00f1alando que el dirigente cocalero, Evo Morales, conoce sobre la verdadera presencia del Partido Socialista (PS-1) al interior de la estructura del Movimiento al Socialismo (MAS), el senador oficialista, F\u00e9lix Ajpi, pidi\u00f3 a el l\u00edder del partido azul \u201cno presionar demasiado\u201d con acusaciones sobre una supuesta reactivaci\u00f3n de esta organizaci\u00f3n pol\u00edtica.<\/p>\n<p>Ajpi se\u00f1al\u00f3 que no se puede negar la presencia de diferentes partidos pol\u00edticos en la estructura interna del MAS, por lo que esta participaci\u00f3n no deber\u00eda ser cuestionada por el expresidente Morales.<\/p>\n<p>\u201cEl PS-1 ha estado en el gobierno de Evo Morales y est\u00e1 todav\u00eda, as\u00ed como el Partido Comunista y otros partidos, claro que no les han dejado pintar el color. \u00c9l conoce cuanta gente de esos partidos hay, pero no lo neguemos\u201d, manifest\u00f3 el senador.<\/p>\n<p>Puntualiz\u00f3 que el primer mandatario siempre ha manifestado haberse formado en la organizaci\u00f3n pol\u00edtica de Marcelo Quiroga Santa Cruz sin que esto signifique que existan intentos para reactivar esta sigla, como acus\u00f3 Morales durante el fin de semana. \u201cYo creo que eso hay que aclarar al compa\u00f1ero Evo Morales para que no presione demasiado\u201d, dijo.<\/p>\n<p>Desde la oposici\u00f3n, el diputado Alberto Astorga, calific\u00f3 las denuncias de Morales como un nuevo desvar\u00edo del exmandatario, a quien recomend\u00f3 asistir a terapia.<\/p>\n<p>\u201cMe parece que Morales est\u00e1 cada vez peor, le aconsejo ir a terapia. Todos sabemos los m\u00e9todos que se deben realizar para sacar una personer\u00eda jur\u00eddica, es a trav\u00e9s del Tribunal Electoral (\u2026). Cada d\u00eda est\u00e1 desvariando m\u00e1s y est\u00e1 hablando cada vez m\u00e1s incoherencias y estupideces\u201d, sostuvo Astorga.<\/p>\n<p>El fin de semana, el l\u00edder cocalero denunci\u00f3 que varios ministerios exigen un registro de datos a delegaciones del MAS para usar esa informaci\u00f3n en la habilitaci\u00f3n de la personer\u00eda jur\u00eddica del PS-1. \u201cA m\u00ed me ha preocupado, quiero que sepa el pueblo boliviano\u201d, afirm\u00f3 Morales, sin presentar pruebas.<\/p>\n","protected":false},"excerpt":{"rendered":"<p>Se\u00f1alando que el dirigente cocalero, Evo Morales, conoce sobre la verdadera presencia del Partido Socialista (PS-1) al interior de la estructura del Movimiento al Socialismo (MAS), el senador oficialista, F\u00e9lix Ajpi, pidi\u00f3 a el l\u00edder del partido azul \u201cno presionar demasiado\u201d con acusaciones sobre una supuesta reactivaci\u00f3n de esta organizaci\u00f3n pol\u00edtica. Ajpi se\u00f1al\u00f3 que no [&hellip;]<\/p>\n","protected":false},"author":1,"featured_media":127435,"comment_status":"closed","ping_status":"closed","sticky":false,"template":"","format":"standard","meta":{"_acf_changed":false,"footnotes":""},"categories":[14],"tags":[],"class_list":["post-127434","post","type-post","status-publish","format-standard","has-post-thumbnail","category-politica"],"acf":{"antetitulo":""},"yoast_head":"<!-- This site is optimized with the Yoast SEO plugin v28.4 - https:\/\/yoast.com\/product\/yoast-seo-wordpress\/ -->\n<title>Senador pide a Morales no presionar con acusaciones - El Diario - Bolivia<\/title>\n<meta name=\"robots\" content=\"index, follow, max-snippet:-1, max-image-preview:large, max-video-preview:-1\" \/>\n<link rel=\"canonical\" href=\"https:\/\/www.eldiario.net\/portal\/2022\/12\/13\/senador-pide-a-morales-no-presionar-con-acusaciones\/\" \/>\n<meta property=\"og:locale\" content=\"es_ES\" \/>\n<meta property=\"og:type\" content=\"article\" \/>\n<meta property=\"og:title\" content=\"Senador pide a Morales no presionar con acusaciones - El Diario - Bolivia\" \/>\n<meta property=\"og:description\" content=\"Se\u00f1alando que el dirigente cocalero, Evo Morales, conoce sobre la verdadera presencia del Partido Socialista (PS-1) al interior de la estructura del Movimiento al Socialismo (MAS), el senador oficialista, F\u00e9lix Ajpi, pidi\u00f3 a el l\u00edder del partido azul \u201cno presionar demasiado\u201d con acusaciones sobre una supuesta reactivaci\u00f3n de esta organizaci\u00f3n pol\u00edtica. Ajpi se\u00f1al\u00f3 que no [&hellip;]\" \/>\n<meta property=\"og:url\" content=\"https:\/\/www.eldiario.net\/portal\/2022\/12\/13\/senador-pide-a-morales-no-presionar-con-acusaciones\/\" \/>\n<meta property=\"og:site_name\" content=\"El Diario - Bolivia\" \/>\n<meta property=\"article:publisher\" content=\"https:\/\/www.facebook.com\/eldiario.bolivia\/\" \/>\n<meta property=\"article:published_time\" content=\"2022-12-13T10:31:54+00:00\" \/>\n<meta name=\"author\" content=\"Jeanette\" \/>\n<meta name=\"twitter:card\" content=\"summary_large_image\" \/>\n<meta name=\"twitter:creator\" content=\"@eldiario_net\" \/>\n<meta name=\"twitter:site\" content=\"@eldiario_net\" \/>\n<meta name=\"twitter:label1\" content=\"Escrito por\" \/>\n\t<meta name=\"twitter:data1\" content=\"Jeanette\" \/>\n\t<meta name=\"twitter:label2\" content=\"Tiempo de lectura\" \/>\n\t<meta name=\"twitter:data2\" content=\"2 minutos\" \/>\n<script type=\"application\/ld+json\" class=\"yoast-schema-graph\">{\"@context\":\"https:\\\/\\\/schema.org\",\"@graph\":[{\"@type\":\"Article\",\"@id\":\"https:\\\/\\\/www.eldiario.net\\\/portal\\\/2022\\\/12\\\/13\\\/senador-pide-a-morales-no-presionar-con-acusaciones\\\/#article\",\"isPartOf\":{\"@id\":\"https:\\\/\\\/www.eldiario.net\\\/portal\\\/2022\\\/12\\\/13\\\/senador-pide-a-morales-no-presionar-con-acusaciones\\\/\"},\"author\":{\"name\":\"Jeanette\",\"@id\":\"https:\\\/\\\/www.eldiario.net\\\/portal\\\/#\\\/schema\\\/person\\\/f46445640444750d7d753ccd04ae01b7\"},\"headline\":\"Senador pide a Morales no presionar con acusaciones\",\"datePublished\":\"2022-12-13T10:31:54+00:00\",\"mainEntityOfPage\":{\"@id\":\"https:\\\/\\\/www.eldiario.net\\\/portal\\\/2022\\\/12\\\/13\\\/senador-pide-a-morales-no-presionar-con-acusaciones\\\/\"},\"wordCount\":340,\"publisher\":{\"@id\":\"https:\\\/\\\/www.eldiario.net\\\/portal\\\/#organization\"},\"image\":{\"@id\":\"https:\\\/\\\/www.eldiario.net\\\/portal\\\/2022\\\/12\\\/13\\\/senador-pide-a-morales-no-presionar-con-acusaciones\\\/#primaryimage\"},\"thumbnailUrl\":\"\",\"articleSection\":[\"Pol\u00edtica\"],\"inLanguage\":\"es\"},{\"@type\":\"WebPage\",\"@id\":\"https:\\\/\\\/www.eldiario.net\\\/portal\\\/2022\\\/12\\\/13\\\/senador-pide-a-morales-no-presionar-con-acusaciones\\\/\",\"url\":\"https:\\\/\\\/www.eldiario.net\\\/portal\\\/2022\\\/12\\\/13\\\/senador-pide-a-morales-no-presionar-con-acusaciones\\\/\",\"name\":\"Senador pide a Morales no presionar con acusaciones - El Diario - Bolivia\",\"isPartOf\":{\"@id\":\"https:\\\/\\\/www.eldiario.net\\\/portal\\\/#website\"},\"primaryImageOfPage\":{\"@id\":\"https:\\\/\\\/www.eldiario.net\\\/portal\\\/2022\\\/12\\\/13\\\/senador-pide-a-morales-no-presionar-con-acusaciones\\\/#primaryimage\"},\"image\":{\"@id\":\"https:\\\/\\\/www.eldiario.net\\\/portal\\\/2022\\\/12\\\/13\\\/senador-pide-a-morales-no-presionar-con-acusaciones\\\/#primaryimage\"},\"thumbnailUrl\":\"\",\"datePublished\":\"2022-12-13T10:31:54+00:00\",\"breadcrumb\":{\"@id\":\"https:\\\/\\\/www.eldiario.net\\\/portal\\\/2022\\\/12\\\/13\\\/senador-pide-a-morales-no-presionar-con-acusaciones\\\/#breadcrumb\"},\"inLanguage\":\"es\",\"potentialAction\":[{\"@type\":\"ReadAction\",\"target\":[\"https:\\\/\\\/www.eldiario.net\\\/portal\\\/2022\\\/12\\\/13\\\/senador-pide-a-morales-no-presionar-con-acusaciones\\\/\"]}]},{\"@type\":\"ImageObject\",\"inLanguage\":\"es\",\"@id\":\"https:\\\/\\\/www.eldiario.net\\\/portal\\\/2022\\\/12\\\/13\\\/senador-pide-a-morales-no-presionar-con-acusaciones\\\/#primaryimage\",\"url\":\"\",\"contentUrl\":\"\"},{\"@type\":\"BreadcrumbList\",\"@id\":\"https:\\\/\\\/www.eldiario.net\\\/portal\\\/2022\\\/12\\\/13\\\/senador-pide-a-morales-no-presionar-con-acusaciones\\\/#breadcrumb\",\"itemListElement\":[{\"@type\":\"ListItem\",\"position\":1,\"name\":\"Portada\",\"item\":\"https:\\\/\\\/www.eldiario.net\\\/portal\\\/\"},{\"@type\":\"ListItem\",\"position\":2,\"name\":\"Senador pide a Morales no presionar con acusaciones\"}]},{\"@type\":\"WebSite\",\"@id\":\"https:\\\/\\\/www.eldiario.net\\\/portal\\\/#website\",\"url\":\"https:\\\/\\\/www.eldiario.net\\\/portal\\\/\",\"name\":\"El Diario - Decano de la prensa nacional\",\"description\":\"El Diario - Decano de la prensa nacional\",\"publisher\":{\"@id\":\"https:\\\/\\\/www.eldiario.net\\\/portal\\\/#organization\"},\"potentialAction\":[{\"@type\":\"SearchAction\",\"target\":{\"@type\":\"EntryPoint\",\"urlTemplate\":\"https:\\\/\\\/www.eldiario.net\\\/portal\\\/?s={search_term_string}\"},\"query-input\":{\"@type\":\"PropertyValueSpecification\",\"valueRequired\":true,\"valueName\":\"search_term_string\"}}],\"inLanguage\":\"es\"},{\"@type\":\"Organization\",\"@id\":\"https:\\\/\\\/www.eldiario.net\\\/portal\\\/#organization\",\"name\":\"El Diario - Decano de la prensa nacional\",\"url\":\"https:\\\/\\\/www.eldiario.net\\\/portal\\\/\",\"logo\":{\"@type\":\"ImageObject\",\"inLanguage\":\"es\",\"@id\":\"https:\\\/\\\/www.eldiario.net\\\/portal\\\/#\\\/schema\\\/logo\\\/image\\\/\",\"url\":\"https:\\\/\\\/www.eldiario.net\\\/portal\\\/wp-content\\\/uploads\\\/2023\\\/07\\\/logo_ED.jpg\",\"contentUrl\":\"https:\\\/\\\/www.eldiario.net\\\/portal\\\/wp-content\\\/uploads\\\/2023\\\/07\\\/logo_ED.jpg\",\"width\":272,\"height\":52,\"caption\":\"El Diario - Decano de la prensa nacional\"},\"image\":{\"@id\":\"https:\\\/\\\/www.eldiario.net\\\/portal\\\/#\\\/schema\\\/logo\\\/image\\\/\"},\"sameAs\":[\"https:\\\/\\\/www.facebook.com\\\/eldiario.bolivia\\\/\",\"https:\\\/\\\/x.com\\\/eldiario_net\"]},{\"@type\":\"Person\",\"@id\":\"https:\\\/\\\/www.eldiario.net\\\/portal\\\/#\\\/schema\\\/person\\\/f46445640444750d7d753ccd04ae01b7\",\"name\":\"Jeanette\",\"image\":{\"@type\":\"ImageObject\",\"inLanguage\":\"es\",\"@id\":\"https:\\\/\\\/secure.gravatar.com\\\/avatar\\\/3ea2118a5f7dad2b7138b1187a6b7ee55f160b9968b66013c3a3ef39dd7e5798?s=96&d=mm&r=g\",\"url\":\"https:\\\/\\\/secure.gravatar.com\\\/avatar\\\/3ea2118a5f7dad2b7138b1187a6b7ee55f160b9968b66013c3a3ef39dd7e5798?s=96&d=mm&r=g\",\"contentUrl\":\"https:\\\/\\\/secure.gravatar.com\\\/avatar\\\/3ea2118a5f7dad2b7138b1187a6b7ee55f160b9968b66013c3a3ef39dd7e5798?s=96&d=mm&r=g\",\"caption\":\"Jeanette\"},\"sameAs\":[\"https:\\\/\\\/www.eldiario.net\\\/portal\"],\"url\":\"https:\\\/\\\/www.eldiario.net\\\/portal\\\/author\\\/jeanette\\\/\"}]}<\/script>\n<!-- \/ Yoast SEO plugin. -->","yoast_head_json":{"title":"Senador pide a Morales no presionar con acusaciones - El Diario - Bolivia","robots":{"index":"index","follow":"follow","max-snippet":"max-snippet:-1","max-image-preview":"max-image-preview:large","max-video-preview":"max-video-preview:-1"},"canonical":"https:\/\/www.eldiario.net\/portal\/2022\/12\/13\/senador-pide-a-morales-no-presionar-con-acusaciones\/","og_locale":"es_ES","og_type":"article","og_title":"Senador pide a Morales no presionar con acusaciones - El Diario - Bolivia","og_description":"Se\u00f1alando que el dirigente cocalero, Evo Morales, conoce sobre la verdadera presencia del Partido Socialista (PS-1) al interior de la estructura del Movimiento al Socialismo (MAS), el senador oficialista, F\u00e9lix Ajpi, pidi\u00f3 a el l\u00edder del partido azul \u201cno presionar demasiado\u201d con acusaciones sobre una supuesta reactivaci\u00f3n de esta organizaci\u00f3n pol\u00edtica. Ajpi se\u00f1al\u00f3 que no [&hellip;]","og_url":"https:\/\/www.eldiario.net\/portal\/2022\/12\/13\/senador-pide-a-morales-no-presionar-con-acusaciones\/","og_site_name":"El Diario - Bolivia","article_publisher":"https:\/\/www.facebook.com\/eldiario.bolivia\/","article_published_time":"2022-12-13T10:31:54+00:00","author":"Jeanette","twitter_card":"summary_large_image","twitter_creator":"@eldiario_net","twitter_site":"@eldiario_net","twitter_misc":{"Escrito por":"Jeanette","Tiempo de lectura":"2 minutos"},"schema":{"@context":"https:\/\/schema.org","@graph":[{"@type":"Article","@id":"https:\/\/www.eldiario.net\/portal\/2022\/12\/13\/senador-pide-a-morales-no-presionar-con-acusaciones\/#article","isPartOf":{"@id":"https:\/\/www.eldiario.net\/portal\/2022\/12\/13\/senador-pide-a-morales-no-presionar-con-acusaciones\/"},"author":{"name":"Jeanette","@id":"https:\/\/www.eldiario.net\/portal\/#\/schema\/person\/f46445640444750d7d753ccd04ae01b7"},"headline":"Senador pide a Morales no presionar con acusaciones","datePublished":"2022-12-13T10:31:54+00:00","mainEntityOfPage":{"@id":"https:\/\/www.eldiario.net\/portal\/2022\/12\/13\/senador-pide-a-morales-no-presionar-con-acusaciones\/"},"wordCount":340,"publisher":{"@id":"https:\/\/www.eldiario.net\/portal\/#organization"},"image":{"@id":"https:\/\/www.eldiario.net\/portal\/2022\/12\/13\/senador-pide-a-morales-no-presionar-con-acusaciones\/#primaryimage"},"thumbnailUrl":"","articleSection":["Pol\u00edtica"],"inLanguage":"es"},{"@type":"WebPage","@id":"https:\/\/www.eldiario.net\/portal\/2022\/12\/13\/senador-pide-a-morales-no-presionar-con-acusaciones\/","url":"https:\/\/www.eldiario.net\/portal\/2022\/12\/13\/senador-pide-a-morales-no-presionar-con-acusaciones\/","name":"Senador pide a Morales no presionar con acusaciones - El Diario - Bolivia","isPartOf":{"@id":"https:\/\/www.eldiario.net\/portal\/#website"},"primaryImageOfPage":{"@id":"https:\/\/www.eldiario.net\/portal\/2022\/12\/13\/senador-pide-a-morales-no-presionar-con-acusaciones\/#primaryimage"},"image":{"@id":"https:\/\/www.eldiario.net\/portal\/2022\/12\/13\/senador-pide-a-morales-no-presionar-con-acusaciones\/#primaryimage"},"thumbnailUrl":"","datePublished":"2022-12-13T10:31:54+00:00","breadcrumb":{"@id":"https:\/\/www.eldiario.net\/portal\/2022\/12\/13\/senador-pide-a-morales-no-presionar-con-acusaciones\/#breadcrumb"},"inLanguage":"es","potentialAction":[{"@type":"ReadAction","target":["https:\/\/www.eldiario.net\/portal\/2022\/12\/13\/senador-pide-a-morales-no-presionar-con-acusaciones\/"]}]},{"@type":"ImageObject","inLanguage":"es","@id":"https:\/\/www.eldiario.net\/portal\/2022\/12\/13\/senador-pide-a-morales-no-presionar-con-acusaciones\/#primaryimage","url":"","contentUrl":""},{"@type":"BreadcrumbList","@id":"https:\/\/www.eldiario.net\/portal\/2022\/12\/13\/senador-pide-a-morales-no-presionar-con-acusaciones\/#breadcrumb","itemListElement":[{"@type":"ListItem","position":1,"name":"Portada","item":"https:\/\/www.eldiario.net\/portal\/"},{"@type":"ListItem","position":2,"name":"Senador pide a Morales no presionar con acusaciones"}]},{"@type":"WebSite","@id":"https:\/\/www.eldiario.net\/portal\/#website","url":"https:\/\/www.eldiario.net\/portal\/","name":"El Diario - Decano de la prensa nacional","description":"El Diario - Decano de la prensa nacional","publisher":{"@id":"https:\/\/www.eldiario.net\/portal\/#organization"},"potentialAction":[{"@type":"SearchAction","target":{"@type":"EntryPoint","urlTemplate":"https:\/\/www.eldiario.net\/portal\/?s={search_term_string}"},"query-input":{"@type":"PropertyValueSpecification","valueRequired":true,"valueName":"search_term_string"}}],"inLanguage":"es"},{"@type":"Organization","@id":"https:\/\/www.eldiario.net\/portal\/#organization","name":"El Diario - Decano de la prensa nacional","url":"https:\/\/www.eldiario.net\/portal\/","logo":{"@type":"ImageObject","inLanguage":"es","@id":"https:\/\/www.eldiario.net\/portal\/#\/schema\/logo\/image\/","url":"https:\/\/www.eldiario.net\/portal\/wp-content\/uploads\/2023\/07\/logo_ED.jpg","contentUrl":"https:\/\/www.eldiario.net\/portal\/wp-content\/uploads\/2023\/07\/logo_ED.jpg","width":272,"height":52,"caption":"El Diario - Decano de la prensa nacional"},"image":{"@id":"https:\/\/www.eldiario.net\/portal\/#\/schema\/logo\/image\/"},"sameAs":["https:\/\/www.facebook.com\/eldiario.bolivia\/","https:\/\/x.com\/eldiario_net"]},{"@type":"Person","@id":"https:\/\/www.eldiario.net\/portal\/#\/schema\/person\/f46445640444750d7d753ccd04ae01b7","name":"Jeanette","image":{"@type":"ImageObject","inLanguage":"es","@id":"https:\/\/secure.gravatar.com\/avatar\/3ea2118a5f7dad2b7138b1187a6b7ee55f160b9968b66013c3a3ef39dd7e5798?s=96&d=mm&r=g","url":"https:\/\/secure.gravatar.com\/avatar\/3ea2118a5f7dad2b7138b1187a6b7ee55f160b9968b66013c3a3ef39dd7e5798?s=96&d=mm&r=g","contentUrl":"https:\/\/secure.gravatar.com\/avatar\/3ea2118a5f7dad2b7138b1187a6b7ee55f160b9968b66013c3a3ef39dd7e5798?s=96&d=mm&r=g","caption":"Jeanette"},"sameAs":["https:\/\/www.eldiario.net\/portal"],"url":"https:\/\/www.eldiario.net\/portal\/author\/jeanette\/"}]}},"_links":{"self":[{"href":"https:\/\/www.eldiario.net\/portal\/wp-json\/wp\/v2\/posts\/127434","targetHints":{"allow":["GET"]}}],"collection":[{"href":"https:\/\/www.eldiario.net\/portal\/wp-json\/wp\/v2\/posts"}],"about":[{"href":"https:\/\/www.eldiario.net\/portal\/wp-json\/wp\/v2\/types\/post"}],"author":[{"embeddable":true,"href":"https:\/\/www.eldiario.net\/portal\/wp-json\/wp\/v2\/users\/1"}],"replies":[{"embeddable":true,"href":"https:\/\/www.eldiario.net\/portal\/wp-json\/wp\/v2\/comments?post=127434"}],"version-history":[{"count":0,"href":"https:\/\/www.eldiario.net\/portal\/wp-json\/wp\/v2\/posts\/127434\/revisions"}],"wp:attachment":[{"href":"https:\/\/www.eldiario.net\/portal\/wp-json\/wp\/v2\/media?parent=127434"}],"wp:term":[{"taxonomy":"category","embeddable":true,"href":"https:\/\/www.eldiario.net\/portal\/wp-json\/wp\/v2\/categories?post=127434"},{"taxonomy":"post_tag","embeddable":true,"href":"https:\/\/www.eldiario.net\/portal\/wp-json\/wp\/v2\/tags?post=127434"}],"curies":[{"name":"wp","href":"https:\/\/api.w.org\/{rel}","templated":true}]}}