{"id":127431,"date":"2022-12-13T06:31:05","date_gmt":"2022-12-13T10:31:05","guid":{"rendered":"https:\/\/www.eldiario.net\/portal\/?p=127431"},"modified":"2022-12-13T06:31:05","modified_gmt":"2022-12-13T10:31:05","slug":"infraestructura-educativa-de-todo-el-pais-debe-ser-evaluada","status":"publish","type":"post","link":"https:\/\/www.eldiario.net\/portal\/2022\/12\/13\/infraestructura-educativa-de-todo-el-pais-debe-ser-evaluada\/","title":{"rendered":"Infraestructura educativa de  todo el pa\u00eds debe ser evaluada"},"content":{"rendered":"<p>Luego de la tragedia a causa del colapso del tinglado de una unidad educativa en la localidad de Achacachi, el diputado por Comunidad Ciudadana (CC), Ingvar Ellefsen, plante\u00f3 que gobernaciones y alcald\u00edas eval\u00faen el estado de la infraestructura escolar en todo el pa\u00eds.<\/p>\n<p>Enviando toda su solidaridad a las familias de los fallecidos y heridos a causa de este hecho, desde sus redes sociales, el parlamentario representante de la Sede de Gobierno, resalt\u00f3 la necesidad de realizar estudios sobre el estado de las instalaciones escolares a nivel nacional.<\/p>\n<p>Se\u00f1al\u00f3 que municipios y gobernaciones son las instancias que deben llevar adelante estas evaluaciones.<\/p>\n<p>\u201cEs importante que las gobernaciones y alcald\u00edas realicen un estudio sobre las construcciones escolares en nuestro pa\u00eds. Lamento mucho el tr\u00e1gico desenlace de la ca\u00edda de un tinglado durante una graduaci\u00f3n en un colegio de Achacachi, mi solidaridad con las familias afectadas\u201d, expres\u00f3 el parlamentario.<\/p>\n<p>Este pedido se suma al expresado por el expresidente Carlos Mesa Gisbert, a causa del tr\u00e1gico suceso registrado en la localidad de Achacachi el pasado fin de semana.<\/p>\n<p>\u201cMi solidaridad con las familias de las v\u00edctimas fallecidas y heridas tras el derrumbe del techo de la UE G. Villarroel de Pacharia en Achacachi. Doble dolor al producirse en una graduaci\u00f3n. Momento para reflexionar sobre la calidad de las construcciones escolares del sistema p\u00fablico\u201d, se\u00f1al\u00f3 Mesa.<\/p>\n<p>La tarde del s\u00e1bado, se report\u00f3 el desplome de un tinglado perteneciente a la Unidad Educativa, Gualberto Villarroel, en la comunidad de Santiago de Pacharia, tras una granizada que se acumul\u00f3 en la estructura de fierro, provocando su colapso. De momento, este hecho provoc\u00f3 la muerte de siete personas y m\u00e1s de una veintena de heridos.<\/p>\n","protected":false},"excerpt":{"rendered":"<p>Luego de la tragedia a causa del colapso del tinglado de una unidad educativa en la localidad de Achacachi, el diputado por Comunidad Ciudadana (CC), Ingvar Ellefsen, plante\u00f3 que gobernaciones y alcald\u00edas eval\u00faen el estado de la infraestructura escolar en todo el pa\u00eds. Enviando toda su solidaridad a las familias de los fallecidos y heridos [&hellip;]<\/p>\n","protected":false},"author":1,"featured_media":127432,"comment_status":"closed","ping_status":"closed","sticky":false,"template":"","format":"standard","meta":{"_acf_changed":false,"footnotes":""},"categories":[14],"tags":[],"class_list":["post-127431","post","type-post","status-publish","format-standard","has-post-thumbnail","category-politica"],"acf":{"antetitulo":""},"yoast_head":"<!-- This site is optimized with the Yoast SEO plugin v28.4 - https:\/\/yoast.com\/product\/yoast-seo-wordpress\/ -->\n<title>Infraestructura educativa de todo el pa\u00eds debe ser evaluada - El Diario - Bolivia<\/title>\n<meta name=\"robots\" content=\"index, follow, max-snippet:-1, max-image-preview:large, max-video-preview:-1\" \/>\n<link rel=\"canonical\" href=\"https:\/\/www.eldiario.net\/portal\/2022\/12\/13\/infraestructura-educativa-de-todo-el-pais-debe-ser-evaluada\/\" \/>\n<meta property=\"og:locale\" content=\"es_ES\" \/>\n<meta property=\"og:type\" content=\"article\" \/>\n<meta property=\"og:title\" content=\"Infraestructura educativa de todo el pa\u00eds debe ser evaluada - El Diario - Bolivia\" \/>\n<meta property=\"og:description\" content=\"Luego de la tragedia a causa del colapso del tinglado de una unidad educativa en la localidad de Achacachi, el diputado por Comunidad Ciudadana (CC), Ingvar Ellefsen, plante\u00f3 que gobernaciones y alcald\u00edas eval\u00faen el estado de la infraestructura escolar en todo el pa\u00eds. Enviando toda su solidaridad a las familias de los fallecidos y heridos [&hellip;]\" \/>\n<meta property=\"og:url\" content=\"https:\/\/www.eldiario.net\/portal\/2022\/12\/13\/infraestructura-educativa-de-todo-el-pais-debe-ser-evaluada\/\" \/>\n<meta property=\"og:site_name\" content=\"El Diario - Bolivia\" \/>\n<meta property=\"article:publisher\" content=\"https:\/\/www.facebook.com\/eldiario.bolivia\/\" \/>\n<meta property=\"article:published_time\" content=\"2022-12-13T10:31:05+00:00\" \/>\n<meta name=\"author\" content=\"Jeanette\" \/>\n<meta name=\"twitter:card\" content=\"summary_large_image\" \/>\n<meta name=\"twitter:creator\" content=\"@eldiario_net\" \/>\n<meta name=\"twitter:site\" content=\"@eldiario_net\" \/>\n<meta name=\"twitter:label1\" content=\"Escrito por\" \/>\n\t<meta name=\"twitter:data1\" content=\"Jeanette\" \/>\n\t<meta name=\"twitter:label2\" content=\"Tiempo de lectura\" \/>\n\t<meta name=\"twitter:data2\" content=\"2 minutos\" \/>\n<script type=\"application\/ld+json\" class=\"yoast-schema-graph\">{\"@context\":\"https:\\\/\\\/schema.org\",\"@graph\":[{\"@type\":\"Article\",\"@id\":\"https:\\\/\\\/www.eldiario.net\\\/portal\\\/2022\\\/12\\\/13\\\/infraestructura-educativa-de-todo-el-pais-debe-ser-evaluada\\\/#article\",\"isPartOf\":{\"@id\":\"https:\\\/\\\/www.eldiario.net\\\/portal\\\/2022\\\/12\\\/13\\\/infraestructura-educativa-de-todo-el-pais-debe-ser-evaluada\\\/\"},\"author\":{\"name\":\"Jeanette\",\"@id\":\"https:\\\/\\\/www.eldiario.net\\\/portal\\\/#\\\/schema\\\/person\\\/f46445640444750d7d753ccd04ae01b7\"},\"headline\":\"Infraestructura educativa de todo el pa\u00eds debe ser evaluada\",\"datePublished\":\"2022-12-13T10:31:05+00:00\",\"mainEntityOfPage\":{\"@id\":\"https:\\\/\\\/www.eldiario.net\\\/portal\\\/2022\\\/12\\\/13\\\/infraestructura-educativa-de-todo-el-pais-debe-ser-evaluada\\\/\"},\"wordCount\":304,\"publisher\":{\"@id\":\"https:\\\/\\\/www.eldiario.net\\\/portal\\\/#organization\"},\"image\":{\"@id\":\"https:\\\/\\\/www.eldiario.net\\\/portal\\\/2022\\\/12\\\/13\\\/infraestructura-educativa-de-todo-el-pais-debe-ser-evaluada\\\/#primaryimage\"},\"thumbnailUrl\":\"\",\"articleSection\":[\"Pol\u00edtica\"],\"inLanguage\":\"es\"},{\"@type\":\"WebPage\",\"@id\":\"https:\\\/\\\/www.eldiario.net\\\/portal\\\/2022\\\/12\\\/13\\\/infraestructura-educativa-de-todo-el-pais-debe-ser-evaluada\\\/\",\"url\":\"https:\\\/\\\/www.eldiario.net\\\/portal\\\/2022\\\/12\\\/13\\\/infraestructura-educativa-de-todo-el-pais-debe-ser-evaluada\\\/\",\"name\":\"Infraestructura educativa de todo el pa\u00eds debe ser evaluada - El Diario - Bolivia\",\"isPartOf\":{\"@id\":\"https:\\\/\\\/www.eldiario.net\\\/portal\\\/#website\"},\"primaryImageOfPage\":{\"@id\":\"https:\\\/\\\/www.eldiario.net\\\/portal\\\/2022\\\/12\\\/13\\\/infraestructura-educativa-de-todo-el-pais-debe-ser-evaluada\\\/#primaryimage\"},\"image\":{\"@id\":\"https:\\\/\\\/www.eldiario.net\\\/portal\\\/2022\\\/12\\\/13\\\/infraestructura-educativa-de-todo-el-pais-debe-ser-evaluada\\\/#primaryimage\"},\"thumbnailUrl\":\"\",\"datePublished\":\"2022-12-13T10:31:05+00:00\",\"breadcrumb\":{\"@id\":\"https:\\\/\\\/www.eldiario.net\\\/portal\\\/2022\\\/12\\\/13\\\/infraestructura-educativa-de-todo-el-pais-debe-ser-evaluada\\\/#breadcrumb\"},\"inLanguage\":\"es\",\"potentialAction\":[{\"@type\":\"ReadAction\",\"target\":[\"https:\\\/\\\/www.eldiario.net\\\/portal\\\/2022\\\/12\\\/13\\\/infraestructura-educativa-de-todo-el-pais-debe-ser-evaluada\\\/\"]}]},{\"@type\":\"ImageObject\",\"inLanguage\":\"es\",\"@id\":\"https:\\\/\\\/www.eldiario.net\\\/portal\\\/2022\\\/12\\\/13\\\/infraestructura-educativa-de-todo-el-pais-debe-ser-evaluada\\\/#primaryimage\",\"url\":\"\",\"contentUrl\":\"\"},{\"@type\":\"BreadcrumbList\",\"@id\":\"https:\\\/\\\/www.eldiario.net\\\/portal\\\/2022\\\/12\\\/13\\\/infraestructura-educativa-de-todo-el-pais-debe-ser-evaluada\\\/#breadcrumb\",\"itemListElement\":[{\"@type\":\"ListItem\",\"position\":1,\"name\":\"Portada\",\"item\":\"https:\\\/\\\/www.eldiario.net\\\/portal\\\/\"},{\"@type\":\"ListItem\",\"position\":2,\"name\":\"Infraestructura educativa de todo el pa\u00eds debe ser evaluada\"}]},{\"@type\":\"WebSite\",\"@id\":\"https:\\\/\\\/www.eldiario.net\\\/portal\\\/#website\",\"url\":\"https:\\\/\\\/www.eldiario.net\\\/portal\\\/\",\"name\":\"El Diario - Decano de la prensa nacional\",\"description\":\"El Diario - Decano de la prensa nacional\",\"publisher\":{\"@id\":\"https:\\\/\\\/www.eldiario.net\\\/portal\\\/#organization\"},\"potentialAction\":[{\"@type\":\"SearchAction\",\"target\":{\"@type\":\"EntryPoint\",\"urlTemplate\":\"https:\\\/\\\/www.eldiario.net\\\/portal\\\/?s={search_term_string}\"},\"query-input\":{\"@type\":\"PropertyValueSpecification\",\"valueRequired\":true,\"valueName\":\"search_term_string\"}}],\"inLanguage\":\"es\"},{\"@type\":\"Organization\",\"@id\":\"https:\\\/\\\/www.eldiario.net\\\/portal\\\/#organization\",\"name\":\"El Diario - Decano de la prensa nacional\",\"url\":\"https:\\\/\\\/www.eldiario.net\\\/portal\\\/\",\"logo\":{\"@type\":\"ImageObject\",\"inLanguage\":\"es\",\"@id\":\"https:\\\/\\\/www.eldiario.net\\\/portal\\\/#\\\/schema\\\/logo\\\/image\\\/\",\"url\":\"https:\\\/\\\/www.eldiario.net\\\/portal\\\/wp-content\\\/uploads\\\/2023\\\/07\\\/logo_ED.jpg\",\"contentUrl\":\"https:\\\/\\\/www.eldiario.net\\\/portal\\\/wp-content\\\/uploads\\\/2023\\\/07\\\/logo_ED.jpg\",\"width\":272,\"height\":52,\"caption\":\"El Diario - Decano de la prensa nacional\"},\"image\":{\"@id\":\"https:\\\/\\\/www.eldiario.net\\\/portal\\\/#\\\/schema\\\/logo\\\/image\\\/\"},\"sameAs\":[\"https:\\\/\\\/www.facebook.com\\\/eldiario.bolivia\\\/\",\"https:\\\/\\\/x.com\\\/eldiario_net\"]},{\"@type\":\"Person\",\"@id\":\"https:\\\/\\\/www.eldiario.net\\\/portal\\\/#\\\/schema\\\/person\\\/f46445640444750d7d753ccd04ae01b7\",\"name\":\"Jeanette\",\"image\":{\"@type\":\"ImageObject\",\"inLanguage\":\"es\",\"@id\":\"https:\\\/\\\/secure.gravatar.com\\\/avatar\\\/3ea2118a5f7dad2b7138b1187a6b7ee55f160b9968b66013c3a3ef39dd7e5798?s=96&d=mm&r=g\",\"url\":\"https:\\\/\\\/secure.gravatar.com\\\/avatar\\\/3ea2118a5f7dad2b7138b1187a6b7ee55f160b9968b66013c3a3ef39dd7e5798?s=96&d=mm&r=g\",\"contentUrl\":\"https:\\\/\\\/secure.gravatar.com\\\/avatar\\\/3ea2118a5f7dad2b7138b1187a6b7ee55f160b9968b66013c3a3ef39dd7e5798?s=96&d=mm&r=g\",\"caption\":\"Jeanette\"},\"sameAs\":[\"https:\\\/\\\/www.eldiario.net\\\/portal\"],\"url\":\"https:\\\/\\\/www.eldiario.net\\\/portal\\\/author\\\/jeanette\\\/\"}]}<\/script>\n<!-- \/ Yoast SEO plugin. -->","yoast_head_json":{"title":"Infraestructura educativa de todo el pa\u00eds debe ser evaluada - El Diario - Bolivia","robots":{"index":"index","follow":"follow","max-snippet":"max-snippet:-1","max-image-preview":"max-image-preview:large","max-video-preview":"max-video-preview:-1"},"canonical":"https:\/\/www.eldiario.net\/portal\/2022\/12\/13\/infraestructura-educativa-de-todo-el-pais-debe-ser-evaluada\/","og_locale":"es_ES","og_type":"article","og_title":"Infraestructura educativa de todo el pa\u00eds debe ser evaluada - El Diario - Bolivia","og_description":"Luego de la tragedia a causa del colapso del tinglado de una unidad educativa en la localidad de Achacachi, el diputado por Comunidad Ciudadana (CC), Ingvar Ellefsen, plante\u00f3 que gobernaciones y alcald\u00edas eval\u00faen el estado de la infraestructura escolar en todo el pa\u00eds. Enviando toda su solidaridad a las familias de los fallecidos y heridos [&hellip;]","og_url":"https:\/\/www.eldiario.net\/portal\/2022\/12\/13\/infraestructura-educativa-de-todo-el-pais-debe-ser-evaluada\/","og_site_name":"El Diario - Bolivia","article_publisher":"https:\/\/www.facebook.com\/eldiario.bolivia\/","article_published_time":"2022-12-13T10:31:05+00:00","author":"Jeanette","twitter_card":"summary_large_image","twitter_creator":"@eldiario_net","twitter_site":"@eldiario_net","twitter_misc":{"Escrito por":"Jeanette","Tiempo de lectura":"2 minutos"},"schema":{"@context":"https:\/\/schema.org","@graph":[{"@type":"Article","@id":"https:\/\/www.eldiario.net\/portal\/2022\/12\/13\/infraestructura-educativa-de-todo-el-pais-debe-ser-evaluada\/#article","isPartOf":{"@id":"https:\/\/www.eldiario.net\/portal\/2022\/12\/13\/infraestructura-educativa-de-todo-el-pais-debe-ser-evaluada\/"},"author":{"name":"Jeanette","@id":"https:\/\/www.eldiario.net\/portal\/#\/schema\/person\/f46445640444750d7d753ccd04ae01b7"},"headline":"Infraestructura educativa de todo el pa\u00eds debe ser evaluada","datePublished":"2022-12-13T10:31:05+00:00","mainEntityOfPage":{"@id":"https:\/\/www.eldiario.net\/portal\/2022\/12\/13\/infraestructura-educativa-de-todo-el-pais-debe-ser-evaluada\/"},"wordCount":304,"publisher":{"@id":"https:\/\/www.eldiario.net\/portal\/#organization"},"image":{"@id":"https:\/\/www.eldiario.net\/portal\/2022\/12\/13\/infraestructura-educativa-de-todo-el-pais-debe-ser-evaluada\/#primaryimage"},"thumbnailUrl":"","articleSection":["Pol\u00edtica"],"inLanguage":"es"},{"@type":"WebPage","@id":"https:\/\/www.eldiario.net\/portal\/2022\/12\/13\/infraestructura-educativa-de-todo-el-pais-debe-ser-evaluada\/","url":"https:\/\/www.eldiario.net\/portal\/2022\/12\/13\/infraestructura-educativa-de-todo-el-pais-debe-ser-evaluada\/","name":"Infraestructura educativa de todo el pa\u00eds debe ser evaluada - El Diario - Bolivia","isPartOf":{"@id":"https:\/\/www.eldiario.net\/portal\/#website"},"primaryImageOfPage":{"@id":"https:\/\/www.eldiario.net\/portal\/2022\/12\/13\/infraestructura-educativa-de-todo-el-pais-debe-ser-evaluada\/#primaryimage"},"image":{"@id":"https:\/\/www.eldiario.net\/portal\/2022\/12\/13\/infraestructura-educativa-de-todo-el-pais-debe-ser-evaluada\/#primaryimage"},"thumbnailUrl":"","datePublished":"2022-12-13T10:31:05+00:00","breadcrumb":{"@id":"https:\/\/www.eldiario.net\/portal\/2022\/12\/13\/infraestructura-educativa-de-todo-el-pais-debe-ser-evaluada\/#breadcrumb"},"inLanguage":"es","potentialAction":[{"@type":"ReadAction","target":["https:\/\/www.eldiario.net\/portal\/2022\/12\/13\/infraestructura-educativa-de-todo-el-pais-debe-ser-evaluada\/"]}]},{"@type":"ImageObject","inLanguage":"es","@id":"https:\/\/www.eldiario.net\/portal\/2022\/12\/13\/infraestructura-educativa-de-todo-el-pais-debe-ser-evaluada\/#primaryimage","url":"","contentUrl":""},{"@type":"BreadcrumbList","@id":"https:\/\/www.eldiario.net\/portal\/2022\/12\/13\/infraestructura-educativa-de-todo-el-pais-debe-ser-evaluada\/#breadcrumb","itemListElement":[{"@type":"ListItem","position":1,"name":"Portada","item":"https:\/\/www.eldiario.net\/portal\/"},{"@type":"ListItem","position":2,"name":"Infraestructura educativa de todo el pa\u00eds debe ser evaluada"}]},{"@type":"WebSite","@id":"https:\/\/www.eldiario.net\/portal\/#website","url":"https:\/\/www.eldiario.net\/portal\/","name":"El Diario - Decano de la prensa nacional","description":"El Diario - Decano de la prensa nacional","publisher":{"@id":"https:\/\/www.eldiario.net\/portal\/#organization"},"potentialAction":[{"@type":"SearchAction","target":{"@type":"EntryPoint","urlTemplate":"https:\/\/www.eldiario.net\/portal\/?s={search_term_string}"},"query-input":{"@type":"PropertyValueSpecification","valueRequired":true,"valueName":"search_term_string"}}],"inLanguage":"es"},{"@type":"Organization","@id":"https:\/\/www.eldiario.net\/portal\/#organization","name":"El Diario - Decano de la prensa nacional","url":"https:\/\/www.eldiario.net\/portal\/","logo":{"@type":"ImageObject","inLanguage":"es","@id":"https:\/\/www.eldiario.net\/portal\/#\/schema\/logo\/image\/","url":"https:\/\/www.eldiario.net\/portal\/wp-content\/uploads\/2023\/07\/logo_ED.jpg","contentUrl":"https:\/\/www.eldiario.net\/portal\/wp-content\/uploads\/2023\/07\/logo_ED.jpg","width":272,"height":52,"caption":"El Diario - Decano de la prensa nacional"},"image":{"@id":"https:\/\/www.eldiario.net\/portal\/#\/schema\/logo\/image\/"},"sameAs":["https:\/\/www.facebook.com\/eldiario.bolivia\/","https:\/\/x.com\/eldiario_net"]},{"@type":"Person","@id":"https:\/\/www.eldiario.net\/portal\/#\/schema\/person\/f46445640444750d7d753ccd04ae01b7","name":"Jeanette","image":{"@type":"ImageObject","inLanguage":"es","@id":"https:\/\/secure.gravatar.com\/avatar\/3ea2118a5f7dad2b7138b1187a6b7ee55f160b9968b66013c3a3ef39dd7e5798?s=96&d=mm&r=g","url":"https:\/\/secure.gravatar.com\/avatar\/3ea2118a5f7dad2b7138b1187a6b7ee55f160b9968b66013c3a3ef39dd7e5798?s=96&d=mm&r=g","contentUrl":"https:\/\/secure.gravatar.com\/avatar\/3ea2118a5f7dad2b7138b1187a6b7ee55f160b9968b66013c3a3ef39dd7e5798?s=96&d=mm&r=g","caption":"Jeanette"},"sameAs":["https:\/\/www.eldiario.net\/portal"],"url":"https:\/\/www.eldiario.net\/portal\/author\/jeanette\/"}]}},"_links":{"self":[{"href":"https:\/\/www.eldiario.net\/portal\/wp-json\/wp\/v2\/posts\/127431","targetHints":{"allow":["GET"]}}],"collection":[{"href":"https:\/\/www.eldiario.net\/portal\/wp-json\/wp\/v2\/posts"}],"about":[{"href":"https:\/\/www.eldiario.net\/portal\/wp-json\/wp\/v2\/types\/post"}],"author":[{"embeddable":true,"href":"https:\/\/www.eldiario.net\/portal\/wp-json\/wp\/v2\/users\/1"}],"replies":[{"embeddable":true,"href":"https:\/\/www.eldiario.net\/portal\/wp-json\/wp\/v2\/comments?post=127431"}],"version-history":[{"count":0,"href":"https:\/\/www.eldiario.net\/portal\/wp-json\/wp\/v2\/posts\/127431\/revisions"}],"wp:attachment":[{"href":"https:\/\/www.eldiario.net\/portal\/wp-json\/wp\/v2\/media?parent=127431"}],"wp:term":[{"taxonomy":"category","embeddable":true,"href":"https:\/\/www.eldiario.net\/portal\/wp-json\/wp\/v2\/categories?post=127431"},{"taxonomy":"post_tag","embeddable":true,"href":"https:\/\/www.eldiario.net\/portal\/wp-json\/wp\/v2\/tags?post=127431"}],"curies":[{"name":"wp","href":"https:\/\/api.w.org\/{rel}","templated":true}]}}