{"id":127428,"date":"2022-12-13T06:30:10","date_gmt":"2022-12-13T10:30:10","guid":{"rendered":"https:\/\/www.eldiario.net\/portal\/?p=127428"},"modified":"2022-12-13T06:30:10","modified_gmt":"2022-12-13T10:30:10","slug":"cuestionan-mayor-asignacion-de-recursos-para-empresas-deficitarias","status":"publish","type":"post","link":"https:\/\/www.eldiario.net\/portal\/2022\/12\/13\/cuestionan-mayor-asignacion-de-recursos-para-empresas-deficitarias\/","title":{"rendered":"Cuestionan mayor asignaci\u00f3n de  recursos para empresas deficitarias"},"content":{"rendered":"<p>El diputado por la agrupaci\u00f3n Creemos, Sergio Maniguary, afirm\u00f3 que el Gobierno contin\u00faa despilfarrando los recursos de los bolivianos debido a que nuevamente se destin\u00f3 un elevado porcentaje del Presupuesto General del Estado (PGE) a empresas estatales deficitarias y se sigue recurriendo a cr\u00e9ditos extranjeros para generar movimiento econ\u00f3mico.<\/p>\n<p>\u201cEl Gobierno est\u00e1 botando la plata de los bolivianos por la ventana, la mayor cantidad de recursos le est\u00e1 dando a las empresas estatales del pa\u00eds, empresas deficitarias, empresas que no generan econom\u00eda, solamente son gastos p\u00fablicos que al final es el pueblo el que paga\u201d, afirm\u00f3.<\/p>\n<p>Agreg\u00f3 que desde la bancada Creemos no se apoyar\u00e1 el Proyecto de Ley para el Presupuesto General del Estado 2023 debido a que es centralista y los recursos que se asign\u00f3 a gobiernos departamentales y municipales es bastante reducido.<\/p>\n<p>Lament\u00f3 adem\u00e1s que el Ministro de Econom\u00eda y Finanzas contin\u00fae mintiendo al pa\u00eds, debido a que asegura que el PIB crecer\u00e1 un 5,1% este a\u00f1o, pero el Banco Mundial avizora solo un 4,1% de crecimiento.<\/p>\n<p>\u201cLos datos que da el Ministro de Econom\u00eda son err\u00f3neos, est\u00e1 mintiendo al pa\u00eds, los recursos que maneja son de todos los bolivianos. El Estado es un administrador y nosotros tenemos que fiscalizar\u201d, sostuvo el legislador.<\/p>\n<p>Maniguary tambi\u00e9n se refiri\u00f3 al despilfarro de recursos en la Procuradur\u00eda General del Estado a causa de 11 derrotas en procesos por litigios internacionales. \u201cEsto nos perjudica, hay instituciones como la Procuradur\u00eda que tiene un mont\u00f3n de acciones referente a juicios internacionales por la supuesta nacionalizaci\u00f3n en el pa\u00eds, pero de las 12 denuncias 11 ha perdido y el gobierno no quiere informar sobre los gastos, dicen que son confidenciales, debe quedar claro que maneja recursos de los bolivianos, no de extranjeros\u201d, finaliz\u00f3.<\/p>\n<p>Se estima que este proyecto de norma sea tratado nuevamente esta jornada por la C\u00e1mara de Diputados, luego de su rechazo la semana pasada.<\/p>\n","protected":false},"excerpt":{"rendered":"<p>El diputado por la agrupaci\u00f3n Creemos, Sergio Maniguary, afirm\u00f3 que el Gobierno contin\u00faa despilfarrando los recursos de los bolivianos debido a que nuevamente se destin\u00f3 un elevado porcentaje del Presupuesto General del Estado (PGE) a empresas estatales deficitarias y se sigue recurriendo a cr\u00e9ditos extranjeros para generar movimiento econ\u00f3mico. \u201cEl Gobierno est\u00e1 botando la plata [&hellip;]<\/p>\n","protected":false},"author":1,"featured_media":127429,"comment_status":"closed","ping_status":"closed","sticky":false,"template":"","format":"standard","meta":{"_acf_changed":false,"footnotes":""},"categories":[14],"tags":[],"class_list":["post-127428","post","type-post","status-publish","format-standard","has-post-thumbnail","category-politica"],"acf":{"antetitulo":""},"yoast_head":"<!-- This site is optimized with the Yoast SEO plugin v28.4 - https:\/\/yoast.com\/product\/yoast-seo-wordpress\/ -->\n<title>Cuestionan mayor asignaci\u00f3n de recursos para empresas deficitarias - El Diario - Bolivia<\/title>\n<meta name=\"robots\" content=\"index, follow, max-snippet:-1, max-image-preview:large, max-video-preview:-1\" \/>\n<link rel=\"canonical\" href=\"https:\/\/www.eldiario.net\/portal\/2022\/12\/13\/cuestionan-mayor-asignacion-de-recursos-para-empresas-deficitarias\/\" \/>\n<meta property=\"og:locale\" content=\"es_ES\" \/>\n<meta property=\"og:type\" content=\"article\" \/>\n<meta property=\"og:title\" content=\"Cuestionan mayor asignaci\u00f3n de recursos para empresas deficitarias - El Diario - Bolivia\" \/>\n<meta property=\"og:description\" content=\"El diputado por la agrupaci\u00f3n Creemos, Sergio Maniguary, afirm\u00f3 que el Gobierno contin\u00faa despilfarrando los recursos de los bolivianos debido a que nuevamente se destin\u00f3 un elevado porcentaje del Presupuesto General del Estado (PGE) a empresas estatales deficitarias y se sigue recurriendo a cr\u00e9ditos extranjeros para generar movimiento econ\u00f3mico. \u201cEl Gobierno est\u00e1 botando la plata [&hellip;]\" \/>\n<meta property=\"og:url\" content=\"https:\/\/www.eldiario.net\/portal\/2022\/12\/13\/cuestionan-mayor-asignacion-de-recursos-para-empresas-deficitarias\/\" \/>\n<meta property=\"og:site_name\" content=\"El Diario - Bolivia\" \/>\n<meta property=\"article:publisher\" content=\"https:\/\/www.facebook.com\/eldiario.bolivia\/\" \/>\n<meta property=\"article:published_time\" content=\"2022-12-13T10:30:10+00:00\" \/>\n<meta name=\"author\" content=\"Jeanette\" \/>\n<meta name=\"twitter:card\" content=\"summary_large_image\" \/>\n<meta name=\"twitter:creator\" content=\"@eldiario_net\" \/>\n<meta name=\"twitter:site\" content=\"@eldiario_net\" \/>\n<meta name=\"twitter:label1\" content=\"Escrito por\" \/>\n\t<meta name=\"twitter:data1\" content=\"Jeanette\" \/>\n\t<meta name=\"twitter:label2\" content=\"Tiempo de lectura\" \/>\n\t<meta name=\"twitter:data2\" content=\"2 minutos\" \/>\n<script type=\"application\/ld+json\" class=\"yoast-schema-graph\">{\"@context\":\"https:\\\/\\\/schema.org\",\"@graph\":[{\"@type\":\"Article\",\"@id\":\"https:\\\/\\\/www.eldiario.net\\\/portal\\\/2022\\\/12\\\/13\\\/cuestionan-mayor-asignacion-de-recursos-para-empresas-deficitarias\\\/#article\",\"isPartOf\":{\"@id\":\"https:\\\/\\\/www.eldiario.net\\\/portal\\\/2022\\\/12\\\/13\\\/cuestionan-mayor-asignacion-de-recursos-para-empresas-deficitarias\\\/\"},\"author\":{\"name\":\"Jeanette\",\"@id\":\"https:\\\/\\\/www.eldiario.net\\\/portal\\\/#\\\/schema\\\/person\\\/f46445640444750d7d753ccd04ae01b7\"},\"headline\":\"Cuestionan mayor asignaci\u00f3n de recursos para empresas deficitarias\",\"datePublished\":\"2022-12-13T10:30:10+00:00\",\"mainEntityOfPage\":{\"@id\":\"https:\\\/\\\/www.eldiario.net\\\/portal\\\/2022\\\/12\\\/13\\\/cuestionan-mayor-asignacion-de-recursos-para-empresas-deficitarias\\\/\"},\"wordCount\":338,\"publisher\":{\"@id\":\"https:\\\/\\\/www.eldiario.net\\\/portal\\\/#organization\"},\"image\":{\"@id\":\"https:\\\/\\\/www.eldiario.net\\\/portal\\\/2022\\\/12\\\/13\\\/cuestionan-mayor-asignacion-de-recursos-para-empresas-deficitarias\\\/#primaryimage\"},\"thumbnailUrl\":\"\",\"articleSection\":[\"Pol\u00edtica\"],\"inLanguage\":\"es\"},{\"@type\":\"WebPage\",\"@id\":\"https:\\\/\\\/www.eldiario.net\\\/portal\\\/2022\\\/12\\\/13\\\/cuestionan-mayor-asignacion-de-recursos-para-empresas-deficitarias\\\/\",\"url\":\"https:\\\/\\\/www.eldiario.net\\\/portal\\\/2022\\\/12\\\/13\\\/cuestionan-mayor-asignacion-de-recursos-para-empresas-deficitarias\\\/\",\"name\":\"Cuestionan mayor asignaci\u00f3n de recursos para empresas deficitarias - El Diario - Bolivia\",\"isPartOf\":{\"@id\":\"https:\\\/\\\/www.eldiario.net\\\/portal\\\/#website\"},\"primaryImageOfPage\":{\"@id\":\"https:\\\/\\\/www.eldiario.net\\\/portal\\\/2022\\\/12\\\/13\\\/cuestionan-mayor-asignacion-de-recursos-para-empresas-deficitarias\\\/#primaryimage\"},\"image\":{\"@id\":\"https:\\\/\\\/www.eldiario.net\\\/portal\\\/2022\\\/12\\\/13\\\/cuestionan-mayor-asignacion-de-recursos-para-empresas-deficitarias\\\/#primaryimage\"},\"thumbnailUrl\":\"\",\"datePublished\":\"2022-12-13T10:30:10+00:00\",\"breadcrumb\":{\"@id\":\"https:\\\/\\\/www.eldiario.net\\\/portal\\\/2022\\\/12\\\/13\\\/cuestionan-mayor-asignacion-de-recursos-para-empresas-deficitarias\\\/#breadcrumb\"},\"inLanguage\":\"es\",\"potentialAction\":[{\"@type\":\"ReadAction\",\"target\":[\"https:\\\/\\\/www.eldiario.net\\\/portal\\\/2022\\\/12\\\/13\\\/cuestionan-mayor-asignacion-de-recursos-para-empresas-deficitarias\\\/\"]}]},{\"@type\":\"ImageObject\",\"inLanguage\":\"es\",\"@id\":\"https:\\\/\\\/www.eldiario.net\\\/portal\\\/2022\\\/12\\\/13\\\/cuestionan-mayor-asignacion-de-recursos-para-empresas-deficitarias\\\/#primaryimage\",\"url\":\"\",\"contentUrl\":\"\"},{\"@type\":\"BreadcrumbList\",\"@id\":\"https:\\\/\\\/www.eldiario.net\\\/portal\\\/2022\\\/12\\\/13\\\/cuestionan-mayor-asignacion-de-recursos-para-empresas-deficitarias\\\/#breadcrumb\",\"itemListElement\":[{\"@type\":\"ListItem\",\"position\":1,\"name\":\"Portada\",\"item\":\"https:\\\/\\\/www.eldiario.net\\\/portal\\\/\"},{\"@type\":\"ListItem\",\"position\":2,\"name\":\"Cuestionan mayor asignaci\u00f3n de recursos para empresas deficitarias\"}]},{\"@type\":\"WebSite\",\"@id\":\"https:\\\/\\\/www.eldiario.net\\\/portal\\\/#website\",\"url\":\"https:\\\/\\\/www.eldiario.net\\\/portal\\\/\",\"name\":\"El Diario - Decano de la prensa nacional\",\"description\":\"El Diario - Decano de la prensa nacional\",\"publisher\":{\"@id\":\"https:\\\/\\\/www.eldiario.net\\\/portal\\\/#organization\"},\"potentialAction\":[{\"@type\":\"SearchAction\",\"target\":{\"@type\":\"EntryPoint\",\"urlTemplate\":\"https:\\\/\\\/www.eldiario.net\\\/portal\\\/?s={search_term_string}\"},\"query-input\":{\"@type\":\"PropertyValueSpecification\",\"valueRequired\":true,\"valueName\":\"search_term_string\"}}],\"inLanguage\":\"es\"},{\"@type\":\"Organization\",\"@id\":\"https:\\\/\\\/www.eldiario.net\\\/portal\\\/#organization\",\"name\":\"El Diario - Decano de la prensa nacional\",\"url\":\"https:\\\/\\\/www.eldiario.net\\\/portal\\\/\",\"logo\":{\"@type\":\"ImageObject\",\"inLanguage\":\"es\",\"@id\":\"https:\\\/\\\/www.eldiario.net\\\/portal\\\/#\\\/schema\\\/logo\\\/image\\\/\",\"url\":\"https:\\\/\\\/www.eldiario.net\\\/portal\\\/wp-content\\\/uploads\\\/2023\\\/07\\\/logo_ED.jpg\",\"contentUrl\":\"https:\\\/\\\/www.eldiario.net\\\/portal\\\/wp-content\\\/uploads\\\/2023\\\/07\\\/logo_ED.jpg\",\"width\":272,\"height\":52,\"caption\":\"El Diario - Decano de la prensa nacional\"},\"image\":{\"@id\":\"https:\\\/\\\/www.eldiario.net\\\/portal\\\/#\\\/schema\\\/logo\\\/image\\\/\"},\"sameAs\":[\"https:\\\/\\\/www.facebook.com\\\/eldiario.bolivia\\\/\",\"https:\\\/\\\/x.com\\\/eldiario_net\"]},{\"@type\":\"Person\",\"@id\":\"https:\\\/\\\/www.eldiario.net\\\/portal\\\/#\\\/schema\\\/person\\\/f46445640444750d7d753ccd04ae01b7\",\"name\":\"Jeanette\",\"image\":{\"@type\":\"ImageObject\",\"inLanguage\":\"es\",\"@id\":\"https:\\\/\\\/secure.gravatar.com\\\/avatar\\\/3ea2118a5f7dad2b7138b1187a6b7ee55f160b9968b66013c3a3ef39dd7e5798?s=96&d=mm&r=g\",\"url\":\"https:\\\/\\\/secure.gravatar.com\\\/avatar\\\/3ea2118a5f7dad2b7138b1187a6b7ee55f160b9968b66013c3a3ef39dd7e5798?s=96&d=mm&r=g\",\"contentUrl\":\"https:\\\/\\\/secure.gravatar.com\\\/avatar\\\/3ea2118a5f7dad2b7138b1187a6b7ee55f160b9968b66013c3a3ef39dd7e5798?s=96&d=mm&r=g\",\"caption\":\"Jeanette\"},\"sameAs\":[\"https:\\\/\\\/www.eldiario.net\\\/portal\"],\"url\":\"https:\\\/\\\/www.eldiario.net\\\/portal\\\/author\\\/jeanette\\\/\"}]}<\/script>\n<!-- \/ Yoast SEO plugin. -->","yoast_head_json":{"title":"Cuestionan mayor asignaci\u00f3n de recursos para empresas deficitarias - El Diario - Bolivia","robots":{"index":"index","follow":"follow","max-snippet":"max-snippet:-1","max-image-preview":"max-image-preview:large","max-video-preview":"max-video-preview:-1"},"canonical":"https:\/\/www.eldiario.net\/portal\/2022\/12\/13\/cuestionan-mayor-asignacion-de-recursos-para-empresas-deficitarias\/","og_locale":"es_ES","og_type":"article","og_title":"Cuestionan mayor asignaci\u00f3n de recursos para empresas deficitarias - El Diario - Bolivia","og_description":"El diputado por la agrupaci\u00f3n Creemos, Sergio Maniguary, afirm\u00f3 que el Gobierno contin\u00faa despilfarrando los recursos de los bolivianos debido a que nuevamente se destin\u00f3 un elevado porcentaje del Presupuesto General del Estado (PGE) a empresas estatales deficitarias y se sigue recurriendo a cr\u00e9ditos extranjeros para generar movimiento econ\u00f3mico. \u201cEl Gobierno est\u00e1 botando la plata [&hellip;]","og_url":"https:\/\/www.eldiario.net\/portal\/2022\/12\/13\/cuestionan-mayor-asignacion-de-recursos-para-empresas-deficitarias\/","og_site_name":"El Diario - Bolivia","article_publisher":"https:\/\/www.facebook.com\/eldiario.bolivia\/","article_published_time":"2022-12-13T10:30:10+00:00","author":"Jeanette","twitter_card":"summary_large_image","twitter_creator":"@eldiario_net","twitter_site":"@eldiario_net","twitter_misc":{"Escrito por":"Jeanette","Tiempo de lectura":"2 minutos"},"schema":{"@context":"https:\/\/schema.org","@graph":[{"@type":"Article","@id":"https:\/\/www.eldiario.net\/portal\/2022\/12\/13\/cuestionan-mayor-asignacion-de-recursos-para-empresas-deficitarias\/#article","isPartOf":{"@id":"https:\/\/www.eldiario.net\/portal\/2022\/12\/13\/cuestionan-mayor-asignacion-de-recursos-para-empresas-deficitarias\/"},"author":{"name":"Jeanette","@id":"https:\/\/www.eldiario.net\/portal\/#\/schema\/person\/f46445640444750d7d753ccd04ae01b7"},"headline":"Cuestionan mayor asignaci\u00f3n de recursos para empresas deficitarias","datePublished":"2022-12-13T10:30:10+00:00","mainEntityOfPage":{"@id":"https:\/\/www.eldiario.net\/portal\/2022\/12\/13\/cuestionan-mayor-asignacion-de-recursos-para-empresas-deficitarias\/"},"wordCount":338,"publisher":{"@id":"https:\/\/www.eldiario.net\/portal\/#organization"},"image":{"@id":"https:\/\/www.eldiario.net\/portal\/2022\/12\/13\/cuestionan-mayor-asignacion-de-recursos-para-empresas-deficitarias\/#primaryimage"},"thumbnailUrl":"","articleSection":["Pol\u00edtica"],"inLanguage":"es"},{"@type":"WebPage","@id":"https:\/\/www.eldiario.net\/portal\/2022\/12\/13\/cuestionan-mayor-asignacion-de-recursos-para-empresas-deficitarias\/","url":"https:\/\/www.eldiario.net\/portal\/2022\/12\/13\/cuestionan-mayor-asignacion-de-recursos-para-empresas-deficitarias\/","name":"Cuestionan mayor asignaci\u00f3n de recursos para empresas deficitarias - El Diario - Bolivia","isPartOf":{"@id":"https:\/\/www.eldiario.net\/portal\/#website"},"primaryImageOfPage":{"@id":"https:\/\/www.eldiario.net\/portal\/2022\/12\/13\/cuestionan-mayor-asignacion-de-recursos-para-empresas-deficitarias\/#primaryimage"},"image":{"@id":"https:\/\/www.eldiario.net\/portal\/2022\/12\/13\/cuestionan-mayor-asignacion-de-recursos-para-empresas-deficitarias\/#primaryimage"},"thumbnailUrl":"","datePublished":"2022-12-13T10:30:10+00:00","breadcrumb":{"@id":"https:\/\/www.eldiario.net\/portal\/2022\/12\/13\/cuestionan-mayor-asignacion-de-recursos-para-empresas-deficitarias\/#breadcrumb"},"inLanguage":"es","potentialAction":[{"@type":"ReadAction","target":["https:\/\/www.eldiario.net\/portal\/2022\/12\/13\/cuestionan-mayor-asignacion-de-recursos-para-empresas-deficitarias\/"]}]},{"@type":"ImageObject","inLanguage":"es","@id":"https:\/\/www.eldiario.net\/portal\/2022\/12\/13\/cuestionan-mayor-asignacion-de-recursos-para-empresas-deficitarias\/#primaryimage","url":"","contentUrl":""},{"@type":"BreadcrumbList","@id":"https:\/\/www.eldiario.net\/portal\/2022\/12\/13\/cuestionan-mayor-asignacion-de-recursos-para-empresas-deficitarias\/#breadcrumb","itemListElement":[{"@type":"ListItem","position":1,"name":"Portada","item":"https:\/\/www.eldiario.net\/portal\/"},{"@type":"ListItem","position":2,"name":"Cuestionan mayor asignaci\u00f3n de recursos para empresas deficitarias"}]},{"@type":"WebSite","@id":"https:\/\/www.eldiario.net\/portal\/#website","url":"https:\/\/www.eldiario.net\/portal\/","name":"El Diario - Decano de la prensa nacional","description":"El Diario - Decano de la prensa nacional","publisher":{"@id":"https:\/\/www.eldiario.net\/portal\/#organization"},"potentialAction":[{"@type":"SearchAction","target":{"@type":"EntryPoint","urlTemplate":"https:\/\/www.eldiario.net\/portal\/?s={search_term_string}"},"query-input":{"@type":"PropertyValueSpecification","valueRequired":true,"valueName":"search_term_string"}}],"inLanguage":"es"},{"@type":"Organization","@id":"https:\/\/www.eldiario.net\/portal\/#organization","name":"El Diario - Decano de la prensa nacional","url":"https:\/\/www.eldiario.net\/portal\/","logo":{"@type":"ImageObject","inLanguage":"es","@id":"https:\/\/www.eldiario.net\/portal\/#\/schema\/logo\/image\/","url":"https:\/\/www.eldiario.net\/portal\/wp-content\/uploads\/2023\/07\/logo_ED.jpg","contentUrl":"https:\/\/www.eldiario.net\/portal\/wp-content\/uploads\/2023\/07\/logo_ED.jpg","width":272,"height":52,"caption":"El Diario - Decano de la prensa nacional"},"image":{"@id":"https:\/\/www.eldiario.net\/portal\/#\/schema\/logo\/image\/"},"sameAs":["https:\/\/www.facebook.com\/eldiario.bolivia\/","https:\/\/x.com\/eldiario_net"]},{"@type":"Person","@id":"https:\/\/www.eldiario.net\/portal\/#\/schema\/person\/f46445640444750d7d753ccd04ae01b7","name":"Jeanette","image":{"@type":"ImageObject","inLanguage":"es","@id":"https:\/\/secure.gravatar.com\/avatar\/3ea2118a5f7dad2b7138b1187a6b7ee55f160b9968b66013c3a3ef39dd7e5798?s=96&d=mm&r=g","url":"https:\/\/secure.gravatar.com\/avatar\/3ea2118a5f7dad2b7138b1187a6b7ee55f160b9968b66013c3a3ef39dd7e5798?s=96&d=mm&r=g","contentUrl":"https:\/\/secure.gravatar.com\/avatar\/3ea2118a5f7dad2b7138b1187a6b7ee55f160b9968b66013c3a3ef39dd7e5798?s=96&d=mm&r=g","caption":"Jeanette"},"sameAs":["https:\/\/www.eldiario.net\/portal"],"url":"https:\/\/www.eldiario.net\/portal\/author\/jeanette\/"}]}},"_links":{"self":[{"href":"https:\/\/www.eldiario.net\/portal\/wp-json\/wp\/v2\/posts\/127428","targetHints":{"allow":["GET"]}}],"collection":[{"href":"https:\/\/www.eldiario.net\/portal\/wp-json\/wp\/v2\/posts"}],"about":[{"href":"https:\/\/www.eldiario.net\/portal\/wp-json\/wp\/v2\/types\/post"}],"author":[{"embeddable":true,"href":"https:\/\/www.eldiario.net\/portal\/wp-json\/wp\/v2\/users\/1"}],"replies":[{"embeddable":true,"href":"https:\/\/www.eldiario.net\/portal\/wp-json\/wp\/v2\/comments?post=127428"}],"version-history":[{"count":0,"href":"https:\/\/www.eldiario.net\/portal\/wp-json\/wp\/v2\/posts\/127428\/revisions"}],"wp:attachment":[{"href":"https:\/\/www.eldiario.net\/portal\/wp-json\/wp\/v2\/media?parent=127428"}],"wp:term":[{"taxonomy":"category","embeddable":true,"href":"https:\/\/www.eldiario.net\/portal\/wp-json\/wp\/v2\/categories?post=127428"},{"taxonomy":"post_tag","embeddable":true,"href":"https:\/\/www.eldiario.net\/portal\/wp-json\/wp\/v2\/tags?post=127428"}],"curies":[{"name":"wp","href":"https:\/\/api.w.org\/{rel}","templated":true}]}}