{"id":127263,"date":"2022-12-12T07:31:13","date_gmt":"2022-12-12T11:31:13","guid":{"rendered":"https:\/\/www.eldiario.net\/portal\/?p=127263"},"modified":"2022-12-12T07:31:13","modified_gmt":"2022-12-12T11:31:13","slug":"samsung-presenta-nueva-linea-de-cocinas-a-gas-y-el-primer-refrigerador-inteligente-a-bolivia","status":"publish","type":"post","link":"https:\/\/www.eldiario.net\/portal\/2022\/12\/12\/samsung-presenta-nueva-linea-de-cocinas-a-gas-y-el-primer-refrigerador-inteligente-a-bolivia\/","title":{"rendered":"Samsung presenta nueva l\u00ednea de cocinas a gas y el primer refrigerador inteligente a Bolivia"},"content":{"rendered":"<p>Las cocinas a gas se caracterizan por su cocci\u00f3n r\u00e1pida de platos grandes, mayor eficiencia energ\u00e9tica y sistema doble de bloqueo de seguridad. El refrigerador tiene una pantalla que permite conectar el celular y ver el interior.<br \/>\nDiciembre, 2022. Cada d\u00eda los bolivianos buscan electrodom\u00e9sticos innovadores, eficientes y funcionales que faciliten las tareas diarias del hogar. Es por esa raz\u00f3n que Samsung revolucion\u00f3 la tecnolog\u00eda de sus equipos y presenta Family Hub, el primer refrigerador inteligente, y su nueva l\u00ednea de cocinas a gas con 3 y 6 hornillas a Bolivia. Los equipos ya est\u00e1n disponibles en los diferentes puntos de venta del territorio nacional.<br \/>\n\u201cSabemos que el refrigerador se quedar\u00e1 en la cocina; por ello, Samsung quiere devolverle su rol estelar en nuestra casa y hoy quiero presentarles nuestros nuevos refrigeradores Family Hub, equipos inteligentes, interconectados, que cambiar\u00e1n la forma en la que vemos a la l\u00ednea blanca de nuestras cocinas\u201d, destaca la Gerente de producto DA de Samsung Bolivia, M\u00f3nica Rodr\u00edguez.<br \/>\nFamily Hub cuenta con la tecnolog\u00eda Smart View, que permite al usuario conectar el smartphone para escuchar m\u00fasica, podcast, radio y recibir llamadas o mirar televisi\u00f3n en el refrigerador mientras cocina. Adem\u00e1s, con el sistema Family Board puede compartir fotos, noticias y gestionar calendario y pendientes.<br \/>\nEl electrodom\u00e9stico tambi\u00e9n cuenta con View Inside para observar el interior del refrigerador desde el celular en cualquier lugar, as\u00ed se podr\u00e1 saber que alimentos faltan e, incluso, la fecha caducidad de los mismos. El equipo tiene m\u00e1s espacio interior y no afecta las dimensiones externas, ni compromete la eficiencia energ\u00e9tica.<br \/>\n\u201cEl primer refrigerador inteligente en Bolivia tiene un dise\u00f1o armonioso, fresco y elegante que proporciona al hogar un aspecto moderno y de primera calidad. Adem\u00e1s, utiliza solamente el 50% de energ\u00eda, lo que permite un mayor ahorro y durabilidad. Su compresor Digital Inverter permite que la Family Hub tenga un respaldo de garant\u00eda de 20 a\u00f1os de funcionamiento\u201d, destaca la ejecutiva de la empresa l\u00edder en tecnolog\u00eda.<br \/>\nCocinas a gas, un cl\u00e1sico mejorado<br \/>\nLa marca l\u00edder en tecnolog\u00eda tambi\u00e9n present\u00f3 sus dos modelos de cocinas a gas a los usuarios bolivianos. La primera cuenta con un quemador de triple potencia, la cual, permite una cocci\u00f3n m\u00e1s r\u00e1pida, incluso para platos m\u00e1s grandes. Adem\u00e1s, tiene un sistema de doble bloqueo para mayor seguridad, un quemador a gas a la parrilla, es f\u00e1cil de limpiar y de mayor durabilidad.<br \/>\nLa segunda es la cocina con seis quemadores que brinda una cocci\u00f3n m\u00e1s r\u00e1pida de los alimentos. Adem\u00e1s, cuenta con un control de temperatura ajustable y un sistema de doble bloqueo. El equipo tambi\u00e9n es f\u00e1cil de limpiar y de mayor durabilidad.<\/p>\n","protected":false},"excerpt":{"rendered":"<p>Las cocinas a gas se caracterizan por su cocci\u00f3n r\u00e1pida de platos grandes, mayor eficiencia energ\u00e9tica y sistema doble de bloqueo de seguridad. El refrigerador tiene una pantalla que permite conectar el celular y ver el interior. Diciembre, 2022. Cada d\u00eda los bolivianos buscan electrodom\u00e9sticos innovadores, eficientes y funcionales que faciliten las tareas diarias del [&hellip;]<\/p>\n","protected":false},"author":1,"featured_media":0,"comment_status":"closed","ping_status":"closed","sticky":false,"template":"","format":"standard","meta":{"_acf_changed":false,"footnotes":""},"categories":[46],"tags":[],"class_list":["post-127263","post","type-post","status-publish","format-standard","category-ciencia-computacion"],"acf":{"antetitulo":""},"yoast_head":"<!-- This site is optimized with the Yoast SEO plugin v28.3 - https:\/\/yoast.com\/product\/yoast-seo-wordpress\/ -->\n<title>Samsung presenta nueva l\u00ednea de cocinas a gas y el primer refrigerador inteligente a Bolivia - El Diario - Bolivia<\/title>\n<meta name=\"robots\" content=\"index, follow, max-snippet:-1, max-image-preview:large, max-video-preview:-1\" \/>\n<link rel=\"canonical\" href=\"https:\/\/www.eldiario.net\/portal\/2022\/12\/12\/samsung-presenta-nueva-linea-de-cocinas-a-gas-y-el-primer-refrigerador-inteligente-a-bolivia\/\" \/>\n<meta property=\"og:locale\" content=\"es_ES\" \/>\n<meta property=\"og:type\" content=\"article\" \/>\n<meta property=\"og:title\" content=\"Samsung presenta nueva l\u00ednea de cocinas a gas y el primer refrigerador inteligente a Bolivia - El Diario - Bolivia\" \/>\n<meta property=\"og:description\" content=\"Las cocinas a gas se caracterizan por su cocci\u00f3n r\u00e1pida de platos grandes, mayor eficiencia energ\u00e9tica y sistema doble de bloqueo de seguridad. El refrigerador tiene una pantalla que permite conectar el celular y ver el interior. Diciembre, 2022. Cada d\u00eda los bolivianos buscan electrodom\u00e9sticos innovadores, eficientes y funcionales que faciliten las tareas diarias del [&hellip;]\" \/>\n<meta property=\"og:url\" content=\"https:\/\/www.eldiario.net\/portal\/2022\/12\/12\/samsung-presenta-nueva-linea-de-cocinas-a-gas-y-el-primer-refrigerador-inteligente-a-bolivia\/\" \/>\n<meta property=\"og:site_name\" content=\"El Diario - Bolivia\" \/>\n<meta property=\"article:publisher\" content=\"https:\/\/www.facebook.com\/eldiario.bolivia\/\" \/>\n<meta property=\"article:published_time\" content=\"2022-12-12T11:31:13+00:00\" \/>\n<meta name=\"author\" content=\"Jeanette\" \/>\n<meta name=\"twitter:card\" content=\"summary_large_image\" \/>\n<meta name=\"twitter:creator\" content=\"@eldiario_net\" \/>\n<meta name=\"twitter:site\" content=\"@eldiario_net\" \/>\n<meta name=\"twitter:label1\" content=\"Escrito por\" \/>\n\t<meta name=\"twitter:data1\" content=\"Jeanette\" \/>\n\t<meta name=\"twitter:label2\" content=\"Tiempo de lectura\" \/>\n\t<meta name=\"twitter:data2\" content=\"3 minutos\" \/>\n<script type=\"application\/ld+json\" class=\"yoast-schema-graph\">{\"@context\":\"https:\\\/\\\/schema.org\",\"@graph\":[{\"@type\":\"Article\",\"@id\":\"https:\\\/\\\/www.eldiario.net\\\/portal\\\/2022\\\/12\\\/12\\\/samsung-presenta-nueva-linea-de-cocinas-a-gas-y-el-primer-refrigerador-inteligente-a-bolivia\\\/#article\",\"isPartOf\":{\"@id\":\"https:\\\/\\\/www.eldiario.net\\\/portal\\\/2022\\\/12\\\/12\\\/samsung-presenta-nueva-linea-de-cocinas-a-gas-y-el-primer-refrigerador-inteligente-a-bolivia\\\/\"},\"author\":{\"name\":\"Jeanette\",\"@id\":\"https:\\\/\\\/www.eldiario.net\\\/portal\\\/#\\\/schema\\\/person\\\/f46445640444750d7d753ccd04ae01b7\"},\"headline\":\"Samsung presenta nueva l\u00ednea de cocinas a gas y el primer refrigerador inteligente a Bolivia\",\"datePublished\":\"2022-12-12T11:31:13+00:00\",\"mainEntityOfPage\":{\"@id\":\"https:\\\/\\\/www.eldiario.net\\\/portal\\\/2022\\\/12\\\/12\\\/samsung-presenta-nueva-linea-de-cocinas-a-gas-y-el-primer-refrigerador-inteligente-a-bolivia\\\/\"},\"wordCount\":494,\"publisher\":{\"@id\":\"https:\\\/\\\/www.eldiario.net\\\/portal\\\/#organization\"},\"articleSection\":[\"Ciencia y Computaci\u00f3n\"],\"inLanguage\":\"es\"},{\"@type\":\"WebPage\",\"@id\":\"https:\\\/\\\/www.eldiario.net\\\/portal\\\/2022\\\/12\\\/12\\\/samsung-presenta-nueva-linea-de-cocinas-a-gas-y-el-primer-refrigerador-inteligente-a-bolivia\\\/\",\"url\":\"https:\\\/\\\/www.eldiario.net\\\/portal\\\/2022\\\/12\\\/12\\\/samsung-presenta-nueva-linea-de-cocinas-a-gas-y-el-primer-refrigerador-inteligente-a-bolivia\\\/\",\"name\":\"Samsung presenta nueva l\u00ednea de cocinas a gas y el primer refrigerador inteligente a Bolivia - El Diario - Bolivia\",\"isPartOf\":{\"@id\":\"https:\\\/\\\/www.eldiario.net\\\/portal\\\/#website\"},\"datePublished\":\"2022-12-12T11:31:13+00:00\",\"breadcrumb\":{\"@id\":\"https:\\\/\\\/www.eldiario.net\\\/portal\\\/2022\\\/12\\\/12\\\/samsung-presenta-nueva-linea-de-cocinas-a-gas-y-el-primer-refrigerador-inteligente-a-bolivia\\\/#breadcrumb\"},\"inLanguage\":\"es\",\"potentialAction\":[{\"@type\":\"ReadAction\",\"target\":[\"https:\\\/\\\/www.eldiario.net\\\/portal\\\/2022\\\/12\\\/12\\\/samsung-presenta-nueva-linea-de-cocinas-a-gas-y-el-primer-refrigerador-inteligente-a-bolivia\\\/\"]}]},{\"@type\":\"BreadcrumbList\",\"@id\":\"https:\\\/\\\/www.eldiario.net\\\/portal\\\/2022\\\/12\\\/12\\\/samsung-presenta-nueva-linea-de-cocinas-a-gas-y-el-primer-refrigerador-inteligente-a-bolivia\\\/#breadcrumb\",\"itemListElement\":[{\"@type\":\"ListItem\",\"position\":1,\"name\":\"Portada\",\"item\":\"https:\\\/\\\/www.eldiario.net\\\/portal\\\/\"},{\"@type\":\"ListItem\",\"position\":2,\"name\":\"Samsung presenta nueva l\u00ednea de cocinas a gas y el primer refrigerador inteligente a Bolivia\"}]},{\"@type\":\"WebSite\",\"@id\":\"https:\\\/\\\/www.eldiario.net\\\/portal\\\/#website\",\"url\":\"https:\\\/\\\/www.eldiario.net\\\/portal\\\/\",\"name\":\"El Diario - Decano de la prensa nacional\",\"description\":\"El Diario - Decano de la prensa nacional\",\"publisher\":{\"@id\":\"https:\\\/\\\/www.eldiario.net\\\/portal\\\/#organization\"},\"potentialAction\":[{\"@type\":\"SearchAction\",\"target\":{\"@type\":\"EntryPoint\",\"urlTemplate\":\"https:\\\/\\\/www.eldiario.net\\\/portal\\\/?s={search_term_string}\"},\"query-input\":{\"@type\":\"PropertyValueSpecification\",\"valueRequired\":true,\"valueName\":\"search_term_string\"}}],\"inLanguage\":\"es\"},{\"@type\":\"Organization\",\"@id\":\"https:\\\/\\\/www.eldiario.net\\\/portal\\\/#organization\",\"name\":\"El Diario - Decano de la prensa nacional\",\"url\":\"https:\\\/\\\/www.eldiario.net\\\/portal\\\/\",\"logo\":{\"@type\":\"ImageObject\",\"inLanguage\":\"es\",\"@id\":\"https:\\\/\\\/www.eldiario.net\\\/portal\\\/#\\\/schema\\\/logo\\\/image\\\/\",\"url\":\"https:\\\/\\\/www.eldiario.net\\\/portal\\\/wp-content\\\/uploads\\\/2023\\\/07\\\/logo_ED.jpg\",\"contentUrl\":\"https:\\\/\\\/www.eldiario.net\\\/portal\\\/wp-content\\\/uploads\\\/2023\\\/07\\\/logo_ED.jpg\",\"width\":272,\"height\":52,\"caption\":\"El Diario - Decano de la prensa nacional\"},\"image\":{\"@id\":\"https:\\\/\\\/www.eldiario.net\\\/portal\\\/#\\\/schema\\\/logo\\\/image\\\/\"},\"sameAs\":[\"https:\\\/\\\/www.facebook.com\\\/eldiario.bolivia\\\/\",\"https:\\\/\\\/x.com\\\/eldiario_net\"]},{\"@type\":\"Person\",\"@id\":\"https:\\\/\\\/www.eldiario.net\\\/portal\\\/#\\\/schema\\\/person\\\/f46445640444750d7d753ccd04ae01b7\",\"name\":\"Jeanette\",\"image\":{\"@type\":\"ImageObject\",\"inLanguage\":\"es\",\"@id\":\"https:\\\/\\\/secure.gravatar.com\\\/avatar\\\/3ea2118a5f7dad2b7138b1187a6b7ee55f160b9968b66013c3a3ef39dd7e5798?s=96&d=mm&r=g\",\"url\":\"https:\\\/\\\/secure.gravatar.com\\\/avatar\\\/3ea2118a5f7dad2b7138b1187a6b7ee55f160b9968b66013c3a3ef39dd7e5798?s=96&d=mm&r=g\",\"contentUrl\":\"https:\\\/\\\/secure.gravatar.com\\\/avatar\\\/3ea2118a5f7dad2b7138b1187a6b7ee55f160b9968b66013c3a3ef39dd7e5798?s=96&d=mm&r=g\",\"caption\":\"Jeanette\"},\"sameAs\":[\"https:\\\/\\\/www.eldiario.net\\\/portal\"],\"url\":\"https:\\\/\\\/www.eldiario.net\\\/portal\\\/author\\\/jeanette\\\/\"}]}<\/script>\n<!-- \/ Yoast SEO plugin. -->","yoast_head_json":{"title":"Samsung presenta nueva l\u00ednea de cocinas a gas y el primer refrigerador inteligente a Bolivia - El Diario - Bolivia","robots":{"index":"index","follow":"follow","max-snippet":"max-snippet:-1","max-image-preview":"max-image-preview:large","max-video-preview":"max-video-preview:-1"},"canonical":"https:\/\/www.eldiario.net\/portal\/2022\/12\/12\/samsung-presenta-nueva-linea-de-cocinas-a-gas-y-el-primer-refrigerador-inteligente-a-bolivia\/","og_locale":"es_ES","og_type":"article","og_title":"Samsung presenta nueva l\u00ednea de cocinas a gas y el primer refrigerador inteligente a Bolivia - El Diario - Bolivia","og_description":"Las cocinas a gas se caracterizan por su cocci\u00f3n r\u00e1pida de platos grandes, mayor eficiencia energ\u00e9tica y sistema doble de bloqueo de seguridad. El refrigerador tiene una pantalla que permite conectar el celular y ver el interior. Diciembre, 2022. Cada d\u00eda los bolivianos buscan electrodom\u00e9sticos innovadores, eficientes y funcionales que faciliten las tareas diarias del [&hellip;]","og_url":"https:\/\/www.eldiario.net\/portal\/2022\/12\/12\/samsung-presenta-nueva-linea-de-cocinas-a-gas-y-el-primer-refrigerador-inteligente-a-bolivia\/","og_site_name":"El Diario - Bolivia","article_publisher":"https:\/\/www.facebook.com\/eldiario.bolivia\/","article_published_time":"2022-12-12T11:31:13+00:00","author":"Jeanette","twitter_card":"summary_large_image","twitter_creator":"@eldiario_net","twitter_site":"@eldiario_net","twitter_misc":{"Escrito por":"Jeanette","Tiempo de lectura":"3 minutos"},"schema":{"@context":"https:\/\/schema.org","@graph":[{"@type":"Article","@id":"https:\/\/www.eldiario.net\/portal\/2022\/12\/12\/samsung-presenta-nueva-linea-de-cocinas-a-gas-y-el-primer-refrigerador-inteligente-a-bolivia\/#article","isPartOf":{"@id":"https:\/\/www.eldiario.net\/portal\/2022\/12\/12\/samsung-presenta-nueva-linea-de-cocinas-a-gas-y-el-primer-refrigerador-inteligente-a-bolivia\/"},"author":{"name":"Jeanette","@id":"https:\/\/www.eldiario.net\/portal\/#\/schema\/person\/f46445640444750d7d753ccd04ae01b7"},"headline":"Samsung presenta nueva l\u00ednea de cocinas a gas y el primer refrigerador inteligente a Bolivia","datePublished":"2022-12-12T11:31:13+00:00","mainEntityOfPage":{"@id":"https:\/\/www.eldiario.net\/portal\/2022\/12\/12\/samsung-presenta-nueva-linea-de-cocinas-a-gas-y-el-primer-refrigerador-inteligente-a-bolivia\/"},"wordCount":494,"publisher":{"@id":"https:\/\/www.eldiario.net\/portal\/#organization"},"articleSection":["Ciencia y Computaci\u00f3n"],"inLanguage":"es"},{"@type":"WebPage","@id":"https:\/\/www.eldiario.net\/portal\/2022\/12\/12\/samsung-presenta-nueva-linea-de-cocinas-a-gas-y-el-primer-refrigerador-inteligente-a-bolivia\/","url":"https:\/\/www.eldiario.net\/portal\/2022\/12\/12\/samsung-presenta-nueva-linea-de-cocinas-a-gas-y-el-primer-refrigerador-inteligente-a-bolivia\/","name":"Samsung presenta nueva l\u00ednea de cocinas a gas y el primer refrigerador inteligente a Bolivia - El Diario - Bolivia","isPartOf":{"@id":"https:\/\/www.eldiario.net\/portal\/#website"},"datePublished":"2022-12-12T11:31:13+00:00","breadcrumb":{"@id":"https:\/\/www.eldiario.net\/portal\/2022\/12\/12\/samsung-presenta-nueva-linea-de-cocinas-a-gas-y-el-primer-refrigerador-inteligente-a-bolivia\/#breadcrumb"},"inLanguage":"es","potentialAction":[{"@type":"ReadAction","target":["https:\/\/www.eldiario.net\/portal\/2022\/12\/12\/samsung-presenta-nueva-linea-de-cocinas-a-gas-y-el-primer-refrigerador-inteligente-a-bolivia\/"]}]},{"@type":"BreadcrumbList","@id":"https:\/\/www.eldiario.net\/portal\/2022\/12\/12\/samsung-presenta-nueva-linea-de-cocinas-a-gas-y-el-primer-refrigerador-inteligente-a-bolivia\/#breadcrumb","itemListElement":[{"@type":"ListItem","position":1,"name":"Portada","item":"https:\/\/www.eldiario.net\/portal\/"},{"@type":"ListItem","position":2,"name":"Samsung presenta nueva l\u00ednea de cocinas a gas y el primer refrigerador inteligente a Bolivia"}]},{"@type":"WebSite","@id":"https:\/\/www.eldiario.net\/portal\/#website","url":"https:\/\/www.eldiario.net\/portal\/","name":"El Diario - Decano de la prensa nacional","description":"El Diario - Decano de la prensa nacional","publisher":{"@id":"https:\/\/www.eldiario.net\/portal\/#organization"},"potentialAction":[{"@type":"SearchAction","target":{"@type":"EntryPoint","urlTemplate":"https:\/\/www.eldiario.net\/portal\/?s={search_term_string}"},"query-input":{"@type":"PropertyValueSpecification","valueRequired":true,"valueName":"search_term_string"}}],"inLanguage":"es"},{"@type":"Organization","@id":"https:\/\/www.eldiario.net\/portal\/#organization","name":"El Diario - Decano de la prensa nacional","url":"https:\/\/www.eldiario.net\/portal\/","logo":{"@type":"ImageObject","inLanguage":"es","@id":"https:\/\/www.eldiario.net\/portal\/#\/schema\/logo\/image\/","url":"https:\/\/www.eldiario.net\/portal\/wp-content\/uploads\/2023\/07\/logo_ED.jpg","contentUrl":"https:\/\/www.eldiario.net\/portal\/wp-content\/uploads\/2023\/07\/logo_ED.jpg","width":272,"height":52,"caption":"El Diario - Decano de la prensa nacional"},"image":{"@id":"https:\/\/www.eldiario.net\/portal\/#\/schema\/logo\/image\/"},"sameAs":["https:\/\/www.facebook.com\/eldiario.bolivia\/","https:\/\/x.com\/eldiario_net"]},{"@type":"Person","@id":"https:\/\/www.eldiario.net\/portal\/#\/schema\/person\/f46445640444750d7d753ccd04ae01b7","name":"Jeanette","image":{"@type":"ImageObject","inLanguage":"es","@id":"https:\/\/secure.gravatar.com\/avatar\/3ea2118a5f7dad2b7138b1187a6b7ee55f160b9968b66013c3a3ef39dd7e5798?s=96&d=mm&r=g","url":"https:\/\/secure.gravatar.com\/avatar\/3ea2118a5f7dad2b7138b1187a6b7ee55f160b9968b66013c3a3ef39dd7e5798?s=96&d=mm&r=g","contentUrl":"https:\/\/secure.gravatar.com\/avatar\/3ea2118a5f7dad2b7138b1187a6b7ee55f160b9968b66013c3a3ef39dd7e5798?s=96&d=mm&r=g","caption":"Jeanette"},"sameAs":["https:\/\/www.eldiario.net\/portal"],"url":"https:\/\/www.eldiario.net\/portal\/author\/jeanette\/"}]}},"_links":{"self":[{"href":"https:\/\/www.eldiario.net\/portal\/wp-json\/wp\/v2\/posts\/127263","targetHints":{"allow":["GET"]}}],"collection":[{"href":"https:\/\/www.eldiario.net\/portal\/wp-json\/wp\/v2\/posts"}],"about":[{"href":"https:\/\/www.eldiario.net\/portal\/wp-json\/wp\/v2\/types\/post"}],"author":[{"embeddable":true,"href":"https:\/\/www.eldiario.net\/portal\/wp-json\/wp\/v2\/users\/1"}],"replies":[{"embeddable":true,"href":"https:\/\/www.eldiario.net\/portal\/wp-json\/wp\/v2\/comments?post=127263"}],"version-history":[{"count":0,"href":"https:\/\/www.eldiario.net\/portal\/wp-json\/wp\/v2\/posts\/127263\/revisions"}],"wp:attachment":[{"href":"https:\/\/www.eldiario.net\/portal\/wp-json\/wp\/v2\/media?parent=127263"}],"wp:term":[{"taxonomy":"category","embeddable":true,"href":"https:\/\/www.eldiario.net\/portal\/wp-json\/wp\/v2\/categories?post=127263"},{"taxonomy":"post_tag","embeddable":true,"href":"https:\/\/www.eldiario.net\/portal\/wp-json\/wp\/v2\/tags?post=127263"}],"curies":[{"name":"wp","href":"https:\/\/api.w.org\/{rel}","templated":true}]}}