{"id":127205,"date":"2022-12-12T07:00:02","date_gmt":"2022-12-12T11:00:02","guid":{"rendered":"https:\/\/www.eldiario.net\/portal\/?p=127205"},"modified":"2022-12-12T07:00:02","modified_gmt":"2022-12-12T11:00:02","slug":"indigenas-mueren-por-uso-indiscriminado-de-mercurio","status":"publish","type":"post","link":"https:\/\/www.eldiario.net\/portal\/2022\/12\/12\/indigenas-mueren-por-uso-indiscriminado-de-mercurio\/","title":{"rendered":"Ind\u00edgenas mueren por uso indiscriminado de mercurio"},"content":{"rendered":"<p>En el norte de La Paz y en Beni las poblaciones ind\u00edgenas sufren enfermedades por consumir peces contaminados. Los ni\u00f1os se mueren y la causa es el uso indiscriminado de mercurio. La explotaci\u00f3n de oro sin control est\u00e1 matando a la amazonia y provocando da\u00f1os irremediables a los ind\u00edgenas.<br \/>\nUn informe especial de Unitel refleja la delicada situaci\u00f3n de salud que se vive en esas regiones, la enfermedad les llega por el r\u00edo. Los esse ejja, mosetenes, y chimanes nunca se dedicaron a la miner\u00eda del oro ni se han subido a una draga, pero son los que sufren las consecuencias.<br \/>\nEn 2021 la Universidad de Cartagena de Colombia realiz\u00f3 pruebas a cabello humano de comunidades ind\u00edgenas de Bolivia, en Asunci\u00f3n de Quiquibey, Ermindo Viez, fue diagnosticado con 9 partes por mill\u00f3n de mercurio, es decir, Ermindo tiene 9 veces m\u00e1s de lo m\u00e1ximo permitido para un ser humano.<br \/>\nErmindo no es el \u00fanico en la familia que est\u00e1 enfermo, su hija m\u00e1s peque\u00f1a tiene 6 a\u00f1os y a\u00fan no camina ni habla. Su mam\u00e1 mientras prepara el almuerzo, un pescado contaminado con mercurio, relata que su hija est\u00e1 as\u00ed por la cantidad de metal l\u00edquido que tiene en la sangre.<br \/>\nAmbos padres no saben qu\u00e9 tratamiento deben seguir para curarse, menos qu\u00e9 remedios darle a su hija ni siquiera pueden alejarse de lo que los enferma y siguen comiendo pescado contaminado.<br \/>\nMientras contin\u00faa el uso indiscriminado de mercurio, los ind\u00edgenas seguir\u00e1n sufriendo. En 2009, las organizaciones ind\u00edgenas hicieron la primera denuncia de la contaminaci\u00f3n. El Gobierno en 2022 espera un informe sobre la vulneraci\u00f3n de sus derechos.<br \/>\nSeg\u00fan estudios en la comunidad ind\u00edgena de Eyiyoquibo al norte de La Paz, las mujeres en edad reproductiva tienen en promedio 7 veces m\u00e1s de mercurio en el cuerpo de lo permitido. Alex Villca, coordinador de la Contiocap denuncia la inacci\u00f3n del Estado.<\/p>\n<p>PESCADO CONTAMINADO<br \/>\nLa relaci\u00f3n de los esse ejjas con el r\u00edo Beni es muy estrecha, aqu\u00ed ni\u00f1os y adultos se ba\u00f1an, lavan su ropa. El r\u00edo es su fuente de vida, pero hoy es su principal amenaza.<br \/>\nCuando la concentraci\u00f3n de mercurio pasa de 1, se debe suspender el consumo de pescado y consultar a un m\u00e9dico. Los ind\u00edgenas se enfrentan a enfermedades a largo plazo e incluso la muerte.<br \/>\nLa \u00fanica forma de detener el avance de la contaminaci\u00f3n entre los ind\u00edgenas es que dejen de comer pescado, algo imposible. Milton dej\u00f3 de pescar porque ya no puede subir a su bote, pero sigue comiendo pescado contaminado. No tiene otra opci\u00f3n.<br \/>\nAcompa\u00f1amos a Najil a pescar, tras varios intentos con su red, logr\u00f3 atrapar un pac\u00fa, mientras el joven ind\u00edgena limpiaba el pescado nos mostr\u00f3 como se dan cuenta que la carne est\u00e1 contaminada.<br \/>\nOgan Caimani, tiene 40 a\u00f1os, no es minero, nunca tuvo en sus manos oro ni mercurio, pero tiene 10 partes por mill\u00f3n del metal l\u00edquido en su cuerpo. Cree que no llegar\u00e1 a los 50 o si sobrevive, quedar\u00e1 ciego.<br \/>\nEl mercurio afecta a los ind\u00edgenas incluso antes de nacer, de cada cuatro mujeres que atienden en el hospital de San Buenaventura, dos tienen partos prematuros y la mortalidad infantil crece.<br \/>\nPasaron 13 a\u00f1os de la primera denuncia y hasta ahora nada cambi\u00f3. Las comunidades ind\u00edgenas aseguran que no recibieron respuesta ni se detuvo el uso del mercurio en la miner\u00eda. Si esto contin\u00faa las consecuencias ser\u00e1n irreversibles. (Unitel).<\/p>\n","protected":false},"excerpt":{"rendered":"<p>En el norte de La Paz y en Beni las poblaciones ind\u00edgenas sufren enfermedades por consumir peces contaminados. Los ni\u00f1os se mueren y la causa es el uso indiscriminado de mercurio. La explotaci\u00f3n de oro sin control est\u00e1 matando a la amazonia y provocando da\u00f1os irremediables a los ind\u00edgenas. Un informe especial de Unitel refleja [&hellip;]<\/p>\n","protected":false},"author":1,"featured_media":127206,"comment_status":"closed","ping_status":"closed","sticky":false,"template":"","format":"standard","meta":{"_acf_changed":false,"footnotes":""},"categories":[17],"tags":[],"class_list":["post-127205","post","type-post","status-publish","format-standard","has-post-thumbnail","category-principal"],"acf":{"antetitulo":""},"yoast_head":"<!-- This site is optimized with the Yoast SEO plugin v28.3 - https:\/\/yoast.com\/product\/yoast-seo-wordpress\/ -->\n<title>Ind\u00edgenas mueren por uso indiscriminado de mercurio - El Diario - Bolivia<\/title>\n<meta name=\"robots\" content=\"index, follow, max-snippet:-1, max-image-preview:large, max-video-preview:-1\" \/>\n<link rel=\"canonical\" href=\"https:\/\/www.eldiario.net\/portal\/2022\/12\/12\/indigenas-mueren-por-uso-indiscriminado-de-mercurio\/\" \/>\n<meta property=\"og:locale\" content=\"es_ES\" \/>\n<meta property=\"og:type\" content=\"article\" \/>\n<meta property=\"og:title\" content=\"Ind\u00edgenas mueren por uso indiscriminado de mercurio - El Diario - Bolivia\" \/>\n<meta property=\"og:description\" content=\"En el norte de La Paz y en Beni las poblaciones ind\u00edgenas sufren enfermedades por consumir peces contaminados. Los ni\u00f1os se mueren y la causa es el uso indiscriminado de mercurio. La explotaci\u00f3n de oro sin control est\u00e1 matando a la amazonia y provocando da\u00f1os irremediables a los ind\u00edgenas. Un informe especial de Unitel refleja [&hellip;]\" \/>\n<meta property=\"og:url\" content=\"https:\/\/www.eldiario.net\/portal\/2022\/12\/12\/indigenas-mueren-por-uso-indiscriminado-de-mercurio\/\" \/>\n<meta property=\"og:site_name\" content=\"El Diario - Bolivia\" \/>\n<meta property=\"article:publisher\" content=\"https:\/\/www.facebook.com\/eldiario.bolivia\/\" \/>\n<meta property=\"article:published_time\" content=\"2022-12-12T11:00:02+00:00\" \/>\n<meta name=\"author\" content=\"Jeanette\" \/>\n<meta name=\"twitter:card\" content=\"summary_large_image\" \/>\n<meta name=\"twitter:creator\" content=\"@eldiario_net\" \/>\n<meta name=\"twitter:site\" content=\"@eldiario_net\" \/>\n<meta name=\"twitter:label1\" content=\"Escrito por\" \/>\n\t<meta name=\"twitter:data1\" content=\"Jeanette\" \/>\n\t<meta name=\"twitter:label2\" content=\"Tiempo de lectura\" \/>\n\t<meta name=\"twitter:data2\" content=\"3 minutos\" \/>\n<script type=\"application\/ld+json\" class=\"yoast-schema-graph\">{\"@context\":\"https:\\\/\\\/schema.org\",\"@graph\":[{\"@type\":\"Article\",\"@id\":\"https:\\\/\\\/www.eldiario.net\\\/portal\\\/2022\\\/12\\\/12\\\/indigenas-mueren-por-uso-indiscriminado-de-mercurio\\\/#article\",\"isPartOf\":{\"@id\":\"https:\\\/\\\/www.eldiario.net\\\/portal\\\/2022\\\/12\\\/12\\\/indigenas-mueren-por-uso-indiscriminado-de-mercurio\\\/\"},\"author\":{\"name\":\"Jeanette\",\"@id\":\"https:\\\/\\\/www.eldiario.net\\\/portal\\\/#\\\/schema\\\/person\\\/f46445640444750d7d753ccd04ae01b7\"},\"headline\":\"Ind\u00edgenas mueren por uso indiscriminado de mercurio\",\"datePublished\":\"2022-12-12T11:00:02+00:00\",\"mainEntityOfPage\":{\"@id\":\"https:\\\/\\\/www.eldiario.net\\\/portal\\\/2022\\\/12\\\/12\\\/indigenas-mueren-por-uso-indiscriminado-de-mercurio\\\/\"},\"wordCount\":611,\"publisher\":{\"@id\":\"https:\\\/\\\/www.eldiario.net\\\/portal\\\/#organization\"},\"image\":{\"@id\":\"https:\\\/\\\/www.eldiario.net\\\/portal\\\/2022\\\/12\\\/12\\\/indigenas-mueren-por-uso-indiscriminado-de-mercurio\\\/#primaryimage\"},\"thumbnailUrl\":\"\",\"articleSection\":[\"Principal\"],\"inLanguage\":\"es\"},{\"@type\":\"WebPage\",\"@id\":\"https:\\\/\\\/www.eldiario.net\\\/portal\\\/2022\\\/12\\\/12\\\/indigenas-mueren-por-uso-indiscriminado-de-mercurio\\\/\",\"url\":\"https:\\\/\\\/www.eldiario.net\\\/portal\\\/2022\\\/12\\\/12\\\/indigenas-mueren-por-uso-indiscriminado-de-mercurio\\\/\",\"name\":\"Ind\u00edgenas mueren por uso indiscriminado de mercurio - El Diario - Bolivia\",\"isPartOf\":{\"@id\":\"https:\\\/\\\/www.eldiario.net\\\/portal\\\/#website\"},\"primaryImageOfPage\":{\"@id\":\"https:\\\/\\\/www.eldiario.net\\\/portal\\\/2022\\\/12\\\/12\\\/indigenas-mueren-por-uso-indiscriminado-de-mercurio\\\/#primaryimage\"},\"image\":{\"@id\":\"https:\\\/\\\/www.eldiario.net\\\/portal\\\/2022\\\/12\\\/12\\\/indigenas-mueren-por-uso-indiscriminado-de-mercurio\\\/#primaryimage\"},\"thumbnailUrl\":\"\",\"datePublished\":\"2022-12-12T11:00:02+00:00\",\"breadcrumb\":{\"@id\":\"https:\\\/\\\/www.eldiario.net\\\/portal\\\/2022\\\/12\\\/12\\\/indigenas-mueren-por-uso-indiscriminado-de-mercurio\\\/#breadcrumb\"},\"inLanguage\":\"es\",\"potentialAction\":[{\"@type\":\"ReadAction\",\"target\":[\"https:\\\/\\\/www.eldiario.net\\\/portal\\\/2022\\\/12\\\/12\\\/indigenas-mueren-por-uso-indiscriminado-de-mercurio\\\/\"]}]},{\"@type\":\"ImageObject\",\"inLanguage\":\"es\",\"@id\":\"https:\\\/\\\/www.eldiario.net\\\/portal\\\/2022\\\/12\\\/12\\\/indigenas-mueren-por-uso-indiscriminado-de-mercurio\\\/#primaryimage\",\"url\":\"\",\"contentUrl\":\"\"},{\"@type\":\"BreadcrumbList\",\"@id\":\"https:\\\/\\\/www.eldiario.net\\\/portal\\\/2022\\\/12\\\/12\\\/indigenas-mueren-por-uso-indiscriminado-de-mercurio\\\/#breadcrumb\",\"itemListElement\":[{\"@type\":\"ListItem\",\"position\":1,\"name\":\"Portada\",\"item\":\"https:\\\/\\\/www.eldiario.net\\\/portal\\\/\"},{\"@type\":\"ListItem\",\"position\":2,\"name\":\"Ind\u00edgenas mueren por uso indiscriminado de mercurio\"}]},{\"@type\":\"WebSite\",\"@id\":\"https:\\\/\\\/www.eldiario.net\\\/portal\\\/#website\",\"url\":\"https:\\\/\\\/www.eldiario.net\\\/portal\\\/\",\"name\":\"El Diario - Decano de la prensa nacional\",\"description\":\"El Diario - Decano de la prensa nacional\",\"publisher\":{\"@id\":\"https:\\\/\\\/www.eldiario.net\\\/portal\\\/#organization\"},\"potentialAction\":[{\"@type\":\"SearchAction\",\"target\":{\"@type\":\"EntryPoint\",\"urlTemplate\":\"https:\\\/\\\/www.eldiario.net\\\/portal\\\/?s={search_term_string}\"},\"query-input\":{\"@type\":\"PropertyValueSpecification\",\"valueRequired\":true,\"valueName\":\"search_term_string\"}}],\"inLanguage\":\"es\"},{\"@type\":\"Organization\",\"@id\":\"https:\\\/\\\/www.eldiario.net\\\/portal\\\/#organization\",\"name\":\"El Diario - Decano de la prensa nacional\",\"url\":\"https:\\\/\\\/www.eldiario.net\\\/portal\\\/\",\"logo\":{\"@type\":\"ImageObject\",\"inLanguage\":\"es\",\"@id\":\"https:\\\/\\\/www.eldiario.net\\\/portal\\\/#\\\/schema\\\/logo\\\/image\\\/\",\"url\":\"https:\\\/\\\/www.eldiario.net\\\/portal\\\/wp-content\\\/uploads\\\/2023\\\/07\\\/logo_ED.jpg\",\"contentUrl\":\"https:\\\/\\\/www.eldiario.net\\\/portal\\\/wp-content\\\/uploads\\\/2023\\\/07\\\/logo_ED.jpg\",\"width\":272,\"height\":52,\"caption\":\"El Diario - Decano de la prensa nacional\"},\"image\":{\"@id\":\"https:\\\/\\\/www.eldiario.net\\\/portal\\\/#\\\/schema\\\/logo\\\/image\\\/\"},\"sameAs\":[\"https:\\\/\\\/www.facebook.com\\\/eldiario.bolivia\\\/\",\"https:\\\/\\\/x.com\\\/eldiario_net\"]},{\"@type\":\"Person\",\"@id\":\"https:\\\/\\\/www.eldiario.net\\\/portal\\\/#\\\/schema\\\/person\\\/f46445640444750d7d753ccd04ae01b7\",\"name\":\"Jeanette\",\"image\":{\"@type\":\"ImageObject\",\"inLanguage\":\"es\",\"@id\":\"https:\\\/\\\/secure.gravatar.com\\\/avatar\\\/3ea2118a5f7dad2b7138b1187a6b7ee55f160b9968b66013c3a3ef39dd7e5798?s=96&d=mm&r=g\",\"url\":\"https:\\\/\\\/secure.gravatar.com\\\/avatar\\\/3ea2118a5f7dad2b7138b1187a6b7ee55f160b9968b66013c3a3ef39dd7e5798?s=96&d=mm&r=g\",\"contentUrl\":\"https:\\\/\\\/secure.gravatar.com\\\/avatar\\\/3ea2118a5f7dad2b7138b1187a6b7ee55f160b9968b66013c3a3ef39dd7e5798?s=96&d=mm&r=g\",\"caption\":\"Jeanette\"},\"sameAs\":[\"https:\\\/\\\/www.eldiario.net\\\/portal\"],\"url\":\"https:\\\/\\\/www.eldiario.net\\\/portal\\\/author\\\/jeanette\\\/\"}]}<\/script>\n<!-- \/ Yoast SEO plugin. -->","yoast_head_json":{"title":"Ind\u00edgenas mueren por uso indiscriminado de mercurio - El Diario - Bolivia","robots":{"index":"index","follow":"follow","max-snippet":"max-snippet:-1","max-image-preview":"max-image-preview:large","max-video-preview":"max-video-preview:-1"},"canonical":"https:\/\/www.eldiario.net\/portal\/2022\/12\/12\/indigenas-mueren-por-uso-indiscriminado-de-mercurio\/","og_locale":"es_ES","og_type":"article","og_title":"Ind\u00edgenas mueren por uso indiscriminado de mercurio - El Diario - Bolivia","og_description":"En el norte de La Paz y en Beni las poblaciones ind\u00edgenas sufren enfermedades por consumir peces contaminados. Los ni\u00f1os se mueren y la causa es el uso indiscriminado de mercurio. La explotaci\u00f3n de oro sin control est\u00e1 matando a la amazonia y provocando da\u00f1os irremediables a los ind\u00edgenas. Un informe especial de Unitel refleja [&hellip;]","og_url":"https:\/\/www.eldiario.net\/portal\/2022\/12\/12\/indigenas-mueren-por-uso-indiscriminado-de-mercurio\/","og_site_name":"El Diario - Bolivia","article_publisher":"https:\/\/www.facebook.com\/eldiario.bolivia\/","article_published_time":"2022-12-12T11:00:02+00:00","author":"Jeanette","twitter_card":"summary_large_image","twitter_creator":"@eldiario_net","twitter_site":"@eldiario_net","twitter_misc":{"Escrito por":"Jeanette","Tiempo de lectura":"3 minutos"},"schema":{"@context":"https:\/\/schema.org","@graph":[{"@type":"Article","@id":"https:\/\/www.eldiario.net\/portal\/2022\/12\/12\/indigenas-mueren-por-uso-indiscriminado-de-mercurio\/#article","isPartOf":{"@id":"https:\/\/www.eldiario.net\/portal\/2022\/12\/12\/indigenas-mueren-por-uso-indiscriminado-de-mercurio\/"},"author":{"name":"Jeanette","@id":"https:\/\/www.eldiario.net\/portal\/#\/schema\/person\/f46445640444750d7d753ccd04ae01b7"},"headline":"Ind\u00edgenas mueren por uso indiscriminado de mercurio","datePublished":"2022-12-12T11:00:02+00:00","mainEntityOfPage":{"@id":"https:\/\/www.eldiario.net\/portal\/2022\/12\/12\/indigenas-mueren-por-uso-indiscriminado-de-mercurio\/"},"wordCount":611,"publisher":{"@id":"https:\/\/www.eldiario.net\/portal\/#organization"},"image":{"@id":"https:\/\/www.eldiario.net\/portal\/2022\/12\/12\/indigenas-mueren-por-uso-indiscriminado-de-mercurio\/#primaryimage"},"thumbnailUrl":"","articleSection":["Principal"],"inLanguage":"es"},{"@type":"WebPage","@id":"https:\/\/www.eldiario.net\/portal\/2022\/12\/12\/indigenas-mueren-por-uso-indiscriminado-de-mercurio\/","url":"https:\/\/www.eldiario.net\/portal\/2022\/12\/12\/indigenas-mueren-por-uso-indiscriminado-de-mercurio\/","name":"Ind\u00edgenas mueren por uso indiscriminado de mercurio - El Diario - Bolivia","isPartOf":{"@id":"https:\/\/www.eldiario.net\/portal\/#website"},"primaryImageOfPage":{"@id":"https:\/\/www.eldiario.net\/portal\/2022\/12\/12\/indigenas-mueren-por-uso-indiscriminado-de-mercurio\/#primaryimage"},"image":{"@id":"https:\/\/www.eldiario.net\/portal\/2022\/12\/12\/indigenas-mueren-por-uso-indiscriminado-de-mercurio\/#primaryimage"},"thumbnailUrl":"","datePublished":"2022-12-12T11:00:02+00:00","breadcrumb":{"@id":"https:\/\/www.eldiario.net\/portal\/2022\/12\/12\/indigenas-mueren-por-uso-indiscriminado-de-mercurio\/#breadcrumb"},"inLanguage":"es","potentialAction":[{"@type":"ReadAction","target":["https:\/\/www.eldiario.net\/portal\/2022\/12\/12\/indigenas-mueren-por-uso-indiscriminado-de-mercurio\/"]}]},{"@type":"ImageObject","inLanguage":"es","@id":"https:\/\/www.eldiario.net\/portal\/2022\/12\/12\/indigenas-mueren-por-uso-indiscriminado-de-mercurio\/#primaryimage","url":"","contentUrl":""},{"@type":"BreadcrumbList","@id":"https:\/\/www.eldiario.net\/portal\/2022\/12\/12\/indigenas-mueren-por-uso-indiscriminado-de-mercurio\/#breadcrumb","itemListElement":[{"@type":"ListItem","position":1,"name":"Portada","item":"https:\/\/www.eldiario.net\/portal\/"},{"@type":"ListItem","position":2,"name":"Ind\u00edgenas mueren por uso indiscriminado de mercurio"}]},{"@type":"WebSite","@id":"https:\/\/www.eldiario.net\/portal\/#website","url":"https:\/\/www.eldiario.net\/portal\/","name":"El Diario - Decano de la prensa nacional","description":"El Diario - Decano de la prensa nacional","publisher":{"@id":"https:\/\/www.eldiario.net\/portal\/#organization"},"potentialAction":[{"@type":"SearchAction","target":{"@type":"EntryPoint","urlTemplate":"https:\/\/www.eldiario.net\/portal\/?s={search_term_string}"},"query-input":{"@type":"PropertyValueSpecification","valueRequired":true,"valueName":"search_term_string"}}],"inLanguage":"es"},{"@type":"Organization","@id":"https:\/\/www.eldiario.net\/portal\/#organization","name":"El Diario - Decano de la prensa nacional","url":"https:\/\/www.eldiario.net\/portal\/","logo":{"@type":"ImageObject","inLanguage":"es","@id":"https:\/\/www.eldiario.net\/portal\/#\/schema\/logo\/image\/","url":"https:\/\/www.eldiario.net\/portal\/wp-content\/uploads\/2023\/07\/logo_ED.jpg","contentUrl":"https:\/\/www.eldiario.net\/portal\/wp-content\/uploads\/2023\/07\/logo_ED.jpg","width":272,"height":52,"caption":"El Diario - Decano de la prensa nacional"},"image":{"@id":"https:\/\/www.eldiario.net\/portal\/#\/schema\/logo\/image\/"},"sameAs":["https:\/\/www.facebook.com\/eldiario.bolivia\/","https:\/\/x.com\/eldiario_net"]},{"@type":"Person","@id":"https:\/\/www.eldiario.net\/portal\/#\/schema\/person\/f46445640444750d7d753ccd04ae01b7","name":"Jeanette","image":{"@type":"ImageObject","inLanguage":"es","@id":"https:\/\/secure.gravatar.com\/avatar\/3ea2118a5f7dad2b7138b1187a6b7ee55f160b9968b66013c3a3ef39dd7e5798?s=96&d=mm&r=g","url":"https:\/\/secure.gravatar.com\/avatar\/3ea2118a5f7dad2b7138b1187a6b7ee55f160b9968b66013c3a3ef39dd7e5798?s=96&d=mm&r=g","contentUrl":"https:\/\/secure.gravatar.com\/avatar\/3ea2118a5f7dad2b7138b1187a6b7ee55f160b9968b66013c3a3ef39dd7e5798?s=96&d=mm&r=g","caption":"Jeanette"},"sameAs":["https:\/\/www.eldiario.net\/portal"],"url":"https:\/\/www.eldiario.net\/portal\/author\/jeanette\/"}]}},"_links":{"self":[{"href":"https:\/\/www.eldiario.net\/portal\/wp-json\/wp\/v2\/posts\/127205","targetHints":{"allow":["GET"]}}],"collection":[{"href":"https:\/\/www.eldiario.net\/portal\/wp-json\/wp\/v2\/posts"}],"about":[{"href":"https:\/\/www.eldiario.net\/portal\/wp-json\/wp\/v2\/types\/post"}],"author":[{"embeddable":true,"href":"https:\/\/www.eldiario.net\/portal\/wp-json\/wp\/v2\/users\/1"}],"replies":[{"embeddable":true,"href":"https:\/\/www.eldiario.net\/portal\/wp-json\/wp\/v2\/comments?post=127205"}],"version-history":[{"count":0,"href":"https:\/\/www.eldiario.net\/portal\/wp-json\/wp\/v2\/posts\/127205\/revisions"}],"wp:attachment":[{"href":"https:\/\/www.eldiario.net\/portal\/wp-json\/wp\/v2\/media?parent=127205"}],"wp:term":[{"taxonomy":"category","embeddable":true,"href":"https:\/\/www.eldiario.net\/portal\/wp-json\/wp\/v2\/categories?post=127205"},{"taxonomy":"post_tag","embeddable":true,"href":"https:\/\/www.eldiario.net\/portal\/wp-json\/wp\/v2\/tags?post=127205"}],"curies":[{"name":"wp","href":"https:\/\/api.w.org\/{rel}","templated":true}]}}