{"id":127167,"date":"2022-12-12T06:40:10","date_gmt":"2022-12-12T10:40:10","guid":{"rendered":"https:\/\/www.eldiario.net\/portal\/?p=127167"},"modified":"2022-12-12T06:40:10","modified_gmt":"2022-12-12T10:40:10","slug":"rubro-automotriz-promueve-servicios-para-su-reactivacion","status":"publish","type":"post","link":"https:\/\/www.eldiario.net\/portal\/2022\/12\/12\/rubro-automotriz-promueve-servicios-para-su-reactivacion\/","title":{"rendered":"Rubro automotriz promueve servicios para su reactivaci\u00f3n"},"content":{"rendered":"<p>El parque automotriz en Bolivia ha tenido un crecimiento exponencial de unidades de uso privado, servicio p\u00fablico y del Estado, a pesar de ello a\u00fan no se ha recuperado de la pandemia y del paro. Ahora apunta a sortear esta temporada baja que suele ser la de mayor ingreso.<br \/>\nCon la llegada de las vacaciones escolares y de la Navidad donde usualmente se planifican paseos fuera y dentro pa\u00eds. Adem\u00e1s de obsequios para los seres queridos que van desde los m\u00e1s simples hasta los m\u00e1s suntuosos como un autom\u00f3vil de temporada, marcas como Toyosa, Autoestar, Saci y Hansa, de renombrada trayectoria en el pa\u00eds apuestan por reactivar el sector.<br \/>\nEn ese marco, la empresa Hansa con sus marcas Volkswagen y Audi ofrece un nuevo servicio para sus clientes que consiste en un taller m\u00f3vil que tiene como principal objetivo ahorrar el tiempo que demorar\u00eda en llevar el autom\u00f3vil al taller para su mantenimiento de rutina o alg\u00fan desperfecto imprevisto que bien podr\u00eda ser solucionado en la oficina o el domicilio.<br \/>\n\u201cEl \u00e1rea de posventa ofrece un nuevo servicio denominado taller m\u00f3vil para las marcas Volkswagen y Audi con el fin de realizar un mantenimiento preventivo que se agenda llamando a las encargadas de atenci\u00f3n al cliente en La Paz y Santa Cruz, cuya ventaja principal es el ahorro de tiempo en las actividades cotidianas del usuario\u201d, explico el gerente de post venta de Hansa, Mauricio Almanza.<br \/>\nEl mencionado servicio podr\u00e1 ser realizado en la oficina o domicilio con el consiguiente ahorro de tiempo que representa el transportarse hasta el concesionario. La atenci\u00f3n ser\u00e1 de lunes a viernes, una vez que se agenda la atenci\u00f3n el t\u00e9cnico acudir\u00e1 en el horario establecido a requerimiento del cliente, sin importar la zona en la que se encuentre en La Paz o El Alto.<br \/>\nServicio t\u00e9cnico<br \/>\nEl t\u00e9cnico de Hansa, Reynaldo Copa, que tiene m\u00e1s de 6 a\u00f1os de experiencia en diferentes marcas, ser\u00e1 quien realice el mantenimiento general del veh\u00edculo, contar\u00e1 con una orden de trabajo de lo solicitado por el cliente y al finalizar proceder\u00e1 a brindar una hoja adicional de recomendaciones en caso de ser necesario.<br \/>\nAgreg\u00f3 que el mantenimiento entre otros aspectos comprende escaneo del sistema el\u00e9ctrico para verificar su funcionamiento; filtros de aceite, gasolina, polvo y aire; lubricantes, verificaci\u00f3n de pastillas, llantas, frenos y si se requiere algo adicional. Adem\u00e1s se hace entrega de una hoja de recomendaciones para el cambio de alguna pieza de ser necesaria.<br \/>\nCapacitaci\u00f3n<br \/>\nEntre tanto, la comercializadora multisectorial SACI aporta al crecimiento de sus colaboradores y los sectores en los que opera, a partir de la capacitaci\u00f3n y actualizaci\u00f3n permanente de sus equipos gerenciales y de servicio t\u00e9cnico.<br \/>\nRecientemente, un grupo de colaboradores y clientes participaron en talleres y ferias especializadas en Alemania, Colombia, Estados Unidos y Brasil, con el objetivo de estar a la vanguardia de las nuevas tecnolog\u00edas de maquinaria de construcci\u00f3n y motocicletas, lo que se traduce en una mejora continua en el servicio postventa.<br \/>\n\u201cNuestros colaboradores y clientes son lo m\u00e1s importante para SACI, por eso, cada a\u00f1o sumamos experiencias en capacitaciones y talleres dictados por las f\u00e1bricas de las marcas que representamos. La excelencia de nuestros trabajadores les permite formar parte de estos eventos para fortalecer su desempe\u00f1o en la empresa\u201d, comenta Rodrigo Zuazo, gerente de Marketing de SACI.<\/p>\n<div id='gallery-1' class='gallery galleryid-127167 gallery-columns-3 gallery-size-medium'><figure class='gallery-item'>\n\t\t\t<div class='gallery-icon portrait'>\n\t\t\t\t<a href='https:\/\/www.eldiario.net\/portal\/2022\/12\/12\/rubro-automotriz-promueve-servicios-para-su-reactivacion\/servis\/'><img loading=\"lazy\" decoding=\"async\" width=\"225\" height=\"300\" src=\"https:\/\/www.eldiario.net\/portal\/wp-content\/uploads\/2022\/12\/servis-225x300.jpg\" class=\"attachment-medium size-medium\" alt=\"\" aria-describedby=\"gallery-1-127169\" srcset=\"https:\/\/www.eldiario.net\/portal\/wp-content\/uploads\/2022\/12\/servis-225x300.jpg 225w, https:\/\/www.eldiario.net\/portal\/wp-content\/uploads\/2022\/12\/servis-768x1024.jpg 768w, https:\/\/www.eldiario.net\/portal\/wp-content\/uploads\/2022\/12\/servis-696x928.jpg 696w, https:\/\/www.eldiario.net\/portal\/wp-content\/uploads\/2022\/12\/servis.jpg 960w\" sizes=\"auto, (max-width: 225px) 100vw, 225px\" \/><\/a>\n\t\t\t<\/div>\n\t\t\t\t<figcaption class='wp-caption-text gallery-caption' id='gallery-1-127169'>\n\t\t\t\tT\u00e9cnicos se especializan en mantenimiento de motocicletas. \n\t\t\t\t<\/figcaption><\/figure>\n\t\t<\/div>\n\n","protected":false},"excerpt":{"rendered":"<p>El parque automotriz en Bolivia ha tenido un crecimiento exponencial de unidades de uso privado, servicio p\u00fablico y del Estado, a pesar de ello a\u00fan no se ha recuperado de la pandemia y del paro. Ahora apunta a sortear esta temporada baja que suele ser la de mayor ingreso. Con la llegada de las vacaciones [&hellip;]<\/p>\n","protected":false},"author":1,"featured_media":127168,"comment_status":"closed","ping_status":"closed","sticky":false,"template":"","format":"standard","meta":{"_acf_changed":false,"footnotes":""},"categories":[7],"tags":[],"class_list":["post-127167","post","type-post","status-publish","format-standard","has-post-thumbnail","category-economia"],"acf":{"antetitulo":""},"yoast_head":"<!-- This site is optimized with the Yoast SEO plugin v28.4 - https:\/\/yoast.com\/product\/yoast-seo-wordpress\/ -->\n<title>Rubro automotriz promueve servicios para su reactivaci\u00f3n - El Diario - Bolivia<\/title>\n<meta name=\"robots\" content=\"index, follow, max-snippet:-1, max-image-preview:large, max-video-preview:-1\" \/>\n<link rel=\"canonical\" href=\"https:\/\/www.eldiario.net\/portal\/2022\/12\/12\/rubro-automotriz-promueve-servicios-para-su-reactivacion\/\" \/>\n<meta property=\"og:locale\" content=\"es_ES\" \/>\n<meta property=\"og:type\" content=\"article\" \/>\n<meta property=\"og:title\" content=\"Rubro automotriz promueve servicios para su reactivaci\u00f3n - El Diario - Bolivia\" \/>\n<meta property=\"og:description\" content=\"El parque automotriz en Bolivia ha tenido un crecimiento exponencial de unidades de uso privado, servicio p\u00fablico y del Estado, a pesar de ello a\u00fan no se ha recuperado de la pandemia y del paro. Ahora apunta a sortear esta temporada baja que suele ser la de mayor ingreso. Con la llegada de las vacaciones [&hellip;]\" \/>\n<meta property=\"og:url\" content=\"https:\/\/www.eldiario.net\/portal\/2022\/12\/12\/rubro-automotriz-promueve-servicios-para-su-reactivacion\/\" \/>\n<meta property=\"og:site_name\" content=\"El Diario - Bolivia\" \/>\n<meta property=\"article:publisher\" content=\"https:\/\/www.facebook.com\/eldiario.bolivia\/\" \/>\n<meta property=\"article:published_time\" content=\"2022-12-12T10:40:10+00:00\" \/>\n<meta name=\"author\" content=\"Jeanette\" \/>\n<meta name=\"twitter:card\" content=\"summary_large_image\" \/>\n<meta name=\"twitter:creator\" content=\"@eldiario_net\" \/>\n<meta name=\"twitter:site\" content=\"@eldiario_net\" \/>\n<meta name=\"twitter:label1\" content=\"Escrito por\" \/>\n\t<meta name=\"twitter:data1\" content=\"Jeanette\" \/>\n\t<meta name=\"twitter:label2\" content=\"Tiempo de lectura\" \/>\n\t<meta name=\"twitter:data2\" content=\"3 minutos\" \/>\n<script type=\"application\/ld+json\" class=\"yoast-schema-graph\">{\"@context\":\"https:\\\/\\\/schema.org\",\"@graph\":[{\"@type\":\"Article\",\"@id\":\"https:\\\/\\\/www.eldiario.net\\\/portal\\\/2022\\\/12\\\/12\\\/rubro-automotriz-promueve-servicios-para-su-reactivacion\\\/#article\",\"isPartOf\":{\"@id\":\"https:\\\/\\\/www.eldiario.net\\\/portal\\\/2022\\\/12\\\/12\\\/rubro-automotriz-promueve-servicios-para-su-reactivacion\\\/\"},\"author\":{\"name\":\"Jeanette\",\"@id\":\"https:\\\/\\\/www.eldiario.net\\\/portal\\\/#\\\/schema\\\/person\\\/f46445640444750d7d753ccd04ae01b7\"},\"headline\":\"Rubro automotriz promueve servicios para su reactivaci\u00f3n\",\"datePublished\":\"2022-12-12T10:40:10+00:00\",\"mainEntityOfPage\":{\"@id\":\"https:\\\/\\\/www.eldiario.net\\\/portal\\\/2022\\\/12\\\/12\\\/rubro-automotriz-promueve-servicios-para-su-reactivacion\\\/\"},\"wordCount\":597,\"publisher\":{\"@id\":\"https:\\\/\\\/www.eldiario.net\\\/portal\\\/#organization\"},\"image\":{\"@id\":\"https:\\\/\\\/www.eldiario.net\\\/portal\\\/2022\\\/12\\\/12\\\/rubro-automotriz-promueve-servicios-para-su-reactivacion\\\/#primaryimage\"},\"thumbnailUrl\":\"\",\"articleSection\":[\"Econom\u00eda\"],\"inLanguage\":\"es\"},{\"@type\":\"WebPage\",\"@id\":\"https:\\\/\\\/www.eldiario.net\\\/portal\\\/2022\\\/12\\\/12\\\/rubro-automotriz-promueve-servicios-para-su-reactivacion\\\/\",\"url\":\"https:\\\/\\\/www.eldiario.net\\\/portal\\\/2022\\\/12\\\/12\\\/rubro-automotriz-promueve-servicios-para-su-reactivacion\\\/\",\"name\":\"Rubro automotriz promueve servicios para su reactivaci\u00f3n - El Diario - Bolivia\",\"isPartOf\":{\"@id\":\"https:\\\/\\\/www.eldiario.net\\\/portal\\\/#website\"},\"primaryImageOfPage\":{\"@id\":\"https:\\\/\\\/www.eldiario.net\\\/portal\\\/2022\\\/12\\\/12\\\/rubro-automotriz-promueve-servicios-para-su-reactivacion\\\/#primaryimage\"},\"image\":{\"@id\":\"https:\\\/\\\/www.eldiario.net\\\/portal\\\/2022\\\/12\\\/12\\\/rubro-automotriz-promueve-servicios-para-su-reactivacion\\\/#primaryimage\"},\"thumbnailUrl\":\"\",\"datePublished\":\"2022-12-12T10:40:10+00:00\",\"breadcrumb\":{\"@id\":\"https:\\\/\\\/www.eldiario.net\\\/portal\\\/2022\\\/12\\\/12\\\/rubro-automotriz-promueve-servicios-para-su-reactivacion\\\/#breadcrumb\"},\"inLanguage\":\"es\",\"potentialAction\":[{\"@type\":\"ReadAction\",\"target\":[\"https:\\\/\\\/www.eldiario.net\\\/portal\\\/2022\\\/12\\\/12\\\/rubro-automotriz-promueve-servicios-para-su-reactivacion\\\/\"]}]},{\"@type\":\"ImageObject\",\"inLanguage\":\"es\",\"@id\":\"https:\\\/\\\/www.eldiario.net\\\/portal\\\/2022\\\/12\\\/12\\\/rubro-automotriz-promueve-servicios-para-su-reactivacion\\\/#primaryimage\",\"url\":\"\",\"contentUrl\":\"\"},{\"@type\":\"BreadcrumbList\",\"@id\":\"https:\\\/\\\/www.eldiario.net\\\/portal\\\/2022\\\/12\\\/12\\\/rubro-automotriz-promueve-servicios-para-su-reactivacion\\\/#breadcrumb\",\"itemListElement\":[{\"@type\":\"ListItem\",\"position\":1,\"name\":\"Portada\",\"item\":\"https:\\\/\\\/www.eldiario.net\\\/portal\\\/\"},{\"@type\":\"ListItem\",\"position\":2,\"name\":\"Rubro automotriz promueve servicios para su reactivaci\u00f3n\"}]},{\"@type\":\"WebSite\",\"@id\":\"https:\\\/\\\/www.eldiario.net\\\/portal\\\/#website\",\"url\":\"https:\\\/\\\/www.eldiario.net\\\/portal\\\/\",\"name\":\"El Diario - Decano de la prensa nacional\",\"description\":\"El Diario - Decano de la prensa nacional\",\"publisher\":{\"@id\":\"https:\\\/\\\/www.eldiario.net\\\/portal\\\/#organization\"},\"potentialAction\":[{\"@type\":\"SearchAction\",\"target\":{\"@type\":\"EntryPoint\",\"urlTemplate\":\"https:\\\/\\\/www.eldiario.net\\\/portal\\\/?s={search_term_string}\"},\"query-input\":{\"@type\":\"PropertyValueSpecification\",\"valueRequired\":true,\"valueName\":\"search_term_string\"}}],\"inLanguage\":\"es\"},{\"@type\":\"Organization\",\"@id\":\"https:\\\/\\\/www.eldiario.net\\\/portal\\\/#organization\",\"name\":\"El Diario - Decano de la prensa nacional\",\"url\":\"https:\\\/\\\/www.eldiario.net\\\/portal\\\/\",\"logo\":{\"@type\":\"ImageObject\",\"inLanguage\":\"es\",\"@id\":\"https:\\\/\\\/www.eldiario.net\\\/portal\\\/#\\\/schema\\\/logo\\\/image\\\/\",\"url\":\"https:\\\/\\\/www.eldiario.net\\\/portal\\\/wp-content\\\/uploads\\\/2023\\\/07\\\/logo_ED.jpg\",\"contentUrl\":\"https:\\\/\\\/www.eldiario.net\\\/portal\\\/wp-content\\\/uploads\\\/2023\\\/07\\\/logo_ED.jpg\",\"width\":272,\"height\":52,\"caption\":\"El Diario - Decano de la prensa nacional\"},\"image\":{\"@id\":\"https:\\\/\\\/www.eldiario.net\\\/portal\\\/#\\\/schema\\\/logo\\\/image\\\/\"},\"sameAs\":[\"https:\\\/\\\/www.facebook.com\\\/eldiario.bolivia\\\/\",\"https:\\\/\\\/x.com\\\/eldiario_net\"]},{\"@type\":\"Person\",\"@id\":\"https:\\\/\\\/www.eldiario.net\\\/portal\\\/#\\\/schema\\\/person\\\/f46445640444750d7d753ccd04ae01b7\",\"name\":\"Jeanette\",\"image\":{\"@type\":\"ImageObject\",\"inLanguage\":\"es\",\"@id\":\"https:\\\/\\\/secure.gravatar.com\\\/avatar\\\/3ea2118a5f7dad2b7138b1187a6b7ee55f160b9968b66013c3a3ef39dd7e5798?s=96&d=mm&r=g\",\"url\":\"https:\\\/\\\/secure.gravatar.com\\\/avatar\\\/3ea2118a5f7dad2b7138b1187a6b7ee55f160b9968b66013c3a3ef39dd7e5798?s=96&d=mm&r=g\",\"contentUrl\":\"https:\\\/\\\/secure.gravatar.com\\\/avatar\\\/3ea2118a5f7dad2b7138b1187a6b7ee55f160b9968b66013c3a3ef39dd7e5798?s=96&d=mm&r=g\",\"caption\":\"Jeanette\"},\"sameAs\":[\"https:\\\/\\\/www.eldiario.net\\\/portal\"],\"url\":\"https:\\\/\\\/www.eldiario.net\\\/portal\\\/author\\\/jeanette\\\/\"}]}<\/script>\n<!-- \/ Yoast SEO plugin. -->","yoast_head_json":{"title":"Rubro automotriz promueve servicios para su reactivaci\u00f3n - El Diario - Bolivia","robots":{"index":"index","follow":"follow","max-snippet":"max-snippet:-1","max-image-preview":"max-image-preview:large","max-video-preview":"max-video-preview:-1"},"canonical":"https:\/\/www.eldiario.net\/portal\/2022\/12\/12\/rubro-automotriz-promueve-servicios-para-su-reactivacion\/","og_locale":"es_ES","og_type":"article","og_title":"Rubro automotriz promueve servicios para su reactivaci\u00f3n - El Diario - Bolivia","og_description":"El parque automotriz en Bolivia ha tenido un crecimiento exponencial de unidades de uso privado, servicio p\u00fablico y del Estado, a pesar de ello a\u00fan no se ha recuperado de la pandemia y del paro. Ahora apunta a sortear esta temporada baja que suele ser la de mayor ingreso. Con la llegada de las vacaciones [&hellip;]","og_url":"https:\/\/www.eldiario.net\/portal\/2022\/12\/12\/rubro-automotriz-promueve-servicios-para-su-reactivacion\/","og_site_name":"El Diario - Bolivia","article_publisher":"https:\/\/www.facebook.com\/eldiario.bolivia\/","article_published_time":"2022-12-12T10:40:10+00:00","author":"Jeanette","twitter_card":"summary_large_image","twitter_creator":"@eldiario_net","twitter_site":"@eldiario_net","twitter_misc":{"Escrito por":"Jeanette","Tiempo de lectura":"3 minutos"},"schema":{"@context":"https:\/\/schema.org","@graph":[{"@type":"Article","@id":"https:\/\/www.eldiario.net\/portal\/2022\/12\/12\/rubro-automotriz-promueve-servicios-para-su-reactivacion\/#article","isPartOf":{"@id":"https:\/\/www.eldiario.net\/portal\/2022\/12\/12\/rubro-automotriz-promueve-servicios-para-su-reactivacion\/"},"author":{"name":"Jeanette","@id":"https:\/\/www.eldiario.net\/portal\/#\/schema\/person\/f46445640444750d7d753ccd04ae01b7"},"headline":"Rubro automotriz promueve servicios para su reactivaci\u00f3n","datePublished":"2022-12-12T10:40:10+00:00","mainEntityOfPage":{"@id":"https:\/\/www.eldiario.net\/portal\/2022\/12\/12\/rubro-automotriz-promueve-servicios-para-su-reactivacion\/"},"wordCount":597,"publisher":{"@id":"https:\/\/www.eldiario.net\/portal\/#organization"},"image":{"@id":"https:\/\/www.eldiario.net\/portal\/2022\/12\/12\/rubro-automotriz-promueve-servicios-para-su-reactivacion\/#primaryimage"},"thumbnailUrl":"","articleSection":["Econom\u00eda"],"inLanguage":"es"},{"@type":"WebPage","@id":"https:\/\/www.eldiario.net\/portal\/2022\/12\/12\/rubro-automotriz-promueve-servicios-para-su-reactivacion\/","url":"https:\/\/www.eldiario.net\/portal\/2022\/12\/12\/rubro-automotriz-promueve-servicios-para-su-reactivacion\/","name":"Rubro automotriz promueve servicios para su reactivaci\u00f3n - El Diario - Bolivia","isPartOf":{"@id":"https:\/\/www.eldiario.net\/portal\/#website"},"primaryImageOfPage":{"@id":"https:\/\/www.eldiario.net\/portal\/2022\/12\/12\/rubro-automotriz-promueve-servicios-para-su-reactivacion\/#primaryimage"},"image":{"@id":"https:\/\/www.eldiario.net\/portal\/2022\/12\/12\/rubro-automotriz-promueve-servicios-para-su-reactivacion\/#primaryimage"},"thumbnailUrl":"","datePublished":"2022-12-12T10:40:10+00:00","breadcrumb":{"@id":"https:\/\/www.eldiario.net\/portal\/2022\/12\/12\/rubro-automotriz-promueve-servicios-para-su-reactivacion\/#breadcrumb"},"inLanguage":"es","potentialAction":[{"@type":"ReadAction","target":["https:\/\/www.eldiario.net\/portal\/2022\/12\/12\/rubro-automotriz-promueve-servicios-para-su-reactivacion\/"]}]},{"@type":"ImageObject","inLanguage":"es","@id":"https:\/\/www.eldiario.net\/portal\/2022\/12\/12\/rubro-automotriz-promueve-servicios-para-su-reactivacion\/#primaryimage","url":"","contentUrl":""},{"@type":"BreadcrumbList","@id":"https:\/\/www.eldiario.net\/portal\/2022\/12\/12\/rubro-automotriz-promueve-servicios-para-su-reactivacion\/#breadcrumb","itemListElement":[{"@type":"ListItem","position":1,"name":"Portada","item":"https:\/\/www.eldiario.net\/portal\/"},{"@type":"ListItem","position":2,"name":"Rubro automotriz promueve servicios para su reactivaci\u00f3n"}]},{"@type":"WebSite","@id":"https:\/\/www.eldiario.net\/portal\/#website","url":"https:\/\/www.eldiario.net\/portal\/","name":"El Diario - Decano de la prensa nacional","description":"El Diario - Decano de la prensa nacional","publisher":{"@id":"https:\/\/www.eldiario.net\/portal\/#organization"},"potentialAction":[{"@type":"SearchAction","target":{"@type":"EntryPoint","urlTemplate":"https:\/\/www.eldiario.net\/portal\/?s={search_term_string}"},"query-input":{"@type":"PropertyValueSpecification","valueRequired":true,"valueName":"search_term_string"}}],"inLanguage":"es"},{"@type":"Organization","@id":"https:\/\/www.eldiario.net\/portal\/#organization","name":"El Diario - Decano de la prensa nacional","url":"https:\/\/www.eldiario.net\/portal\/","logo":{"@type":"ImageObject","inLanguage":"es","@id":"https:\/\/www.eldiario.net\/portal\/#\/schema\/logo\/image\/","url":"https:\/\/www.eldiario.net\/portal\/wp-content\/uploads\/2023\/07\/logo_ED.jpg","contentUrl":"https:\/\/www.eldiario.net\/portal\/wp-content\/uploads\/2023\/07\/logo_ED.jpg","width":272,"height":52,"caption":"El Diario - Decano de la prensa nacional"},"image":{"@id":"https:\/\/www.eldiario.net\/portal\/#\/schema\/logo\/image\/"},"sameAs":["https:\/\/www.facebook.com\/eldiario.bolivia\/","https:\/\/x.com\/eldiario_net"]},{"@type":"Person","@id":"https:\/\/www.eldiario.net\/portal\/#\/schema\/person\/f46445640444750d7d753ccd04ae01b7","name":"Jeanette","image":{"@type":"ImageObject","inLanguage":"es","@id":"https:\/\/secure.gravatar.com\/avatar\/3ea2118a5f7dad2b7138b1187a6b7ee55f160b9968b66013c3a3ef39dd7e5798?s=96&d=mm&r=g","url":"https:\/\/secure.gravatar.com\/avatar\/3ea2118a5f7dad2b7138b1187a6b7ee55f160b9968b66013c3a3ef39dd7e5798?s=96&d=mm&r=g","contentUrl":"https:\/\/secure.gravatar.com\/avatar\/3ea2118a5f7dad2b7138b1187a6b7ee55f160b9968b66013c3a3ef39dd7e5798?s=96&d=mm&r=g","caption":"Jeanette"},"sameAs":["https:\/\/www.eldiario.net\/portal"],"url":"https:\/\/www.eldiario.net\/portal\/author\/jeanette\/"}]}},"_links":{"self":[{"href":"https:\/\/www.eldiario.net\/portal\/wp-json\/wp\/v2\/posts\/127167","targetHints":{"allow":["GET"]}}],"collection":[{"href":"https:\/\/www.eldiario.net\/portal\/wp-json\/wp\/v2\/posts"}],"about":[{"href":"https:\/\/www.eldiario.net\/portal\/wp-json\/wp\/v2\/types\/post"}],"author":[{"embeddable":true,"href":"https:\/\/www.eldiario.net\/portal\/wp-json\/wp\/v2\/users\/1"}],"replies":[{"embeddable":true,"href":"https:\/\/www.eldiario.net\/portal\/wp-json\/wp\/v2\/comments?post=127167"}],"version-history":[{"count":0,"href":"https:\/\/www.eldiario.net\/portal\/wp-json\/wp\/v2\/posts\/127167\/revisions"}],"wp:attachment":[{"href":"https:\/\/www.eldiario.net\/portal\/wp-json\/wp\/v2\/media?parent=127167"}],"wp:term":[{"taxonomy":"category","embeddable":true,"href":"https:\/\/www.eldiario.net\/portal\/wp-json\/wp\/v2\/categories?post=127167"},{"taxonomy":"post_tag","embeddable":true,"href":"https:\/\/www.eldiario.net\/portal\/wp-json\/wp\/v2\/tags?post=127167"}],"curies":[{"name":"wp","href":"https:\/\/api.w.org\/{rel}","templated":true}]}}