{"id":127164,"date":"2022-12-12T06:38:51","date_gmt":"2022-12-12T10:38:51","guid":{"rendered":"https:\/\/www.eldiario.net\/portal\/?p=127164"},"modified":"2022-12-12T06:38:51","modified_gmt":"2022-12-12T10:38:51","slug":"industria-nacional-apuesta-por-el-consumidor-boliviano","status":"publish","type":"post","link":"https:\/\/www.eldiario.net\/portal\/2022\/12\/12\/industria-nacional-apuesta-por-el-consumidor-boliviano\/","title":{"rendered":"Industria nacional apuesta por el consumidor boliviano"},"content":{"rendered":"<p>La industria de la construcci\u00f3n es importante para el desarrollo de un pa\u00eds, pues proporciona elementos b\u00e1sicos para el bienestar de la sociedad al construir escuelas, hospitales, casas, entre otros. La cer\u00e1mica es uno de los materiales m\u00e1s utilizados para la obra fina y en el pa\u00eds existen cerca de 5 empresas dedicadas a este rubro que compiten en el mercado local.<br \/>\nA pesar de que el sector de la construcci\u00f3n a\u00fan no se recupera del todo luego de la pandemia, la innovaci\u00f3n y creatividad, hizo que se repensar\u00e1 las formas de comunicaci\u00f3n con la poblaci\u00f3n, quienes en la pandemia no pudieron pasar por las salas de exposici\u00f3n de productos, pero se hizo uso de las nuevas tecnolog\u00edas para permanecer en contacto con ellos.<br \/>\nEntre las industrias que gozan de amplia trayectoria en el mercado est\u00e1n: Coboce, Faboce y Gladymar, esta \u00faltima con 38 a\u00f1os en el mercado nacional, cuenta con 14 \u00abshowrooms\u00bb en el pa\u00eds para que la poblaci\u00f3n tenga la experiencia de disfrutar de su amplia gama de cer\u00e1micas y porcelanatos inspirados en diferentes lugares tur\u00edsticos del pa\u00eds.<br \/>\nSus competidoras tambi\u00e9n implementaron innovaciones en la venta, as\u00ed como en la oferta de productos para el mercado nacional.<br \/>\n\u201cLa cer\u00e1mica es moda y cambia todo el tiempo, por ello realizamos viajes constantes por el mundo para estar al d\u00eda en las nuevas tendencias. Cada a\u00f1o lanzamos una propuesta, en esta ocasi\u00f3n la l\u00ednea Insignia inspirada en Bolivia en su cultura y su gente, por ello tenemos piezas dedicadas al Valle de las \u00c1nimas (La Paz), a los cholets (El Alto), al salar de Uyuni (Potos\u00ed) y a la Chiquitania (Santa Cruz)\u201d, destac\u00f3 el subgerente de Marketing de Gladymar, Juan Pablo Roda.<br \/>\nY con el prop\u00f3sito de que arquitectos, constructores y la poblaci\u00f3n visiten el showroom inaugurado recientemente en La Paz, que ofrece pisos y revestimientos de producci\u00f3n nacional e importados, al igual que grifer\u00eda y sanitarios de marcas renombradas como Deca, adem\u00e1s pinturas Coral, cemento cola La Calera y perfiles met\u00e1licos Atrim, todo l2o necesario para renovar el hogar.<br \/>\n\u201cEn gustos y colores no hay nada escrito, hemos trabajado en proyectos especiales como por ejemplo: las terminales de los telef\u00e9ricos de la l\u00edneas que hay en La Paz son de Gladymar hemos seguido las exigencias de Doppelmayr y en la caso de los cholets con los dise\u00f1os de Freddy Mamani, hacemos cer\u00e1micas al gusto del cliente\u201d, enfatiz\u00f3 Roda.<\/p>\n<p>Industria nacional<br \/>\nLa industria Gladymar, con la visi\u00f3n del arquitecto Crist\u00f3bal Roda, busca que la tercera generaci\u00f3n del Grupo Industrial Roda, siga los pasos de abuelos y padres que apostaron por la diversificaci\u00f3n empresarial en el pa\u00eds y en la materia prima que se tiene para dar vida a productos de construcci\u00f3n de la m\u00e1s alta calidad.<br \/>\nA la par del uso de la tecnolog\u00eda que se implement\u00f3 durante la pandemia para no perder de vista a los clientes y satisfacer sus requerimientos. El uso de maquinaria de \u00faltima generaci\u00f3n para la fabricaci\u00f3n de cer\u00e1mica y porcelanato de grandes dimensiones ya es una realidad en el pa\u00eds, lo que pone a esta empresa en un nivel altamente competitivo con el mercado externo.<br \/>\nPara finalizar, el gerente Comercial de Gladymar, Luis Fernando Arias, se\u00f1alo que cada a\u00f1o van innovando su portafolio de productos con el fin de brindar las soluciones m\u00e1s adecuadas a los bolivianos que conf\u00edan en la producci\u00f3n nacional. Y que La Paz representa m\u00e1s del 20% del mercado a nivel nacional y que pronto estar\u00e1n con nuevos productos como pisos vin\u00edlicos y promociones especiales para su clientela.<\/p>\n","protected":false},"excerpt":{"rendered":"<p>La industria de la construcci\u00f3n es importante para el desarrollo de un pa\u00eds, pues proporciona elementos b\u00e1sicos para el bienestar de la sociedad al construir escuelas, hospitales, casas, entre otros. La cer\u00e1mica es uno de los materiales m\u00e1s utilizados para la obra fina y en el pa\u00eds existen cerca de 5 empresas dedicadas a este [&hellip;]<\/p>\n","protected":false},"author":1,"featured_media":127165,"comment_status":"closed","ping_status":"closed","sticky":false,"template":"","format":"standard","meta":{"_acf_changed":false,"footnotes":""},"categories":[7],"tags":[],"class_list":["post-127164","post","type-post","status-publish","format-standard","has-post-thumbnail","category-economia"],"acf":{"antetitulo":""},"yoast_head":"<!-- This site is optimized with the Yoast SEO plugin v28.4 - https:\/\/yoast.com\/product\/yoast-seo-wordpress\/ -->\n<title>Industria nacional apuesta por el consumidor boliviano - El Diario - Bolivia<\/title>\n<meta name=\"robots\" content=\"index, follow, max-snippet:-1, max-image-preview:large, max-video-preview:-1\" \/>\n<link rel=\"canonical\" href=\"https:\/\/www.eldiario.net\/portal\/2022\/12\/12\/industria-nacional-apuesta-por-el-consumidor-boliviano\/\" \/>\n<meta property=\"og:locale\" content=\"es_ES\" \/>\n<meta property=\"og:type\" content=\"article\" \/>\n<meta property=\"og:title\" content=\"Industria nacional apuesta por el consumidor boliviano - El Diario - Bolivia\" \/>\n<meta property=\"og:description\" content=\"La industria de la construcci\u00f3n es importante para el desarrollo de un pa\u00eds, pues proporciona elementos b\u00e1sicos para el bienestar de la sociedad al construir escuelas, hospitales, casas, entre otros. La cer\u00e1mica es uno de los materiales m\u00e1s utilizados para la obra fina y en el pa\u00eds existen cerca de 5 empresas dedicadas a este [&hellip;]\" \/>\n<meta property=\"og:url\" content=\"https:\/\/www.eldiario.net\/portal\/2022\/12\/12\/industria-nacional-apuesta-por-el-consumidor-boliviano\/\" \/>\n<meta property=\"og:site_name\" content=\"El Diario - Bolivia\" \/>\n<meta property=\"article:publisher\" content=\"https:\/\/www.facebook.com\/eldiario.bolivia\/\" \/>\n<meta property=\"article:published_time\" content=\"2022-12-12T10:38:51+00:00\" \/>\n<meta name=\"author\" content=\"Jeanette\" \/>\n<meta name=\"twitter:card\" content=\"summary_large_image\" \/>\n<meta name=\"twitter:creator\" content=\"@eldiario_net\" \/>\n<meta name=\"twitter:site\" content=\"@eldiario_net\" \/>\n<meta name=\"twitter:label1\" content=\"Escrito por\" \/>\n\t<meta name=\"twitter:data1\" content=\"Jeanette\" \/>\n\t<meta name=\"twitter:label2\" content=\"Tiempo de lectura\" \/>\n\t<meta name=\"twitter:data2\" content=\"3 minutos\" \/>\n<script type=\"application\/ld+json\" class=\"yoast-schema-graph\">{\"@context\":\"https:\\\/\\\/schema.org\",\"@graph\":[{\"@type\":\"Article\",\"@id\":\"https:\\\/\\\/www.eldiario.net\\\/portal\\\/2022\\\/12\\\/12\\\/industria-nacional-apuesta-por-el-consumidor-boliviano\\\/#article\",\"isPartOf\":{\"@id\":\"https:\\\/\\\/www.eldiario.net\\\/portal\\\/2022\\\/12\\\/12\\\/industria-nacional-apuesta-por-el-consumidor-boliviano\\\/\"},\"author\":{\"name\":\"Jeanette\",\"@id\":\"https:\\\/\\\/www.eldiario.net\\\/portal\\\/#\\\/schema\\\/person\\\/f46445640444750d7d753ccd04ae01b7\"},\"headline\":\"Industria nacional apuesta por el consumidor boliviano\",\"datePublished\":\"2022-12-12T10:38:51+00:00\",\"mainEntityOfPage\":{\"@id\":\"https:\\\/\\\/www.eldiario.net\\\/portal\\\/2022\\\/12\\\/12\\\/industria-nacional-apuesta-por-el-consumidor-boliviano\\\/\"},\"wordCount\":648,\"publisher\":{\"@id\":\"https:\\\/\\\/www.eldiario.net\\\/portal\\\/#organization\"},\"image\":{\"@id\":\"https:\\\/\\\/www.eldiario.net\\\/portal\\\/2022\\\/12\\\/12\\\/industria-nacional-apuesta-por-el-consumidor-boliviano\\\/#primaryimage\"},\"thumbnailUrl\":\"\",\"articleSection\":[\"Econom\u00eda\"],\"inLanguage\":\"es\"},{\"@type\":\"WebPage\",\"@id\":\"https:\\\/\\\/www.eldiario.net\\\/portal\\\/2022\\\/12\\\/12\\\/industria-nacional-apuesta-por-el-consumidor-boliviano\\\/\",\"url\":\"https:\\\/\\\/www.eldiario.net\\\/portal\\\/2022\\\/12\\\/12\\\/industria-nacional-apuesta-por-el-consumidor-boliviano\\\/\",\"name\":\"Industria nacional apuesta por el consumidor boliviano - El Diario - Bolivia\",\"isPartOf\":{\"@id\":\"https:\\\/\\\/www.eldiario.net\\\/portal\\\/#website\"},\"primaryImageOfPage\":{\"@id\":\"https:\\\/\\\/www.eldiario.net\\\/portal\\\/2022\\\/12\\\/12\\\/industria-nacional-apuesta-por-el-consumidor-boliviano\\\/#primaryimage\"},\"image\":{\"@id\":\"https:\\\/\\\/www.eldiario.net\\\/portal\\\/2022\\\/12\\\/12\\\/industria-nacional-apuesta-por-el-consumidor-boliviano\\\/#primaryimage\"},\"thumbnailUrl\":\"\",\"datePublished\":\"2022-12-12T10:38:51+00:00\",\"breadcrumb\":{\"@id\":\"https:\\\/\\\/www.eldiario.net\\\/portal\\\/2022\\\/12\\\/12\\\/industria-nacional-apuesta-por-el-consumidor-boliviano\\\/#breadcrumb\"},\"inLanguage\":\"es\",\"potentialAction\":[{\"@type\":\"ReadAction\",\"target\":[\"https:\\\/\\\/www.eldiario.net\\\/portal\\\/2022\\\/12\\\/12\\\/industria-nacional-apuesta-por-el-consumidor-boliviano\\\/\"]}]},{\"@type\":\"ImageObject\",\"inLanguage\":\"es\",\"@id\":\"https:\\\/\\\/www.eldiario.net\\\/portal\\\/2022\\\/12\\\/12\\\/industria-nacional-apuesta-por-el-consumidor-boliviano\\\/#primaryimage\",\"url\":\"\",\"contentUrl\":\"\"},{\"@type\":\"BreadcrumbList\",\"@id\":\"https:\\\/\\\/www.eldiario.net\\\/portal\\\/2022\\\/12\\\/12\\\/industria-nacional-apuesta-por-el-consumidor-boliviano\\\/#breadcrumb\",\"itemListElement\":[{\"@type\":\"ListItem\",\"position\":1,\"name\":\"Portada\",\"item\":\"https:\\\/\\\/www.eldiario.net\\\/portal\\\/\"},{\"@type\":\"ListItem\",\"position\":2,\"name\":\"Industria nacional apuesta por el consumidor boliviano\"}]},{\"@type\":\"WebSite\",\"@id\":\"https:\\\/\\\/www.eldiario.net\\\/portal\\\/#website\",\"url\":\"https:\\\/\\\/www.eldiario.net\\\/portal\\\/\",\"name\":\"El Diario - Decano de la prensa nacional\",\"description\":\"El Diario - Decano de la prensa nacional\",\"publisher\":{\"@id\":\"https:\\\/\\\/www.eldiario.net\\\/portal\\\/#organization\"},\"potentialAction\":[{\"@type\":\"SearchAction\",\"target\":{\"@type\":\"EntryPoint\",\"urlTemplate\":\"https:\\\/\\\/www.eldiario.net\\\/portal\\\/?s={search_term_string}\"},\"query-input\":{\"@type\":\"PropertyValueSpecification\",\"valueRequired\":true,\"valueName\":\"search_term_string\"}}],\"inLanguage\":\"es\"},{\"@type\":\"Organization\",\"@id\":\"https:\\\/\\\/www.eldiario.net\\\/portal\\\/#organization\",\"name\":\"El Diario - Decano de la prensa nacional\",\"url\":\"https:\\\/\\\/www.eldiario.net\\\/portal\\\/\",\"logo\":{\"@type\":\"ImageObject\",\"inLanguage\":\"es\",\"@id\":\"https:\\\/\\\/www.eldiario.net\\\/portal\\\/#\\\/schema\\\/logo\\\/image\\\/\",\"url\":\"https:\\\/\\\/www.eldiario.net\\\/portal\\\/wp-content\\\/uploads\\\/2023\\\/07\\\/logo_ED.jpg\",\"contentUrl\":\"https:\\\/\\\/www.eldiario.net\\\/portal\\\/wp-content\\\/uploads\\\/2023\\\/07\\\/logo_ED.jpg\",\"width\":272,\"height\":52,\"caption\":\"El Diario - Decano de la prensa nacional\"},\"image\":{\"@id\":\"https:\\\/\\\/www.eldiario.net\\\/portal\\\/#\\\/schema\\\/logo\\\/image\\\/\"},\"sameAs\":[\"https:\\\/\\\/www.facebook.com\\\/eldiario.bolivia\\\/\",\"https:\\\/\\\/x.com\\\/eldiario_net\"]},{\"@type\":\"Person\",\"@id\":\"https:\\\/\\\/www.eldiario.net\\\/portal\\\/#\\\/schema\\\/person\\\/f46445640444750d7d753ccd04ae01b7\",\"name\":\"Jeanette\",\"image\":{\"@type\":\"ImageObject\",\"inLanguage\":\"es\",\"@id\":\"https:\\\/\\\/secure.gravatar.com\\\/avatar\\\/3ea2118a5f7dad2b7138b1187a6b7ee55f160b9968b66013c3a3ef39dd7e5798?s=96&d=mm&r=g\",\"url\":\"https:\\\/\\\/secure.gravatar.com\\\/avatar\\\/3ea2118a5f7dad2b7138b1187a6b7ee55f160b9968b66013c3a3ef39dd7e5798?s=96&d=mm&r=g\",\"contentUrl\":\"https:\\\/\\\/secure.gravatar.com\\\/avatar\\\/3ea2118a5f7dad2b7138b1187a6b7ee55f160b9968b66013c3a3ef39dd7e5798?s=96&d=mm&r=g\",\"caption\":\"Jeanette\"},\"sameAs\":[\"https:\\\/\\\/www.eldiario.net\\\/portal\"],\"url\":\"https:\\\/\\\/www.eldiario.net\\\/portal\\\/author\\\/jeanette\\\/\"}]}<\/script>\n<!-- \/ Yoast SEO plugin. -->","yoast_head_json":{"title":"Industria nacional apuesta por el consumidor boliviano - El Diario - Bolivia","robots":{"index":"index","follow":"follow","max-snippet":"max-snippet:-1","max-image-preview":"max-image-preview:large","max-video-preview":"max-video-preview:-1"},"canonical":"https:\/\/www.eldiario.net\/portal\/2022\/12\/12\/industria-nacional-apuesta-por-el-consumidor-boliviano\/","og_locale":"es_ES","og_type":"article","og_title":"Industria nacional apuesta por el consumidor boliviano - El Diario - Bolivia","og_description":"La industria de la construcci\u00f3n es importante para el desarrollo de un pa\u00eds, pues proporciona elementos b\u00e1sicos para el bienestar de la sociedad al construir escuelas, hospitales, casas, entre otros. La cer\u00e1mica es uno de los materiales m\u00e1s utilizados para la obra fina y en el pa\u00eds existen cerca de 5 empresas dedicadas a este [&hellip;]","og_url":"https:\/\/www.eldiario.net\/portal\/2022\/12\/12\/industria-nacional-apuesta-por-el-consumidor-boliviano\/","og_site_name":"El Diario - Bolivia","article_publisher":"https:\/\/www.facebook.com\/eldiario.bolivia\/","article_published_time":"2022-12-12T10:38:51+00:00","author":"Jeanette","twitter_card":"summary_large_image","twitter_creator":"@eldiario_net","twitter_site":"@eldiario_net","twitter_misc":{"Escrito por":"Jeanette","Tiempo de lectura":"3 minutos"},"schema":{"@context":"https:\/\/schema.org","@graph":[{"@type":"Article","@id":"https:\/\/www.eldiario.net\/portal\/2022\/12\/12\/industria-nacional-apuesta-por-el-consumidor-boliviano\/#article","isPartOf":{"@id":"https:\/\/www.eldiario.net\/portal\/2022\/12\/12\/industria-nacional-apuesta-por-el-consumidor-boliviano\/"},"author":{"name":"Jeanette","@id":"https:\/\/www.eldiario.net\/portal\/#\/schema\/person\/f46445640444750d7d753ccd04ae01b7"},"headline":"Industria nacional apuesta por el consumidor boliviano","datePublished":"2022-12-12T10:38:51+00:00","mainEntityOfPage":{"@id":"https:\/\/www.eldiario.net\/portal\/2022\/12\/12\/industria-nacional-apuesta-por-el-consumidor-boliviano\/"},"wordCount":648,"publisher":{"@id":"https:\/\/www.eldiario.net\/portal\/#organization"},"image":{"@id":"https:\/\/www.eldiario.net\/portal\/2022\/12\/12\/industria-nacional-apuesta-por-el-consumidor-boliviano\/#primaryimage"},"thumbnailUrl":"","articleSection":["Econom\u00eda"],"inLanguage":"es"},{"@type":"WebPage","@id":"https:\/\/www.eldiario.net\/portal\/2022\/12\/12\/industria-nacional-apuesta-por-el-consumidor-boliviano\/","url":"https:\/\/www.eldiario.net\/portal\/2022\/12\/12\/industria-nacional-apuesta-por-el-consumidor-boliviano\/","name":"Industria nacional apuesta por el consumidor boliviano - El Diario - Bolivia","isPartOf":{"@id":"https:\/\/www.eldiario.net\/portal\/#website"},"primaryImageOfPage":{"@id":"https:\/\/www.eldiario.net\/portal\/2022\/12\/12\/industria-nacional-apuesta-por-el-consumidor-boliviano\/#primaryimage"},"image":{"@id":"https:\/\/www.eldiario.net\/portal\/2022\/12\/12\/industria-nacional-apuesta-por-el-consumidor-boliviano\/#primaryimage"},"thumbnailUrl":"","datePublished":"2022-12-12T10:38:51+00:00","breadcrumb":{"@id":"https:\/\/www.eldiario.net\/portal\/2022\/12\/12\/industria-nacional-apuesta-por-el-consumidor-boliviano\/#breadcrumb"},"inLanguage":"es","potentialAction":[{"@type":"ReadAction","target":["https:\/\/www.eldiario.net\/portal\/2022\/12\/12\/industria-nacional-apuesta-por-el-consumidor-boliviano\/"]}]},{"@type":"ImageObject","inLanguage":"es","@id":"https:\/\/www.eldiario.net\/portal\/2022\/12\/12\/industria-nacional-apuesta-por-el-consumidor-boliviano\/#primaryimage","url":"","contentUrl":""},{"@type":"BreadcrumbList","@id":"https:\/\/www.eldiario.net\/portal\/2022\/12\/12\/industria-nacional-apuesta-por-el-consumidor-boliviano\/#breadcrumb","itemListElement":[{"@type":"ListItem","position":1,"name":"Portada","item":"https:\/\/www.eldiario.net\/portal\/"},{"@type":"ListItem","position":2,"name":"Industria nacional apuesta por el consumidor boliviano"}]},{"@type":"WebSite","@id":"https:\/\/www.eldiario.net\/portal\/#website","url":"https:\/\/www.eldiario.net\/portal\/","name":"El Diario - Decano de la prensa nacional","description":"El Diario - Decano de la prensa nacional","publisher":{"@id":"https:\/\/www.eldiario.net\/portal\/#organization"},"potentialAction":[{"@type":"SearchAction","target":{"@type":"EntryPoint","urlTemplate":"https:\/\/www.eldiario.net\/portal\/?s={search_term_string}"},"query-input":{"@type":"PropertyValueSpecification","valueRequired":true,"valueName":"search_term_string"}}],"inLanguage":"es"},{"@type":"Organization","@id":"https:\/\/www.eldiario.net\/portal\/#organization","name":"El Diario - Decano de la prensa nacional","url":"https:\/\/www.eldiario.net\/portal\/","logo":{"@type":"ImageObject","inLanguage":"es","@id":"https:\/\/www.eldiario.net\/portal\/#\/schema\/logo\/image\/","url":"https:\/\/www.eldiario.net\/portal\/wp-content\/uploads\/2023\/07\/logo_ED.jpg","contentUrl":"https:\/\/www.eldiario.net\/portal\/wp-content\/uploads\/2023\/07\/logo_ED.jpg","width":272,"height":52,"caption":"El Diario - Decano de la prensa nacional"},"image":{"@id":"https:\/\/www.eldiario.net\/portal\/#\/schema\/logo\/image\/"},"sameAs":["https:\/\/www.facebook.com\/eldiario.bolivia\/","https:\/\/x.com\/eldiario_net"]},{"@type":"Person","@id":"https:\/\/www.eldiario.net\/portal\/#\/schema\/person\/f46445640444750d7d753ccd04ae01b7","name":"Jeanette","image":{"@type":"ImageObject","inLanguage":"es","@id":"https:\/\/secure.gravatar.com\/avatar\/3ea2118a5f7dad2b7138b1187a6b7ee55f160b9968b66013c3a3ef39dd7e5798?s=96&d=mm&r=g","url":"https:\/\/secure.gravatar.com\/avatar\/3ea2118a5f7dad2b7138b1187a6b7ee55f160b9968b66013c3a3ef39dd7e5798?s=96&d=mm&r=g","contentUrl":"https:\/\/secure.gravatar.com\/avatar\/3ea2118a5f7dad2b7138b1187a6b7ee55f160b9968b66013c3a3ef39dd7e5798?s=96&d=mm&r=g","caption":"Jeanette"},"sameAs":["https:\/\/www.eldiario.net\/portal"],"url":"https:\/\/www.eldiario.net\/portal\/author\/jeanette\/"}]}},"_links":{"self":[{"href":"https:\/\/www.eldiario.net\/portal\/wp-json\/wp\/v2\/posts\/127164","targetHints":{"allow":["GET"]}}],"collection":[{"href":"https:\/\/www.eldiario.net\/portal\/wp-json\/wp\/v2\/posts"}],"about":[{"href":"https:\/\/www.eldiario.net\/portal\/wp-json\/wp\/v2\/types\/post"}],"author":[{"embeddable":true,"href":"https:\/\/www.eldiario.net\/portal\/wp-json\/wp\/v2\/users\/1"}],"replies":[{"embeddable":true,"href":"https:\/\/www.eldiario.net\/portal\/wp-json\/wp\/v2\/comments?post=127164"}],"version-history":[{"count":0,"href":"https:\/\/www.eldiario.net\/portal\/wp-json\/wp\/v2\/posts\/127164\/revisions"}],"wp:attachment":[{"href":"https:\/\/www.eldiario.net\/portal\/wp-json\/wp\/v2\/media?parent=127164"}],"wp:term":[{"taxonomy":"category","embeddable":true,"href":"https:\/\/www.eldiario.net\/portal\/wp-json\/wp\/v2\/categories?post=127164"},{"taxonomy":"post_tag","embeddable":true,"href":"https:\/\/www.eldiario.net\/portal\/wp-json\/wp\/v2\/tags?post=127164"}],"curies":[{"name":"wp","href":"https:\/\/api.w.org\/{rel}","templated":true}]}}