{"id":127161,"date":"2022-12-12T06:36:57","date_gmt":"2022-12-12T10:36:57","guid":{"rendered":"https:\/\/www.eldiario.net\/portal\/?p=127161"},"modified":"2022-12-12T06:36:57","modified_gmt":"2022-12-12T10:36:57","slug":"piden-a-poblacion-completar-vacunacion-y-usar-barbijo","status":"publish","type":"post","link":"https:\/\/www.eldiario.net\/portal\/2022\/12\/12\/piden-a-poblacion-completar-vacunacion-y-usar-barbijo\/","title":{"rendered":"Piden a poblaci\u00f3n completar  vacunaci\u00f3n y usar barbijo"},"content":{"rendered":"<p>Las autoridades locales y nacionales pidieron a la poblaci\u00f3n completar su esquema de vacunaci\u00f3n para combatir el covid-19, debido a la sexta ola. El Ministerio de Salud ya habilit\u00f3 la quinta dosis.<br \/>\nAnte la nueva variante del covid-19, y la llegada de la sexta ola, las autoridades sanitarias recomendaron a los ciudadanos cumplir con su esquema de las dosis, as\u00ed como usar barbijos en lugares cerrados, y no olvidarse de la higiene.<br \/>\nEx\u00e1menes gen\u00f3micos detectaron en Bolivia las sub variantes de la \u00d3micron, BQ1 y BQ 1.1, que se present\u00f3 en La Paz a principios de noviembre y Santa Cruz en octubre, informaron los medios a fines del pasado mes.<br \/>\nLas sub variantes tienen un mayor nivel de transmisibilidad, pero no representa una alarma, de acuerdo a las autoridades sanitarias a tiempo de indicar que las medidas de bioseguridad contra la covid-19 deben mantenerse.<br \/>\nAlgunos investigadores apuntan que hasta el 30% son m\u00e1s contagiosas que sus predecesoras BA.4 y BA.5 (las dominantes en la actualidad) y en redes sociales se la denomina como \u2018perro del infierno\u2019 o Cerbero, que alude al can del Dios Hades en la mitolog\u00eda griega.<br \/>\nEntre los s\u00edntomas de las nuevas sub variantes est\u00e1n: Tos, Dolor de garganta, Fatiga, Malestar general, Diarrea, Congesti\u00f3n y la secreci\u00f3n nasal, Dolor de cabeza, Fiebre, Dolores musculares, P\u00e9rdida del olfato o el gusto, Sensaci\u00f3n de falta de aire y Aceleramiento del Ritmo card\u00edaco.<br \/>\nEsquema<br \/>\nMientras tanto, la secretaria municipal de Salud y Deportes, Cecilia Vargas, exhort\u00f3, la semana pasada, a la poblaci\u00f3n de La Paz a completar los esquemas de vacunaci\u00f3n contra el covid-19 para evitar cuadros graves del contagio ante la sexta ola de la enfermedad y la aparici\u00f3n de subvariantes que ser\u00edan m\u00e1s contagiosas que otras cepas.<br \/>\n\u00abSeguir recomendando a la poblaci\u00f3n de que se vacunen, que complete esquemas, tenemos Auxilio La Paz 167, ubicado en el Parque Urbano Central, donde pueden vacunarse las 24 horas. Tambi\u00e9n ah\u00ed se est\u00e1n haciendo pruebas de ant\u00edgeno nasal para Covid-19\u00bb, afirm\u00f3 Vargas.<br \/>\nLament\u00f3 que las dosis de refuerzo, tercera y cuarta dosis, tengan coberturas menores, del 40 y 12%, respectivamente. Mientras que el porcentaje de vacunaci\u00f3n en menores de cinco a 17 a\u00f1os lleg\u00f3 al 77%.<br \/>\n\u00abLa primera y segunda dosis s\u00ed tenemos buena cobertura, la tercera dosis en la ciudad de La Paz llegamos a un 40% y en la cuarta dosis estamos llegando a 12%, es decir que la cuarta dosis o la segunda de refuerzo est\u00e1 con baja cobertura\u00bb, dijo Vargas.<br \/>\nAsimismo, confirm\u00f3 el inicio de la sexta ola, ya que por cuatro semanas consecutivas, en el municipio pace\u00f1o, los contagios aumentaron. S\u00f3lo en la \u00faltima semana epidemiol\u00f3gica, la n\u00famero 49, del domingo 27 de noviembre al s\u00e1bado 3 de diciembre, la cantidad de casos lleg\u00f3 a 380, el 129% de aumento en comparaci\u00f3n a la semana anterior.<br \/>\nEl pasado lunes 5, el ministro de Salud, Jeyson Auza, confirm\u00f3 el inicio de la sexta ola covid-19 en el pa\u00eds y el aumento de los contagios en 203%, ya que en la semana 48 se registraron 1.608 personas infectadas. Tambi\u00e9n pidi\u00f3 a la poblaci\u00f3n completar los esquemas de vacunaci\u00f3n y retomar las medidas de bioseguridad, seg\u00fan la AMN. (El diario y agencias)<\/p>\n","protected":false},"excerpt":{"rendered":"<p>Las autoridades locales y nacionales pidieron a la poblaci\u00f3n completar su esquema de vacunaci\u00f3n para combatir el covid-19, debido a la sexta ola. El Ministerio de Salud ya habilit\u00f3 la quinta dosis. Ante la nueva variante del covid-19, y la llegada de la sexta ola, las autoridades sanitarias recomendaron a los ciudadanos cumplir con su [&hellip;]<\/p>\n","protected":false},"author":1,"featured_media":127162,"comment_status":"closed","ping_status":"closed","sticky":false,"template":"","format":"standard","meta":{"_acf_changed":false,"footnotes":""},"categories":[12],"tags":[],"class_list":["post-127161","post","type-post","status-publish","format-standard","has-post-thumbnail","category-nacional"],"acf":{"antetitulo":""},"yoast_head":"<!-- This site is optimized with the Yoast SEO plugin v28.4 - https:\/\/yoast.com\/product\/yoast-seo-wordpress\/ -->\n<title>Piden a poblaci\u00f3n completar vacunaci\u00f3n y usar barbijo - El Diario - Bolivia<\/title>\n<meta name=\"robots\" content=\"index, follow, max-snippet:-1, max-image-preview:large, max-video-preview:-1\" \/>\n<link rel=\"canonical\" href=\"https:\/\/www.eldiario.net\/portal\/2022\/12\/12\/piden-a-poblacion-completar-vacunacion-y-usar-barbijo\/\" \/>\n<meta property=\"og:locale\" content=\"es_ES\" \/>\n<meta property=\"og:type\" content=\"article\" \/>\n<meta property=\"og:title\" content=\"Piden a poblaci\u00f3n completar vacunaci\u00f3n y usar barbijo - El Diario - Bolivia\" \/>\n<meta property=\"og:description\" content=\"Las autoridades locales y nacionales pidieron a la poblaci\u00f3n completar su esquema de vacunaci\u00f3n para combatir el covid-19, debido a la sexta ola. El Ministerio de Salud ya habilit\u00f3 la quinta dosis. Ante la nueva variante del covid-19, y la llegada de la sexta ola, las autoridades sanitarias recomendaron a los ciudadanos cumplir con su [&hellip;]\" \/>\n<meta property=\"og:url\" content=\"https:\/\/www.eldiario.net\/portal\/2022\/12\/12\/piden-a-poblacion-completar-vacunacion-y-usar-barbijo\/\" \/>\n<meta property=\"og:site_name\" content=\"El Diario - Bolivia\" \/>\n<meta property=\"article:publisher\" content=\"https:\/\/www.facebook.com\/eldiario.bolivia\/\" \/>\n<meta property=\"article:published_time\" content=\"2022-12-12T10:36:57+00:00\" \/>\n<meta name=\"author\" content=\"Jeanette\" \/>\n<meta name=\"twitter:card\" content=\"summary_large_image\" \/>\n<meta name=\"twitter:creator\" content=\"@eldiario_net\" \/>\n<meta name=\"twitter:site\" content=\"@eldiario_net\" \/>\n<meta name=\"twitter:label1\" content=\"Escrito por\" \/>\n\t<meta name=\"twitter:data1\" content=\"Jeanette\" \/>\n\t<meta name=\"twitter:label2\" content=\"Tiempo de lectura\" \/>\n\t<meta name=\"twitter:data2\" content=\"3 minutos\" \/>\n<script type=\"application\/ld+json\" class=\"yoast-schema-graph\">{\"@context\":\"https:\\\/\\\/schema.org\",\"@graph\":[{\"@type\":\"Article\",\"@id\":\"https:\\\/\\\/www.eldiario.net\\\/portal\\\/2022\\\/12\\\/12\\\/piden-a-poblacion-completar-vacunacion-y-usar-barbijo\\\/#article\",\"isPartOf\":{\"@id\":\"https:\\\/\\\/www.eldiario.net\\\/portal\\\/2022\\\/12\\\/12\\\/piden-a-poblacion-completar-vacunacion-y-usar-barbijo\\\/\"},\"author\":{\"name\":\"Jeanette\",\"@id\":\"https:\\\/\\\/www.eldiario.net\\\/portal\\\/#\\\/schema\\\/person\\\/f46445640444750d7d753ccd04ae01b7\"},\"headline\":\"Piden a poblaci\u00f3n completar vacunaci\u00f3n y usar barbijo\",\"datePublished\":\"2022-12-12T10:36:57+00:00\",\"mainEntityOfPage\":{\"@id\":\"https:\\\/\\\/www.eldiario.net\\\/portal\\\/2022\\\/12\\\/12\\\/piden-a-poblacion-completar-vacunacion-y-usar-barbijo\\\/\"},\"wordCount\":559,\"publisher\":{\"@id\":\"https:\\\/\\\/www.eldiario.net\\\/portal\\\/#organization\"},\"image\":{\"@id\":\"https:\\\/\\\/www.eldiario.net\\\/portal\\\/2022\\\/12\\\/12\\\/piden-a-poblacion-completar-vacunacion-y-usar-barbijo\\\/#primaryimage\"},\"thumbnailUrl\":\"\",\"articleSection\":[\"Nacional\"],\"inLanguage\":\"es\"},{\"@type\":\"WebPage\",\"@id\":\"https:\\\/\\\/www.eldiario.net\\\/portal\\\/2022\\\/12\\\/12\\\/piden-a-poblacion-completar-vacunacion-y-usar-barbijo\\\/\",\"url\":\"https:\\\/\\\/www.eldiario.net\\\/portal\\\/2022\\\/12\\\/12\\\/piden-a-poblacion-completar-vacunacion-y-usar-barbijo\\\/\",\"name\":\"Piden a poblaci\u00f3n completar vacunaci\u00f3n y usar barbijo - El Diario - Bolivia\",\"isPartOf\":{\"@id\":\"https:\\\/\\\/www.eldiario.net\\\/portal\\\/#website\"},\"primaryImageOfPage\":{\"@id\":\"https:\\\/\\\/www.eldiario.net\\\/portal\\\/2022\\\/12\\\/12\\\/piden-a-poblacion-completar-vacunacion-y-usar-barbijo\\\/#primaryimage\"},\"image\":{\"@id\":\"https:\\\/\\\/www.eldiario.net\\\/portal\\\/2022\\\/12\\\/12\\\/piden-a-poblacion-completar-vacunacion-y-usar-barbijo\\\/#primaryimage\"},\"thumbnailUrl\":\"\",\"datePublished\":\"2022-12-12T10:36:57+00:00\",\"breadcrumb\":{\"@id\":\"https:\\\/\\\/www.eldiario.net\\\/portal\\\/2022\\\/12\\\/12\\\/piden-a-poblacion-completar-vacunacion-y-usar-barbijo\\\/#breadcrumb\"},\"inLanguage\":\"es\",\"potentialAction\":[{\"@type\":\"ReadAction\",\"target\":[\"https:\\\/\\\/www.eldiario.net\\\/portal\\\/2022\\\/12\\\/12\\\/piden-a-poblacion-completar-vacunacion-y-usar-barbijo\\\/\"]}]},{\"@type\":\"ImageObject\",\"inLanguage\":\"es\",\"@id\":\"https:\\\/\\\/www.eldiario.net\\\/portal\\\/2022\\\/12\\\/12\\\/piden-a-poblacion-completar-vacunacion-y-usar-barbijo\\\/#primaryimage\",\"url\":\"\",\"contentUrl\":\"\"},{\"@type\":\"BreadcrumbList\",\"@id\":\"https:\\\/\\\/www.eldiario.net\\\/portal\\\/2022\\\/12\\\/12\\\/piden-a-poblacion-completar-vacunacion-y-usar-barbijo\\\/#breadcrumb\",\"itemListElement\":[{\"@type\":\"ListItem\",\"position\":1,\"name\":\"Portada\",\"item\":\"https:\\\/\\\/www.eldiario.net\\\/portal\\\/\"},{\"@type\":\"ListItem\",\"position\":2,\"name\":\"Piden a poblaci\u00f3n completar vacunaci\u00f3n y usar barbijo\"}]},{\"@type\":\"WebSite\",\"@id\":\"https:\\\/\\\/www.eldiario.net\\\/portal\\\/#website\",\"url\":\"https:\\\/\\\/www.eldiario.net\\\/portal\\\/\",\"name\":\"El Diario - Decano de la prensa nacional\",\"description\":\"El Diario - Decano de la prensa nacional\",\"publisher\":{\"@id\":\"https:\\\/\\\/www.eldiario.net\\\/portal\\\/#organization\"},\"potentialAction\":[{\"@type\":\"SearchAction\",\"target\":{\"@type\":\"EntryPoint\",\"urlTemplate\":\"https:\\\/\\\/www.eldiario.net\\\/portal\\\/?s={search_term_string}\"},\"query-input\":{\"@type\":\"PropertyValueSpecification\",\"valueRequired\":true,\"valueName\":\"search_term_string\"}}],\"inLanguage\":\"es\"},{\"@type\":\"Organization\",\"@id\":\"https:\\\/\\\/www.eldiario.net\\\/portal\\\/#organization\",\"name\":\"El Diario - Decano de la prensa nacional\",\"url\":\"https:\\\/\\\/www.eldiario.net\\\/portal\\\/\",\"logo\":{\"@type\":\"ImageObject\",\"inLanguage\":\"es\",\"@id\":\"https:\\\/\\\/www.eldiario.net\\\/portal\\\/#\\\/schema\\\/logo\\\/image\\\/\",\"url\":\"https:\\\/\\\/www.eldiario.net\\\/portal\\\/wp-content\\\/uploads\\\/2023\\\/07\\\/logo_ED.jpg\",\"contentUrl\":\"https:\\\/\\\/www.eldiario.net\\\/portal\\\/wp-content\\\/uploads\\\/2023\\\/07\\\/logo_ED.jpg\",\"width\":272,\"height\":52,\"caption\":\"El Diario - Decano de la prensa nacional\"},\"image\":{\"@id\":\"https:\\\/\\\/www.eldiario.net\\\/portal\\\/#\\\/schema\\\/logo\\\/image\\\/\"},\"sameAs\":[\"https:\\\/\\\/www.facebook.com\\\/eldiario.bolivia\\\/\",\"https:\\\/\\\/x.com\\\/eldiario_net\"]},{\"@type\":\"Person\",\"@id\":\"https:\\\/\\\/www.eldiario.net\\\/portal\\\/#\\\/schema\\\/person\\\/f46445640444750d7d753ccd04ae01b7\",\"name\":\"Jeanette\",\"image\":{\"@type\":\"ImageObject\",\"inLanguage\":\"es\",\"@id\":\"https:\\\/\\\/secure.gravatar.com\\\/avatar\\\/3ea2118a5f7dad2b7138b1187a6b7ee55f160b9968b66013c3a3ef39dd7e5798?s=96&d=mm&r=g\",\"url\":\"https:\\\/\\\/secure.gravatar.com\\\/avatar\\\/3ea2118a5f7dad2b7138b1187a6b7ee55f160b9968b66013c3a3ef39dd7e5798?s=96&d=mm&r=g\",\"contentUrl\":\"https:\\\/\\\/secure.gravatar.com\\\/avatar\\\/3ea2118a5f7dad2b7138b1187a6b7ee55f160b9968b66013c3a3ef39dd7e5798?s=96&d=mm&r=g\",\"caption\":\"Jeanette\"},\"sameAs\":[\"https:\\\/\\\/www.eldiario.net\\\/portal\"],\"url\":\"https:\\\/\\\/www.eldiario.net\\\/portal\\\/author\\\/jeanette\\\/\"}]}<\/script>\n<!-- \/ Yoast SEO plugin. -->","yoast_head_json":{"title":"Piden a poblaci\u00f3n completar vacunaci\u00f3n y usar barbijo - El Diario - Bolivia","robots":{"index":"index","follow":"follow","max-snippet":"max-snippet:-1","max-image-preview":"max-image-preview:large","max-video-preview":"max-video-preview:-1"},"canonical":"https:\/\/www.eldiario.net\/portal\/2022\/12\/12\/piden-a-poblacion-completar-vacunacion-y-usar-barbijo\/","og_locale":"es_ES","og_type":"article","og_title":"Piden a poblaci\u00f3n completar vacunaci\u00f3n y usar barbijo - El Diario - Bolivia","og_description":"Las autoridades locales y nacionales pidieron a la poblaci\u00f3n completar su esquema de vacunaci\u00f3n para combatir el covid-19, debido a la sexta ola. El Ministerio de Salud ya habilit\u00f3 la quinta dosis. Ante la nueva variante del covid-19, y la llegada de la sexta ola, las autoridades sanitarias recomendaron a los ciudadanos cumplir con su [&hellip;]","og_url":"https:\/\/www.eldiario.net\/portal\/2022\/12\/12\/piden-a-poblacion-completar-vacunacion-y-usar-barbijo\/","og_site_name":"El Diario - Bolivia","article_publisher":"https:\/\/www.facebook.com\/eldiario.bolivia\/","article_published_time":"2022-12-12T10:36:57+00:00","author":"Jeanette","twitter_card":"summary_large_image","twitter_creator":"@eldiario_net","twitter_site":"@eldiario_net","twitter_misc":{"Escrito por":"Jeanette","Tiempo de lectura":"3 minutos"},"schema":{"@context":"https:\/\/schema.org","@graph":[{"@type":"Article","@id":"https:\/\/www.eldiario.net\/portal\/2022\/12\/12\/piden-a-poblacion-completar-vacunacion-y-usar-barbijo\/#article","isPartOf":{"@id":"https:\/\/www.eldiario.net\/portal\/2022\/12\/12\/piden-a-poblacion-completar-vacunacion-y-usar-barbijo\/"},"author":{"name":"Jeanette","@id":"https:\/\/www.eldiario.net\/portal\/#\/schema\/person\/f46445640444750d7d753ccd04ae01b7"},"headline":"Piden a poblaci\u00f3n completar vacunaci\u00f3n y usar barbijo","datePublished":"2022-12-12T10:36:57+00:00","mainEntityOfPage":{"@id":"https:\/\/www.eldiario.net\/portal\/2022\/12\/12\/piden-a-poblacion-completar-vacunacion-y-usar-barbijo\/"},"wordCount":559,"publisher":{"@id":"https:\/\/www.eldiario.net\/portal\/#organization"},"image":{"@id":"https:\/\/www.eldiario.net\/portal\/2022\/12\/12\/piden-a-poblacion-completar-vacunacion-y-usar-barbijo\/#primaryimage"},"thumbnailUrl":"","articleSection":["Nacional"],"inLanguage":"es"},{"@type":"WebPage","@id":"https:\/\/www.eldiario.net\/portal\/2022\/12\/12\/piden-a-poblacion-completar-vacunacion-y-usar-barbijo\/","url":"https:\/\/www.eldiario.net\/portal\/2022\/12\/12\/piden-a-poblacion-completar-vacunacion-y-usar-barbijo\/","name":"Piden a poblaci\u00f3n completar vacunaci\u00f3n y usar barbijo - El Diario - Bolivia","isPartOf":{"@id":"https:\/\/www.eldiario.net\/portal\/#website"},"primaryImageOfPage":{"@id":"https:\/\/www.eldiario.net\/portal\/2022\/12\/12\/piden-a-poblacion-completar-vacunacion-y-usar-barbijo\/#primaryimage"},"image":{"@id":"https:\/\/www.eldiario.net\/portal\/2022\/12\/12\/piden-a-poblacion-completar-vacunacion-y-usar-barbijo\/#primaryimage"},"thumbnailUrl":"","datePublished":"2022-12-12T10:36:57+00:00","breadcrumb":{"@id":"https:\/\/www.eldiario.net\/portal\/2022\/12\/12\/piden-a-poblacion-completar-vacunacion-y-usar-barbijo\/#breadcrumb"},"inLanguage":"es","potentialAction":[{"@type":"ReadAction","target":["https:\/\/www.eldiario.net\/portal\/2022\/12\/12\/piden-a-poblacion-completar-vacunacion-y-usar-barbijo\/"]}]},{"@type":"ImageObject","inLanguage":"es","@id":"https:\/\/www.eldiario.net\/portal\/2022\/12\/12\/piden-a-poblacion-completar-vacunacion-y-usar-barbijo\/#primaryimage","url":"","contentUrl":""},{"@type":"BreadcrumbList","@id":"https:\/\/www.eldiario.net\/portal\/2022\/12\/12\/piden-a-poblacion-completar-vacunacion-y-usar-barbijo\/#breadcrumb","itemListElement":[{"@type":"ListItem","position":1,"name":"Portada","item":"https:\/\/www.eldiario.net\/portal\/"},{"@type":"ListItem","position":2,"name":"Piden a poblaci\u00f3n completar vacunaci\u00f3n y usar barbijo"}]},{"@type":"WebSite","@id":"https:\/\/www.eldiario.net\/portal\/#website","url":"https:\/\/www.eldiario.net\/portal\/","name":"El Diario - Decano de la prensa nacional","description":"El Diario - Decano de la prensa nacional","publisher":{"@id":"https:\/\/www.eldiario.net\/portal\/#organization"},"potentialAction":[{"@type":"SearchAction","target":{"@type":"EntryPoint","urlTemplate":"https:\/\/www.eldiario.net\/portal\/?s={search_term_string}"},"query-input":{"@type":"PropertyValueSpecification","valueRequired":true,"valueName":"search_term_string"}}],"inLanguage":"es"},{"@type":"Organization","@id":"https:\/\/www.eldiario.net\/portal\/#organization","name":"El Diario - Decano de la prensa nacional","url":"https:\/\/www.eldiario.net\/portal\/","logo":{"@type":"ImageObject","inLanguage":"es","@id":"https:\/\/www.eldiario.net\/portal\/#\/schema\/logo\/image\/","url":"https:\/\/www.eldiario.net\/portal\/wp-content\/uploads\/2023\/07\/logo_ED.jpg","contentUrl":"https:\/\/www.eldiario.net\/portal\/wp-content\/uploads\/2023\/07\/logo_ED.jpg","width":272,"height":52,"caption":"El Diario - Decano de la prensa nacional"},"image":{"@id":"https:\/\/www.eldiario.net\/portal\/#\/schema\/logo\/image\/"},"sameAs":["https:\/\/www.facebook.com\/eldiario.bolivia\/","https:\/\/x.com\/eldiario_net"]},{"@type":"Person","@id":"https:\/\/www.eldiario.net\/portal\/#\/schema\/person\/f46445640444750d7d753ccd04ae01b7","name":"Jeanette","image":{"@type":"ImageObject","inLanguage":"es","@id":"https:\/\/secure.gravatar.com\/avatar\/3ea2118a5f7dad2b7138b1187a6b7ee55f160b9968b66013c3a3ef39dd7e5798?s=96&d=mm&r=g","url":"https:\/\/secure.gravatar.com\/avatar\/3ea2118a5f7dad2b7138b1187a6b7ee55f160b9968b66013c3a3ef39dd7e5798?s=96&d=mm&r=g","contentUrl":"https:\/\/secure.gravatar.com\/avatar\/3ea2118a5f7dad2b7138b1187a6b7ee55f160b9968b66013c3a3ef39dd7e5798?s=96&d=mm&r=g","caption":"Jeanette"},"sameAs":["https:\/\/www.eldiario.net\/portal"],"url":"https:\/\/www.eldiario.net\/portal\/author\/jeanette\/"}]}},"_links":{"self":[{"href":"https:\/\/www.eldiario.net\/portal\/wp-json\/wp\/v2\/posts\/127161","targetHints":{"allow":["GET"]}}],"collection":[{"href":"https:\/\/www.eldiario.net\/portal\/wp-json\/wp\/v2\/posts"}],"about":[{"href":"https:\/\/www.eldiario.net\/portal\/wp-json\/wp\/v2\/types\/post"}],"author":[{"embeddable":true,"href":"https:\/\/www.eldiario.net\/portal\/wp-json\/wp\/v2\/users\/1"}],"replies":[{"embeddable":true,"href":"https:\/\/www.eldiario.net\/portal\/wp-json\/wp\/v2\/comments?post=127161"}],"version-history":[{"count":0,"href":"https:\/\/www.eldiario.net\/portal\/wp-json\/wp\/v2\/posts\/127161\/revisions"}],"wp:attachment":[{"href":"https:\/\/www.eldiario.net\/portal\/wp-json\/wp\/v2\/media?parent=127161"}],"wp:term":[{"taxonomy":"category","embeddable":true,"href":"https:\/\/www.eldiario.net\/portal\/wp-json\/wp\/v2\/categories?post=127161"},{"taxonomy":"post_tag","embeddable":true,"href":"https:\/\/www.eldiario.net\/portal\/wp-json\/wp\/v2\/tags?post=127161"}],"curies":[{"name":"wp","href":"https:\/\/api.w.org\/{rel}","templated":true}]}}