{"id":126981,"date":"2022-12-11T06:57:08","date_gmt":"2022-12-11T10:57:08","guid":{"rendered":"https:\/\/www.eldiario.net\/portal\/?p=126981"},"modified":"2022-12-11T06:57:08","modified_gmt":"2022-12-11T10:57:08","slug":"kosovo-aplaza-sus-elecciones-locales-en-medio-de-un-boicot","status":"publish","type":"post","link":"https:\/\/www.eldiario.net\/portal\/2022\/12\/11\/kosovo-aplaza-sus-elecciones-locales-en-medio-de-un-boicot\/","title":{"rendered":"Kosovo aplaza sus elecciones  locales en medio de un boicot"},"content":{"rendered":"<p>La presidenta de Kosovo, Vjosa Osmani, anunci\u00f3 el aplazamiento de las elecciones locales en el norte de cuatro municipios de mayor\u00eda serbia, en medio de una par\u00e1lisis institucional por la dimisi\u00f3n de sus alcaldes, jueces y agentes de Polic\u00eda, la renuncia de partidos serbios a participar en la vida pol\u00edtica, todo en medio de una crisis que intensific\u00f3 estos d\u00edas hasta registrar actos de violencia espor\u00e1dicos.<br \/>\nLos comicios, previstos inicialmente para el 18 de diciembre, fueron aplazados para el 23 de abril de 2023 seg\u00fan el comunicado presidencial.<br \/>\nEl 15 de noviembre, el partido Lista Serbia de Kosovo declar\u00f3 su renuncia total y completa a las elecciones locales, donde estaba prevista la elecci\u00f3n de los alcaldes de cuatro municipios de mayor\u00eda serbia: Mitrovica Norte, Zubin Potok, Leposavic y Zvecan, todos gobernados por alcaldes de esta formaci\u00f3n, que hab\u00edan dimitido cinco d\u00edas antes.<br \/>\nEl boicot fue el \u00faltimo episodio de la larga serie de enfrentamientos con Serbia sobre las placas de identificaci\u00f3n de los veh\u00edculos, emitidas por Serbia, y cuyas competencias Kosovo pretend\u00eda asumir hasta un acuerdo alcanzado a finales de noviembre por mediaci\u00f3n de la UE.<br \/>\nLas hostilidades se fueron intensificando en los \u00faltimos d\u00edas. El primer ministro kosovar, Albin Kurti, denunci\u00f3 ataques de bandas criminales en el norte y seg\u00fan informaron algunos medios, un agente de Polic\u00eda result\u00f3 herido leve tras recibir disparos serbios en Zvecan.<br \/>\nLa situaci\u00f3n es extremadamente tensa en Mitrovica, donde fueron desplegados 300 efectivos de la Polic\u00eda kosovar para mantener la calma entre los ciudadanos albanokosovares y la mayor\u00eda serbia.<\/p>\n<p>CIERRE EN LA FRONTERA<br \/>\nLa crisis se agrav\u00f3 todav\u00eda m\u00e1s ayer en los pasos fronterizos de Jarinje y Brnjak, entre Serbia y Kosovo, ahora mismo cerrados por la Polic\u00eda de Kosovo y donde, seg\u00fan el peri\u00f3dico Vecherne Novosti, Internet y las comunicaciones m\u00f3viles funcionan de manera irregular.<br \/>\nEl motivo parece ser doble: primero, la detenci\u00f3n del ex agente de polic\u00eda serbokosovar Dejan Pantic tras regresar de compras con su familia. Pantic era uno de los 600 agentes que decidi\u00f3 abandonar su puesto.<br \/>\nEl responsable de las relaciones entre Serbia y Kosovo, Petar Petkovic, describi\u00f3 la detenci\u00f3n de Pantic como una brutal represalia de (el primer ministro kosovar, Albin) Kurti, al que ahora le dio por perseguir a polic\u00edas serbios sin motivo alguno.<br \/>\nPoco despu\u00e9s, el presidente serbio, Aleksandar Vucic, se pronunci\u00f3 sobre el tema. \u201cAl parecer, Pantic cometi\u00f3 el terrible crimen de traer pan. He hablado con su esposa y la promet\u00ed que nos encargaremos de esto\u201d, anunci\u00f3 el presidente.<br \/>\nEl segundo fueron las declaraciones realizadas por la primera ministra serbia, Ana Brnabic, quien lleg\u00f3 a insinuar la idea de desplazar tropas a la frontera con Kosovo en unos comentarios que Osmani describi\u00f3 como una \u201camenaza abierta de agresi\u00f3n policial y militar\u201d.(Europa Press).<\/p>\n","protected":false},"excerpt":{"rendered":"<p>La presidenta de Kosovo, Vjosa Osmani, anunci\u00f3 el aplazamiento de las elecciones locales en el norte de cuatro municipios de mayor\u00eda serbia, en medio de una par\u00e1lisis institucional por la dimisi\u00f3n de sus alcaldes, jueces y agentes de Polic\u00eda, la renuncia de partidos serbios a participar en la vida pol\u00edtica, todo en medio de una [&hellip;]<\/p>\n","protected":false},"author":1,"featured_media":126982,"comment_status":"closed","ping_status":"closed","sticky":false,"template":"","format":"standard","meta":{"_acf_changed":false,"footnotes":""},"categories":[3],"tags":[],"class_list":["post-126981","post","type-post","status-publish","format-standard","has-post-thumbnail","category-internacional"],"acf":{"antetitulo":""},"yoast_head":"<!-- This site is optimized with the Yoast SEO plugin v28.3 - https:\/\/yoast.com\/product\/yoast-seo-wordpress\/ -->\n<title>Kosovo aplaza sus elecciones locales en medio de un boicot - El Diario - Bolivia<\/title>\n<meta name=\"robots\" content=\"index, follow, max-snippet:-1, max-image-preview:large, max-video-preview:-1\" \/>\n<link rel=\"canonical\" href=\"https:\/\/www.eldiario.net\/portal\/2022\/12\/11\/kosovo-aplaza-sus-elecciones-locales-en-medio-de-un-boicot\/\" \/>\n<meta property=\"og:locale\" content=\"es_ES\" \/>\n<meta property=\"og:type\" content=\"article\" \/>\n<meta property=\"og:title\" content=\"Kosovo aplaza sus elecciones locales en medio de un boicot - El Diario - Bolivia\" \/>\n<meta property=\"og:description\" content=\"La presidenta de Kosovo, Vjosa Osmani, anunci\u00f3 el aplazamiento de las elecciones locales en el norte de cuatro municipios de mayor\u00eda serbia, en medio de una par\u00e1lisis institucional por la dimisi\u00f3n de sus alcaldes, jueces y agentes de Polic\u00eda, la renuncia de partidos serbios a participar en la vida pol\u00edtica, todo en medio de una [&hellip;]\" \/>\n<meta property=\"og:url\" content=\"https:\/\/www.eldiario.net\/portal\/2022\/12\/11\/kosovo-aplaza-sus-elecciones-locales-en-medio-de-un-boicot\/\" \/>\n<meta property=\"og:site_name\" content=\"El Diario - Bolivia\" \/>\n<meta property=\"article:publisher\" content=\"https:\/\/www.facebook.com\/eldiario.bolivia\/\" \/>\n<meta property=\"article:published_time\" content=\"2022-12-11T10:57:08+00:00\" \/>\n<meta name=\"author\" content=\"Jeanette\" \/>\n<meta name=\"twitter:card\" content=\"summary_large_image\" \/>\n<meta name=\"twitter:creator\" content=\"@eldiario_net\" \/>\n<meta name=\"twitter:site\" content=\"@eldiario_net\" \/>\n<meta name=\"twitter:label1\" content=\"Escrito por\" \/>\n\t<meta name=\"twitter:data1\" content=\"Jeanette\" \/>\n\t<meta name=\"twitter:label2\" content=\"Tiempo de lectura\" \/>\n\t<meta name=\"twitter:data2\" content=\"3 minutos\" \/>\n<script type=\"application\/ld+json\" class=\"yoast-schema-graph\">{\"@context\":\"https:\\\/\\\/schema.org\",\"@graph\":[{\"@type\":\"Article\",\"@id\":\"https:\\\/\\\/www.eldiario.net\\\/portal\\\/2022\\\/12\\\/11\\\/kosovo-aplaza-sus-elecciones-locales-en-medio-de-un-boicot\\\/#article\",\"isPartOf\":{\"@id\":\"https:\\\/\\\/www.eldiario.net\\\/portal\\\/2022\\\/12\\\/11\\\/kosovo-aplaza-sus-elecciones-locales-en-medio-de-un-boicot\\\/\"},\"author\":{\"name\":\"Jeanette\",\"@id\":\"https:\\\/\\\/www.eldiario.net\\\/portal\\\/#\\\/schema\\\/person\\\/f46445640444750d7d753ccd04ae01b7\"},\"headline\":\"Kosovo aplaza sus elecciones locales en medio de un boicot\",\"datePublished\":\"2022-12-11T10:57:08+00:00\",\"mainEntityOfPage\":{\"@id\":\"https:\\\/\\\/www.eldiario.net\\\/portal\\\/2022\\\/12\\\/11\\\/kosovo-aplaza-sus-elecciones-locales-en-medio-de-un-boicot\\\/\"},\"wordCount\":498,\"publisher\":{\"@id\":\"https:\\\/\\\/www.eldiario.net\\\/portal\\\/#organization\"},\"image\":{\"@id\":\"https:\\\/\\\/www.eldiario.net\\\/portal\\\/2022\\\/12\\\/11\\\/kosovo-aplaza-sus-elecciones-locales-en-medio-de-un-boicot\\\/#primaryimage\"},\"thumbnailUrl\":\"\",\"articleSection\":[\"Internacional\"],\"inLanguage\":\"es\"},{\"@type\":\"WebPage\",\"@id\":\"https:\\\/\\\/www.eldiario.net\\\/portal\\\/2022\\\/12\\\/11\\\/kosovo-aplaza-sus-elecciones-locales-en-medio-de-un-boicot\\\/\",\"url\":\"https:\\\/\\\/www.eldiario.net\\\/portal\\\/2022\\\/12\\\/11\\\/kosovo-aplaza-sus-elecciones-locales-en-medio-de-un-boicot\\\/\",\"name\":\"Kosovo aplaza sus elecciones locales en medio de un boicot - El Diario - Bolivia\",\"isPartOf\":{\"@id\":\"https:\\\/\\\/www.eldiario.net\\\/portal\\\/#website\"},\"primaryImageOfPage\":{\"@id\":\"https:\\\/\\\/www.eldiario.net\\\/portal\\\/2022\\\/12\\\/11\\\/kosovo-aplaza-sus-elecciones-locales-en-medio-de-un-boicot\\\/#primaryimage\"},\"image\":{\"@id\":\"https:\\\/\\\/www.eldiario.net\\\/portal\\\/2022\\\/12\\\/11\\\/kosovo-aplaza-sus-elecciones-locales-en-medio-de-un-boicot\\\/#primaryimage\"},\"thumbnailUrl\":\"\",\"datePublished\":\"2022-12-11T10:57:08+00:00\",\"breadcrumb\":{\"@id\":\"https:\\\/\\\/www.eldiario.net\\\/portal\\\/2022\\\/12\\\/11\\\/kosovo-aplaza-sus-elecciones-locales-en-medio-de-un-boicot\\\/#breadcrumb\"},\"inLanguage\":\"es\",\"potentialAction\":[{\"@type\":\"ReadAction\",\"target\":[\"https:\\\/\\\/www.eldiario.net\\\/portal\\\/2022\\\/12\\\/11\\\/kosovo-aplaza-sus-elecciones-locales-en-medio-de-un-boicot\\\/\"]}]},{\"@type\":\"ImageObject\",\"inLanguage\":\"es\",\"@id\":\"https:\\\/\\\/www.eldiario.net\\\/portal\\\/2022\\\/12\\\/11\\\/kosovo-aplaza-sus-elecciones-locales-en-medio-de-un-boicot\\\/#primaryimage\",\"url\":\"\",\"contentUrl\":\"\"},{\"@type\":\"BreadcrumbList\",\"@id\":\"https:\\\/\\\/www.eldiario.net\\\/portal\\\/2022\\\/12\\\/11\\\/kosovo-aplaza-sus-elecciones-locales-en-medio-de-un-boicot\\\/#breadcrumb\",\"itemListElement\":[{\"@type\":\"ListItem\",\"position\":1,\"name\":\"Portada\",\"item\":\"https:\\\/\\\/www.eldiario.net\\\/portal\\\/\"},{\"@type\":\"ListItem\",\"position\":2,\"name\":\"Kosovo aplaza sus elecciones locales en medio de un boicot\"}]},{\"@type\":\"WebSite\",\"@id\":\"https:\\\/\\\/www.eldiario.net\\\/portal\\\/#website\",\"url\":\"https:\\\/\\\/www.eldiario.net\\\/portal\\\/\",\"name\":\"El Diario - Decano de la prensa nacional\",\"description\":\"El Diario - Decano de la prensa nacional\",\"publisher\":{\"@id\":\"https:\\\/\\\/www.eldiario.net\\\/portal\\\/#organization\"},\"potentialAction\":[{\"@type\":\"SearchAction\",\"target\":{\"@type\":\"EntryPoint\",\"urlTemplate\":\"https:\\\/\\\/www.eldiario.net\\\/portal\\\/?s={search_term_string}\"},\"query-input\":{\"@type\":\"PropertyValueSpecification\",\"valueRequired\":true,\"valueName\":\"search_term_string\"}}],\"inLanguage\":\"es\"},{\"@type\":\"Organization\",\"@id\":\"https:\\\/\\\/www.eldiario.net\\\/portal\\\/#organization\",\"name\":\"El Diario - Decano de la prensa nacional\",\"url\":\"https:\\\/\\\/www.eldiario.net\\\/portal\\\/\",\"logo\":{\"@type\":\"ImageObject\",\"inLanguage\":\"es\",\"@id\":\"https:\\\/\\\/www.eldiario.net\\\/portal\\\/#\\\/schema\\\/logo\\\/image\\\/\",\"url\":\"https:\\\/\\\/www.eldiario.net\\\/portal\\\/wp-content\\\/uploads\\\/2023\\\/07\\\/logo_ED.jpg\",\"contentUrl\":\"https:\\\/\\\/www.eldiario.net\\\/portal\\\/wp-content\\\/uploads\\\/2023\\\/07\\\/logo_ED.jpg\",\"width\":272,\"height\":52,\"caption\":\"El Diario - Decano de la prensa nacional\"},\"image\":{\"@id\":\"https:\\\/\\\/www.eldiario.net\\\/portal\\\/#\\\/schema\\\/logo\\\/image\\\/\"},\"sameAs\":[\"https:\\\/\\\/www.facebook.com\\\/eldiario.bolivia\\\/\",\"https:\\\/\\\/x.com\\\/eldiario_net\"]},{\"@type\":\"Person\",\"@id\":\"https:\\\/\\\/www.eldiario.net\\\/portal\\\/#\\\/schema\\\/person\\\/f46445640444750d7d753ccd04ae01b7\",\"name\":\"Jeanette\",\"image\":{\"@type\":\"ImageObject\",\"inLanguage\":\"es\",\"@id\":\"https:\\\/\\\/secure.gravatar.com\\\/avatar\\\/3ea2118a5f7dad2b7138b1187a6b7ee55f160b9968b66013c3a3ef39dd7e5798?s=96&d=mm&r=g\",\"url\":\"https:\\\/\\\/secure.gravatar.com\\\/avatar\\\/3ea2118a5f7dad2b7138b1187a6b7ee55f160b9968b66013c3a3ef39dd7e5798?s=96&d=mm&r=g\",\"contentUrl\":\"https:\\\/\\\/secure.gravatar.com\\\/avatar\\\/3ea2118a5f7dad2b7138b1187a6b7ee55f160b9968b66013c3a3ef39dd7e5798?s=96&d=mm&r=g\",\"caption\":\"Jeanette\"},\"sameAs\":[\"https:\\\/\\\/www.eldiario.net\\\/portal\"],\"url\":\"https:\\\/\\\/www.eldiario.net\\\/portal\\\/author\\\/jeanette\\\/\"}]}<\/script>\n<!-- \/ Yoast SEO plugin. -->","yoast_head_json":{"title":"Kosovo aplaza sus elecciones locales en medio de un boicot - El Diario - Bolivia","robots":{"index":"index","follow":"follow","max-snippet":"max-snippet:-1","max-image-preview":"max-image-preview:large","max-video-preview":"max-video-preview:-1"},"canonical":"https:\/\/www.eldiario.net\/portal\/2022\/12\/11\/kosovo-aplaza-sus-elecciones-locales-en-medio-de-un-boicot\/","og_locale":"es_ES","og_type":"article","og_title":"Kosovo aplaza sus elecciones locales en medio de un boicot - El Diario - Bolivia","og_description":"La presidenta de Kosovo, Vjosa Osmani, anunci\u00f3 el aplazamiento de las elecciones locales en el norte de cuatro municipios de mayor\u00eda serbia, en medio de una par\u00e1lisis institucional por la dimisi\u00f3n de sus alcaldes, jueces y agentes de Polic\u00eda, la renuncia de partidos serbios a participar en la vida pol\u00edtica, todo en medio de una [&hellip;]","og_url":"https:\/\/www.eldiario.net\/portal\/2022\/12\/11\/kosovo-aplaza-sus-elecciones-locales-en-medio-de-un-boicot\/","og_site_name":"El Diario - Bolivia","article_publisher":"https:\/\/www.facebook.com\/eldiario.bolivia\/","article_published_time":"2022-12-11T10:57:08+00:00","author":"Jeanette","twitter_card":"summary_large_image","twitter_creator":"@eldiario_net","twitter_site":"@eldiario_net","twitter_misc":{"Escrito por":"Jeanette","Tiempo de lectura":"3 minutos"},"schema":{"@context":"https:\/\/schema.org","@graph":[{"@type":"Article","@id":"https:\/\/www.eldiario.net\/portal\/2022\/12\/11\/kosovo-aplaza-sus-elecciones-locales-en-medio-de-un-boicot\/#article","isPartOf":{"@id":"https:\/\/www.eldiario.net\/portal\/2022\/12\/11\/kosovo-aplaza-sus-elecciones-locales-en-medio-de-un-boicot\/"},"author":{"name":"Jeanette","@id":"https:\/\/www.eldiario.net\/portal\/#\/schema\/person\/f46445640444750d7d753ccd04ae01b7"},"headline":"Kosovo aplaza sus elecciones locales en medio de un boicot","datePublished":"2022-12-11T10:57:08+00:00","mainEntityOfPage":{"@id":"https:\/\/www.eldiario.net\/portal\/2022\/12\/11\/kosovo-aplaza-sus-elecciones-locales-en-medio-de-un-boicot\/"},"wordCount":498,"publisher":{"@id":"https:\/\/www.eldiario.net\/portal\/#organization"},"image":{"@id":"https:\/\/www.eldiario.net\/portal\/2022\/12\/11\/kosovo-aplaza-sus-elecciones-locales-en-medio-de-un-boicot\/#primaryimage"},"thumbnailUrl":"","articleSection":["Internacional"],"inLanguage":"es"},{"@type":"WebPage","@id":"https:\/\/www.eldiario.net\/portal\/2022\/12\/11\/kosovo-aplaza-sus-elecciones-locales-en-medio-de-un-boicot\/","url":"https:\/\/www.eldiario.net\/portal\/2022\/12\/11\/kosovo-aplaza-sus-elecciones-locales-en-medio-de-un-boicot\/","name":"Kosovo aplaza sus elecciones locales en medio de un boicot - El Diario - Bolivia","isPartOf":{"@id":"https:\/\/www.eldiario.net\/portal\/#website"},"primaryImageOfPage":{"@id":"https:\/\/www.eldiario.net\/portal\/2022\/12\/11\/kosovo-aplaza-sus-elecciones-locales-en-medio-de-un-boicot\/#primaryimage"},"image":{"@id":"https:\/\/www.eldiario.net\/portal\/2022\/12\/11\/kosovo-aplaza-sus-elecciones-locales-en-medio-de-un-boicot\/#primaryimage"},"thumbnailUrl":"","datePublished":"2022-12-11T10:57:08+00:00","breadcrumb":{"@id":"https:\/\/www.eldiario.net\/portal\/2022\/12\/11\/kosovo-aplaza-sus-elecciones-locales-en-medio-de-un-boicot\/#breadcrumb"},"inLanguage":"es","potentialAction":[{"@type":"ReadAction","target":["https:\/\/www.eldiario.net\/portal\/2022\/12\/11\/kosovo-aplaza-sus-elecciones-locales-en-medio-de-un-boicot\/"]}]},{"@type":"ImageObject","inLanguage":"es","@id":"https:\/\/www.eldiario.net\/portal\/2022\/12\/11\/kosovo-aplaza-sus-elecciones-locales-en-medio-de-un-boicot\/#primaryimage","url":"","contentUrl":""},{"@type":"BreadcrumbList","@id":"https:\/\/www.eldiario.net\/portal\/2022\/12\/11\/kosovo-aplaza-sus-elecciones-locales-en-medio-de-un-boicot\/#breadcrumb","itemListElement":[{"@type":"ListItem","position":1,"name":"Portada","item":"https:\/\/www.eldiario.net\/portal\/"},{"@type":"ListItem","position":2,"name":"Kosovo aplaza sus elecciones locales en medio de un boicot"}]},{"@type":"WebSite","@id":"https:\/\/www.eldiario.net\/portal\/#website","url":"https:\/\/www.eldiario.net\/portal\/","name":"El Diario - Decano de la prensa nacional","description":"El Diario - Decano de la prensa nacional","publisher":{"@id":"https:\/\/www.eldiario.net\/portal\/#organization"},"potentialAction":[{"@type":"SearchAction","target":{"@type":"EntryPoint","urlTemplate":"https:\/\/www.eldiario.net\/portal\/?s={search_term_string}"},"query-input":{"@type":"PropertyValueSpecification","valueRequired":true,"valueName":"search_term_string"}}],"inLanguage":"es"},{"@type":"Organization","@id":"https:\/\/www.eldiario.net\/portal\/#organization","name":"El Diario - Decano de la prensa nacional","url":"https:\/\/www.eldiario.net\/portal\/","logo":{"@type":"ImageObject","inLanguage":"es","@id":"https:\/\/www.eldiario.net\/portal\/#\/schema\/logo\/image\/","url":"https:\/\/www.eldiario.net\/portal\/wp-content\/uploads\/2023\/07\/logo_ED.jpg","contentUrl":"https:\/\/www.eldiario.net\/portal\/wp-content\/uploads\/2023\/07\/logo_ED.jpg","width":272,"height":52,"caption":"El Diario - Decano de la prensa nacional"},"image":{"@id":"https:\/\/www.eldiario.net\/portal\/#\/schema\/logo\/image\/"},"sameAs":["https:\/\/www.facebook.com\/eldiario.bolivia\/","https:\/\/x.com\/eldiario_net"]},{"@type":"Person","@id":"https:\/\/www.eldiario.net\/portal\/#\/schema\/person\/f46445640444750d7d753ccd04ae01b7","name":"Jeanette","image":{"@type":"ImageObject","inLanguage":"es","@id":"https:\/\/secure.gravatar.com\/avatar\/3ea2118a5f7dad2b7138b1187a6b7ee55f160b9968b66013c3a3ef39dd7e5798?s=96&d=mm&r=g","url":"https:\/\/secure.gravatar.com\/avatar\/3ea2118a5f7dad2b7138b1187a6b7ee55f160b9968b66013c3a3ef39dd7e5798?s=96&d=mm&r=g","contentUrl":"https:\/\/secure.gravatar.com\/avatar\/3ea2118a5f7dad2b7138b1187a6b7ee55f160b9968b66013c3a3ef39dd7e5798?s=96&d=mm&r=g","caption":"Jeanette"},"sameAs":["https:\/\/www.eldiario.net\/portal"],"url":"https:\/\/www.eldiario.net\/portal\/author\/jeanette\/"}]}},"_links":{"self":[{"href":"https:\/\/www.eldiario.net\/portal\/wp-json\/wp\/v2\/posts\/126981","targetHints":{"allow":["GET"]}}],"collection":[{"href":"https:\/\/www.eldiario.net\/portal\/wp-json\/wp\/v2\/posts"}],"about":[{"href":"https:\/\/www.eldiario.net\/portal\/wp-json\/wp\/v2\/types\/post"}],"author":[{"embeddable":true,"href":"https:\/\/www.eldiario.net\/portal\/wp-json\/wp\/v2\/users\/1"}],"replies":[{"embeddable":true,"href":"https:\/\/www.eldiario.net\/portal\/wp-json\/wp\/v2\/comments?post=126981"}],"version-history":[{"count":0,"href":"https:\/\/www.eldiario.net\/portal\/wp-json\/wp\/v2\/posts\/126981\/revisions"}],"wp:attachment":[{"href":"https:\/\/www.eldiario.net\/portal\/wp-json\/wp\/v2\/media?parent=126981"}],"wp:term":[{"taxonomy":"category","embeddable":true,"href":"https:\/\/www.eldiario.net\/portal\/wp-json\/wp\/v2\/categories?post=126981"},{"taxonomy":"post_tag","embeddable":true,"href":"https:\/\/www.eldiario.net\/portal\/wp-json\/wp\/v2\/tags?post=126981"}],"curies":[{"name":"wp","href":"https:\/\/api.w.org\/{rel}","templated":true}]}}