{"id":126569,"date":"2022-12-08T06:35:59","date_gmt":"2022-12-08T10:35:59","guid":{"rendered":"https:\/\/www.eldiario.net\/portal\/?p=126569"},"modified":"2022-12-08T06:35:59","modified_gmt":"2022-12-08T10:35:59","slug":"dina-boluarte-asume-presidencia-tras-destitucion-de-castillo-en-peru","status":"publish","type":"post","link":"https:\/\/www.eldiario.net\/portal\/2022\/12\/08\/dina-boluarte-asume-presidencia-tras-destitucion-de-castillo-en-peru\/","title":{"rendered":"Dina Boluarte asume presidencia,  tras destituci\u00f3n de Castillo en Per\u00fa"},"content":{"rendered":"<p class=\"v1MsoNormal\">La exvicepresidente Dina Boluarte jur\u00f3 ayer como presidenta de Per\u00fa e hizo un llamado al di\u00e1logo para instalar un gobierno de unidad nacional, mientras la Fiscal\u00eda confirm\u00f3 la detenci\u00f3n del ahora expresidente Pedro Castillo por el presunto delito de rebeli\u00f3n por \u201cquebrantar el orden constitucional\u201d.<\/p>\n<p class=\"v1MsoNormal\">La abogada, de 60 a\u00f1os\u00a0es la primera mujer en alcanzar la presidencia en m\u00e1s de 200 a\u00f1os de naci\u00f3n independiente. Asumi\u00f3 el mando del pa\u00eds en reemplazo de Castillo, quien fue destituido horas antes \u201cpor permanente incapacidad moral\u201d tras intentar cerrar el Parlamento.<\/p>\n<p class=\"v1MsoNormal\">Luego de jurar en la sede del Congreso, la nueva mandataria escuch\u00f3 el himno nacional y dirigi\u00f3 un mensaje a los presentes: \u00abSe ha producido un intento de golpe de Estado, una impronta promovida por el se\u00f1or Pedro Castillo, que no ha encontrado eco en las instituciones de la democracia y la calle. Este Congreso, atendiendo al mandato constitucional, ha tomado una decisi\u00f3n y es mi deber actuar en consecuencia\u00bb, puntualiz\u00f3.<\/p>\n<p class=\"v1MsoNormal\">En su primera intervenci\u00f3n ante el Congreso como presidenta, Boluarte ha hecho un llamamiento \u00aba la unidad de todos los peruanos\u00bb, gan\u00e1ndose los aplausos del hemiciclo. \u00abNos corresponde conversar, dialogar, ponernos de acuerdo, algo tan sencillo, como tan impracticable en los \u00faltimos meses\u00bb, ha lamentado.<\/p>\n<p class=\"v1MsoNormal\">\u00abConvoco a un amplio proceso de di\u00e1logo entre todas las fuerzas pol\u00edticas representadas o no en el Congreso\u00bb, ha expresado Boluarte, quien ha pedido una \u00abtregua pol\u00edtica para instalar un gobierno de unidad nacional\u00bb y \u00abel apoyo de la Fiscal\u00eda para entrar en las estructuradas corrompidas por las mafias\u00bb.<\/p>\n<p class=\"v1MsoNormal\">Ahora ella tendr\u00e1 que lidiar con un Congreso en el que no cuenta con una bancada y apenas aliados parlamentarios que le apoyen, despu\u00e9s de que hace poco dejara de formar parte de Per\u00fa Libre, y que desde hace dos d\u00e9cadas se ha mostrado como un espacio ingobernable y hostil hacia todos los presidentes. La nueva jefa de Estado debe completar el mandato de Castillo hasta el 28 de julio de 2026.<\/p>\n<p class=\"v1MsoNormal\">\n<p class=\"v1MsoNormal\">DISOLUCION DEL CONGRESO<\/p>\n<p class=\"v1MsoNormal\">El entonces presidente de Per\u00fa, Pedro Castillo, anunci\u00f3 la disoluci\u00f3n del congreso y convoc\u00f3 a elecciones legislativas para redactar una nueva constituci\u00f3n horas antes de un debate de juicio pol\u00edtico, intensificando una crisis pol\u00edtica y poniendo en peligro la democracia de la naci\u00f3n latinoamericana. Los miembros de la Corte Constitucional describieron la medida como \u201cun golpe de estado\u201d.<\/p>\n<p class=\"v1MsoNormal\">\u201cTomamos la decisi\u00f3n de establecer un gobierno de excepci\u00f3n para restablecer el estado de derecho y la democracia\u201d, dijo Castillo en un discurso televisado el mi\u00e9rcoles, y agreg\u00f3 que el Congreso entrante redactar\u00e1 una nueva constituci\u00f3n dentro de nueve meses. \u201cDesde hoy y hasta que se establezca el nuevo congreso, gobernaremos a trav\u00e9s de decretos\u201d.<\/p>\n<p class=\"v1MsoNormal\">Castillo tambi\u00e9n anunci\u00f3 un toque de queda y la \u201creorganizaci\u00f3n\u201d del sistema de justicia de Per\u00fa, incluidos los tribunales superiores, al tiempo que se comprometi\u00f3 a respetar la propiedad privada y la libertad empresarial. Tambi\u00e9n dijo que todas las armas ilegales en posesi\u00f3n de los peruanos deben ser devueltas a la polic\u00eda dentro de las 72 horas.<\/p>\n<p class=\"v1MsoNormal\">\n<p class=\"v1MsoNormal\">DESTITUCI\u00d3N Y DETENCI\u00d3N DE CASTILLO<\/p>\n<p class=\"v1MsoNormal\">El pleno del Congreso de Per\u00fa destituy\u00f3 la tarde del mi\u00e9rcoles al mandatario del pa\u00eds, Pedro Castillo, por \u201cpermanente incapacidad moral\u201d, despu\u00e9s de que este anunciara la disoluci\u00f3n del Legislativo y declarara un Gobierno de excepci\u00f3n de emergencia, lo que fue calificado como un golpe de Estado por diferentes voces, incluida la vicepresidenta.<\/p>\n<p class=\"v1MsoNormal\">Castillo fue destituido por 101 votos a favor, seis en contra y 10 abstenciones poco despu\u00e9s de que disolviera el Legislativo e instalara un gobierno de emergencia, en la mayor crisis pol\u00edtica del pa\u00eds en m\u00e1s de dos d\u00e9cadas.<\/p>\n<p class=\"v1MsoNormal\">La maniobra fue calificada de \u201cgolpe de Estado\u201d por el Tribunal Constitucional, la Corte Suprema y la Defensor\u00eda del Pueblo. A su vez, las Fuerzas Armadas y policiales le retiraron su apoyo.<\/p>\n<p class=\"v1MsoNormal\">Posteriormente, luego de haberse aprobado en el Congreso la moci\u00f3n de vacancia, el expresidente del Per\u00fa, Pedro Castillo, fue detenido por agentes de la Polic\u00eda despu\u00e9s de retirarse del Palacio de Gobierno.<\/p>\n<p class=\"v1MsoNormal\">\n<p class=\"v1MsoNormal\">El exmandatario abandon\u00f3 la residencia de Palacio junto a su familia en un veh\u00edculo, pero fue interceptado y trasladado hasta la Prefectura de Lima donde actualmente se encuentra. (AP\/EUROPA PRESS\/AGENCIA)<\/p>\n<p class=\"v1MsoNormal\">\n","protected":false},"excerpt":{"rendered":"<p>La exvicepresidente Dina Boluarte jur\u00f3 ayer como presidenta de Per\u00fa e hizo un llamado al di\u00e1logo para instalar un gobierno de unidad nacional, mientras la Fiscal\u00eda confirm\u00f3 la detenci\u00f3n del ahora expresidente Pedro Castillo por el presunto delito de rebeli\u00f3n por \u201cquebrantar el orden constitucional\u201d. La abogada, de 60 a\u00f1os\u00a0es la primera mujer en alcanzar [&hellip;]<\/p>\n","protected":false},"author":1,"featured_media":126570,"comment_status":"closed","ping_status":"closed","sticky":false,"template":"","format":"standard","meta":{"_acf_changed":false,"footnotes":""},"categories":[17],"tags":[],"class_list":["post-126569","post","type-post","status-publish","format-standard","has-post-thumbnail","category-principal"],"acf":{"antetitulo":""},"yoast_head":"<!-- This site is optimized with the Yoast SEO plugin v28.3 - https:\/\/yoast.com\/product\/yoast-seo-wordpress\/ -->\n<title>Dina Boluarte asume presidencia, tras destituci\u00f3n de Castillo en Per\u00fa - El Diario - Bolivia<\/title>\n<meta name=\"robots\" content=\"index, follow, max-snippet:-1, max-image-preview:large, max-video-preview:-1\" \/>\n<link rel=\"canonical\" href=\"https:\/\/www.eldiario.net\/portal\/2022\/12\/08\/dina-boluarte-asume-presidencia-tras-destitucion-de-castillo-en-peru\/\" \/>\n<meta property=\"og:locale\" content=\"es_ES\" \/>\n<meta property=\"og:type\" content=\"article\" \/>\n<meta property=\"og:title\" content=\"Dina Boluarte asume presidencia, tras destituci\u00f3n de Castillo en Per\u00fa - El Diario - Bolivia\" \/>\n<meta property=\"og:description\" content=\"La exvicepresidente Dina Boluarte jur\u00f3 ayer como presidenta de Per\u00fa e hizo un llamado al di\u00e1logo para instalar un gobierno de unidad nacional, mientras la Fiscal\u00eda confirm\u00f3 la detenci\u00f3n del ahora expresidente Pedro Castillo por el presunto delito de rebeli\u00f3n por \u201cquebrantar el orden constitucional\u201d. La abogada, de 60 a\u00f1os\u00a0es la primera mujer en alcanzar [&hellip;]\" \/>\n<meta property=\"og:url\" content=\"https:\/\/www.eldiario.net\/portal\/2022\/12\/08\/dina-boluarte-asume-presidencia-tras-destitucion-de-castillo-en-peru\/\" \/>\n<meta property=\"og:site_name\" content=\"El Diario - Bolivia\" \/>\n<meta property=\"article:publisher\" content=\"https:\/\/www.facebook.com\/eldiario.bolivia\/\" \/>\n<meta property=\"article:published_time\" content=\"2022-12-08T10:35:59+00:00\" \/>\n<meta name=\"author\" content=\"Jeanette\" \/>\n<meta name=\"twitter:card\" content=\"summary_large_image\" \/>\n<meta name=\"twitter:creator\" content=\"@eldiario_net\" \/>\n<meta name=\"twitter:site\" content=\"@eldiario_net\" \/>\n<meta name=\"twitter:label1\" content=\"Escrito por\" \/>\n\t<meta name=\"twitter:data1\" content=\"Jeanette\" \/>\n\t<meta name=\"twitter:label2\" content=\"Tiempo de lectura\" \/>\n\t<meta name=\"twitter:data2\" content=\"4 minutos\" \/>\n<script type=\"application\/ld+json\" class=\"yoast-schema-graph\">{\"@context\":\"https:\\\/\\\/schema.org\",\"@graph\":[{\"@type\":\"Article\",\"@id\":\"https:\\\/\\\/www.eldiario.net\\\/portal\\\/2022\\\/12\\\/08\\\/dina-boluarte-asume-presidencia-tras-destitucion-de-castillo-en-peru\\\/#article\",\"isPartOf\":{\"@id\":\"https:\\\/\\\/www.eldiario.net\\\/portal\\\/2022\\\/12\\\/08\\\/dina-boluarte-asume-presidencia-tras-destitucion-de-castillo-en-peru\\\/\"},\"author\":{\"name\":\"Jeanette\",\"@id\":\"https:\\\/\\\/www.eldiario.net\\\/portal\\\/#\\\/schema\\\/person\\\/f46445640444750d7d753ccd04ae01b7\"},\"headline\":\"Dina Boluarte asume presidencia, tras destituci\u00f3n de Castillo en Per\u00fa\",\"datePublished\":\"2022-12-08T10:35:59+00:00\",\"mainEntityOfPage\":{\"@id\":\"https:\\\/\\\/www.eldiario.net\\\/portal\\\/2022\\\/12\\\/08\\\/dina-boluarte-asume-presidencia-tras-destitucion-de-castillo-en-peru\\\/\"},\"wordCount\":747,\"publisher\":{\"@id\":\"https:\\\/\\\/www.eldiario.net\\\/portal\\\/#organization\"},\"image\":{\"@id\":\"https:\\\/\\\/www.eldiario.net\\\/portal\\\/2022\\\/12\\\/08\\\/dina-boluarte-asume-presidencia-tras-destitucion-de-castillo-en-peru\\\/#primaryimage\"},\"thumbnailUrl\":\"\",\"articleSection\":[\"Principal\"],\"inLanguage\":\"es\"},{\"@type\":\"WebPage\",\"@id\":\"https:\\\/\\\/www.eldiario.net\\\/portal\\\/2022\\\/12\\\/08\\\/dina-boluarte-asume-presidencia-tras-destitucion-de-castillo-en-peru\\\/\",\"url\":\"https:\\\/\\\/www.eldiario.net\\\/portal\\\/2022\\\/12\\\/08\\\/dina-boluarte-asume-presidencia-tras-destitucion-de-castillo-en-peru\\\/\",\"name\":\"Dina Boluarte asume presidencia, tras destituci\u00f3n de Castillo en Per\u00fa - El Diario - Bolivia\",\"isPartOf\":{\"@id\":\"https:\\\/\\\/www.eldiario.net\\\/portal\\\/#website\"},\"primaryImageOfPage\":{\"@id\":\"https:\\\/\\\/www.eldiario.net\\\/portal\\\/2022\\\/12\\\/08\\\/dina-boluarte-asume-presidencia-tras-destitucion-de-castillo-en-peru\\\/#primaryimage\"},\"image\":{\"@id\":\"https:\\\/\\\/www.eldiario.net\\\/portal\\\/2022\\\/12\\\/08\\\/dina-boluarte-asume-presidencia-tras-destitucion-de-castillo-en-peru\\\/#primaryimage\"},\"thumbnailUrl\":\"\",\"datePublished\":\"2022-12-08T10:35:59+00:00\",\"breadcrumb\":{\"@id\":\"https:\\\/\\\/www.eldiario.net\\\/portal\\\/2022\\\/12\\\/08\\\/dina-boluarte-asume-presidencia-tras-destitucion-de-castillo-en-peru\\\/#breadcrumb\"},\"inLanguage\":\"es\",\"potentialAction\":[{\"@type\":\"ReadAction\",\"target\":[\"https:\\\/\\\/www.eldiario.net\\\/portal\\\/2022\\\/12\\\/08\\\/dina-boluarte-asume-presidencia-tras-destitucion-de-castillo-en-peru\\\/\"]}]},{\"@type\":\"ImageObject\",\"inLanguage\":\"es\",\"@id\":\"https:\\\/\\\/www.eldiario.net\\\/portal\\\/2022\\\/12\\\/08\\\/dina-boluarte-asume-presidencia-tras-destitucion-de-castillo-en-peru\\\/#primaryimage\",\"url\":\"\",\"contentUrl\":\"\"},{\"@type\":\"BreadcrumbList\",\"@id\":\"https:\\\/\\\/www.eldiario.net\\\/portal\\\/2022\\\/12\\\/08\\\/dina-boluarte-asume-presidencia-tras-destitucion-de-castillo-en-peru\\\/#breadcrumb\",\"itemListElement\":[{\"@type\":\"ListItem\",\"position\":1,\"name\":\"Portada\",\"item\":\"https:\\\/\\\/www.eldiario.net\\\/portal\\\/\"},{\"@type\":\"ListItem\",\"position\":2,\"name\":\"Dina Boluarte asume presidencia, tras destituci\u00f3n de Castillo en Per\u00fa\"}]},{\"@type\":\"WebSite\",\"@id\":\"https:\\\/\\\/www.eldiario.net\\\/portal\\\/#website\",\"url\":\"https:\\\/\\\/www.eldiario.net\\\/portal\\\/\",\"name\":\"El Diario - Decano de la prensa nacional\",\"description\":\"El Diario - Decano de la prensa nacional\",\"publisher\":{\"@id\":\"https:\\\/\\\/www.eldiario.net\\\/portal\\\/#organization\"},\"potentialAction\":[{\"@type\":\"SearchAction\",\"target\":{\"@type\":\"EntryPoint\",\"urlTemplate\":\"https:\\\/\\\/www.eldiario.net\\\/portal\\\/?s={search_term_string}\"},\"query-input\":{\"@type\":\"PropertyValueSpecification\",\"valueRequired\":true,\"valueName\":\"search_term_string\"}}],\"inLanguage\":\"es\"},{\"@type\":\"Organization\",\"@id\":\"https:\\\/\\\/www.eldiario.net\\\/portal\\\/#organization\",\"name\":\"El Diario - Decano de la prensa nacional\",\"url\":\"https:\\\/\\\/www.eldiario.net\\\/portal\\\/\",\"logo\":{\"@type\":\"ImageObject\",\"inLanguage\":\"es\",\"@id\":\"https:\\\/\\\/www.eldiario.net\\\/portal\\\/#\\\/schema\\\/logo\\\/image\\\/\",\"url\":\"https:\\\/\\\/www.eldiario.net\\\/portal\\\/wp-content\\\/uploads\\\/2023\\\/07\\\/logo_ED.jpg\",\"contentUrl\":\"https:\\\/\\\/www.eldiario.net\\\/portal\\\/wp-content\\\/uploads\\\/2023\\\/07\\\/logo_ED.jpg\",\"width\":272,\"height\":52,\"caption\":\"El Diario - Decano de la prensa nacional\"},\"image\":{\"@id\":\"https:\\\/\\\/www.eldiario.net\\\/portal\\\/#\\\/schema\\\/logo\\\/image\\\/\"},\"sameAs\":[\"https:\\\/\\\/www.facebook.com\\\/eldiario.bolivia\\\/\",\"https:\\\/\\\/x.com\\\/eldiario_net\"]},{\"@type\":\"Person\",\"@id\":\"https:\\\/\\\/www.eldiario.net\\\/portal\\\/#\\\/schema\\\/person\\\/f46445640444750d7d753ccd04ae01b7\",\"name\":\"Jeanette\",\"image\":{\"@type\":\"ImageObject\",\"inLanguage\":\"es\",\"@id\":\"https:\\\/\\\/secure.gravatar.com\\\/avatar\\\/3ea2118a5f7dad2b7138b1187a6b7ee55f160b9968b66013c3a3ef39dd7e5798?s=96&d=mm&r=g\",\"url\":\"https:\\\/\\\/secure.gravatar.com\\\/avatar\\\/3ea2118a5f7dad2b7138b1187a6b7ee55f160b9968b66013c3a3ef39dd7e5798?s=96&d=mm&r=g\",\"contentUrl\":\"https:\\\/\\\/secure.gravatar.com\\\/avatar\\\/3ea2118a5f7dad2b7138b1187a6b7ee55f160b9968b66013c3a3ef39dd7e5798?s=96&d=mm&r=g\",\"caption\":\"Jeanette\"},\"sameAs\":[\"https:\\\/\\\/www.eldiario.net\\\/portal\"],\"url\":\"https:\\\/\\\/www.eldiario.net\\\/portal\\\/author\\\/jeanette\\\/\"}]}<\/script>\n<!-- \/ Yoast SEO plugin. -->","yoast_head_json":{"title":"Dina Boluarte asume presidencia, tras destituci\u00f3n de Castillo en Per\u00fa - El Diario - Bolivia","robots":{"index":"index","follow":"follow","max-snippet":"max-snippet:-1","max-image-preview":"max-image-preview:large","max-video-preview":"max-video-preview:-1"},"canonical":"https:\/\/www.eldiario.net\/portal\/2022\/12\/08\/dina-boluarte-asume-presidencia-tras-destitucion-de-castillo-en-peru\/","og_locale":"es_ES","og_type":"article","og_title":"Dina Boluarte asume presidencia, tras destituci\u00f3n de Castillo en Per\u00fa - El Diario - Bolivia","og_description":"La exvicepresidente Dina Boluarte jur\u00f3 ayer como presidenta de Per\u00fa e hizo un llamado al di\u00e1logo para instalar un gobierno de unidad nacional, mientras la Fiscal\u00eda confirm\u00f3 la detenci\u00f3n del ahora expresidente Pedro Castillo por el presunto delito de rebeli\u00f3n por \u201cquebrantar el orden constitucional\u201d. La abogada, de 60 a\u00f1os\u00a0es la primera mujer en alcanzar [&hellip;]","og_url":"https:\/\/www.eldiario.net\/portal\/2022\/12\/08\/dina-boluarte-asume-presidencia-tras-destitucion-de-castillo-en-peru\/","og_site_name":"El Diario - Bolivia","article_publisher":"https:\/\/www.facebook.com\/eldiario.bolivia\/","article_published_time":"2022-12-08T10:35:59+00:00","author":"Jeanette","twitter_card":"summary_large_image","twitter_creator":"@eldiario_net","twitter_site":"@eldiario_net","twitter_misc":{"Escrito por":"Jeanette","Tiempo de lectura":"4 minutos"},"schema":{"@context":"https:\/\/schema.org","@graph":[{"@type":"Article","@id":"https:\/\/www.eldiario.net\/portal\/2022\/12\/08\/dina-boluarte-asume-presidencia-tras-destitucion-de-castillo-en-peru\/#article","isPartOf":{"@id":"https:\/\/www.eldiario.net\/portal\/2022\/12\/08\/dina-boluarte-asume-presidencia-tras-destitucion-de-castillo-en-peru\/"},"author":{"name":"Jeanette","@id":"https:\/\/www.eldiario.net\/portal\/#\/schema\/person\/f46445640444750d7d753ccd04ae01b7"},"headline":"Dina Boluarte asume presidencia, tras destituci\u00f3n de Castillo en Per\u00fa","datePublished":"2022-12-08T10:35:59+00:00","mainEntityOfPage":{"@id":"https:\/\/www.eldiario.net\/portal\/2022\/12\/08\/dina-boluarte-asume-presidencia-tras-destitucion-de-castillo-en-peru\/"},"wordCount":747,"publisher":{"@id":"https:\/\/www.eldiario.net\/portal\/#organization"},"image":{"@id":"https:\/\/www.eldiario.net\/portal\/2022\/12\/08\/dina-boluarte-asume-presidencia-tras-destitucion-de-castillo-en-peru\/#primaryimage"},"thumbnailUrl":"","articleSection":["Principal"],"inLanguage":"es"},{"@type":"WebPage","@id":"https:\/\/www.eldiario.net\/portal\/2022\/12\/08\/dina-boluarte-asume-presidencia-tras-destitucion-de-castillo-en-peru\/","url":"https:\/\/www.eldiario.net\/portal\/2022\/12\/08\/dina-boluarte-asume-presidencia-tras-destitucion-de-castillo-en-peru\/","name":"Dina Boluarte asume presidencia, tras destituci\u00f3n de Castillo en Per\u00fa - El Diario - Bolivia","isPartOf":{"@id":"https:\/\/www.eldiario.net\/portal\/#website"},"primaryImageOfPage":{"@id":"https:\/\/www.eldiario.net\/portal\/2022\/12\/08\/dina-boluarte-asume-presidencia-tras-destitucion-de-castillo-en-peru\/#primaryimage"},"image":{"@id":"https:\/\/www.eldiario.net\/portal\/2022\/12\/08\/dina-boluarte-asume-presidencia-tras-destitucion-de-castillo-en-peru\/#primaryimage"},"thumbnailUrl":"","datePublished":"2022-12-08T10:35:59+00:00","breadcrumb":{"@id":"https:\/\/www.eldiario.net\/portal\/2022\/12\/08\/dina-boluarte-asume-presidencia-tras-destitucion-de-castillo-en-peru\/#breadcrumb"},"inLanguage":"es","potentialAction":[{"@type":"ReadAction","target":["https:\/\/www.eldiario.net\/portal\/2022\/12\/08\/dina-boluarte-asume-presidencia-tras-destitucion-de-castillo-en-peru\/"]}]},{"@type":"ImageObject","inLanguage":"es","@id":"https:\/\/www.eldiario.net\/portal\/2022\/12\/08\/dina-boluarte-asume-presidencia-tras-destitucion-de-castillo-en-peru\/#primaryimage","url":"","contentUrl":""},{"@type":"BreadcrumbList","@id":"https:\/\/www.eldiario.net\/portal\/2022\/12\/08\/dina-boluarte-asume-presidencia-tras-destitucion-de-castillo-en-peru\/#breadcrumb","itemListElement":[{"@type":"ListItem","position":1,"name":"Portada","item":"https:\/\/www.eldiario.net\/portal\/"},{"@type":"ListItem","position":2,"name":"Dina Boluarte asume presidencia, tras destituci\u00f3n de Castillo en Per\u00fa"}]},{"@type":"WebSite","@id":"https:\/\/www.eldiario.net\/portal\/#website","url":"https:\/\/www.eldiario.net\/portal\/","name":"El Diario - Decano de la prensa nacional","description":"El Diario - Decano de la prensa nacional","publisher":{"@id":"https:\/\/www.eldiario.net\/portal\/#organization"},"potentialAction":[{"@type":"SearchAction","target":{"@type":"EntryPoint","urlTemplate":"https:\/\/www.eldiario.net\/portal\/?s={search_term_string}"},"query-input":{"@type":"PropertyValueSpecification","valueRequired":true,"valueName":"search_term_string"}}],"inLanguage":"es"},{"@type":"Organization","@id":"https:\/\/www.eldiario.net\/portal\/#organization","name":"El Diario - Decano de la prensa nacional","url":"https:\/\/www.eldiario.net\/portal\/","logo":{"@type":"ImageObject","inLanguage":"es","@id":"https:\/\/www.eldiario.net\/portal\/#\/schema\/logo\/image\/","url":"https:\/\/www.eldiario.net\/portal\/wp-content\/uploads\/2023\/07\/logo_ED.jpg","contentUrl":"https:\/\/www.eldiario.net\/portal\/wp-content\/uploads\/2023\/07\/logo_ED.jpg","width":272,"height":52,"caption":"El Diario - Decano de la prensa nacional"},"image":{"@id":"https:\/\/www.eldiario.net\/portal\/#\/schema\/logo\/image\/"},"sameAs":["https:\/\/www.facebook.com\/eldiario.bolivia\/","https:\/\/x.com\/eldiario_net"]},{"@type":"Person","@id":"https:\/\/www.eldiario.net\/portal\/#\/schema\/person\/f46445640444750d7d753ccd04ae01b7","name":"Jeanette","image":{"@type":"ImageObject","inLanguage":"es","@id":"https:\/\/secure.gravatar.com\/avatar\/3ea2118a5f7dad2b7138b1187a6b7ee55f160b9968b66013c3a3ef39dd7e5798?s=96&d=mm&r=g","url":"https:\/\/secure.gravatar.com\/avatar\/3ea2118a5f7dad2b7138b1187a6b7ee55f160b9968b66013c3a3ef39dd7e5798?s=96&d=mm&r=g","contentUrl":"https:\/\/secure.gravatar.com\/avatar\/3ea2118a5f7dad2b7138b1187a6b7ee55f160b9968b66013c3a3ef39dd7e5798?s=96&d=mm&r=g","caption":"Jeanette"},"sameAs":["https:\/\/www.eldiario.net\/portal"],"url":"https:\/\/www.eldiario.net\/portal\/author\/jeanette\/"}]}},"_links":{"self":[{"href":"https:\/\/www.eldiario.net\/portal\/wp-json\/wp\/v2\/posts\/126569","targetHints":{"allow":["GET"]}}],"collection":[{"href":"https:\/\/www.eldiario.net\/portal\/wp-json\/wp\/v2\/posts"}],"about":[{"href":"https:\/\/www.eldiario.net\/portal\/wp-json\/wp\/v2\/types\/post"}],"author":[{"embeddable":true,"href":"https:\/\/www.eldiario.net\/portal\/wp-json\/wp\/v2\/users\/1"}],"replies":[{"embeddable":true,"href":"https:\/\/www.eldiario.net\/portal\/wp-json\/wp\/v2\/comments?post=126569"}],"version-history":[{"count":0,"href":"https:\/\/www.eldiario.net\/portal\/wp-json\/wp\/v2\/posts\/126569\/revisions"}],"wp:attachment":[{"href":"https:\/\/www.eldiario.net\/portal\/wp-json\/wp\/v2\/media?parent=126569"}],"wp:term":[{"taxonomy":"category","embeddable":true,"href":"https:\/\/www.eldiario.net\/portal\/wp-json\/wp\/v2\/categories?post=126569"},{"taxonomy":"post_tag","embeddable":true,"href":"https:\/\/www.eldiario.net\/portal\/wp-json\/wp\/v2\/tags?post=126569"}],"curies":[{"name":"wp","href":"https:\/\/api.w.org\/{rel}","templated":true}]}}