{"id":126566,"date":"2022-12-08T06:34:47","date_gmt":"2022-12-08T10:34:47","guid":{"rendered":"https:\/\/www.eldiario.net\/portal\/?p=126566"},"modified":"2022-12-08T06:34:47","modified_gmt":"2022-12-08T10:34:47","slug":"gobierno-defiende-intento-de-golpe-de-estado-de-pedro-castillo","status":"publish","type":"post","link":"https:\/\/www.eldiario.net\/portal\/2022\/12\/08\/gobierno-defiende-intento-de-golpe-de-estado-de-pedro-castillo\/","title":{"rendered":"Gobierno defiende intento de  golpe de estado de Pedro Castillo"},"content":{"rendered":"<p class=\"v1MsoNormal\">El Gobierno del presidente de Bolivia, Luis Arce, expres\u00f3 en la Organizaci\u00f3n de Estados Americanos (OEA) su rechazo a los ataques en contra de los gobiernos \u201cde extracci\u00f3n popular\u201d y tambi\u00e9n a cualquier intento de quebrar el orden constitucional, a prop\u00f3sito de la destituci\u00f3n de Pedro Castillo por intentar cerrar el Congreso de Per\u00fa.<\/p>\n<p class=\"v1MsoNormal\">\u201cSi bien es rechazable y condenable cualquier ataque a un gobierno popular, tambi\u00e9n es rechazable e inaceptable cualquier intento de quebrar el orden constitucional\u201d, expres\u00f3 el embajador de Bolivia ante la OEA, H\u00e9ctor Arce Zaconeta, durante una sesi\u00f3n extraordinaria del Consejo Permanente del organismo en Washington.<\/p>\n<p class=\"v1MsoNormal\">Arce Zaconeta lament\u00f3 \u201cprofundamente lo ocurrido hoy en Per\u00fa\u201d y que la misi\u00f3n de alto nivel de la OEA que estuvo en ese pa\u00eds para analizar la crisis pol\u00edtica \u201cno haya dado el resultado que se esperaba una vez m\u00e1s\u201d.<\/p>\n<p class=\"v1MsoNormal\">Seg\u00fan el embajador, lo ocurrido deja dos temas para analizar, uno de ellos que hubo una \u201cconstante conspiraci\u00f3n\u201d y \u201crechazo a un Gobierno de extracci\u00f3n popular\u201d.<\/p>\n<p class=\"v1MsoNormal\">Por otro lado, el presidente del Estado, Luis Arce, lament\u00f3 lo ocurrido con el expresidente peruano Pedro Castillo y conden\u00f3 el \u201chostigamiento de \u00e9lites antidemocr\u00e1ticas contra gobiernos progresistas, populares y leg\u00edtimamente constituidos\u201d.<\/p>\n<p class=\"v1MsoNormal\">Entretanto, la Canciller\u00eda boliviana manifest\u00f3 en sus redes sociales \u201csu profunda preocupaci\u00f3n por la situaci\u00f3n de crisis pol\u00edtica que afecta\u201d al Per\u00fa e hizo un llamado \u201ca todos los actores pol\u00edticos a garantizar los principios democr\u00e1ticos, el orden constitucional y el Estado de Derecho\u201d.<\/p>\n<p class=\"v1MsoNormal\">\n<p class=\"v1MsoNormal\">REPUDIO GOLPE DE ESTADO<\/p>\n<p class=\"v1MsoNormal\">Tras las expresiones de apoyo de autoridades del gobierno de Luis Arce con el expresidente destituido por el Congreso del Per\u00fa, surgieron un sinf\u00edn de cr\u00edticas de la ciudadan\u00eda mediante redes sociales, calific\u00e1ndolo como otra verg\u00fcenza para Bolivia.<\/p>\n<p class=\"v1MsoNormal\">El gesto de Castillo fue calificado de golpe de Estado por miembros de su propio Gobierno, incluida la ahora presidenta peruana, Dina Boluarte, y encontr\u00f3 el rechazo de las Fuerzas Armadas y la Polic\u00eda.<\/p>\n<p class=\"v1MsoNormal\">El expresidente Jorge Quiroga (2001-2002) calific\u00f3 de \u201cgrav\u00edsimo\u201d el intento de Castillo de cerrar el Parlamento peruano y record\u00f3 el llamado \u201cFujimorazo de 1992, cuando el entonces presidente Alberto Fujimori anunci\u00f3 la disoluci\u00f3n del Congreso y la toma bajo su control de todos los poderes del Estado.<\/p>\n<p class=\"v1MsoNormal\">Por otro lado, los expresidentes de Per\u00fa han publicado mensajes de condena ante lo que consideran un \u00abgolpe de Estado\u00bb por parte del mandatario Pedro Castillo, que ha sido detenido tras anunciar la disoluci\u00f3n del Congreso y decretar un Gobierno \u00abde excepci\u00f3n\u00bb.<\/p>\n<p class=\"v1MsoNormal\">Ollanta Humala ha expresado en redes sociales su \u00abrechazo total\u00bb a la maniobra. \u00abLas Fuerzas Armadas le deben honor y lealtad a la patria y no a un dictador\u00bb, declar\u00f3.<\/p>\n<p class=\"v1MsoNormal\">En la misma l\u00ednea, Mart\u00edn Vizcarra ha rechazado \u00abtotalmente\u00bb este \u00abatentado contra la democracia\u00bb, mientras que Francisco Sagasti, predecesor de Castillo en el cargo, ha asegurado que el mandatario saliente se ha puesto \u00abal margen de la ley y la Contituci\u00f3n\u00bb para librarse de acusaciones y \u00abocultar su incompetencia\u00bb.<\/p>\n<p class=\"v1MsoNormal\">\u00abEste ilegal acto del Presidente de la Rep\u00fablica justifica ampliamente su destituci\u00f3n inmediata por incapacidad moral permanente\u00bb, dijo, antes de que el Congreso hiciese oficial la destituci\u00f3n de Castillo.<\/p>\n<p class=\"v1MsoNormal\">\u00abComo expresidente de la Rep\u00fablica hago un llamado a toda la ciudadan\u00eda y a las instituciones p\u00fablicas, privadas y de la sociedad civil a mantener la calma y buscar salidas pol\u00edticas en el marco de la Constituci\u00f3n\u00bb, inst\u00f3.<\/p>\n<p class=\"v1MsoNormal\">\n","protected":false},"excerpt":{"rendered":"<p>El Gobierno del presidente de Bolivia, Luis Arce, expres\u00f3 en la Organizaci\u00f3n de Estados Americanos (OEA) su rechazo a los ataques en contra de los gobiernos \u201cde extracci\u00f3n popular\u201d y tambi\u00e9n a cualquier intento de quebrar el orden constitucional, a prop\u00f3sito de la destituci\u00f3n de Pedro Castillo por intentar cerrar el Congreso de Per\u00fa. \u201cSi [&hellip;]<\/p>\n","protected":false},"author":1,"featured_media":126567,"comment_status":"closed","ping_status":"closed","sticky":false,"template":"","format":"standard","meta":{"_acf_changed":false,"footnotes":""},"categories":[15],"tags":[],"class_list":["post-126566","post","type-post","status-publish","format-standard","has-post-thumbnail","category-portada"],"acf":{"antetitulo":""},"yoast_head":"<!-- This site is optimized with the Yoast SEO plugin v28.3 - https:\/\/yoast.com\/product\/yoast-seo-wordpress\/ -->\n<title>Gobierno defiende intento de golpe de estado de Pedro Castillo - El Diario - Bolivia<\/title>\n<meta name=\"robots\" content=\"index, follow, max-snippet:-1, max-image-preview:large, max-video-preview:-1\" \/>\n<link rel=\"canonical\" href=\"https:\/\/www.eldiario.net\/portal\/2022\/12\/08\/gobierno-defiende-intento-de-golpe-de-estado-de-pedro-castillo\/\" \/>\n<meta property=\"og:locale\" content=\"es_ES\" \/>\n<meta property=\"og:type\" content=\"article\" \/>\n<meta property=\"og:title\" content=\"Gobierno defiende intento de golpe de estado de Pedro Castillo - El Diario - Bolivia\" \/>\n<meta property=\"og:description\" content=\"El Gobierno del presidente de Bolivia, Luis Arce, expres\u00f3 en la Organizaci\u00f3n de Estados Americanos (OEA) su rechazo a los ataques en contra de los gobiernos \u201cde extracci\u00f3n popular\u201d y tambi\u00e9n a cualquier intento de quebrar el orden constitucional, a prop\u00f3sito de la destituci\u00f3n de Pedro Castillo por intentar cerrar el Congreso de Per\u00fa. \u201cSi [&hellip;]\" \/>\n<meta property=\"og:url\" content=\"https:\/\/www.eldiario.net\/portal\/2022\/12\/08\/gobierno-defiende-intento-de-golpe-de-estado-de-pedro-castillo\/\" \/>\n<meta property=\"og:site_name\" content=\"El Diario - Bolivia\" \/>\n<meta property=\"article:publisher\" content=\"https:\/\/www.facebook.com\/eldiario.bolivia\/\" \/>\n<meta property=\"article:published_time\" content=\"2022-12-08T10:34:47+00:00\" \/>\n<meta property=\"og:image\" content=\"https:\/\/www.eldiario.net\/portal\/wp-content\/uploads\/2022\/12\/detencion-de-Castillo-EFE.webp\" \/>\n\t<meta property=\"og:image:width\" content=\"1024\" \/>\n\t<meta property=\"og:image:height\" content=\"576\" \/>\n\t<meta property=\"og:image:type\" content=\"image\/webp\" \/>\n<meta name=\"author\" content=\"Jeanette\" \/>\n<meta name=\"twitter:card\" content=\"summary_large_image\" \/>\n<meta name=\"twitter:creator\" content=\"@eldiario_net\" \/>\n<meta name=\"twitter:site\" content=\"@eldiario_net\" \/>\n<meta name=\"twitter:label1\" content=\"Escrito por\" \/>\n\t<meta name=\"twitter:data1\" content=\"Jeanette\" \/>\n\t<meta name=\"twitter:label2\" content=\"Tiempo de lectura\" \/>\n\t<meta name=\"twitter:data2\" content=\"3 minutos\" \/>\n<script type=\"application\/ld+json\" class=\"yoast-schema-graph\">{\"@context\":\"https:\\\/\\\/schema.org\",\"@graph\":[{\"@type\":\"Article\",\"@id\":\"https:\\\/\\\/www.eldiario.net\\\/portal\\\/2022\\\/12\\\/08\\\/gobierno-defiende-intento-de-golpe-de-estado-de-pedro-castillo\\\/#article\",\"isPartOf\":{\"@id\":\"https:\\\/\\\/www.eldiario.net\\\/portal\\\/2022\\\/12\\\/08\\\/gobierno-defiende-intento-de-golpe-de-estado-de-pedro-castillo\\\/\"},\"author\":{\"name\":\"Jeanette\",\"@id\":\"https:\\\/\\\/www.eldiario.net\\\/portal\\\/#\\\/schema\\\/person\\\/f46445640444750d7d753ccd04ae01b7\"},\"headline\":\"Gobierno defiende intento de golpe de estado de Pedro Castillo\",\"datePublished\":\"2022-12-08T10:34:47+00:00\",\"mainEntityOfPage\":{\"@id\":\"https:\\\/\\\/www.eldiario.net\\\/portal\\\/2022\\\/12\\\/08\\\/gobierno-defiende-intento-de-golpe-de-estado-de-pedro-castillo\\\/\"},\"wordCount\":606,\"publisher\":{\"@id\":\"https:\\\/\\\/www.eldiario.net\\\/portal\\\/#organization\"},\"image\":{\"@id\":\"https:\\\/\\\/www.eldiario.net\\\/portal\\\/2022\\\/12\\\/08\\\/gobierno-defiende-intento-de-golpe-de-estado-de-pedro-castillo\\\/#primaryimage\"},\"thumbnailUrl\":\"https:\\\/\\\/www.eldiario.net\\\/portal\\\/wp-content\\\/uploads\\\/2022\\\/12\\\/detencion-de-Castillo-EFE.webp\",\"articleSection\":[\"Portada\"],\"inLanguage\":\"es\"},{\"@type\":\"WebPage\",\"@id\":\"https:\\\/\\\/www.eldiario.net\\\/portal\\\/2022\\\/12\\\/08\\\/gobierno-defiende-intento-de-golpe-de-estado-de-pedro-castillo\\\/\",\"url\":\"https:\\\/\\\/www.eldiario.net\\\/portal\\\/2022\\\/12\\\/08\\\/gobierno-defiende-intento-de-golpe-de-estado-de-pedro-castillo\\\/\",\"name\":\"Gobierno defiende intento de golpe de estado de Pedro Castillo - El Diario - Bolivia\",\"isPartOf\":{\"@id\":\"https:\\\/\\\/www.eldiario.net\\\/portal\\\/#website\"},\"primaryImageOfPage\":{\"@id\":\"https:\\\/\\\/www.eldiario.net\\\/portal\\\/2022\\\/12\\\/08\\\/gobierno-defiende-intento-de-golpe-de-estado-de-pedro-castillo\\\/#primaryimage\"},\"image\":{\"@id\":\"https:\\\/\\\/www.eldiario.net\\\/portal\\\/2022\\\/12\\\/08\\\/gobierno-defiende-intento-de-golpe-de-estado-de-pedro-castillo\\\/#primaryimage\"},\"thumbnailUrl\":\"https:\\\/\\\/www.eldiario.net\\\/portal\\\/wp-content\\\/uploads\\\/2022\\\/12\\\/detencion-de-Castillo-EFE.webp\",\"datePublished\":\"2022-12-08T10:34:47+00:00\",\"breadcrumb\":{\"@id\":\"https:\\\/\\\/www.eldiario.net\\\/portal\\\/2022\\\/12\\\/08\\\/gobierno-defiende-intento-de-golpe-de-estado-de-pedro-castillo\\\/#breadcrumb\"},\"inLanguage\":\"es\",\"potentialAction\":[{\"@type\":\"ReadAction\",\"target\":[\"https:\\\/\\\/www.eldiario.net\\\/portal\\\/2022\\\/12\\\/08\\\/gobierno-defiende-intento-de-golpe-de-estado-de-pedro-castillo\\\/\"]}]},{\"@type\":\"ImageObject\",\"inLanguage\":\"es\",\"@id\":\"https:\\\/\\\/www.eldiario.net\\\/portal\\\/2022\\\/12\\\/08\\\/gobierno-defiende-intento-de-golpe-de-estado-de-pedro-castillo\\\/#primaryimage\",\"url\":\"https:\\\/\\\/www.eldiario.net\\\/portal\\\/wp-content\\\/uploads\\\/2022\\\/12\\\/detencion-de-Castillo-EFE.webp\",\"contentUrl\":\"https:\\\/\\\/www.eldiario.net\\\/portal\\\/wp-content\\\/uploads\\\/2022\\\/12\\\/detencion-de-Castillo-EFE.webp\",\"width\":1024,\"height\":576,\"caption\":\"El destituido presidente peruano Pedro Castillo junto a su ex primer ministro An\u00edbal Torres, mientras permanece detenido en la Prefectura de Lima (Per\u00fa). Foto: EFE\"},{\"@type\":\"BreadcrumbList\",\"@id\":\"https:\\\/\\\/www.eldiario.net\\\/portal\\\/2022\\\/12\\\/08\\\/gobierno-defiende-intento-de-golpe-de-estado-de-pedro-castillo\\\/#breadcrumb\",\"itemListElement\":[{\"@type\":\"ListItem\",\"position\":1,\"name\":\"Portada\",\"item\":\"https:\\\/\\\/www.eldiario.net\\\/portal\\\/\"},{\"@type\":\"ListItem\",\"position\":2,\"name\":\"Gobierno defiende intento de golpe de estado de Pedro Castillo\"}]},{\"@type\":\"WebSite\",\"@id\":\"https:\\\/\\\/www.eldiario.net\\\/portal\\\/#website\",\"url\":\"https:\\\/\\\/www.eldiario.net\\\/portal\\\/\",\"name\":\"El Diario - Decano de la prensa nacional\",\"description\":\"El Diario - Decano de la prensa nacional\",\"publisher\":{\"@id\":\"https:\\\/\\\/www.eldiario.net\\\/portal\\\/#organization\"},\"potentialAction\":[{\"@type\":\"SearchAction\",\"target\":{\"@type\":\"EntryPoint\",\"urlTemplate\":\"https:\\\/\\\/www.eldiario.net\\\/portal\\\/?s={search_term_string}\"},\"query-input\":{\"@type\":\"PropertyValueSpecification\",\"valueRequired\":true,\"valueName\":\"search_term_string\"}}],\"inLanguage\":\"es\"},{\"@type\":\"Organization\",\"@id\":\"https:\\\/\\\/www.eldiario.net\\\/portal\\\/#organization\",\"name\":\"El Diario - Decano de la prensa nacional\",\"url\":\"https:\\\/\\\/www.eldiario.net\\\/portal\\\/\",\"logo\":{\"@type\":\"ImageObject\",\"inLanguage\":\"es\",\"@id\":\"https:\\\/\\\/www.eldiario.net\\\/portal\\\/#\\\/schema\\\/logo\\\/image\\\/\",\"url\":\"https:\\\/\\\/www.eldiario.net\\\/portal\\\/wp-content\\\/uploads\\\/2023\\\/07\\\/logo_ED.jpg\",\"contentUrl\":\"https:\\\/\\\/www.eldiario.net\\\/portal\\\/wp-content\\\/uploads\\\/2023\\\/07\\\/logo_ED.jpg\",\"width\":272,\"height\":52,\"caption\":\"El Diario - Decano de la prensa nacional\"},\"image\":{\"@id\":\"https:\\\/\\\/www.eldiario.net\\\/portal\\\/#\\\/schema\\\/logo\\\/image\\\/\"},\"sameAs\":[\"https:\\\/\\\/www.facebook.com\\\/eldiario.bolivia\\\/\",\"https:\\\/\\\/x.com\\\/eldiario_net\"]},{\"@type\":\"Person\",\"@id\":\"https:\\\/\\\/www.eldiario.net\\\/portal\\\/#\\\/schema\\\/person\\\/f46445640444750d7d753ccd04ae01b7\",\"name\":\"Jeanette\",\"image\":{\"@type\":\"ImageObject\",\"inLanguage\":\"es\",\"@id\":\"https:\\\/\\\/secure.gravatar.com\\\/avatar\\\/3ea2118a5f7dad2b7138b1187a6b7ee55f160b9968b66013c3a3ef39dd7e5798?s=96&d=mm&r=g\",\"url\":\"https:\\\/\\\/secure.gravatar.com\\\/avatar\\\/3ea2118a5f7dad2b7138b1187a6b7ee55f160b9968b66013c3a3ef39dd7e5798?s=96&d=mm&r=g\",\"contentUrl\":\"https:\\\/\\\/secure.gravatar.com\\\/avatar\\\/3ea2118a5f7dad2b7138b1187a6b7ee55f160b9968b66013c3a3ef39dd7e5798?s=96&d=mm&r=g\",\"caption\":\"Jeanette\"},\"sameAs\":[\"https:\\\/\\\/www.eldiario.net\\\/portal\"],\"url\":\"https:\\\/\\\/www.eldiario.net\\\/portal\\\/author\\\/jeanette\\\/\"}]}<\/script>\n<!-- \/ Yoast SEO plugin. -->","yoast_head_json":{"title":"Gobierno defiende intento de golpe de estado de Pedro Castillo - El Diario - Bolivia","robots":{"index":"index","follow":"follow","max-snippet":"max-snippet:-1","max-image-preview":"max-image-preview:large","max-video-preview":"max-video-preview:-1"},"canonical":"https:\/\/www.eldiario.net\/portal\/2022\/12\/08\/gobierno-defiende-intento-de-golpe-de-estado-de-pedro-castillo\/","og_locale":"es_ES","og_type":"article","og_title":"Gobierno defiende intento de golpe de estado de Pedro Castillo - El Diario - Bolivia","og_description":"El Gobierno del presidente de Bolivia, Luis Arce, expres\u00f3 en la Organizaci\u00f3n de Estados Americanos (OEA) su rechazo a los ataques en contra de los gobiernos \u201cde extracci\u00f3n popular\u201d y tambi\u00e9n a cualquier intento de quebrar el orden constitucional, a prop\u00f3sito de la destituci\u00f3n de Pedro Castillo por intentar cerrar el Congreso de Per\u00fa. \u201cSi [&hellip;]","og_url":"https:\/\/www.eldiario.net\/portal\/2022\/12\/08\/gobierno-defiende-intento-de-golpe-de-estado-de-pedro-castillo\/","og_site_name":"El Diario - Bolivia","article_publisher":"https:\/\/www.facebook.com\/eldiario.bolivia\/","article_published_time":"2022-12-08T10:34:47+00:00","og_image":[{"width":1024,"height":576,"url":"https:\/\/www.eldiario.net\/portal\/wp-content\/uploads\/2022\/12\/detencion-de-Castillo-EFE.webp","type":"image\/webp"}],"author":"Jeanette","twitter_card":"summary_large_image","twitter_creator":"@eldiario_net","twitter_site":"@eldiario_net","twitter_misc":{"Escrito por":"Jeanette","Tiempo de lectura":"3 minutos"},"schema":{"@context":"https:\/\/schema.org","@graph":[{"@type":"Article","@id":"https:\/\/www.eldiario.net\/portal\/2022\/12\/08\/gobierno-defiende-intento-de-golpe-de-estado-de-pedro-castillo\/#article","isPartOf":{"@id":"https:\/\/www.eldiario.net\/portal\/2022\/12\/08\/gobierno-defiende-intento-de-golpe-de-estado-de-pedro-castillo\/"},"author":{"name":"Jeanette","@id":"https:\/\/www.eldiario.net\/portal\/#\/schema\/person\/f46445640444750d7d753ccd04ae01b7"},"headline":"Gobierno defiende intento de golpe de estado de Pedro Castillo","datePublished":"2022-12-08T10:34:47+00:00","mainEntityOfPage":{"@id":"https:\/\/www.eldiario.net\/portal\/2022\/12\/08\/gobierno-defiende-intento-de-golpe-de-estado-de-pedro-castillo\/"},"wordCount":606,"publisher":{"@id":"https:\/\/www.eldiario.net\/portal\/#organization"},"image":{"@id":"https:\/\/www.eldiario.net\/portal\/2022\/12\/08\/gobierno-defiende-intento-de-golpe-de-estado-de-pedro-castillo\/#primaryimage"},"thumbnailUrl":"https:\/\/www.eldiario.net\/portal\/wp-content\/uploads\/2022\/12\/detencion-de-Castillo-EFE.webp","articleSection":["Portada"],"inLanguage":"es"},{"@type":"WebPage","@id":"https:\/\/www.eldiario.net\/portal\/2022\/12\/08\/gobierno-defiende-intento-de-golpe-de-estado-de-pedro-castillo\/","url":"https:\/\/www.eldiario.net\/portal\/2022\/12\/08\/gobierno-defiende-intento-de-golpe-de-estado-de-pedro-castillo\/","name":"Gobierno defiende intento de golpe de estado de Pedro Castillo - El Diario - Bolivia","isPartOf":{"@id":"https:\/\/www.eldiario.net\/portal\/#website"},"primaryImageOfPage":{"@id":"https:\/\/www.eldiario.net\/portal\/2022\/12\/08\/gobierno-defiende-intento-de-golpe-de-estado-de-pedro-castillo\/#primaryimage"},"image":{"@id":"https:\/\/www.eldiario.net\/portal\/2022\/12\/08\/gobierno-defiende-intento-de-golpe-de-estado-de-pedro-castillo\/#primaryimage"},"thumbnailUrl":"https:\/\/www.eldiario.net\/portal\/wp-content\/uploads\/2022\/12\/detencion-de-Castillo-EFE.webp","datePublished":"2022-12-08T10:34:47+00:00","breadcrumb":{"@id":"https:\/\/www.eldiario.net\/portal\/2022\/12\/08\/gobierno-defiende-intento-de-golpe-de-estado-de-pedro-castillo\/#breadcrumb"},"inLanguage":"es","potentialAction":[{"@type":"ReadAction","target":["https:\/\/www.eldiario.net\/portal\/2022\/12\/08\/gobierno-defiende-intento-de-golpe-de-estado-de-pedro-castillo\/"]}]},{"@type":"ImageObject","inLanguage":"es","@id":"https:\/\/www.eldiario.net\/portal\/2022\/12\/08\/gobierno-defiende-intento-de-golpe-de-estado-de-pedro-castillo\/#primaryimage","url":"https:\/\/www.eldiario.net\/portal\/wp-content\/uploads\/2022\/12\/detencion-de-Castillo-EFE.webp","contentUrl":"https:\/\/www.eldiario.net\/portal\/wp-content\/uploads\/2022\/12\/detencion-de-Castillo-EFE.webp","width":1024,"height":576,"caption":"El destituido presidente peruano Pedro Castillo junto a su ex primer ministro An\u00edbal Torres, mientras permanece detenido en la Prefectura de Lima (Per\u00fa). Foto: EFE"},{"@type":"BreadcrumbList","@id":"https:\/\/www.eldiario.net\/portal\/2022\/12\/08\/gobierno-defiende-intento-de-golpe-de-estado-de-pedro-castillo\/#breadcrumb","itemListElement":[{"@type":"ListItem","position":1,"name":"Portada","item":"https:\/\/www.eldiario.net\/portal\/"},{"@type":"ListItem","position":2,"name":"Gobierno defiende intento de golpe de estado de Pedro Castillo"}]},{"@type":"WebSite","@id":"https:\/\/www.eldiario.net\/portal\/#website","url":"https:\/\/www.eldiario.net\/portal\/","name":"El Diario - Decano de la prensa nacional","description":"El Diario - Decano de la prensa nacional","publisher":{"@id":"https:\/\/www.eldiario.net\/portal\/#organization"},"potentialAction":[{"@type":"SearchAction","target":{"@type":"EntryPoint","urlTemplate":"https:\/\/www.eldiario.net\/portal\/?s={search_term_string}"},"query-input":{"@type":"PropertyValueSpecification","valueRequired":true,"valueName":"search_term_string"}}],"inLanguage":"es"},{"@type":"Organization","@id":"https:\/\/www.eldiario.net\/portal\/#organization","name":"El Diario - Decano de la prensa nacional","url":"https:\/\/www.eldiario.net\/portal\/","logo":{"@type":"ImageObject","inLanguage":"es","@id":"https:\/\/www.eldiario.net\/portal\/#\/schema\/logo\/image\/","url":"https:\/\/www.eldiario.net\/portal\/wp-content\/uploads\/2023\/07\/logo_ED.jpg","contentUrl":"https:\/\/www.eldiario.net\/portal\/wp-content\/uploads\/2023\/07\/logo_ED.jpg","width":272,"height":52,"caption":"El Diario - Decano de la prensa nacional"},"image":{"@id":"https:\/\/www.eldiario.net\/portal\/#\/schema\/logo\/image\/"},"sameAs":["https:\/\/www.facebook.com\/eldiario.bolivia\/","https:\/\/x.com\/eldiario_net"]},{"@type":"Person","@id":"https:\/\/www.eldiario.net\/portal\/#\/schema\/person\/f46445640444750d7d753ccd04ae01b7","name":"Jeanette","image":{"@type":"ImageObject","inLanguage":"es","@id":"https:\/\/secure.gravatar.com\/avatar\/3ea2118a5f7dad2b7138b1187a6b7ee55f160b9968b66013c3a3ef39dd7e5798?s=96&d=mm&r=g","url":"https:\/\/secure.gravatar.com\/avatar\/3ea2118a5f7dad2b7138b1187a6b7ee55f160b9968b66013c3a3ef39dd7e5798?s=96&d=mm&r=g","contentUrl":"https:\/\/secure.gravatar.com\/avatar\/3ea2118a5f7dad2b7138b1187a6b7ee55f160b9968b66013c3a3ef39dd7e5798?s=96&d=mm&r=g","caption":"Jeanette"},"sameAs":["https:\/\/www.eldiario.net\/portal"],"url":"https:\/\/www.eldiario.net\/portal\/author\/jeanette\/"}]}},"_links":{"self":[{"href":"https:\/\/www.eldiario.net\/portal\/wp-json\/wp\/v2\/posts\/126566","targetHints":{"allow":["GET"]}}],"collection":[{"href":"https:\/\/www.eldiario.net\/portal\/wp-json\/wp\/v2\/posts"}],"about":[{"href":"https:\/\/www.eldiario.net\/portal\/wp-json\/wp\/v2\/types\/post"}],"author":[{"embeddable":true,"href":"https:\/\/www.eldiario.net\/portal\/wp-json\/wp\/v2\/users\/1"}],"replies":[{"embeddable":true,"href":"https:\/\/www.eldiario.net\/portal\/wp-json\/wp\/v2\/comments?post=126566"}],"version-history":[{"count":0,"href":"https:\/\/www.eldiario.net\/portal\/wp-json\/wp\/v2\/posts\/126566\/revisions"}],"wp:featuredmedia":[{"embeddable":true,"href":"https:\/\/www.eldiario.net\/portal\/wp-json\/wp\/v2\/media\/126567"}],"wp:attachment":[{"href":"https:\/\/www.eldiario.net\/portal\/wp-json\/wp\/v2\/media?parent=126566"}],"wp:term":[{"taxonomy":"category","embeddable":true,"href":"https:\/\/www.eldiario.net\/portal\/wp-json\/wp\/v2\/categories?post=126566"},{"taxonomy":"post_tag","embeddable":true,"href":"https:\/\/www.eldiario.net\/portal\/wp-json\/wp\/v2\/tags?post=126566"}],"curies":[{"name":"wp","href":"https:\/\/api.w.org\/{rel}","templated":true}]}}