{"id":126563,"date":"2022-12-08T06:33:29","date_gmt":"2022-12-08T10:33:29","guid":{"rendered":"https:\/\/www.eldiario.net\/portal\/?p=126563"},"modified":"2022-12-08T06:33:29","modified_gmt":"2022-12-08T10:33:29","slug":"bazan-peru-dio-ejemplo-de-independencia-de-poderes","status":"publish","type":"post","link":"https:\/\/www.eldiario.net\/portal\/2022\/12\/08\/bazan-peru-dio-ejemplo-de-independencia-de-poderes\/","title":{"rendered":"Baz\u00e1n: Per\u00fa dio ejemplo de  independencia de poderes"},"content":{"rendered":"<p class=\"v1MsoNormal\">La ineficiencia, la improvisaci\u00f3n y la corrupci\u00f3n que caracterizan al Socialismo del Siglo XXI de la que es partidario el ahora expresidente de Per\u00fa, Pedro Castillo, encontr\u00f3 el freno de la democracia y la independencia de poderes, afirm\u00f3 el diputado de Creemos, Erwin Baz\u00e1n.<\/p>\n<p class=\"v1MsoNormal\">El legislador manifest\u00f3 su reconocimiento a los parlamentarios del vecino pa\u00eds que encararon la arremetida del expresidente Castillo que pretendi\u00f3 anular el Parlamento y disponer un estado de excepci\u00f3n, acciones propias de gobiernos totalitarios.<\/p>\n<p class=\"v1MsoNormal\">\u201cLe sentaron la mano a aquel que detentando el poder cre\u00eda que pod\u00eda pasarse de listo y convertirse en dictador. Ojal\u00e1 pudi\u00e9ramos tener (en Bolivia) un Parlamento que tenga verdadera independencia y que sea un real contrapoder al Poder Ejecutivo (\u20269 todav\u00eda tenemos diputados del oficialismo que se creen un ap\u00e9ndice del Ejecutivo por su obsecuencia con el partido de gobierno que no hacen respetar la investidura\u201d, dijo.<\/p>\n<p class=\"v1MsoNormal\">El legislador de Creemos, advirti\u00f3 que Bolivia no est\u00e1 lejos de enfrentar una crisis pol\u00edtica de gran escala, por lo que el Legislativo Nacional debe recuperar su independencia, su autoridad e independencia.<\/p>\n<p class=\"v1MsoNormal\">Record\u00f3 que el nexo pol\u00edtico entre Pedro Castillo y Evo Morales, inclusive, gener\u00f3 la propuesta de exportaci\u00f3n de la pol\u00edtica partidaria del Movimiento Al Socialismo (MAS), adem\u00e1s de su pol\u00edtica de producci\u00f3n y despenalizaci\u00f3n de la hoja de coca.<\/p>\n","protected":false},"excerpt":{"rendered":"<p>La ineficiencia, la improvisaci\u00f3n y la corrupci\u00f3n que caracterizan al Socialismo del Siglo XXI de la que es partidario el ahora expresidente de Per\u00fa, Pedro Castillo, encontr\u00f3 el freno de la democracia y la independencia de poderes, afirm\u00f3 el diputado de Creemos, Erwin Baz\u00e1n. El legislador manifest\u00f3 su reconocimiento a los parlamentarios del vecino pa\u00eds [&hellip;]<\/p>\n","protected":false},"author":1,"featured_media":126564,"comment_status":"closed","ping_status":"closed","sticky":false,"template":"","format":"standard","meta":{"_acf_changed":false,"footnotes":""},"categories":[15],"tags":[],"class_list":["post-126563","post","type-post","status-publish","format-standard","has-post-thumbnail","category-portada"],"acf":{"antetitulo":""},"yoast_head":"<!-- This site is optimized with the Yoast SEO plugin v28.3 - https:\/\/yoast.com\/product\/yoast-seo-wordpress\/ -->\n<title>Baz\u00e1n: Per\u00fa dio ejemplo de independencia de poderes - El Diario - Bolivia<\/title>\n<meta name=\"robots\" content=\"index, follow, max-snippet:-1, max-image-preview:large, max-video-preview:-1\" \/>\n<link rel=\"canonical\" href=\"https:\/\/www.eldiario.net\/portal\/2022\/12\/08\/bazan-peru-dio-ejemplo-de-independencia-de-poderes\/\" \/>\n<meta property=\"og:locale\" content=\"es_ES\" \/>\n<meta property=\"og:type\" content=\"article\" \/>\n<meta property=\"og:title\" content=\"Baz\u00e1n: Per\u00fa dio ejemplo de independencia de poderes - El Diario - Bolivia\" \/>\n<meta property=\"og:description\" content=\"La ineficiencia, la improvisaci\u00f3n y la corrupci\u00f3n que caracterizan al Socialismo del Siglo XXI de la que es partidario el ahora expresidente de Per\u00fa, Pedro Castillo, encontr\u00f3 el freno de la democracia y la independencia de poderes, afirm\u00f3 el diputado de Creemos, Erwin Baz\u00e1n. El legislador manifest\u00f3 su reconocimiento a los parlamentarios del vecino pa\u00eds [&hellip;]\" \/>\n<meta property=\"og:url\" content=\"https:\/\/www.eldiario.net\/portal\/2022\/12\/08\/bazan-peru-dio-ejemplo-de-independencia-de-poderes\/\" \/>\n<meta property=\"og:site_name\" content=\"El Diario - Bolivia\" \/>\n<meta property=\"article:publisher\" content=\"https:\/\/www.facebook.com\/eldiario.bolivia\/\" \/>\n<meta property=\"article:published_time\" content=\"2022-12-08T10:33:29+00:00\" \/>\n<meta name=\"author\" content=\"Jeanette\" \/>\n<meta name=\"twitter:card\" content=\"summary_large_image\" \/>\n<meta name=\"twitter:creator\" content=\"@eldiario_net\" \/>\n<meta name=\"twitter:site\" content=\"@eldiario_net\" \/>\n<meta name=\"twitter:label1\" content=\"Escrito por\" \/>\n\t<meta name=\"twitter:data1\" content=\"Jeanette\" \/>\n\t<meta name=\"twitter:label2\" content=\"Tiempo de lectura\" \/>\n\t<meta name=\"twitter:data2\" content=\"1 minuto\" \/>\n<script type=\"application\/ld+json\" class=\"yoast-schema-graph\">{\"@context\":\"https:\\\/\\\/schema.org\",\"@graph\":[{\"@type\":\"Article\",\"@id\":\"https:\\\/\\\/www.eldiario.net\\\/portal\\\/2022\\\/12\\\/08\\\/bazan-peru-dio-ejemplo-de-independencia-de-poderes\\\/#article\",\"isPartOf\":{\"@id\":\"https:\\\/\\\/www.eldiario.net\\\/portal\\\/2022\\\/12\\\/08\\\/bazan-peru-dio-ejemplo-de-independencia-de-poderes\\\/\"},\"author\":{\"name\":\"Jeanette\",\"@id\":\"https:\\\/\\\/www.eldiario.net\\\/portal\\\/#\\\/schema\\\/person\\\/f46445640444750d7d753ccd04ae01b7\"},\"headline\":\"Baz\u00e1n: Per\u00fa dio ejemplo de independencia de poderes\",\"datePublished\":\"2022-12-08T10:33:29+00:00\",\"mainEntityOfPage\":{\"@id\":\"https:\\\/\\\/www.eldiario.net\\\/portal\\\/2022\\\/12\\\/08\\\/bazan-peru-dio-ejemplo-de-independencia-de-poderes\\\/\"},\"wordCount\":243,\"publisher\":{\"@id\":\"https:\\\/\\\/www.eldiario.net\\\/portal\\\/#organization\"},\"image\":{\"@id\":\"https:\\\/\\\/www.eldiario.net\\\/portal\\\/2022\\\/12\\\/08\\\/bazan-peru-dio-ejemplo-de-independencia-de-poderes\\\/#primaryimage\"},\"thumbnailUrl\":\"\",\"articleSection\":[\"Portada\"],\"inLanguage\":\"es\"},{\"@type\":\"WebPage\",\"@id\":\"https:\\\/\\\/www.eldiario.net\\\/portal\\\/2022\\\/12\\\/08\\\/bazan-peru-dio-ejemplo-de-independencia-de-poderes\\\/\",\"url\":\"https:\\\/\\\/www.eldiario.net\\\/portal\\\/2022\\\/12\\\/08\\\/bazan-peru-dio-ejemplo-de-independencia-de-poderes\\\/\",\"name\":\"Baz\u00e1n: Per\u00fa dio ejemplo de independencia de poderes - El Diario - Bolivia\",\"isPartOf\":{\"@id\":\"https:\\\/\\\/www.eldiario.net\\\/portal\\\/#website\"},\"primaryImageOfPage\":{\"@id\":\"https:\\\/\\\/www.eldiario.net\\\/portal\\\/2022\\\/12\\\/08\\\/bazan-peru-dio-ejemplo-de-independencia-de-poderes\\\/#primaryimage\"},\"image\":{\"@id\":\"https:\\\/\\\/www.eldiario.net\\\/portal\\\/2022\\\/12\\\/08\\\/bazan-peru-dio-ejemplo-de-independencia-de-poderes\\\/#primaryimage\"},\"thumbnailUrl\":\"\",\"datePublished\":\"2022-12-08T10:33:29+00:00\",\"breadcrumb\":{\"@id\":\"https:\\\/\\\/www.eldiario.net\\\/portal\\\/2022\\\/12\\\/08\\\/bazan-peru-dio-ejemplo-de-independencia-de-poderes\\\/#breadcrumb\"},\"inLanguage\":\"es\",\"potentialAction\":[{\"@type\":\"ReadAction\",\"target\":[\"https:\\\/\\\/www.eldiario.net\\\/portal\\\/2022\\\/12\\\/08\\\/bazan-peru-dio-ejemplo-de-independencia-de-poderes\\\/\"]}]},{\"@type\":\"ImageObject\",\"inLanguage\":\"es\",\"@id\":\"https:\\\/\\\/www.eldiario.net\\\/portal\\\/2022\\\/12\\\/08\\\/bazan-peru-dio-ejemplo-de-independencia-de-poderes\\\/#primaryimage\",\"url\":\"\",\"contentUrl\":\"\"},{\"@type\":\"BreadcrumbList\",\"@id\":\"https:\\\/\\\/www.eldiario.net\\\/portal\\\/2022\\\/12\\\/08\\\/bazan-peru-dio-ejemplo-de-independencia-de-poderes\\\/#breadcrumb\",\"itemListElement\":[{\"@type\":\"ListItem\",\"position\":1,\"name\":\"Portada\",\"item\":\"https:\\\/\\\/www.eldiario.net\\\/portal\\\/\"},{\"@type\":\"ListItem\",\"position\":2,\"name\":\"Baz\u00e1n: Per\u00fa dio ejemplo de independencia de poderes\"}]},{\"@type\":\"WebSite\",\"@id\":\"https:\\\/\\\/www.eldiario.net\\\/portal\\\/#website\",\"url\":\"https:\\\/\\\/www.eldiario.net\\\/portal\\\/\",\"name\":\"El Diario - Decano de la prensa nacional\",\"description\":\"El Diario - Decano de la prensa nacional\",\"publisher\":{\"@id\":\"https:\\\/\\\/www.eldiario.net\\\/portal\\\/#organization\"},\"potentialAction\":[{\"@type\":\"SearchAction\",\"target\":{\"@type\":\"EntryPoint\",\"urlTemplate\":\"https:\\\/\\\/www.eldiario.net\\\/portal\\\/?s={search_term_string}\"},\"query-input\":{\"@type\":\"PropertyValueSpecification\",\"valueRequired\":true,\"valueName\":\"search_term_string\"}}],\"inLanguage\":\"es\"},{\"@type\":\"Organization\",\"@id\":\"https:\\\/\\\/www.eldiario.net\\\/portal\\\/#organization\",\"name\":\"El Diario - Decano de la prensa nacional\",\"url\":\"https:\\\/\\\/www.eldiario.net\\\/portal\\\/\",\"logo\":{\"@type\":\"ImageObject\",\"inLanguage\":\"es\",\"@id\":\"https:\\\/\\\/www.eldiario.net\\\/portal\\\/#\\\/schema\\\/logo\\\/image\\\/\",\"url\":\"https:\\\/\\\/www.eldiario.net\\\/portal\\\/wp-content\\\/uploads\\\/2023\\\/07\\\/logo_ED.jpg\",\"contentUrl\":\"https:\\\/\\\/www.eldiario.net\\\/portal\\\/wp-content\\\/uploads\\\/2023\\\/07\\\/logo_ED.jpg\",\"width\":272,\"height\":52,\"caption\":\"El Diario - Decano de la prensa nacional\"},\"image\":{\"@id\":\"https:\\\/\\\/www.eldiario.net\\\/portal\\\/#\\\/schema\\\/logo\\\/image\\\/\"},\"sameAs\":[\"https:\\\/\\\/www.facebook.com\\\/eldiario.bolivia\\\/\",\"https:\\\/\\\/x.com\\\/eldiario_net\"]},{\"@type\":\"Person\",\"@id\":\"https:\\\/\\\/www.eldiario.net\\\/portal\\\/#\\\/schema\\\/person\\\/f46445640444750d7d753ccd04ae01b7\",\"name\":\"Jeanette\",\"image\":{\"@type\":\"ImageObject\",\"inLanguage\":\"es\",\"@id\":\"https:\\\/\\\/secure.gravatar.com\\\/avatar\\\/3ea2118a5f7dad2b7138b1187a6b7ee55f160b9968b66013c3a3ef39dd7e5798?s=96&d=mm&r=g\",\"url\":\"https:\\\/\\\/secure.gravatar.com\\\/avatar\\\/3ea2118a5f7dad2b7138b1187a6b7ee55f160b9968b66013c3a3ef39dd7e5798?s=96&d=mm&r=g\",\"contentUrl\":\"https:\\\/\\\/secure.gravatar.com\\\/avatar\\\/3ea2118a5f7dad2b7138b1187a6b7ee55f160b9968b66013c3a3ef39dd7e5798?s=96&d=mm&r=g\",\"caption\":\"Jeanette\"},\"sameAs\":[\"https:\\\/\\\/www.eldiario.net\\\/portal\"],\"url\":\"https:\\\/\\\/www.eldiario.net\\\/portal\\\/author\\\/jeanette\\\/\"}]}<\/script>\n<!-- \/ Yoast SEO plugin. -->","yoast_head_json":{"title":"Baz\u00e1n: Per\u00fa dio ejemplo de independencia de poderes - El Diario - Bolivia","robots":{"index":"index","follow":"follow","max-snippet":"max-snippet:-1","max-image-preview":"max-image-preview:large","max-video-preview":"max-video-preview:-1"},"canonical":"https:\/\/www.eldiario.net\/portal\/2022\/12\/08\/bazan-peru-dio-ejemplo-de-independencia-de-poderes\/","og_locale":"es_ES","og_type":"article","og_title":"Baz\u00e1n: Per\u00fa dio ejemplo de independencia de poderes - El Diario - Bolivia","og_description":"La ineficiencia, la improvisaci\u00f3n y la corrupci\u00f3n que caracterizan al Socialismo del Siglo XXI de la que es partidario el ahora expresidente de Per\u00fa, Pedro Castillo, encontr\u00f3 el freno de la democracia y la independencia de poderes, afirm\u00f3 el diputado de Creemos, Erwin Baz\u00e1n. El legislador manifest\u00f3 su reconocimiento a los parlamentarios del vecino pa\u00eds [&hellip;]","og_url":"https:\/\/www.eldiario.net\/portal\/2022\/12\/08\/bazan-peru-dio-ejemplo-de-independencia-de-poderes\/","og_site_name":"El Diario - Bolivia","article_publisher":"https:\/\/www.facebook.com\/eldiario.bolivia\/","article_published_time":"2022-12-08T10:33:29+00:00","author":"Jeanette","twitter_card":"summary_large_image","twitter_creator":"@eldiario_net","twitter_site":"@eldiario_net","twitter_misc":{"Escrito por":"Jeanette","Tiempo de lectura":"1 minuto"},"schema":{"@context":"https:\/\/schema.org","@graph":[{"@type":"Article","@id":"https:\/\/www.eldiario.net\/portal\/2022\/12\/08\/bazan-peru-dio-ejemplo-de-independencia-de-poderes\/#article","isPartOf":{"@id":"https:\/\/www.eldiario.net\/portal\/2022\/12\/08\/bazan-peru-dio-ejemplo-de-independencia-de-poderes\/"},"author":{"name":"Jeanette","@id":"https:\/\/www.eldiario.net\/portal\/#\/schema\/person\/f46445640444750d7d753ccd04ae01b7"},"headline":"Baz\u00e1n: Per\u00fa dio ejemplo de independencia de poderes","datePublished":"2022-12-08T10:33:29+00:00","mainEntityOfPage":{"@id":"https:\/\/www.eldiario.net\/portal\/2022\/12\/08\/bazan-peru-dio-ejemplo-de-independencia-de-poderes\/"},"wordCount":243,"publisher":{"@id":"https:\/\/www.eldiario.net\/portal\/#organization"},"image":{"@id":"https:\/\/www.eldiario.net\/portal\/2022\/12\/08\/bazan-peru-dio-ejemplo-de-independencia-de-poderes\/#primaryimage"},"thumbnailUrl":"","articleSection":["Portada"],"inLanguage":"es"},{"@type":"WebPage","@id":"https:\/\/www.eldiario.net\/portal\/2022\/12\/08\/bazan-peru-dio-ejemplo-de-independencia-de-poderes\/","url":"https:\/\/www.eldiario.net\/portal\/2022\/12\/08\/bazan-peru-dio-ejemplo-de-independencia-de-poderes\/","name":"Baz\u00e1n: Per\u00fa dio ejemplo de independencia de poderes - El Diario - Bolivia","isPartOf":{"@id":"https:\/\/www.eldiario.net\/portal\/#website"},"primaryImageOfPage":{"@id":"https:\/\/www.eldiario.net\/portal\/2022\/12\/08\/bazan-peru-dio-ejemplo-de-independencia-de-poderes\/#primaryimage"},"image":{"@id":"https:\/\/www.eldiario.net\/portal\/2022\/12\/08\/bazan-peru-dio-ejemplo-de-independencia-de-poderes\/#primaryimage"},"thumbnailUrl":"","datePublished":"2022-12-08T10:33:29+00:00","breadcrumb":{"@id":"https:\/\/www.eldiario.net\/portal\/2022\/12\/08\/bazan-peru-dio-ejemplo-de-independencia-de-poderes\/#breadcrumb"},"inLanguage":"es","potentialAction":[{"@type":"ReadAction","target":["https:\/\/www.eldiario.net\/portal\/2022\/12\/08\/bazan-peru-dio-ejemplo-de-independencia-de-poderes\/"]}]},{"@type":"ImageObject","inLanguage":"es","@id":"https:\/\/www.eldiario.net\/portal\/2022\/12\/08\/bazan-peru-dio-ejemplo-de-independencia-de-poderes\/#primaryimage","url":"","contentUrl":""},{"@type":"BreadcrumbList","@id":"https:\/\/www.eldiario.net\/portal\/2022\/12\/08\/bazan-peru-dio-ejemplo-de-independencia-de-poderes\/#breadcrumb","itemListElement":[{"@type":"ListItem","position":1,"name":"Portada","item":"https:\/\/www.eldiario.net\/portal\/"},{"@type":"ListItem","position":2,"name":"Baz\u00e1n: Per\u00fa dio ejemplo de independencia de poderes"}]},{"@type":"WebSite","@id":"https:\/\/www.eldiario.net\/portal\/#website","url":"https:\/\/www.eldiario.net\/portal\/","name":"El Diario - Decano de la prensa nacional","description":"El Diario - Decano de la prensa nacional","publisher":{"@id":"https:\/\/www.eldiario.net\/portal\/#organization"},"potentialAction":[{"@type":"SearchAction","target":{"@type":"EntryPoint","urlTemplate":"https:\/\/www.eldiario.net\/portal\/?s={search_term_string}"},"query-input":{"@type":"PropertyValueSpecification","valueRequired":true,"valueName":"search_term_string"}}],"inLanguage":"es"},{"@type":"Organization","@id":"https:\/\/www.eldiario.net\/portal\/#organization","name":"El Diario - Decano de la prensa nacional","url":"https:\/\/www.eldiario.net\/portal\/","logo":{"@type":"ImageObject","inLanguage":"es","@id":"https:\/\/www.eldiario.net\/portal\/#\/schema\/logo\/image\/","url":"https:\/\/www.eldiario.net\/portal\/wp-content\/uploads\/2023\/07\/logo_ED.jpg","contentUrl":"https:\/\/www.eldiario.net\/portal\/wp-content\/uploads\/2023\/07\/logo_ED.jpg","width":272,"height":52,"caption":"El Diario - Decano de la prensa nacional"},"image":{"@id":"https:\/\/www.eldiario.net\/portal\/#\/schema\/logo\/image\/"},"sameAs":["https:\/\/www.facebook.com\/eldiario.bolivia\/","https:\/\/x.com\/eldiario_net"]},{"@type":"Person","@id":"https:\/\/www.eldiario.net\/portal\/#\/schema\/person\/f46445640444750d7d753ccd04ae01b7","name":"Jeanette","image":{"@type":"ImageObject","inLanguage":"es","@id":"https:\/\/secure.gravatar.com\/avatar\/3ea2118a5f7dad2b7138b1187a6b7ee55f160b9968b66013c3a3ef39dd7e5798?s=96&d=mm&r=g","url":"https:\/\/secure.gravatar.com\/avatar\/3ea2118a5f7dad2b7138b1187a6b7ee55f160b9968b66013c3a3ef39dd7e5798?s=96&d=mm&r=g","contentUrl":"https:\/\/secure.gravatar.com\/avatar\/3ea2118a5f7dad2b7138b1187a6b7ee55f160b9968b66013c3a3ef39dd7e5798?s=96&d=mm&r=g","caption":"Jeanette"},"sameAs":["https:\/\/www.eldiario.net\/portal"],"url":"https:\/\/www.eldiario.net\/portal\/author\/jeanette\/"}]}},"_links":{"self":[{"href":"https:\/\/www.eldiario.net\/portal\/wp-json\/wp\/v2\/posts\/126563","targetHints":{"allow":["GET"]}}],"collection":[{"href":"https:\/\/www.eldiario.net\/portal\/wp-json\/wp\/v2\/posts"}],"about":[{"href":"https:\/\/www.eldiario.net\/portal\/wp-json\/wp\/v2\/types\/post"}],"author":[{"embeddable":true,"href":"https:\/\/www.eldiario.net\/portal\/wp-json\/wp\/v2\/users\/1"}],"replies":[{"embeddable":true,"href":"https:\/\/www.eldiario.net\/portal\/wp-json\/wp\/v2\/comments?post=126563"}],"version-history":[{"count":0,"href":"https:\/\/www.eldiario.net\/portal\/wp-json\/wp\/v2\/posts\/126563\/revisions"}],"wp:attachment":[{"href":"https:\/\/www.eldiario.net\/portal\/wp-json\/wp\/v2\/media?parent=126563"}],"wp:term":[{"taxonomy":"category","embeddable":true,"href":"https:\/\/www.eldiario.net\/portal\/wp-json\/wp\/v2\/categories?post=126563"},{"taxonomy":"post_tag","embeddable":true,"href":"https:\/\/www.eldiario.net\/portal\/wp-json\/wp\/v2\/tags?post=126563"}],"curies":[{"name":"wp","href":"https:\/\/api.w.org\/{rel}","templated":true}]}}