{"id":126560,"date":"2022-12-08T06:32:14","date_gmt":"2022-12-08T10:32:14","guid":{"rendered":"https:\/\/www.eldiario.net\/portal\/?p=126560"},"modified":"2022-12-08T06:32:14","modified_gmt":"2022-12-08T10:32:14","slug":"comite-interinstitucional-ratifica-estado-de-emergencia","status":"publish","type":"post","link":"https:\/\/www.eldiario.net\/portal\/2022\/12\/08\/comite-interinstitucional-ratifica-estado-de-emergencia\/","title":{"rendered":"Comit\u00e9 Interinstitucional  ratifica estado de emergencia"},"content":{"rendered":"<p class=\"v1MsoNormal\">Frente a los procesos por el paro de 36 d\u00edas, el Comit\u00e9 Interinstitucional de Santa Cruz ratific\u00f3 ayer el estado de emergencia y convoc\u00f3 para este viernes a una marcha de protesta en defensa de los l\u00edderes cruce\u00f1os que encabezaron las movilizaciones.<\/p>\n<p class=\"v1MsoNormal\">El rector de la Universidad Gabriel Ren\u00e9 Moreno (UAGRM), Vicente Cu\u00e9llar, hizo conocer las determinaciones asumidas tras la reuni\u00f3n.<\/p>\n<p class=\"v1MsoNormal\">Uno de los puntos del acta se\u00f1ala el rechazo a los procesos penales contra los integrantes del Comit\u00e9 Interinstitucional y mantener el estado de emergencia para estar \u201cpreparados como cruce\u00f1os ante cualquier intento del Gobierno nacional de tomar acciones judiciales contra los l\u00edderes\u201d.<\/p>\n<p class=\"v1MsoNormal\">Adem\u00e1s de Cu\u00e9llar, se encuentran entre los denunciados el gobernador de Santa Cruz, Luis Fernando Camacho, el presidente del Comit\u00e9 C\u00edvico pro Santa Cruz, R\u00f3mulo Calvo, entre otros.<\/p>\n<p class=\"v1MsoNormal\">\u201cSe convoca a una marcha interinstitucional para el viernes 9 de diciembre en defensa de los l\u00edderes cruce\u00f1os en rechazo a los procesos y en defensa al derecho a la protesta\u201d, se\u00f1ala otro de los puntos aprobados en la reuni\u00f3n.<\/p>\n<p class=\"v1MsoNormal\">El gobernador cruce\u00f1o confirm\u00f3 su participaci\u00f3n en la marcha del viernes para, seg\u00fan dijo, \u201cluchar contra la persecuci\u00f3n\u201d que se viene impulsando desde el Gobierno contra quien piensas distinto.<\/p>\n<p class=\"v1MsoNormal\">\n<p class=\"v1MsoNormal\">OCHO DETERMINACIONES APROBADAS:<\/p>\n<p class=\"v1MsoNormal\">1. Rechazar los procesos penales contra los integrantes del Comit\u00e9 Interinstitucional y mantener el estado de emergencia para estar preparados como cruce\u00f1os ante cualquier intento del Gobierno nacional de tomar acciones judiciales contra los l\u00edderes.<\/p>\n<p class=\"v1MsoNormal\">2. Conformar comisiones de trabajo a nivel departamental de an\u00e1lisis para verificar las medidas que se puedan adoptar para defender el pueblo cruce\u00f1o ante los atropellos a la ciudad, Ninguno de los denunciados debe asistir a la ciudad de La Paz, siendo la jurisdicci\u00f3n natural la ciudad de Santa Cruz.<\/p>\n<p class=\"v1MsoNormal\">3. La conformaci\u00f3n de la comisi\u00f3n jur\u00eddica para iniciar los procesos contra los que ejecutaron el cerco a Santa Cruz y otras acciones vand\u00e1licas contra los derechos de los ciudadanos que cumpl\u00edan el paro de manera pac\u00edfica.<\/p>\n<p class=\"v1MsoNormal\">4. Exigir al Fiscal General del Estado actuar de acuerdo a la constituci\u00f3n y a las leyes, y no bajo mandato pol\u00edtico<\/p>\n<p class=\"v1MsoNormal\">5. Denunciar ante organismos internacionales los actos de abuso y persecuci\u00f3n de las autoridades nacionales, amparados en la declaraci\u00f3n de los derechos humanos y el pacto de San Jos\u00e9 de Costa Rica.<\/p>\n<p class=\"v1MsoNormal\">6. Cada representante del Comit\u00e9 Interinstitucional deber\u00e1 organizarse y apersonarse de manera voluntaria como testigo en los procesos por los que fueron denunciaron los miembros de la Comisi\u00f3n.<\/p>\n<p class=\"v1MsoNormal\">7. Se convoca a una marcha interinstitucional para el viernes 9 de diciembre en defensa de los l\u00edderes cruce\u00f1os en rechazo a los procesos y en defensa al derecho a la protesta.<\/p>\n<p class=\"v1MsoNormal\">8. Cada instituci\u00f3n deber\u00e1 acreditar a dos de sus miembros ante la Comisi\u00f3n Interinstitucional para que sean convocados a las reuniones de trabajo. (Erbol)<\/p>\n<p class=\"v1MsoNormal\">\n","protected":false},"excerpt":{"rendered":"<p>Frente a los procesos por el paro de 36 d\u00edas, el Comit\u00e9 Interinstitucional de Santa Cruz ratific\u00f3 ayer el estado de emergencia y convoc\u00f3 para este viernes a una marcha de protesta en defensa de los l\u00edderes cruce\u00f1os que encabezaron las movilizaciones. El rector de la Universidad Gabriel Ren\u00e9 Moreno (UAGRM), Vicente Cu\u00e9llar, hizo conocer [&hellip;]<\/p>\n","protected":false},"author":1,"featured_media":126561,"comment_status":"closed","ping_status":"closed","sticky":false,"template":"","format":"standard","meta":{"_acf_changed":false,"footnotes":""},"categories":[15],"tags":[],"class_list":["post-126560","post","type-post","status-publish","format-standard","has-post-thumbnail","category-portada"],"acf":{"antetitulo":""},"yoast_head":"<!-- This site is optimized with the Yoast SEO plugin v28.3 - https:\/\/yoast.com\/product\/yoast-seo-wordpress\/ -->\n<title>Comit\u00e9 Interinstitucional ratifica estado de emergencia - El Diario - Bolivia<\/title>\n<meta name=\"robots\" content=\"index, follow, max-snippet:-1, max-image-preview:large, max-video-preview:-1\" \/>\n<link rel=\"canonical\" href=\"https:\/\/www.eldiario.net\/portal\/2022\/12\/08\/comite-interinstitucional-ratifica-estado-de-emergencia\/\" \/>\n<meta property=\"og:locale\" content=\"es_ES\" \/>\n<meta property=\"og:type\" content=\"article\" \/>\n<meta property=\"og:title\" content=\"Comit\u00e9 Interinstitucional ratifica estado de emergencia - El Diario - Bolivia\" \/>\n<meta property=\"og:description\" content=\"Frente a los procesos por el paro de 36 d\u00edas, el Comit\u00e9 Interinstitucional de Santa Cruz ratific\u00f3 ayer el estado de emergencia y convoc\u00f3 para este viernes a una marcha de protesta en defensa de los l\u00edderes cruce\u00f1os que encabezaron las movilizaciones. El rector de la Universidad Gabriel Ren\u00e9 Moreno (UAGRM), Vicente Cu\u00e9llar, hizo conocer [&hellip;]\" \/>\n<meta property=\"og:url\" content=\"https:\/\/www.eldiario.net\/portal\/2022\/12\/08\/comite-interinstitucional-ratifica-estado-de-emergencia\/\" \/>\n<meta property=\"og:site_name\" content=\"El Diario - Bolivia\" \/>\n<meta property=\"article:publisher\" content=\"https:\/\/www.facebook.com\/eldiario.bolivia\/\" \/>\n<meta property=\"article:published_time\" content=\"2022-12-08T10:32:14+00:00\" \/>\n<meta name=\"author\" content=\"Jeanette\" \/>\n<meta name=\"twitter:card\" content=\"summary_large_image\" \/>\n<meta name=\"twitter:creator\" content=\"@eldiario_net\" \/>\n<meta name=\"twitter:site\" content=\"@eldiario_net\" \/>\n<meta name=\"twitter:label1\" content=\"Escrito por\" \/>\n\t<meta name=\"twitter:data1\" content=\"Jeanette\" \/>\n\t<meta name=\"twitter:label2\" content=\"Tiempo de lectura\" \/>\n\t<meta name=\"twitter:data2\" content=\"3 minutos\" \/>\n<script type=\"application\/ld+json\" class=\"yoast-schema-graph\">{\"@context\":\"https:\\\/\\\/schema.org\",\"@graph\":[{\"@type\":\"Article\",\"@id\":\"https:\\\/\\\/www.eldiario.net\\\/portal\\\/2022\\\/12\\\/08\\\/comite-interinstitucional-ratifica-estado-de-emergencia\\\/#article\",\"isPartOf\":{\"@id\":\"https:\\\/\\\/www.eldiario.net\\\/portal\\\/2022\\\/12\\\/08\\\/comite-interinstitucional-ratifica-estado-de-emergencia\\\/\"},\"author\":{\"name\":\"Jeanette\",\"@id\":\"https:\\\/\\\/www.eldiario.net\\\/portal\\\/#\\\/schema\\\/person\\\/f46445640444750d7d753ccd04ae01b7\"},\"headline\":\"Comit\u00e9 Interinstitucional ratifica estado de emergencia\",\"datePublished\":\"2022-12-08T10:32:14+00:00\",\"mainEntityOfPage\":{\"@id\":\"https:\\\/\\\/www.eldiario.net\\\/portal\\\/2022\\\/12\\\/08\\\/comite-interinstitucional-ratifica-estado-de-emergencia\\\/\"},\"wordCount\":499,\"publisher\":{\"@id\":\"https:\\\/\\\/www.eldiario.net\\\/portal\\\/#organization\"},\"image\":{\"@id\":\"https:\\\/\\\/www.eldiario.net\\\/portal\\\/2022\\\/12\\\/08\\\/comite-interinstitucional-ratifica-estado-de-emergencia\\\/#primaryimage\"},\"thumbnailUrl\":\"\",\"articleSection\":[\"Portada\"],\"inLanguage\":\"es\"},{\"@type\":\"WebPage\",\"@id\":\"https:\\\/\\\/www.eldiario.net\\\/portal\\\/2022\\\/12\\\/08\\\/comite-interinstitucional-ratifica-estado-de-emergencia\\\/\",\"url\":\"https:\\\/\\\/www.eldiario.net\\\/portal\\\/2022\\\/12\\\/08\\\/comite-interinstitucional-ratifica-estado-de-emergencia\\\/\",\"name\":\"Comit\u00e9 Interinstitucional ratifica estado de emergencia - El Diario - Bolivia\",\"isPartOf\":{\"@id\":\"https:\\\/\\\/www.eldiario.net\\\/portal\\\/#website\"},\"primaryImageOfPage\":{\"@id\":\"https:\\\/\\\/www.eldiario.net\\\/portal\\\/2022\\\/12\\\/08\\\/comite-interinstitucional-ratifica-estado-de-emergencia\\\/#primaryimage\"},\"image\":{\"@id\":\"https:\\\/\\\/www.eldiario.net\\\/portal\\\/2022\\\/12\\\/08\\\/comite-interinstitucional-ratifica-estado-de-emergencia\\\/#primaryimage\"},\"thumbnailUrl\":\"\",\"datePublished\":\"2022-12-08T10:32:14+00:00\",\"breadcrumb\":{\"@id\":\"https:\\\/\\\/www.eldiario.net\\\/portal\\\/2022\\\/12\\\/08\\\/comite-interinstitucional-ratifica-estado-de-emergencia\\\/#breadcrumb\"},\"inLanguage\":\"es\",\"potentialAction\":[{\"@type\":\"ReadAction\",\"target\":[\"https:\\\/\\\/www.eldiario.net\\\/portal\\\/2022\\\/12\\\/08\\\/comite-interinstitucional-ratifica-estado-de-emergencia\\\/\"]}]},{\"@type\":\"ImageObject\",\"inLanguage\":\"es\",\"@id\":\"https:\\\/\\\/www.eldiario.net\\\/portal\\\/2022\\\/12\\\/08\\\/comite-interinstitucional-ratifica-estado-de-emergencia\\\/#primaryimage\",\"url\":\"\",\"contentUrl\":\"\"},{\"@type\":\"BreadcrumbList\",\"@id\":\"https:\\\/\\\/www.eldiario.net\\\/portal\\\/2022\\\/12\\\/08\\\/comite-interinstitucional-ratifica-estado-de-emergencia\\\/#breadcrumb\",\"itemListElement\":[{\"@type\":\"ListItem\",\"position\":1,\"name\":\"Portada\",\"item\":\"https:\\\/\\\/www.eldiario.net\\\/portal\\\/\"},{\"@type\":\"ListItem\",\"position\":2,\"name\":\"Comit\u00e9 Interinstitucional ratifica estado de emergencia\"}]},{\"@type\":\"WebSite\",\"@id\":\"https:\\\/\\\/www.eldiario.net\\\/portal\\\/#website\",\"url\":\"https:\\\/\\\/www.eldiario.net\\\/portal\\\/\",\"name\":\"El Diario - Decano de la prensa nacional\",\"description\":\"El Diario - Decano de la prensa nacional\",\"publisher\":{\"@id\":\"https:\\\/\\\/www.eldiario.net\\\/portal\\\/#organization\"},\"potentialAction\":[{\"@type\":\"SearchAction\",\"target\":{\"@type\":\"EntryPoint\",\"urlTemplate\":\"https:\\\/\\\/www.eldiario.net\\\/portal\\\/?s={search_term_string}\"},\"query-input\":{\"@type\":\"PropertyValueSpecification\",\"valueRequired\":true,\"valueName\":\"search_term_string\"}}],\"inLanguage\":\"es\"},{\"@type\":\"Organization\",\"@id\":\"https:\\\/\\\/www.eldiario.net\\\/portal\\\/#organization\",\"name\":\"El Diario - Decano de la prensa nacional\",\"url\":\"https:\\\/\\\/www.eldiario.net\\\/portal\\\/\",\"logo\":{\"@type\":\"ImageObject\",\"inLanguage\":\"es\",\"@id\":\"https:\\\/\\\/www.eldiario.net\\\/portal\\\/#\\\/schema\\\/logo\\\/image\\\/\",\"url\":\"https:\\\/\\\/www.eldiario.net\\\/portal\\\/wp-content\\\/uploads\\\/2023\\\/07\\\/logo_ED.jpg\",\"contentUrl\":\"https:\\\/\\\/www.eldiario.net\\\/portal\\\/wp-content\\\/uploads\\\/2023\\\/07\\\/logo_ED.jpg\",\"width\":272,\"height\":52,\"caption\":\"El Diario - Decano de la prensa nacional\"},\"image\":{\"@id\":\"https:\\\/\\\/www.eldiario.net\\\/portal\\\/#\\\/schema\\\/logo\\\/image\\\/\"},\"sameAs\":[\"https:\\\/\\\/www.facebook.com\\\/eldiario.bolivia\\\/\",\"https:\\\/\\\/x.com\\\/eldiario_net\"]},{\"@type\":\"Person\",\"@id\":\"https:\\\/\\\/www.eldiario.net\\\/portal\\\/#\\\/schema\\\/person\\\/f46445640444750d7d753ccd04ae01b7\",\"name\":\"Jeanette\",\"image\":{\"@type\":\"ImageObject\",\"inLanguage\":\"es\",\"@id\":\"https:\\\/\\\/secure.gravatar.com\\\/avatar\\\/3ea2118a5f7dad2b7138b1187a6b7ee55f160b9968b66013c3a3ef39dd7e5798?s=96&d=mm&r=g\",\"url\":\"https:\\\/\\\/secure.gravatar.com\\\/avatar\\\/3ea2118a5f7dad2b7138b1187a6b7ee55f160b9968b66013c3a3ef39dd7e5798?s=96&d=mm&r=g\",\"contentUrl\":\"https:\\\/\\\/secure.gravatar.com\\\/avatar\\\/3ea2118a5f7dad2b7138b1187a6b7ee55f160b9968b66013c3a3ef39dd7e5798?s=96&d=mm&r=g\",\"caption\":\"Jeanette\"},\"sameAs\":[\"https:\\\/\\\/www.eldiario.net\\\/portal\"],\"url\":\"https:\\\/\\\/www.eldiario.net\\\/portal\\\/author\\\/jeanette\\\/\"}]}<\/script>\n<!-- \/ Yoast SEO plugin. -->","yoast_head_json":{"title":"Comit\u00e9 Interinstitucional ratifica estado de emergencia - El Diario - Bolivia","robots":{"index":"index","follow":"follow","max-snippet":"max-snippet:-1","max-image-preview":"max-image-preview:large","max-video-preview":"max-video-preview:-1"},"canonical":"https:\/\/www.eldiario.net\/portal\/2022\/12\/08\/comite-interinstitucional-ratifica-estado-de-emergencia\/","og_locale":"es_ES","og_type":"article","og_title":"Comit\u00e9 Interinstitucional ratifica estado de emergencia - El Diario - Bolivia","og_description":"Frente a los procesos por el paro de 36 d\u00edas, el Comit\u00e9 Interinstitucional de Santa Cruz ratific\u00f3 ayer el estado de emergencia y convoc\u00f3 para este viernes a una marcha de protesta en defensa de los l\u00edderes cruce\u00f1os que encabezaron las movilizaciones. El rector de la Universidad Gabriel Ren\u00e9 Moreno (UAGRM), Vicente Cu\u00e9llar, hizo conocer [&hellip;]","og_url":"https:\/\/www.eldiario.net\/portal\/2022\/12\/08\/comite-interinstitucional-ratifica-estado-de-emergencia\/","og_site_name":"El Diario - Bolivia","article_publisher":"https:\/\/www.facebook.com\/eldiario.bolivia\/","article_published_time":"2022-12-08T10:32:14+00:00","author":"Jeanette","twitter_card":"summary_large_image","twitter_creator":"@eldiario_net","twitter_site":"@eldiario_net","twitter_misc":{"Escrito por":"Jeanette","Tiempo de lectura":"3 minutos"},"schema":{"@context":"https:\/\/schema.org","@graph":[{"@type":"Article","@id":"https:\/\/www.eldiario.net\/portal\/2022\/12\/08\/comite-interinstitucional-ratifica-estado-de-emergencia\/#article","isPartOf":{"@id":"https:\/\/www.eldiario.net\/portal\/2022\/12\/08\/comite-interinstitucional-ratifica-estado-de-emergencia\/"},"author":{"name":"Jeanette","@id":"https:\/\/www.eldiario.net\/portal\/#\/schema\/person\/f46445640444750d7d753ccd04ae01b7"},"headline":"Comit\u00e9 Interinstitucional ratifica estado de emergencia","datePublished":"2022-12-08T10:32:14+00:00","mainEntityOfPage":{"@id":"https:\/\/www.eldiario.net\/portal\/2022\/12\/08\/comite-interinstitucional-ratifica-estado-de-emergencia\/"},"wordCount":499,"publisher":{"@id":"https:\/\/www.eldiario.net\/portal\/#organization"},"image":{"@id":"https:\/\/www.eldiario.net\/portal\/2022\/12\/08\/comite-interinstitucional-ratifica-estado-de-emergencia\/#primaryimage"},"thumbnailUrl":"","articleSection":["Portada"],"inLanguage":"es"},{"@type":"WebPage","@id":"https:\/\/www.eldiario.net\/portal\/2022\/12\/08\/comite-interinstitucional-ratifica-estado-de-emergencia\/","url":"https:\/\/www.eldiario.net\/portal\/2022\/12\/08\/comite-interinstitucional-ratifica-estado-de-emergencia\/","name":"Comit\u00e9 Interinstitucional ratifica estado de emergencia - El Diario - Bolivia","isPartOf":{"@id":"https:\/\/www.eldiario.net\/portal\/#website"},"primaryImageOfPage":{"@id":"https:\/\/www.eldiario.net\/portal\/2022\/12\/08\/comite-interinstitucional-ratifica-estado-de-emergencia\/#primaryimage"},"image":{"@id":"https:\/\/www.eldiario.net\/portal\/2022\/12\/08\/comite-interinstitucional-ratifica-estado-de-emergencia\/#primaryimage"},"thumbnailUrl":"","datePublished":"2022-12-08T10:32:14+00:00","breadcrumb":{"@id":"https:\/\/www.eldiario.net\/portal\/2022\/12\/08\/comite-interinstitucional-ratifica-estado-de-emergencia\/#breadcrumb"},"inLanguage":"es","potentialAction":[{"@type":"ReadAction","target":["https:\/\/www.eldiario.net\/portal\/2022\/12\/08\/comite-interinstitucional-ratifica-estado-de-emergencia\/"]}]},{"@type":"ImageObject","inLanguage":"es","@id":"https:\/\/www.eldiario.net\/portal\/2022\/12\/08\/comite-interinstitucional-ratifica-estado-de-emergencia\/#primaryimage","url":"","contentUrl":""},{"@type":"BreadcrumbList","@id":"https:\/\/www.eldiario.net\/portal\/2022\/12\/08\/comite-interinstitucional-ratifica-estado-de-emergencia\/#breadcrumb","itemListElement":[{"@type":"ListItem","position":1,"name":"Portada","item":"https:\/\/www.eldiario.net\/portal\/"},{"@type":"ListItem","position":2,"name":"Comit\u00e9 Interinstitucional ratifica estado de emergencia"}]},{"@type":"WebSite","@id":"https:\/\/www.eldiario.net\/portal\/#website","url":"https:\/\/www.eldiario.net\/portal\/","name":"El Diario - Decano de la prensa nacional","description":"El Diario - Decano de la prensa nacional","publisher":{"@id":"https:\/\/www.eldiario.net\/portal\/#organization"},"potentialAction":[{"@type":"SearchAction","target":{"@type":"EntryPoint","urlTemplate":"https:\/\/www.eldiario.net\/portal\/?s={search_term_string}"},"query-input":{"@type":"PropertyValueSpecification","valueRequired":true,"valueName":"search_term_string"}}],"inLanguage":"es"},{"@type":"Organization","@id":"https:\/\/www.eldiario.net\/portal\/#organization","name":"El Diario - Decano de la prensa nacional","url":"https:\/\/www.eldiario.net\/portal\/","logo":{"@type":"ImageObject","inLanguage":"es","@id":"https:\/\/www.eldiario.net\/portal\/#\/schema\/logo\/image\/","url":"https:\/\/www.eldiario.net\/portal\/wp-content\/uploads\/2023\/07\/logo_ED.jpg","contentUrl":"https:\/\/www.eldiario.net\/portal\/wp-content\/uploads\/2023\/07\/logo_ED.jpg","width":272,"height":52,"caption":"El Diario - Decano de la prensa nacional"},"image":{"@id":"https:\/\/www.eldiario.net\/portal\/#\/schema\/logo\/image\/"},"sameAs":["https:\/\/www.facebook.com\/eldiario.bolivia\/","https:\/\/x.com\/eldiario_net"]},{"@type":"Person","@id":"https:\/\/www.eldiario.net\/portal\/#\/schema\/person\/f46445640444750d7d753ccd04ae01b7","name":"Jeanette","image":{"@type":"ImageObject","inLanguage":"es","@id":"https:\/\/secure.gravatar.com\/avatar\/3ea2118a5f7dad2b7138b1187a6b7ee55f160b9968b66013c3a3ef39dd7e5798?s=96&d=mm&r=g","url":"https:\/\/secure.gravatar.com\/avatar\/3ea2118a5f7dad2b7138b1187a6b7ee55f160b9968b66013c3a3ef39dd7e5798?s=96&d=mm&r=g","contentUrl":"https:\/\/secure.gravatar.com\/avatar\/3ea2118a5f7dad2b7138b1187a6b7ee55f160b9968b66013c3a3ef39dd7e5798?s=96&d=mm&r=g","caption":"Jeanette"},"sameAs":["https:\/\/www.eldiario.net\/portal"],"url":"https:\/\/www.eldiario.net\/portal\/author\/jeanette\/"}]}},"_links":{"self":[{"href":"https:\/\/www.eldiario.net\/portal\/wp-json\/wp\/v2\/posts\/126560","targetHints":{"allow":["GET"]}}],"collection":[{"href":"https:\/\/www.eldiario.net\/portal\/wp-json\/wp\/v2\/posts"}],"about":[{"href":"https:\/\/www.eldiario.net\/portal\/wp-json\/wp\/v2\/types\/post"}],"author":[{"embeddable":true,"href":"https:\/\/www.eldiario.net\/portal\/wp-json\/wp\/v2\/users\/1"}],"replies":[{"embeddable":true,"href":"https:\/\/www.eldiario.net\/portal\/wp-json\/wp\/v2\/comments?post=126560"}],"version-history":[{"count":0,"href":"https:\/\/www.eldiario.net\/portal\/wp-json\/wp\/v2\/posts\/126560\/revisions"}],"wp:attachment":[{"href":"https:\/\/www.eldiario.net\/portal\/wp-json\/wp\/v2\/media?parent=126560"}],"wp:term":[{"taxonomy":"category","embeddable":true,"href":"https:\/\/www.eldiario.net\/portal\/wp-json\/wp\/v2\/categories?post=126560"},{"taxonomy":"post_tag","embeddable":true,"href":"https:\/\/www.eldiario.net\/portal\/wp-json\/wp\/v2\/tags?post=126560"}],"curies":[{"name":"wp","href":"https:\/\/api.w.org\/{rel}","templated":true}]}}