{"id":126526,"date":"2022-12-08T06:07:29","date_gmt":"2022-12-08T10:07:29","guid":{"rendered":"https:\/\/www.eldiario.net\/portal\/?p=126526"},"modified":"2022-12-08T06:07:29","modified_gmt":"2022-12-08T10:07:29","slug":"vigilia-para-evitar-aprehension-irregular-de-lideres-crucenos","status":"publish","type":"post","link":"https:\/\/www.eldiario.net\/portal\/2022\/12\/08\/vigilia-para-evitar-aprehension-irregular-de-lideres-crucenos\/","title":{"rendered":"Vigilia para evitar aprehensi\u00f3n  irregular de l\u00edderes cruce\u00f1os"},"content":{"rendered":"<p class=\"v1MsoNormal\"><span lang=\"ES-BO\">El jefe de la bancada Creemos en Diputados, Oscar Michel Flores, rechaz\u00f3 la judicializaci\u00f3n de la protesta ciudadana y los procesos legales contra m\u00e1ximo l\u00edder y gobernador de Santa Cruz, Luis Fernando Camacho, por exigir junto a m\u00e1s de dos millones de ciudadanos la realizaci\u00f3n oportuna y transparente del censo nacional de poblaci\u00f3n y vivienda.<\/span><\/p>\n<p class=\"v1MsoNormal\"><span lang=\"ES-BO\">\u201cLa poblaci\u00f3n ha empezado a salir a las calles para demostrarle al Movimiento Al Socialismo (MAS) y la justicia que no se va permitir la detenci\u00f3n de ninguno de los l\u00edderes de Santa Cruz, menos si son los l\u00edderes que han estado a la cabeza de los movimientos por la lucha del censo (\u2026) T\u00e1citamente dice la poblaci\u00f3n que no se va a permitir que Luis Fernando Camacho sea detenido y trasladado a la ciudad de La Paz\u201d, advirti\u00f3.<\/span><\/p>\n<p class=\"v1MsoNormal\"><span lang=\"ES-BO\">Michel, denunci\u00f3 la presencia de efectivos de Inteligencia policial alrededor del domicilio de Camacho con el objetivo de ejecutar su ilegal captura y posterior traslado a la ciudad de La Paz, luego de que el Ministerio P\u00fablico, en la sede de gobierno, recibiera la denuncia contra el gobernador cruce\u00f1o, el presidente del Comit\u00e9 C\u00edvico Pro Santa Cruz, R\u00f3mulo Calvo, y el rector de la universidad p\u00fablica Gabriel Ren\u00e9 Moreno (UAGRM), Vicente Cu\u00e9llar.<\/span><\/p>\n<p class=\"v1MsoNormal\"><span lang=\"ES-BO\">\u201cQueremos transmitirle al pueblo boliviano que el momento que sea adecuado el pueblo cruce\u00f1o vamos a estar en las calles defendiendo al Gobernador, al presidente del Comit\u00e9 C\u00edvico y al rector (de la UAGRM) No vamos a permitir el montaje que el MAS est\u00e1 haciendo\u201d, dijo enf\u00e1tico.<\/span><\/p>\n<p class=\"v1MsoNormal\"><span lang=\"ES-BO\">Luego de que se conociera la denuncia contra Camacho y quienes lideraron el paro indefinido de 36 d\u00edas exigiendo la realizaci\u00f3n del censo nacional, al menos 500 personas iniciaron una vigilia permanente en afueras del Gobernador de Santa Cruz a objeto de impedir la acci\u00f3n abusiva del gobierno de Luis Arce.<\/span><\/p>\n<p class=\"v1MsoNormal\"><span lang=\"ES-BO\">\u00a0<\/span><\/p>\n","protected":false},"excerpt":{"rendered":"<p>El jefe de la bancada Creemos en Diputados, Oscar Michel Flores, rechaz\u00f3 la judicializaci\u00f3n de la protesta ciudadana y los procesos legales contra m\u00e1ximo l\u00edder y gobernador de Santa Cruz, Luis Fernando Camacho, por exigir junto a m\u00e1s de dos millones de ciudadanos la realizaci\u00f3n oportuna y transparente del censo nacional de poblaci\u00f3n y vivienda. [&hellip;]<\/p>\n","protected":false},"author":1,"featured_media":126527,"comment_status":"closed","ping_status":"closed","sticky":false,"template":"","format":"standard","meta":{"_acf_changed":false,"footnotes":""},"categories":[14],"tags":[],"class_list":["post-126526","post","type-post","status-publish","format-standard","has-post-thumbnail","category-politica"],"acf":{"antetitulo":""},"yoast_head":"<!-- This site is optimized with the Yoast SEO plugin v28.3 - https:\/\/yoast.com\/product\/yoast-seo-wordpress\/ -->\n<title>Vigilia para evitar aprehensi\u00f3n irregular de l\u00edderes cruce\u00f1os - El Diario - Bolivia<\/title>\n<meta name=\"robots\" content=\"index, follow, max-snippet:-1, max-image-preview:large, max-video-preview:-1\" \/>\n<link rel=\"canonical\" href=\"https:\/\/www.eldiario.net\/portal\/2022\/12\/08\/vigilia-para-evitar-aprehension-irregular-de-lideres-crucenos\/\" \/>\n<meta property=\"og:locale\" content=\"es_ES\" \/>\n<meta property=\"og:type\" content=\"article\" \/>\n<meta property=\"og:title\" content=\"Vigilia para evitar aprehensi\u00f3n irregular de l\u00edderes cruce\u00f1os - El Diario - Bolivia\" \/>\n<meta property=\"og:description\" content=\"El jefe de la bancada Creemos en Diputados, Oscar Michel Flores, rechaz\u00f3 la judicializaci\u00f3n de la protesta ciudadana y los procesos legales contra m\u00e1ximo l\u00edder y gobernador de Santa Cruz, Luis Fernando Camacho, por exigir junto a m\u00e1s de dos millones de ciudadanos la realizaci\u00f3n oportuna y transparente del censo nacional de poblaci\u00f3n y vivienda. [&hellip;]\" \/>\n<meta property=\"og:url\" content=\"https:\/\/www.eldiario.net\/portal\/2022\/12\/08\/vigilia-para-evitar-aprehension-irregular-de-lideres-crucenos\/\" \/>\n<meta property=\"og:site_name\" content=\"El Diario - Bolivia\" \/>\n<meta property=\"article:publisher\" content=\"https:\/\/www.facebook.com\/eldiario.bolivia\/\" \/>\n<meta property=\"article:published_time\" content=\"2022-12-08T10:07:29+00:00\" \/>\n<meta name=\"author\" content=\"Jeanette\" \/>\n<meta name=\"twitter:card\" content=\"summary_large_image\" \/>\n<meta name=\"twitter:creator\" content=\"@eldiario_net\" \/>\n<meta name=\"twitter:site\" content=\"@eldiario_net\" \/>\n<meta name=\"twitter:label1\" content=\"Escrito por\" \/>\n\t<meta name=\"twitter:data1\" content=\"Jeanette\" \/>\n\t<meta name=\"twitter:label2\" content=\"Tiempo de lectura\" \/>\n\t<meta name=\"twitter:data2\" content=\"2 minutos\" \/>\n<script type=\"application\/ld+json\" class=\"yoast-schema-graph\">{\"@context\":\"https:\\\/\\\/schema.org\",\"@graph\":[{\"@type\":\"Article\",\"@id\":\"https:\\\/\\\/www.eldiario.net\\\/portal\\\/2022\\\/12\\\/08\\\/vigilia-para-evitar-aprehension-irregular-de-lideres-crucenos\\\/#article\",\"isPartOf\":{\"@id\":\"https:\\\/\\\/www.eldiario.net\\\/portal\\\/2022\\\/12\\\/08\\\/vigilia-para-evitar-aprehension-irregular-de-lideres-crucenos\\\/\"},\"author\":{\"name\":\"Jeanette\",\"@id\":\"https:\\\/\\\/www.eldiario.net\\\/portal\\\/#\\\/schema\\\/person\\\/f46445640444750d7d753ccd04ae01b7\"},\"headline\":\"Vigilia para evitar aprehensi\u00f3n irregular de l\u00edderes cruce\u00f1os\",\"datePublished\":\"2022-12-08T10:07:29+00:00\",\"mainEntityOfPage\":{\"@id\":\"https:\\\/\\\/www.eldiario.net\\\/portal\\\/2022\\\/12\\\/08\\\/vigilia-para-evitar-aprehension-irregular-de-lideres-crucenos\\\/\"},\"wordCount\":336,\"publisher\":{\"@id\":\"https:\\\/\\\/www.eldiario.net\\\/portal\\\/#organization\"},\"image\":{\"@id\":\"https:\\\/\\\/www.eldiario.net\\\/portal\\\/2022\\\/12\\\/08\\\/vigilia-para-evitar-aprehension-irregular-de-lideres-crucenos\\\/#primaryimage\"},\"thumbnailUrl\":\"\",\"articleSection\":[\"Pol\u00edtica\"],\"inLanguage\":\"es\"},{\"@type\":\"WebPage\",\"@id\":\"https:\\\/\\\/www.eldiario.net\\\/portal\\\/2022\\\/12\\\/08\\\/vigilia-para-evitar-aprehension-irregular-de-lideres-crucenos\\\/\",\"url\":\"https:\\\/\\\/www.eldiario.net\\\/portal\\\/2022\\\/12\\\/08\\\/vigilia-para-evitar-aprehension-irregular-de-lideres-crucenos\\\/\",\"name\":\"Vigilia para evitar aprehensi\u00f3n irregular de l\u00edderes cruce\u00f1os - El Diario - Bolivia\",\"isPartOf\":{\"@id\":\"https:\\\/\\\/www.eldiario.net\\\/portal\\\/#website\"},\"primaryImageOfPage\":{\"@id\":\"https:\\\/\\\/www.eldiario.net\\\/portal\\\/2022\\\/12\\\/08\\\/vigilia-para-evitar-aprehension-irregular-de-lideres-crucenos\\\/#primaryimage\"},\"image\":{\"@id\":\"https:\\\/\\\/www.eldiario.net\\\/portal\\\/2022\\\/12\\\/08\\\/vigilia-para-evitar-aprehension-irregular-de-lideres-crucenos\\\/#primaryimage\"},\"thumbnailUrl\":\"\",\"datePublished\":\"2022-12-08T10:07:29+00:00\",\"breadcrumb\":{\"@id\":\"https:\\\/\\\/www.eldiario.net\\\/portal\\\/2022\\\/12\\\/08\\\/vigilia-para-evitar-aprehension-irregular-de-lideres-crucenos\\\/#breadcrumb\"},\"inLanguage\":\"es\",\"potentialAction\":[{\"@type\":\"ReadAction\",\"target\":[\"https:\\\/\\\/www.eldiario.net\\\/portal\\\/2022\\\/12\\\/08\\\/vigilia-para-evitar-aprehension-irregular-de-lideres-crucenos\\\/\"]}]},{\"@type\":\"ImageObject\",\"inLanguage\":\"es\",\"@id\":\"https:\\\/\\\/www.eldiario.net\\\/portal\\\/2022\\\/12\\\/08\\\/vigilia-para-evitar-aprehension-irregular-de-lideres-crucenos\\\/#primaryimage\",\"url\":\"\",\"contentUrl\":\"\"},{\"@type\":\"BreadcrumbList\",\"@id\":\"https:\\\/\\\/www.eldiario.net\\\/portal\\\/2022\\\/12\\\/08\\\/vigilia-para-evitar-aprehension-irregular-de-lideres-crucenos\\\/#breadcrumb\",\"itemListElement\":[{\"@type\":\"ListItem\",\"position\":1,\"name\":\"Portada\",\"item\":\"https:\\\/\\\/www.eldiario.net\\\/portal\\\/\"},{\"@type\":\"ListItem\",\"position\":2,\"name\":\"Vigilia para evitar aprehensi\u00f3n irregular de l\u00edderes cruce\u00f1os\"}]},{\"@type\":\"WebSite\",\"@id\":\"https:\\\/\\\/www.eldiario.net\\\/portal\\\/#website\",\"url\":\"https:\\\/\\\/www.eldiario.net\\\/portal\\\/\",\"name\":\"El Diario - Decano de la prensa nacional\",\"description\":\"El Diario - Decano de la prensa nacional\",\"publisher\":{\"@id\":\"https:\\\/\\\/www.eldiario.net\\\/portal\\\/#organization\"},\"potentialAction\":[{\"@type\":\"SearchAction\",\"target\":{\"@type\":\"EntryPoint\",\"urlTemplate\":\"https:\\\/\\\/www.eldiario.net\\\/portal\\\/?s={search_term_string}\"},\"query-input\":{\"@type\":\"PropertyValueSpecification\",\"valueRequired\":true,\"valueName\":\"search_term_string\"}}],\"inLanguage\":\"es\"},{\"@type\":\"Organization\",\"@id\":\"https:\\\/\\\/www.eldiario.net\\\/portal\\\/#organization\",\"name\":\"El Diario - Decano de la prensa nacional\",\"url\":\"https:\\\/\\\/www.eldiario.net\\\/portal\\\/\",\"logo\":{\"@type\":\"ImageObject\",\"inLanguage\":\"es\",\"@id\":\"https:\\\/\\\/www.eldiario.net\\\/portal\\\/#\\\/schema\\\/logo\\\/image\\\/\",\"url\":\"https:\\\/\\\/www.eldiario.net\\\/portal\\\/wp-content\\\/uploads\\\/2023\\\/07\\\/logo_ED.jpg\",\"contentUrl\":\"https:\\\/\\\/www.eldiario.net\\\/portal\\\/wp-content\\\/uploads\\\/2023\\\/07\\\/logo_ED.jpg\",\"width\":272,\"height\":52,\"caption\":\"El Diario - Decano de la prensa nacional\"},\"image\":{\"@id\":\"https:\\\/\\\/www.eldiario.net\\\/portal\\\/#\\\/schema\\\/logo\\\/image\\\/\"},\"sameAs\":[\"https:\\\/\\\/www.facebook.com\\\/eldiario.bolivia\\\/\",\"https:\\\/\\\/x.com\\\/eldiario_net\"]},{\"@type\":\"Person\",\"@id\":\"https:\\\/\\\/www.eldiario.net\\\/portal\\\/#\\\/schema\\\/person\\\/f46445640444750d7d753ccd04ae01b7\",\"name\":\"Jeanette\",\"image\":{\"@type\":\"ImageObject\",\"inLanguage\":\"es\",\"@id\":\"https:\\\/\\\/secure.gravatar.com\\\/avatar\\\/3ea2118a5f7dad2b7138b1187a6b7ee55f160b9968b66013c3a3ef39dd7e5798?s=96&d=mm&r=g\",\"url\":\"https:\\\/\\\/secure.gravatar.com\\\/avatar\\\/3ea2118a5f7dad2b7138b1187a6b7ee55f160b9968b66013c3a3ef39dd7e5798?s=96&d=mm&r=g\",\"contentUrl\":\"https:\\\/\\\/secure.gravatar.com\\\/avatar\\\/3ea2118a5f7dad2b7138b1187a6b7ee55f160b9968b66013c3a3ef39dd7e5798?s=96&d=mm&r=g\",\"caption\":\"Jeanette\"},\"sameAs\":[\"https:\\\/\\\/www.eldiario.net\\\/portal\"],\"url\":\"https:\\\/\\\/www.eldiario.net\\\/portal\\\/author\\\/jeanette\\\/\"}]}<\/script>\n<!-- \/ Yoast SEO plugin. -->","yoast_head_json":{"title":"Vigilia para evitar aprehensi\u00f3n irregular de l\u00edderes cruce\u00f1os - El Diario - Bolivia","robots":{"index":"index","follow":"follow","max-snippet":"max-snippet:-1","max-image-preview":"max-image-preview:large","max-video-preview":"max-video-preview:-1"},"canonical":"https:\/\/www.eldiario.net\/portal\/2022\/12\/08\/vigilia-para-evitar-aprehension-irregular-de-lideres-crucenos\/","og_locale":"es_ES","og_type":"article","og_title":"Vigilia para evitar aprehensi\u00f3n irregular de l\u00edderes cruce\u00f1os - El Diario - Bolivia","og_description":"El jefe de la bancada Creemos en Diputados, Oscar Michel Flores, rechaz\u00f3 la judicializaci\u00f3n de la protesta ciudadana y los procesos legales contra m\u00e1ximo l\u00edder y gobernador de Santa Cruz, Luis Fernando Camacho, por exigir junto a m\u00e1s de dos millones de ciudadanos la realizaci\u00f3n oportuna y transparente del censo nacional de poblaci\u00f3n y vivienda. [&hellip;]","og_url":"https:\/\/www.eldiario.net\/portal\/2022\/12\/08\/vigilia-para-evitar-aprehension-irregular-de-lideres-crucenos\/","og_site_name":"El Diario - Bolivia","article_publisher":"https:\/\/www.facebook.com\/eldiario.bolivia\/","article_published_time":"2022-12-08T10:07:29+00:00","author":"Jeanette","twitter_card":"summary_large_image","twitter_creator":"@eldiario_net","twitter_site":"@eldiario_net","twitter_misc":{"Escrito por":"Jeanette","Tiempo de lectura":"2 minutos"},"schema":{"@context":"https:\/\/schema.org","@graph":[{"@type":"Article","@id":"https:\/\/www.eldiario.net\/portal\/2022\/12\/08\/vigilia-para-evitar-aprehension-irregular-de-lideres-crucenos\/#article","isPartOf":{"@id":"https:\/\/www.eldiario.net\/portal\/2022\/12\/08\/vigilia-para-evitar-aprehension-irregular-de-lideres-crucenos\/"},"author":{"name":"Jeanette","@id":"https:\/\/www.eldiario.net\/portal\/#\/schema\/person\/f46445640444750d7d753ccd04ae01b7"},"headline":"Vigilia para evitar aprehensi\u00f3n irregular de l\u00edderes cruce\u00f1os","datePublished":"2022-12-08T10:07:29+00:00","mainEntityOfPage":{"@id":"https:\/\/www.eldiario.net\/portal\/2022\/12\/08\/vigilia-para-evitar-aprehension-irregular-de-lideres-crucenos\/"},"wordCount":336,"publisher":{"@id":"https:\/\/www.eldiario.net\/portal\/#organization"},"image":{"@id":"https:\/\/www.eldiario.net\/portal\/2022\/12\/08\/vigilia-para-evitar-aprehension-irregular-de-lideres-crucenos\/#primaryimage"},"thumbnailUrl":"","articleSection":["Pol\u00edtica"],"inLanguage":"es"},{"@type":"WebPage","@id":"https:\/\/www.eldiario.net\/portal\/2022\/12\/08\/vigilia-para-evitar-aprehension-irregular-de-lideres-crucenos\/","url":"https:\/\/www.eldiario.net\/portal\/2022\/12\/08\/vigilia-para-evitar-aprehension-irregular-de-lideres-crucenos\/","name":"Vigilia para evitar aprehensi\u00f3n irregular de l\u00edderes cruce\u00f1os - El Diario - Bolivia","isPartOf":{"@id":"https:\/\/www.eldiario.net\/portal\/#website"},"primaryImageOfPage":{"@id":"https:\/\/www.eldiario.net\/portal\/2022\/12\/08\/vigilia-para-evitar-aprehension-irregular-de-lideres-crucenos\/#primaryimage"},"image":{"@id":"https:\/\/www.eldiario.net\/portal\/2022\/12\/08\/vigilia-para-evitar-aprehension-irregular-de-lideres-crucenos\/#primaryimage"},"thumbnailUrl":"","datePublished":"2022-12-08T10:07:29+00:00","breadcrumb":{"@id":"https:\/\/www.eldiario.net\/portal\/2022\/12\/08\/vigilia-para-evitar-aprehension-irregular-de-lideres-crucenos\/#breadcrumb"},"inLanguage":"es","potentialAction":[{"@type":"ReadAction","target":["https:\/\/www.eldiario.net\/portal\/2022\/12\/08\/vigilia-para-evitar-aprehension-irregular-de-lideres-crucenos\/"]}]},{"@type":"ImageObject","inLanguage":"es","@id":"https:\/\/www.eldiario.net\/portal\/2022\/12\/08\/vigilia-para-evitar-aprehension-irregular-de-lideres-crucenos\/#primaryimage","url":"","contentUrl":""},{"@type":"BreadcrumbList","@id":"https:\/\/www.eldiario.net\/portal\/2022\/12\/08\/vigilia-para-evitar-aprehension-irregular-de-lideres-crucenos\/#breadcrumb","itemListElement":[{"@type":"ListItem","position":1,"name":"Portada","item":"https:\/\/www.eldiario.net\/portal\/"},{"@type":"ListItem","position":2,"name":"Vigilia para evitar aprehensi\u00f3n irregular de l\u00edderes cruce\u00f1os"}]},{"@type":"WebSite","@id":"https:\/\/www.eldiario.net\/portal\/#website","url":"https:\/\/www.eldiario.net\/portal\/","name":"El Diario - Decano de la prensa nacional","description":"El Diario - Decano de la prensa nacional","publisher":{"@id":"https:\/\/www.eldiario.net\/portal\/#organization"},"potentialAction":[{"@type":"SearchAction","target":{"@type":"EntryPoint","urlTemplate":"https:\/\/www.eldiario.net\/portal\/?s={search_term_string}"},"query-input":{"@type":"PropertyValueSpecification","valueRequired":true,"valueName":"search_term_string"}}],"inLanguage":"es"},{"@type":"Organization","@id":"https:\/\/www.eldiario.net\/portal\/#organization","name":"El Diario - Decano de la prensa nacional","url":"https:\/\/www.eldiario.net\/portal\/","logo":{"@type":"ImageObject","inLanguage":"es","@id":"https:\/\/www.eldiario.net\/portal\/#\/schema\/logo\/image\/","url":"https:\/\/www.eldiario.net\/portal\/wp-content\/uploads\/2023\/07\/logo_ED.jpg","contentUrl":"https:\/\/www.eldiario.net\/portal\/wp-content\/uploads\/2023\/07\/logo_ED.jpg","width":272,"height":52,"caption":"El Diario - Decano de la prensa nacional"},"image":{"@id":"https:\/\/www.eldiario.net\/portal\/#\/schema\/logo\/image\/"},"sameAs":["https:\/\/www.facebook.com\/eldiario.bolivia\/","https:\/\/x.com\/eldiario_net"]},{"@type":"Person","@id":"https:\/\/www.eldiario.net\/portal\/#\/schema\/person\/f46445640444750d7d753ccd04ae01b7","name":"Jeanette","image":{"@type":"ImageObject","inLanguage":"es","@id":"https:\/\/secure.gravatar.com\/avatar\/3ea2118a5f7dad2b7138b1187a6b7ee55f160b9968b66013c3a3ef39dd7e5798?s=96&d=mm&r=g","url":"https:\/\/secure.gravatar.com\/avatar\/3ea2118a5f7dad2b7138b1187a6b7ee55f160b9968b66013c3a3ef39dd7e5798?s=96&d=mm&r=g","contentUrl":"https:\/\/secure.gravatar.com\/avatar\/3ea2118a5f7dad2b7138b1187a6b7ee55f160b9968b66013c3a3ef39dd7e5798?s=96&d=mm&r=g","caption":"Jeanette"},"sameAs":["https:\/\/www.eldiario.net\/portal"],"url":"https:\/\/www.eldiario.net\/portal\/author\/jeanette\/"}]}},"_links":{"self":[{"href":"https:\/\/www.eldiario.net\/portal\/wp-json\/wp\/v2\/posts\/126526","targetHints":{"allow":["GET"]}}],"collection":[{"href":"https:\/\/www.eldiario.net\/portal\/wp-json\/wp\/v2\/posts"}],"about":[{"href":"https:\/\/www.eldiario.net\/portal\/wp-json\/wp\/v2\/types\/post"}],"author":[{"embeddable":true,"href":"https:\/\/www.eldiario.net\/portal\/wp-json\/wp\/v2\/users\/1"}],"replies":[{"embeddable":true,"href":"https:\/\/www.eldiario.net\/portal\/wp-json\/wp\/v2\/comments?post=126526"}],"version-history":[{"count":0,"href":"https:\/\/www.eldiario.net\/portal\/wp-json\/wp\/v2\/posts\/126526\/revisions"}],"wp:attachment":[{"href":"https:\/\/www.eldiario.net\/portal\/wp-json\/wp\/v2\/media?parent=126526"}],"wp:term":[{"taxonomy":"category","embeddable":true,"href":"https:\/\/www.eldiario.net\/portal\/wp-json\/wp\/v2\/categories?post=126526"},{"taxonomy":"post_tag","embeddable":true,"href":"https:\/\/www.eldiario.net\/portal\/wp-json\/wp\/v2\/tags?post=126526"}],"curies":[{"name":"wp","href":"https:\/\/api.w.org\/{rel}","templated":true}]}}