{"id":126192,"date":"2022-12-07T05:51:11","date_gmt":"2022-12-07T09:51:11","guid":{"rendered":"https:\/\/www.eldiario.net\/portal\/?p=126192"},"modified":"2022-12-07T05:51:11","modified_gmt":"2022-12-07T09:51:11","slug":"seis-anos-de-carcel-e-inhabilitacion-perpetua-a-cristina-fernandez-de-kirchner","status":"publish","type":"post","link":"https:\/\/www.eldiario.net\/portal\/2022\/12\/07\/seis-anos-de-carcel-e-inhabilitacion-perpetua-a-cristina-fernandez-de-kirchner\/","title":{"rendered":"Seis a\u00f1os de c\u00e1rcel e inhabilitaci\u00f3n  perpetua a Cristina Fern\u00e1ndez de Kirchner"},"content":{"rendered":"<p>Un tribunal argentino conden\u00f3 ayer a la vicepresidenta de Argentina Cristina Fern\u00e1ndez de Kirchner a seis a\u00f1os de prisi\u00f3n e inhabilitaci\u00f3n perpetua para ejercer cargos p\u00fablicos por un delito de corrupci\u00f3n.<br \/>\nLa vicepresidenta de Argentina Cristina Fern\u00e1ndez de Kirchner fue condenada a 6 a\u00f1os de prisi\u00f3n e inhabilitaci\u00f3n perpetua para ejercer cargos p\u00fablicos por defraudaci\u00f3n al Estado en la causa conocida como Vialidad, en la que se investigaron los contratos otorgados a empresarios cercanos a la administraci\u00f3n kirchnerista.<br \/>\nAunque la peronista Kirchner, quien fue presidenta entre 2007 y 2015, no ir\u00e1 a prisi\u00f3n hasta que la sentencia est\u00e9 firme y por contar con fueros, la decisi\u00f3n de la Justicia generar\u00e1 m\u00e1s incertidumbre en un pa\u00eds que atraviesa una crisis econ\u00f3mica y un fuerte antagonismo pol\u00edtico.<br \/>\nLa sentencia fue una decisi\u00f3n de los jueces del el Tribunal Federal 2 de la ciudad de Buenos Aires Jorge Gorini, Rodrigo Gim\u00e9nez Uriburu y Andr\u00e9s Basso.<br \/>\nLa expresidenta se enter\u00f3 de la sentencia en su despacho del Senado en Buenos Aires. El fiscal Diego Luciani, que en su alegato final hab\u00eda pedido 12 a\u00f1os de condena para la dirigente peronista, tambi\u00e9n escuch\u00f3 el resultado del proceso desde su oficina.<br \/>\nLa decisi\u00f3n fue informada poco despu\u00e9s de las 17 en los tribunales federales en la Ciudad de Buenos Aires, en el barrio de Retiro. Afuera, un grupo de militantes kirchneristas cantaba \u00abCristina presidenta\u00bb, bajo un intenso calor.<br \/>\nCristina Kirchner no estaba sola en el banquillo. Tambi\u00e9n estaban acusados el empresario L\u00e1zaro B\u00e1ez, para quien solicitaron 12 a\u00f1os; Julio de Vido, exministro de Planificaci\u00f3n; Jos\u00e9 L\u00f3pez, exsecretario de Obras P\u00fablicas; Nelson Periotti, extitular de Direcci\u00f3n Nacional de Vialidad; Mauricio Collareda, jefe de Distrito N\u00b023 Santa Cruz de la Direcci\u00f3n Nacional de Vialidad; Juan Carlos Villafa\u00f1e, exjefe de la Administraci\u00f3n General de Vialidad Provincia de Santa Cruz (AGVP); Ra\u00fal Daruich, responsable del Distrito N\u00b023 Santa Cruz de la DNV; Ra\u00fal Pavesi, extitular de la AGVP; Abel Fatala, exsubsecretario de Obras P\u00fablicas; Jos\u00e9 Ra\u00fal Santib\u00e1\u00f1ez, expresidente del directorio de AGVP; H\u00e9ctor Garro, expresidente de la AGVP; y Carlos Santiago Kirchner, exsubsecretario de Coordinaci\u00f3n de Obra P\u00fablica Federal.<br \/>\nCristina Kirchner es la dirigente m\u00e1s popular de la alianza oficialista de centroizquierda, quien el a\u00f1o pr\u00f3ximo enfrentar\u00e1 unos comicios que, seg\u00fan los sondeos, podr\u00eda perder en manos de la oposici\u00f3n de centroderecha.<br \/>\nCon una condena firme en su contra, la actual vicepresidenta no podr\u00eda postularse, sin embargo, todo el proceso podr\u00eda demorar a\u00f1os tras la esperada apelaci\u00f3n del fallo.<br \/>\nEL CASO<br \/>\nEl juicio comenz\u00f3 en mayo de 2019 y se juzgaron las presuntas irregularidades en las 51 obras p\u00fablicas que las empresas de B\u00e1ez recibieron para la provincia de Santa Cruz de 2003 a 2015, durante los gobiernos de N\u00e9stor y Cristina Kirchner. \u00abN\u00e9stor Kirchner y luego su esposa, Cristina Fern\u00e1ndez, instalaron y mantuvieron en el seno de la administraci\u00f3n nacional una de las matrices de corrupci\u00f3n m\u00e1s extraordinarias que se hayan desarrollado en el pa\u00eds\u00bb, dijo el fiscal Diego Luciani en el inicio de sus alegatos. El fiscal dio por probado que las licitaciones fueron ama\u00f1adas, que las empresas no ten\u00edan capacidad para hacerlas, que la mayor\u00eda no las termin\u00f3 y que a pesar de eso fue el \u00fanico empresario que cobr\u00f3 la totalidad.<br \/>\nLuciani pidi\u00f3 que Cristina Kirchner y B\u00e1ez sean condenados a 12 a\u00f1os de prisi\u00f3n. Acus\u00f3 a la Vicepresidenta de ser la jefa de una asociaci\u00f3n il\u00edcita y de administraci\u00f3n fraudulenta en perjuicio de la administraci\u00f3n p\u00fablica. Para el exministro de Planificaci\u00f3n Federal Julio De Vido, para el exsecretario de Obras P\u00fablicas Jos\u00e9 L\u00f3pez y para el extitular de Vialidad Nacional Nelson Periotti reclam\u00f3 10 a\u00f1os de c\u00e1rcel, entre los principales acusados.<br \/>\nLa Fiscal\u00eda consider\u00f3 que el perjuicio al estado fue de 5.231 millones de pesos y tambi\u00e9n pidi\u00f3 que se decomisen bienes de los acusados por ese monto dividido entre los acusados. Tambi\u00e9n reclam\u00f3 el decomiso de las empresas de B\u00e1ez y de 12 estancias compradas por \u00e9l y por sus hijos.<br \/>\nLas defensas por su parte rechazaron todas las acusaciones y dijeron que no est\u00e1n probados los delitos de los que habl\u00f3 la fiscal\u00eda. Reclamaron sus absoluciones. En el \u00faltimo tramo, Cristina Kirchner se convirti\u00f3 en abogada en causa propia y afirm\u00f3: \u00abSi dije que este era el tribual del lawfare, despu\u00e9s de todo lo que me toc\u00f3 vivir, este tribunal es un pelot\u00f3n de fusilamiento\u00bb. (Infobae)<\/p>\n","protected":false},"excerpt":{"rendered":"<p>Un tribunal argentino conden\u00f3 ayer a la vicepresidenta de Argentina Cristina Fern\u00e1ndez de Kirchner a seis a\u00f1os de prisi\u00f3n e inhabilitaci\u00f3n perpetua para ejercer cargos p\u00fablicos por un delito de corrupci\u00f3n. La vicepresidenta de Argentina Cristina Fern\u00e1ndez de Kirchner fue condenada a 6 a\u00f1os de prisi\u00f3n e inhabilitaci\u00f3n perpetua para ejercer cargos p\u00fablicos por defraudaci\u00f3n [&hellip;]<\/p>\n","protected":false},"author":1,"featured_media":126193,"comment_status":"closed","ping_status":"closed","sticky":false,"template":"","format":"standard","meta":{"_acf_changed":false,"footnotes":""},"categories":[3],"tags":[],"class_list":["post-126192","post","type-post","status-publish","format-standard","has-post-thumbnail","category-internacional"],"acf":{"antetitulo":""},"yoast_head":"<!-- This site is optimized with the Yoast SEO plugin v28.3 - https:\/\/yoast.com\/product\/yoast-seo-wordpress\/ -->\n<title>Seis a\u00f1os de c\u00e1rcel e inhabilitaci\u00f3n perpetua a Cristina Fern\u00e1ndez de Kirchner - El Diario - Bolivia<\/title>\n<meta name=\"robots\" content=\"index, follow, max-snippet:-1, max-image-preview:large, max-video-preview:-1\" \/>\n<link rel=\"canonical\" href=\"https:\/\/www.eldiario.net\/portal\/2022\/12\/07\/seis-anos-de-carcel-e-inhabilitacion-perpetua-a-cristina-fernandez-de-kirchner\/\" \/>\n<meta property=\"og:locale\" content=\"es_ES\" \/>\n<meta property=\"og:type\" content=\"article\" \/>\n<meta property=\"og:title\" content=\"Seis a\u00f1os de c\u00e1rcel e inhabilitaci\u00f3n perpetua a Cristina Fern\u00e1ndez de Kirchner - El Diario - Bolivia\" \/>\n<meta property=\"og:description\" content=\"Un tribunal argentino conden\u00f3 ayer a la vicepresidenta de Argentina Cristina Fern\u00e1ndez de Kirchner a seis a\u00f1os de prisi\u00f3n e inhabilitaci\u00f3n perpetua para ejercer cargos p\u00fablicos por un delito de corrupci\u00f3n. La vicepresidenta de Argentina Cristina Fern\u00e1ndez de Kirchner fue condenada a 6 a\u00f1os de prisi\u00f3n e inhabilitaci\u00f3n perpetua para ejercer cargos p\u00fablicos por defraudaci\u00f3n [&hellip;]\" \/>\n<meta property=\"og:url\" content=\"https:\/\/www.eldiario.net\/portal\/2022\/12\/07\/seis-anos-de-carcel-e-inhabilitacion-perpetua-a-cristina-fernandez-de-kirchner\/\" \/>\n<meta property=\"og:site_name\" content=\"El Diario - Bolivia\" \/>\n<meta property=\"article:publisher\" content=\"https:\/\/www.facebook.com\/eldiario.bolivia\/\" \/>\n<meta property=\"article:published_time\" content=\"2022-12-07T09:51:11+00:00\" \/>\n<meta name=\"author\" content=\"Jeanette\" \/>\n<meta name=\"twitter:card\" content=\"summary_large_image\" \/>\n<meta name=\"twitter:creator\" content=\"@eldiario_net\" \/>\n<meta name=\"twitter:site\" content=\"@eldiario_net\" \/>\n<meta name=\"twitter:label1\" content=\"Escrito por\" \/>\n\t<meta name=\"twitter:data1\" content=\"Jeanette\" \/>\n\t<meta name=\"twitter:label2\" content=\"Tiempo de lectura\" \/>\n\t<meta name=\"twitter:data2\" content=\"4 minutos\" \/>\n<script type=\"application\/ld+json\" class=\"yoast-schema-graph\">{\"@context\":\"https:\\\/\\\/schema.org\",\"@graph\":[{\"@type\":\"Article\",\"@id\":\"https:\\\/\\\/www.eldiario.net\\\/portal\\\/2022\\\/12\\\/07\\\/seis-anos-de-carcel-e-inhabilitacion-perpetua-a-cristina-fernandez-de-kirchner\\\/#article\",\"isPartOf\":{\"@id\":\"https:\\\/\\\/www.eldiario.net\\\/portal\\\/2022\\\/12\\\/07\\\/seis-anos-de-carcel-e-inhabilitacion-perpetua-a-cristina-fernandez-de-kirchner\\\/\"},\"author\":{\"name\":\"Jeanette\",\"@id\":\"https:\\\/\\\/www.eldiario.net\\\/portal\\\/#\\\/schema\\\/person\\\/f46445640444750d7d753ccd04ae01b7\"},\"headline\":\"Seis a\u00f1os de c\u00e1rcel e inhabilitaci\u00f3n perpetua a Cristina Fern\u00e1ndez de Kirchner\",\"datePublished\":\"2022-12-07T09:51:11+00:00\",\"mainEntityOfPage\":{\"@id\":\"https:\\\/\\\/www.eldiario.net\\\/portal\\\/2022\\\/12\\\/07\\\/seis-anos-de-carcel-e-inhabilitacion-perpetua-a-cristina-fernandez-de-kirchner\\\/\"},\"wordCount\":813,\"publisher\":{\"@id\":\"https:\\\/\\\/www.eldiario.net\\\/portal\\\/#organization\"},\"image\":{\"@id\":\"https:\\\/\\\/www.eldiario.net\\\/portal\\\/2022\\\/12\\\/07\\\/seis-anos-de-carcel-e-inhabilitacion-perpetua-a-cristina-fernandez-de-kirchner\\\/#primaryimage\"},\"thumbnailUrl\":\"\",\"articleSection\":[\"Internacional\"],\"inLanguage\":\"es\"},{\"@type\":\"WebPage\",\"@id\":\"https:\\\/\\\/www.eldiario.net\\\/portal\\\/2022\\\/12\\\/07\\\/seis-anos-de-carcel-e-inhabilitacion-perpetua-a-cristina-fernandez-de-kirchner\\\/\",\"url\":\"https:\\\/\\\/www.eldiario.net\\\/portal\\\/2022\\\/12\\\/07\\\/seis-anos-de-carcel-e-inhabilitacion-perpetua-a-cristina-fernandez-de-kirchner\\\/\",\"name\":\"Seis a\u00f1os de c\u00e1rcel e inhabilitaci\u00f3n perpetua a Cristina Fern\u00e1ndez de Kirchner - El Diario - Bolivia\",\"isPartOf\":{\"@id\":\"https:\\\/\\\/www.eldiario.net\\\/portal\\\/#website\"},\"primaryImageOfPage\":{\"@id\":\"https:\\\/\\\/www.eldiario.net\\\/portal\\\/2022\\\/12\\\/07\\\/seis-anos-de-carcel-e-inhabilitacion-perpetua-a-cristina-fernandez-de-kirchner\\\/#primaryimage\"},\"image\":{\"@id\":\"https:\\\/\\\/www.eldiario.net\\\/portal\\\/2022\\\/12\\\/07\\\/seis-anos-de-carcel-e-inhabilitacion-perpetua-a-cristina-fernandez-de-kirchner\\\/#primaryimage\"},\"thumbnailUrl\":\"\",\"datePublished\":\"2022-12-07T09:51:11+00:00\",\"breadcrumb\":{\"@id\":\"https:\\\/\\\/www.eldiario.net\\\/portal\\\/2022\\\/12\\\/07\\\/seis-anos-de-carcel-e-inhabilitacion-perpetua-a-cristina-fernandez-de-kirchner\\\/#breadcrumb\"},\"inLanguage\":\"es\",\"potentialAction\":[{\"@type\":\"ReadAction\",\"target\":[\"https:\\\/\\\/www.eldiario.net\\\/portal\\\/2022\\\/12\\\/07\\\/seis-anos-de-carcel-e-inhabilitacion-perpetua-a-cristina-fernandez-de-kirchner\\\/\"]}]},{\"@type\":\"ImageObject\",\"inLanguage\":\"es\",\"@id\":\"https:\\\/\\\/www.eldiario.net\\\/portal\\\/2022\\\/12\\\/07\\\/seis-anos-de-carcel-e-inhabilitacion-perpetua-a-cristina-fernandez-de-kirchner\\\/#primaryimage\",\"url\":\"\",\"contentUrl\":\"\"},{\"@type\":\"BreadcrumbList\",\"@id\":\"https:\\\/\\\/www.eldiario.net\\\/portal\\\/2022\\\/12\\\/07\\\/seis-anos-de-carcel-e-inhabilitacion-perpetua-a-cristina-fernandez-de-kirchner\\\/#breadcrumb\",\"itemListElement\":[{\"@type\":\"ListItem\",\"position\":1,\"name\":\"Portada\",\"item\":\"https:\\\/\\\/www.eldiario.net\\\/portal\\\/\"},{\"@type\":\"ListItem\",\"position\":2,\"name\":\"Seis a\u00f1os de c\u00e1rcel e inhabilitaci\u00f3n perpetua a Cristina Fern\u00e1ndez de Kirchner\"}]},{\"@type\":\"WebSite\",\"@id\":\"https:\\\/\\\/www.eldiario.net\\\/portal\\\/#website\",\"url\":\"https:\\\/\\\/www.eldiario.net\\\/portal\\\/\",\"name\":\"El Diario - Decano de la prensa nacional\",\"description\":\"El Diario - Decano de la prensa nacional\",\"publisher\":{\"@id\":\"https:\\\/\\\/www.eldiario.net\\\/portal\\\/#organization\"},\"potentialAction\":[{\"@type\":\"SearchAction\",\"target\":{\"@type\":\"EntryPoint\",\"urlTemplate\":\"https:\\\/\\\/www.eldiario.net\\\/portal\\\/?s={search_term_string}\"},\"query-input\":{\"@type\":\"PropertyValueSpecification\",\"valueRequired\":true,\"valueName\":\"search_term_string\"}}],\"inLanguage\":\"es\"},{\"@type\":\"Organization\",\"@id\":\"https:\\\/\\\/www.eldiario.net\\\/portal\\\/#organization\",\"name\":\"El Diario - Decano de la prensa nacional\",\"url\":\"https:\\\/\\\/www.eldiario.net\\\/portal\\\/\",\"logo\":{\"@type\":\"ImageObject\",\"inLanguage\":\"es\",\"@id\":\"https:\\\/\\\/www.eldiario.net\\\/portal\\\/#\\\/schema\\\/logo\\\/image\\\/\",\"url\":\"https:\\\/\\\/www.eldiario.net\\\/portal\\\/wp-content\\\/uploads\\\/2023\\\/07\\\/logo_ED.jpg\",\"contentUrl\":\"https:\\\/\\\/www.eldiario.net\\\/portal\\\/wp-content\\\/uploads\\\/2023\\\/07\\\/logo_ED.jpg\",\"width\":272,\"height\":52,\"caption\":\"El Diario - Decano de la prensa nacional\"},\"image\":{\"@id\":\"https:\\\/\\\/www.eldiario.net\\\/portal\\\/#\\\/schema\\\/logo\\\/image\\\/\"},\"sameAs\":[\"https:\\\/\\\/www.facebook.com\\\/eldiario.bolivia\\\/\",\"https:\\\/\\\/x.com\\\/eldiario_net\"]},{\"@type\":\"Person\",\"@id\":\"https:\\\/\\\/www.eldiario.net\\\/portal\\\/#\\\/schema\\\/person\\\/f46445640444750d7d753ccd04ae01b7\",\"name\":\"Jeanette\",\"image\":{\"@type\":\"ImageObject\",\"inLanguage\":\"es\",\"@id\":\"https:\\\/\\\/secure.gravatar.com\\\/avatar\\\/3ea2118a5f7dad2b7138b1187a6b7ee55f160b9968b66013c3a3ef39dd7e5798?s=96&d=mm&r=g\",\"url\":\"https:\\\/\\\/secure.gravatar.com\\\/avatar\\\/3ea2118a5f7dad2b7138b1187a6b7ee55f160b9968b66013c3a3ef39dd7e5798?s=96&d=mm&r=g\",\"contentUrl\":\"https:\\\/\\\/secure.gravatar.com\\\/avatar\\\/3ea2118a5f7dad2b7138b1187a6b7ee55f160b9968b66013c3a3ef39dd7e5798?s=96&d=mm&r=g\",\"caption\":\"Jeanette\"},\"sameAs\":[\"https:\\\/\\\/www.eldiario.net\\\/portal\"],\"url\":\"https:\\\/\\\/www.eldiario.net\\\/portal\\\/author\\\/jeanette\\\/\"}]}<\/script>\n<!-- \/ Yoast SEO plugin. -->","yoast_head_json":{"title":"Seis a\u00f1os de c\u00e1rcel e inhabilitaci\u00f3n perpetua a Cristina Fern\u00e1ndez de Kirchner - El Diario - Bolivia","robots":{"index":"index","follow":"follow","max-snippet":"max-snippet:-1","max-image-preview":"max-image-preview:large","max-video-preview":"max-video-preview:-1"},"canonical":"https:\/\/www.eldiario.net\/portal\/2022\/12\/07\/seis-anos-de-carcel-e-inhabilitacion-perpetua-a-cristina-fernandez-de-kirchner\/","og_locale":"es_ES","og_type":"article","og_title":"Seis a\u00f1os de c\u00e1rcel e inhabilitaci\u00f3n perpetua a Cristina Fern\u00e1ndez de Kirchner - El Diario - Bolivia","og_description":"Un tribunal argentino conden\u00f3 ayer a la vicepresidenta de Argentina Cristina Fern\u00e1ndez de Kirchner a seis a\u00f1os de prisi\u00f3n e inhabilitaci\u00f3n perpetua para ejercer cargos p\u00fablicos por un delito de corrupci\u00f3n. La vicepresidenta de Argentina Cristina Fern\u00e1ndez de Kirchner fue condenada a 6 a\u00f1os de prisi\u00f3n e inhabilitaci\u00f3n perpetua para ejercer cargos p\u00fablicos por defraudaci\u00f3n [&hellip;]","og_url":"https:\/\/www.eldiario.net\/portal\/2022\/12\/07\/seis-anos-de-carcel-e-inhabilitacion-perpetua-a-cristina-fernandez-de-kirchner\/","og_site_name":"El Diario - Bolivia","article_publisher":"https:\/\/www.facebook.com\/eldiario.bolivia\/","article_published_time":"2022-12-07T09:51:11+00:00","author":"Jeanette","twitter_card":"summary_large_image","twitter_creator":"@eldiario_net","twitter_site":"@eldiario_net","twitter_misc":{"Escrito por":"Jeanette","Tiempo de lectura":"4 minutos"},"schema":{"@context":"https:\/\/schema.org","@graph":[{"@type":"Article","@id":"https:\/\/www.eldiario.net\/portal\/2022\/12\/07\/seis-anos-de-carcel-e-inhabilitacion-perpetua-a-cristina-fernandez-de-kirchner\/#article","isPartOf":{"@id":"https:\/\/www.eldiario.net\/portal\/2022\/12\/07\/seis-anos-de-carcel-e-inhabilitacion-perpetua-a-cristina-fernandez-de-kirchner\/"},"author":{"name":"Jeanette","@id":"https:\/\/www.eldiario.net\/portal\/#\/schema\/person\/f46445640444750d7d753ccd04ae01b7"},"headline":"Seis a\u00f1os de c\u00e1rcel e inhabilitaci\u00f3n perpetua a Cristina Fern\u00e1ndez de Kirchner","datePublished":"2022-12-07T09:51:11+00:00","mainEntityOfPage":{"@id":"https:\/\/www.eldiario.net\/portal\/2022\/12\/07\/seis-anos-de-carcel-e-inhabilitacion-perpetua-a-cristina-fernandez-de-kirchner\/"},"wordCount":813,"publisher":{"@id":"https:\/\/www.eldiario.net\/portal\/#organization"},"image":{"@id":"https:\/\/www.eldiario.net\/portal\/2022\/12\/07\/seis-anos-de-carcel-e-inhabilitacion-perpetua-a-cristina-fernandez-de-kirchner\/#primaryimage"},"thumbnailUrl":"","articleSection":["Internacional"],"inLanguage":"es"},{"@type":"WebPage","@id":"https:\/\/www.eldiario.net\/portal\/2022\/12\/07\/seis-anos-de-carcel-e-inhabilitacion-perpetua-a-cristina-fernandez-de-kirchner\/","url":"https:\/\/www.eldiario.net\/portal\/2022\/12\/07\/seis-anos-de-carcel-e-inhabilitacion-perpetua-a-cristina-fernandez-de-kirchner\/","name":"Seis a\u00f1os de c\u00e1rcel e inhabilitaci\u00f3n perpetua a Cristina Fern\u00e1ndez de Kirchner - El Diario - Bolivia","isPartOf":{"@id":"https:\/\/www.eldiario.net\/portal\/#website"},"primaryImageOfPage":{"@id":"https:\/\/www.eldiario.net\/portal\/2022\/12\/07\/seis-anos-de-carcel-e-inhabilitacion-perpetua-a-cristina-fernandez-de-kirchner\/#primaryimage"},"image":{"@id":"https:\/\/www.eldiario.net\/portal\/2022\/12\/07\/seis-anos-de-carcel-e-inhabilitacion-perpetua-a-cristina-fernandez-de-kirchner\/#primaryimage"},"thumbnailUrl":"","datePublished":"2022-12-07T09:51:11+00:00","breadcrumb":{"@id":"https:\/\/www.eldiario.net\/portal\/2022\/12\/07\/seis-anos-de-carcel-e-inhabilitacion-perpetua-a-cristina-fernandez-de-kirchner\/#breadcrumb"},"inLanguage":"es","potentialAction":[{"@type":"ReadAction","target":["https:\/\/www.eldiario.net\/portal\/2022\/12\/07\/seis-anos-de-carcel-e-inhabilitacion-perpetua-a-cristina-fernandez-de-kirchner\/"]}]},{"@type":"ImageObject","inLanguage":"es","@id":"https:\/\/www.eldiario.net\/portal\/2022\/12\/07\/seis-anos-de-carcel-e-inhabilitacion-perpetua-a-cristina-fernandez-de-kirchner\/#primaryimage","url":"","contentUrl":""},{"@type":"BreadcrumbList","@id":"https:\/\/www.eldiario.net\/portal\/2022\/12\/07\/seis-anos-de-carcel-e-inhabilitacion-perpetua-a-cristina-fernandez-de-kirchner\/#breadcrumb","itemListElement":[{"@type":"ListItem","position":1,"name":"Portada","item":"https:\/\/www.eldiario.net\/portal\/"},{"@type":"ListItem","position":2,"name":"Seis a\u00f1os de c\u00e1rcel e inhabilitaci\u00f3n perpetua a Cristina Fern\u00e1ndez de Kirchner"}]},{"@type":"WebSite","@id":"https:\/\/www.eldiario.net\/portal\/#website","url":"https:\/\/www.eldiario.net\/portal\/","name":"El Diario - Decano de la prensa nacional","description":"El Diario - Decano de la prensa nacional","publisher":{"@id":"https:\/\/www.eldiario.net\/portal\/#organization"},"potentialAction":[{"@type":"SearchAction","target":{"@type":"EntryPoint","urlTemplate":"https:\/\/www.eldiario.net\/portal\/?s={search_term_string}"},"query-input":{"@type":"PropertyValueSpecification","valueRequired":true,"valueName":"search_term_string"}}],"inLanguage":"es"},{"@type":"Organization","@id":"https:\/\/www.eldiario.net\/portal\/#organization","name":"El Diario - Decano de la prensa nacional","url":"https:\/\/www.eldiario.net\/portal\/","logo":{"@type":"ImageObject","inLanguage":"es","@id":"https:\/\/www.eldiario.net\/portal\/#\/schema\/logo\/image\/","url":"https:\/\/www.eldiario.net\/portal\/wp-content\/uploads\/2023\/07\/logo_ED.jpg","contentUrl":"https:\/\/www.eldiario.net\/portal\/wp-content\/uploads\/2023\/07\/logo_ED.jpg","width":272,"height":52,"caption":"El Diario - Decano de la prensa nacional"},"image":{"@id":"https:\/\/www.eldiario.net\/portal\/#\/schema\/logo\/image\/"},"sameAs":["https:\/\/www.facebook.com\/eldiario.bolivia\/","https:\/\/x.com\/eldiario_net"]},{"@type":"Person","@id":"https:\/\/www.eldiario.net\/portal\/#\/schema\/person\/f46445640444750d7d753ccd04ae01b7","name":"Jeanette","image":{"@type":"ImageObject","inLanguage":"es","@id":"https:\/\/secure.gravatar.com\/avatar\/3ea2118a5f7dad2b7138b1187a6b7ee55f160b9968b66013c3a3ef39dd7e5798?s=96&d=mm&r=g","url":"https:\/\/secure.gravatar.com\/avatar\/3ea2118a5f7dad2b7138b1187a6b7ee55f160b9968b66013c3a3ef39dd7e5798?s=96&d=mm&r=g","contentUrl":"https:\/\/secure.gravatar.com\/avatar\/3ea2118a5f7dad2b7138b1187a6b7ee55f160b9968b66013c3a3ef39dd7e5798?s=96&d=mm&r=g","caption":"Jeanette"},"sameAs":["https:\/\/www.eldiario.net\/portal"],"url":"https:\/\/www.eldiario.net\/portal\/author\/jeanette\/"}]}},"_links":{"self":[{"href":"https:\/\/www.eldiario.net\/portal\/wp-json\/wp\/v2\/posts\/126192","targetHints":{"allow":["GET"]}}],"collection":[{"href":"https:\/\/www.eldiario.net\/portal\/wp-json\/wp\/v2\/posts"}],"about":[{"href":"https:\/\/www.eldiario.net\/portal\/wp-json\/wp\/v2\/types\/post"}],"author":[{"embeddable":true,"href":"https:\/\/www.eldiario.net\/portal\/wp-json\/wp\/v2\/users\/1"}],"replies":[{"embeddable":true,"href":"https:\/\/www.eldiario.net\/portal\/wp-json\/wp\/v2\/comments?post=126192"}],"version-history":[{"count":0,"href":"https:\/\/www.eldiario.net\/portal\/wp-json\/wp\/v2\/posts\/126192\/revisions"}],"wp:attachment":[{"href":"https:\/\/www.eldiario.net\/portal\/wp-json\/wp\/v2\/media?parent=126192"}],"wp:term":[{"taxonomy":"category","embeddable":true,"href":"https:\/\/www.eldiario.net\/portal\/wp-json\/wp\/v2\/categories?post=126192"},{"taxonomy":"post_tag","embeddable":true,"href":"https:\/\/www.eldiario.net\/portal\/wp-json\/wp\/v2\/tags?post=126192"}],"curies":[{"name":"wp","href":"https:\/\/api.w.org\/{rel}","templated":true}]}}