{"id":126133,"date":"2022-12-06T06:13:56","date_gmt":"2022-12-06T10:13:56","guid":{"rendered":"https:\/\/www.eldiario.net\/portal\/?p=126133"},"modified":"2022-12-06T06:13:56","modified_gmt":"2022-12-06T10:13:56","slug":"bajan-control-de-pruebas-covid-en-grandes-ciudades-de-china","status":"publish","type":"post","link":"https:\/\/www.eldiario.net\/portal\/2022\/12\/06\/bajan-control-de-pruebas-covid-en-grandes-ciudades-de-china\/","title":{"rendered":"Bajan control de pruebas covid  en grandes ciudades de China"},"content":{"rendered":"<p class=\"v1MsoNormal\">Varias grandes ciudades chinas han relajado estos d\u00edas sus normativas con respecto a los test de covid-19, en una aparente revisi\u00f3n gradual de la pol\u00edtica de &#8216;casos cero&#8217; que el gigante asi\u00e1tico mantuvo en estos \u00faltimos tres a\u00f1os y que se ha traducido, en cuesti\u00f3n de semanas, en un repunte sin precedentes de las protestas sociales.<\/p>\n<p class=\"v1MsoNormal\">Shangh\u00e1i, que ya vivi\u00f3 este mismo a\u00f1o un confinamiento de dos meses, ya no reclama desde este lunes una PCR negativa para acceder a espacios p\u00fablicos como parques o a transporte p\u00fablico, despu\u00e9s de que las autoridades hayan decidido \u00aboptimizar\u00bb y \u00abajustar\u00bb las medidas, seg\u00fan un comunicado de las autoridades.<\/p>\n<p class=\"v1MsoNormal\">Tambi\u00e9n en Hangzhou se ha quitado la obligatoriedad de las pruebas en la mayor parte de lugares p\u00fablicos, incluidas oficinas y supermercados, ni tampoco se exigir\u00e1n para comprar algunos medicamentos, informa la agencia Bloomberg. Se prev\u00e9n gestos similares en otras ciudades como Shenzhen, Dalian y Jiangxi.<\/p>\n<p class=\"v1MsoNormal\">En Zhengzhou, la ciudad que alberga la mayor f\u00e1brica de Apple, las autoridades anunciaron el domingo que s\u00f3lo mantendr\u00edan las pruebas para quienes abandonasen la ciudad o fuesen a cibercaf\u00e9s o karaokes, mientras que en Wuhan, considera la &#8216;zona cero&#8217; de la pandemia, ya se puede acceder al metro sin presentar ning\u00fan documento.<\/p>\n<p class=\"v1MsoNormal\">En Urumqi, capital de la provincia de Xinjiang y escenario de un incendio con m\u00e1s de diez v\u00edctimas que desat\u00f3 las protestas generalizadas, se han reabierto algunas zonas y este lunes ten\u00eda previsto reactivar algunos negocios considerados no esenciales y una l\u00ednea del metro que permanec\u00eda paralizada.<\/p>\n<p class=\"v1MsoNormal\">La vice primera ministra china, Sun Chunlan, abog\u00f3 la semana pasada por pasar a una nueva fase en la lucha contra la pandemia, con vistas a adoptar restricciones m\u00e1s focalizadas en un momento en que el pa\u00eds registra los peores datos de contagio, con picos de casi 40.000 positivos diarios. El domingo, el Gobierno registr\u00f3 m\u00e1s de 29.000 casos, si bien la reducci\u00f3n de pruebas conlleva tambi\u00e9n una menor detecci\u00f3n de asintom\u00e1ticos.<\/p>\n<p class=\"v1MsoNormal\">Sin embargo, las medidas a\u00fan seguir\u00e1n siendo m\u00e1s duras de las que se aplican en la amplia mayor\u00eda de los pa\u00edses, con barrios enteros pr\u00e1cticamente paralizados para contener brotes de coronavirus. (Europa Press)<\/p>\n","protected":false},"excerpt":{"rendered":"<p>Varias grandes ciudades chinas han relajado estos d\u00edas sus normativas con respecto a los test de covid-19, en una aparente revisi\u00f3n gradual de la pol\u00edtica de &#8216;casos cero&#8217; que el gigante asi\u00e1tico mantuvo en estos \u00faltimos tres a\u00f1os y que se ha traducido, en cuesti\u00f3n de semanas, en un repunte sin precedentes de las protestas [&hellip;]<\/p>\n","protected":false},"author":1,"featured_media":126134,"comment_status":"closed","ping_status":"closed","sticky":false,"template":"","format":"standard","meta":{"_acf_changed":false,"footnotes":""},"categories":[3],"tags":[],"class_list":["post-126133","post","type-post","status-publish","format-standard","has-post-thumbnail","category-internacional"],"acf":{"antetitulo":""},"yoast_head":"<!-- This site is optimized with the Yoast SEO plugin v28.3 - https:\/\/yoast.com\/product\/yoast-seo-wordpress\/ -->\n<title>Bajan control de pruebas covid en grandes ciudades de China - El Diario - Bolivia<\/title>\n<meta name=\"robots\" content=\"index, follow, max-snippet:-1, max-image-preview:large, max-video-preview:-1\" \/>\n<link rel=\"canonical\" href=\"https:\/\/www.eldiario.net\/portal\/2022\/12\/06\/bajan-control-de-pruebas-covid-en-grandes-ciudades-de-china\/\" \/>\n<meta property=\"og:locale\" content=\"es_ES\" \/>\n<meta property=\"og:type\" content=\"article\" \/>\n<meta property=\"og:title\" content=\"Bajan control de pruebas covid en grandes ciudades de China - El Diario - Bolivia\" \/>\n<meta property=\"og:description\" content=\"Varias grandes ciudades chinas han relajado estos d\u00edas sus normativas con respecto a los test de covid-19, en una aparente revisi\u00f3n gradual de la pol\u00edtica de &#8216;casos cero&#8217; que el gigante asi\u00e1tico mantuvo en estos \u00faltimos tres a\u00f1os y que se ha traducido, en cuesti\u00f3n de semanas, en un repunte sin precedentes de las protestas [&hellip;]\" \/>\n<meta property=\"og:url\" content=\"https:\/\/www.eldiario.net\/portal\/2022\/12\/06\/bajan-control-de-pruebas-covid-en-grandes-ciudades-de-china\/\" \/>\n<meta property=\"og:site_name\" content=\"El Diario - Bolivia\" \/>\n<meta property=\"article:publisher\" content=\"https:\/\/www.facebook.com\/eldiario.bolivia\/\" \/>\n<meta property=\"article:published_time\" content=\"2022-12-06T10:13:56+00:00\" \/>\n<meta name=\"author\" content=\"Jeanette\" \/>\n<meta name=\"twitter:card\" content=\"summary_large_image\" \/>\n<meta name=\"twitter:creator\" content=\"@eldiario_net\" \/>\n<meta name=\"twitter:site\" content=\"@eldiario_net\" \/>\n<meta name=\"twitter:label1\" content=\"Escrito por\" \/>\n\t<meta name=\"twitter:data1\" content=\"Jeanette\" \/>\n\t<meta name=\"twitter:label2\" content=\"Tiempo de lectura\" \/>\n\t<meta name=\"twitter:data2\" content=\"2 minutos\" \/>\n<script type=\"application\/ld+json\" class=\"yoast-schema-graph\">{\"@context\":\"https:\\\/\\\/schema.org\",\"@graph\":[{\"@type\":\"Article\",\"@id\":\"https:\\\/\\\/www.eldiario.net\\\/portal\\\/2022\\\/12\\\/06\\\/bajan-control-de-pruebas-covid-en-grandes-ciudades-de-china\\\/#article\",\"isPartOf\":{\"@id\":\"https:\\\/\\\/www.eldiario.net\\\/portal\\\/2022\\\/12\\\/06\\\/bajan-control-de-pruebas-covid-en-grandes-ciudades-de-china\\\/\"},\"author\":{\"name\":\"Jeanette\",\"@id\":\"https:\\\/\\\/www.eldiario.net\\\/portal\\\/#\\\/schema\\\/person\\\/f46445640444750d7d753ccd04ae01b7\"},\"headline\":\"Bajan control de pruebas covid en grandes ciudades de China\",\"datePublished\":\"2022-12-06T10:13:56+00:00\",\"mainEntityOfPage\":{\"@id\":\"https:\\\/\\\/www.eldiario.net\\\/portal\\\/2022\\\/12\\\/06\\\/bajan-control-de-pruebas-covid-en-grandes-ciudades-de-china\\\/\"},\"wordCount\":404,\"publisher\":{\"@id\":\"https:\\\/\\\/www.eldiario.net\\\/portal\\\/#organization\"},\"image\":{\"@id\":\"https:\\\/\\\/www.eldiario.net\\\/portal\\\/2022\\\/12\\\/06\\\/bajan-control-de-pruebas-covid-en-grandes-ciudades-de-china\\\/#primaryimage\"},\"thumbnailUrl\":\"\",\"articleSection\":[\"Internacional\"],\"inLanguage\":\"es\"},{\"@type\":\"WebPage\",\"@id\":\"https:\\\/\\\/www.eldiario.net\\\/portal\\\/2022\\\/12\\\/06\\\/bajan-control-de-pruebas-covid-en-grandes-ciudades-de-china\\\/\",\"url\":\"https:\\\/\\\/www.eldiario.net\\\/portal\\\/2022\\\/12\\\/06\\\/bajan-control-de-pruebas-covid-en-grandes-ciudades-de-china\\\/\",\"name\":\"Bajan control de pruebas covid en grandes ciudades de China - El Diario - Bolivia\",\"isPartOf\":{\"@id\":\"https:\\\/\\\/www.eldiario.net\\\/portal\\\/#website\"},\"primaryImageOfPage\":{\"@id\":\"https:\\\/\\\/www.eldiario.net\\\/portal\\\/2022\\\/12\\\/06\\\/bajan-control-de-pruebas-covid-en-grandes-ciudades-de-china\\\/#primaryimage\"},\"image\":{\"@id\":\"https:\\\/\\\/www.eldiario.net\\\/portal\\\/2022\\\/12\\\/06\\\/bajan-control-de-pruebas-covid-en-grandes-ciudades-de-china\\\/#primaryimage\"},\"thumbnailUrl\":\"\",\"datePublished\":\"2022-12-06T10:13:56+00:00\",\"breadcrumb\":{\"@id\":\"https:\\\/\\\/www.eldiario.net\\\/portal\\\/2022\\\/12\\\/06\\\/bajan-control-de-pruebas-covid-en-grandes-ciudades-de-china\\\/#breadcrumb\"},\"inLanguage\":\"es\",\"potentialAction\":[{\"@type\":\"ReadAction\",\"target\":[\"https:\\\/\\\/www.eldiario.net\\\/portal\\\/2022\\\/12\\\/06\\\/bajan-control-de-pruebas-covid-en-grandes-ciudades-de-china\\\/\"]}]},{\"@type\":\"ImageObject\",\"inLanguage\":\"es\",\"@id\":\"https:\\\/\\\/www.eldiario.net\\\/portal\\\/2022\\\/12\\\/06\\\/bajan-control-de-pruebas-covid-en-grandes-ciudades-de-china\\\/#primaryimage\",\"url\":\"\",\"contentUrl\":\"\"},{\"@type\":\"BreadcrumbList\",\"@id\":\"https:\\\/\\\/www.eldiario.net\\\/portal\\\/2022\\\/12\\\/06\\\/bajan-control-de-pruebas-covid-en-grandes-ciudades-de-china\\\/#breadcrumb\",\"itemListElement\":[{\"@type\":\"ListItem\",\"position\":1,\"name\":\"Portada\",\"item\":\"https:\\\/\\\/www.eldiario.net\\\/portal\\\/\"},{\"@type\":\"ListItem\",\"position\":2,\"name\":\"Bajan control de pruebas covid en grandes ciudades de China\"}]},{\"@type\":\"WebSite\",\"@id\":\"https:\\\/\\\/www.eldiario.net\\\/portal\\\/#website\",\"url\":\"https:\\\/\\\/www.eldiario.net\\\/portal\\\/\",\"name\":\"El Diario - Decano de la prensa nacional\",\"description\":\"El Diario - Decano de la prensa nacional\",\"publisher\":{\"@id\":\"https:\\\/\\\/www.eldiario.net\\\/portal\\\/#organization\"},\"potentialAction\":[{\"@type\":\"SearchAction\",\"target\":{\"@type\":\"EntryPoint\",\"urlTemplate\":\"https:\\\/\\\/www.eldiario.net\\\/portal\\\/?s={search_term_string}\"},\"query-input\":{\"@type\":\"PropertyValueSpecification\",\"valueRequired\":true,\"valueName\":\"search_term_string\"}}],\"inLanguage\":\"es\"},{\"@type\":\"Organization\",\"@id\":\"https:\\\/\\\/www.eldiario.net\\\/portal\\\/#organization\",\"name\":\"El Diario - Decano de la prensa nacional\",\"url\":\"https:\\\/\\\/www.eldiario.net\\\/portal\\\/\",\"logo\":{\"@type\":\"ImageObject\",\"inLanguage\":\"es\",\"@id\":\"https:\\\/\\\/www.eldiario.net\\\/portal\\\/#\\\/schema\\\/logo\\\/image\\\/\",\"url\":\"https:\\\/\\\/www.eldiario.net\\\/portal\\\/wp-content\\\/uploads\\\/2023\\\/07\\\/logo_ED.jpg\",\"contentUrl\":\"https:\\\/\\\/www.eldiario.net\\\/portal\\\/wp-content\\\/uploads\\\/2023\\\/07\\\/logo_ED.jpg\",\"width\":272,\"height\":52,\"caption\":\"El Diario - Decano de la prensa nacional\"},\"image\":{\"@id\":\"https:\\\/\\\/www.eldiario.net\\\/portal\\\/#\\\/schema\\\/logo\\\/image\\\/\"},\"sameAs\":[\"https:\\\/\\\/www.facebook.com\\\/eldiario.bolivia\\\/\",\"https:\\\/\\\/x.com\\\/eldiario_net\"]},{\"@type\":\"Person\",\"@id\":\"https:\\\/\\\/www.eldiario.net\\\/portal\\\/#\\\/schema\\\/person\\\/f46445640444750d7d753ccd04ae01b7\",\"name\":\"Jeanette\",\"image\":{\"@type\":\"ImageObject\",\"inLanguage\":\"es\",\"@id\":\"https:\\\/\\\/secure.gravatar.com\\\/avatar\\\/3ea2118a5f7dad2b7138b1187a6b7ee55f160b9968b66013c3a3ef39dd7e5798?s=96&d=mm&r=g\",\"url\":\"https:\\\/\\\/secure.gravatar.com\\\/avatar\\\/3ea2118a5f7dad2b7138b1187a6b7ee55f160b9968b66013c3a3ef39dd7e5798?s=96&d=mm&r=g\",\"contentUrl\":\"https:\\\/\\\/secure.gravatar.com\\\/avatar\\\/3ea2118a5f7dad2b7138b1187a6b7ee55f160b9968b66013c3a3ef39dd7e5798?s=96&d=mm&r=g\",\"caption\":\"Jeanette\"},\"sameAs\":[\"https:\\\/\\\/www.eldiario.net\\\/portal\"],\"url\":\"https:\\\/\\\/www.eldiario.net\\\/portal\\\/author\\\/jeanette\\\/\"}]}<\/script>\n<!-- \/ Yoast SEO plugin. -->","yoast_head_json":{"title":"Bajan control de pruebas covid en grandes ciudades de China - El Diario - Bolivia","robots":{"index":"index","follow":"follow","max-snippet":"max-snippet:-1","max-image-preview":"max-image-preview:large","max-video-preview":"max-video-preview:-1"},"canonical":"https:\/\/www.eldiario.net\/portal\/2022\/12\/06\/bajan-control-de-pruebas-covid-en-grandes-ciudades-de-china\/","og_locale":"es_ES","og_type":"article","og_title":"Bajan control de pruebas covid en grandes ciudades de China - El Diario - Bolivia","og_description":"Varias grandes ciudades chinas han relajado estos d\u00edas sus normativas con respecto a los test de covid-19, en una aparente revisi\u00f3n gradual de la pol\u00edtica de &#8216;casos cero&#8217; que el gigante asi\u00e1tico mantuvo en estos \u00faltimos tres a\u00f1os y que se ha traducido, en cuesti\u00f3n de semanas, en un repunte sin precedentes de las protestas [&hellip;]","og_url":"https:\/\/www.eldiario.net\/portal\/2022\/12\/06\/bajan-control-de-pruebas-covid-en-grandes-ciudades-de-china\/","og_site_name":"El Diario - Bolivia","article_publisher":"https:\/\/www.facebook.com\/eldiario.bolivia\/","article_published_time":"2022-12-06T10:13:56+00:00","author":"Jeanette","twitter_card":"summary_large_image","twitter_creator":"@eldiario_net","twitter_site":"@eldiario_net","twitter_misc":{"Escrito por":"Jeanette","Tiempo de lectura":"2 minutos"},"schema":{"@context":"https:\/\/schema.org","@graph":[{"@type":"Article","@id":"https:\/\/www.eldiario.net\/portal\/2022\/12\/06\/bajan-control-de-pruebas-covid-en-grandes-ciudades-de-china\/#article","isPartOf":{"@id":"https:\/\/www.eldiario.net\/portal\/2022\/12\/06\/bajan-control-de-pruebas-covid-en-grandes-ciudades-de-china\/"},"author":{"name":"Jeanette","@id":"https:\/\/www.eldiario.net\/portal\/#\/schema\/person\/f46445640444750d7d753ccd04ae01b7"},"headline":"Bajan control de pruebas covid en grandes ciudades de China","datePublished":"2022-12-06T10:13:56+00:00","mainEntityOfPage":{"@id":"https:\/\/www.eldiario.net\/portal\/2022\/12\/06\/bajan-control-de-pruebas-covid-en-grandes-ciudades-de-china\/"},"wordCount":404,"publisher":{"@id":"https:\/\/www.eldiario.net\/portal\/#organization"},"image":{"@id":"https:\/\/www.eldiario.net\/portal\/2022\/12\/06\/bajan-control-de-pruebas-covid-en-grandes-ciudades-de-china\/#primaryimage"},"thumbnailUrl":"","articleSection":["Internacional"],"inLanguage":"es"},{"@type":"WebPage","@id":"https:\/\/www.eldiario.net\/portal\/2022\/12\/06\/bajan-control-de-pruebas-covid-en-grandes-ciudades-de-china\/","url":"https:\/\/www.eldiario.net\/portal\/2022\/12\/06\/bajan-control-de-pruebas-covid-en-grandes-ciudades-de-china\/","name":"Bajan control de pruebas covid en grandes ciudades de China - El Diario - Bolivia","isPartOf":{"@id":"https:\/\/www.eldiario.net\/portal\/#website"},"primaryImageOfPage":{"@id":"https:\/\/www.eldiario.net\/portal\/2022\/12\/06\/bajan-control-de-pruebas-covid-en-grandes-ciudades-de-china\/#primaryimage"},"image":{"@id":"https:\/\/www.eldiario.net\/portal\/2022\/12\/06\/bajan-control-de-pruebas-covid-en-grandes-ciudades-de-china\/#primaryimage"},"thumbnailUrl":"","datePublished":"2022-12-06T10:13:56+00:00","breadcrumb":{"@id":"https:\/\/www.eldiario.net\/portal\/2022\/12\/06\/bajan-control-de-pruebas-covid-en-grandes-ciudades-de-china\/#breadcrumb"},"inLanguage":"es","potentialAction":[{"@type":"ReadAction","target":["https:\/\/www.eldiario.net\/portal\/2022\/12\/06\/bajan-control-de-pruebas-covid-en-grandes-ciudades-de-china\/"]}]},{"@type":"ImageObject","inLanguage":"es","@id":"https:\/\/www.eldiario.net\/portal\/2022\/12\/06\/bajan-control-de-pruebas-covid-en-grandes-ciudades-de-china\/#primaryimage","url":"","contentUrl":""},{"@type":"BreadcrumbList","@id":"https:\/\/www.eldiario.net\/portal\/2022\/12\/06\/bajan-control-de-pruebas-covid-en-grandes-ciudades-de-china\/#breadcrumb","itemListElement":[{"@type":"ListItem","position":1,"name":"Portada","item":"https:\/\/www.eldiario.net\/portal\/"},{"@type":"ListItem","position":2,"name":"Bajan control de pruebas covid en grandes ciudades de China"}]},{"@type":"WebSite","@id":"https:\/\/www.eldiario.net\/portal\/#website","url":"https:\/\/www.eldiario.net\/portal\/","name":"El Diario - Decano de la prensa nacional","description":"El Diario - Decano de la prensa nacional","publisher":{"@id":"https:\/\/www.eldiario.net\/portal\/#organization"},"potentialAction":[{"@type":"SearchAction","target":{"@type":"EntryPoint","urlTemplate":"https:\/\/www.eldiario.net\/portal\/?s={search_term_string}"},"query-input":{"@type":"PropertyValueSpecification","valueRequired":true,"valueName":"search_term_string"}}],"inLanguage":"es"},{"@type":"Organization","@id":"https:\/\/www.eldiario.net\/portal\/#organization","name":"El Diario - Decano de la prensa nacional","url":"https:\/\/www.eldiario.net\/portal\/","logo":{"@type":"ImageObject","inLanguage":"es","@id":"https:\/\/www.eldiario.net\/portal\/#\/schema\/logo\/image\/","url":"https:\/\/www.eldiario.net\/portal\/wp-content\/uploads\/2023\/07\/logo_ED.jpg","contentUrl":"https:\/\/www.eldiario.net\/portal\/wp-content\/uploads\/2023\/07\/logo_ED.jpg","width":272,"height":52,"caption":"El Diario - Decano de la prensa nacional"},"image":{"@id":"https:\/\/www.eldiario.net\/portal\/#\/schema\/logo\/image\/"},"sameAs":["https:\/\/www.facebook.com\/eldiario.bolivia\/","https:\/\/x.com\/eldiario_net"]},{"@type":"Person","@id":"https:\/\/www.eldiario.net\/portal\/#\/schema\/person\/f46445640444750d7d753ccd04ae01b7","name":"Jeanette","image":{"@type":"ImageObject","inLanguage":"es","@id":"https:\/\/secure.gravatar.com\/avatar\/3ea2118a5f7dad2b7138b1187a6b7ee55f160b9968b66013c3a3ef39dd7e5798?s=96&d=mm&r=g","url":"https:\/\/secure.gravatar.com\/avatar\/3ea2118a5f7dad2b7138b1187a6b7ee55f160b9968b66013c3a3ef39dd7e5798?s=96&d=mm&r=g","contentUrl":"https:\/\/secure.gravatar.com\/avatar\/3ea2118a5f7dad2b7138b1187a6b7ee55f160b9968b66013c3a3ef39dd7e5798?s=96&d=mm&r=g","caption":"Jeanette"},"sameAs":["https:\/\/www.eldiario.net\/portal"],"url":"https:\/\/www.eldiario.net\/portal\/author\/jeanette\/"}]}},"_links":{"self":[{"href":"https:\/\/www.eldiario.net\/portal\/wp-json\/wp\/v2\/posts\/126133","targetHints":{"allow":["GET"]}}],"collection":[{"href":"https:\/\/www.eldiario.net\/portal\/wp-json\/wp\/v2\/posts"}],"about":[{"href":"https:\/\/www.eldiario.net\/portal\/wp-json\/wp\/v2\/types\/post"}],"author":[{"embeddable":true,"href":"https:\/\/www.eldiario.net\/portal\/wp-json\/wp\/v2\/users\/1"}],"replies":[{"embeddable":true,"href":"https:\/\/www.eldiario.net\/portal\/wp-json\/wp\/v2\/comments?post=126133"}],"version-history":[{"count":0,"href":"https:\/\/www.eldiario.net\/portal\/wp-json\/wp\/v2\/posts\/126133\/revisions"}],"wp:attachment":[{"href":"https:\/\/www.eldiario.net\/portal\/wp-json\/wp\/v2\/media?parent=126133"}],"wp:term":[{"taxonomy":"category","embeddable":true,"href":"https:\/\/www.eldiario.net\/portal\/wp-json\/wp\/v2\/categories?post=126133"},{"taxonomy":"post_tag","embeddable":true,"href":"https:\/\/www.eldiario.net\/portal\/wp-json\/wp\/v2\/tags?post=126133"}],"curies":[{"name":"wp","href":"https:\/\/api.w.org\/{rel}","templated":true}]}}