{"id":126124,"date":"2022-12-06T06:11:55","date_gmt":"2022-12-06T10:11:55","guid":{"rendered":"https:\/\/www.eldiario.net\/portal\/?p=126124"},"modified":"2022-12-06T06:11:55","modified_gmt":"2022-12-06T10:11:55","slug":"miles-de-personas-huyen-de-la-isla-de-java-por-la-erupcion-de-volcan","status":"publish","type":"post","link":"https:\/\/www.eldiario.net\/portal\/2022\/12\/06\/miles-de-personas-huyen-de-la-isla-de-java-por-la-erupcion-de-volcan\/","title":{"rendered":"Miles de personas huyen de la isla  de Java por la erupci\u00f3n de volc\u00e1n"},"content":{"rendered":"<p class=\"v1MsoNormal\">Al menos 2.500 personas huyeron de sus casas en la isla de Java, sepultadas tras la erupci\u00f3n del volc\u00e1n del Monte Semeru, ubicado en el distrito de Lumajang, en Java Oriental, que expuls\u00f3 columnas de ceniza que superaron los 1.500 metros (casi 5.000 pies) de altura el domingo. No se reportaron v\u00edctimas.<\/p>\n<p class=\"v1MsoNormal\">Las evacuaciones continuaban ayer en la isla indonesia de Java al d\u00eda siguiente de que entrara en erupci\u00f3n el volc\u00e1n del Monte Semeru, donde la actividad parec\u00eda menor.<\/p>\n<p class=\"v1MsoNormal\">El monte Semeru, en el distrito de Lumajang, en Java Oriental, expuls\u00f3 densas columnas de ceniza que superaron los 1.500 metros (casi 5.000 pies) de altura el domingo. Pueblos y localidades cercanas quedaron cubiertos de ceniza, que ocultaba el sol, aunque no se reportaron v\u00edctimas.<\/p>\n<p class=\"v1MsoNormal\">Las intensas lluvias erosionaron y finalmente provocaron un colapso del domo de lava en lo alto del volc\u00e1n de 3.676 metros (12.060 pies), lo que desencaden\u00f3 una avalancha de gas caliente y lava por sus laderas hacia un r\u00edo cercano. El gas abrasador descendi\u00f3 por la monta\u00f1a, envolvi\u00f3 poblados enteros y destruy\u00f3 un puente que acababa de reconstruirse tras una potente erupci\u00f3n el a\u00f1o pasado.<\/p>\n<p class=\"v1MsoNormal\">Cerca de 2.500 vecinos han sido ya evacuados e instalados en 11 centros, despu\u00e9s de que entrara en erupci\u00f3n el monte m\u00e1s alto de la isla de Java.<\/p>\n<p class=\"v1MsoNormal\">\u201cEl Ej\u00e9rcito, la Polic\u00eda y las autoridades locales siguen evacuando a gente en Curah Kobokan, adonde podr\u00edan llegar la nube de ceniza caliente y la lava enfriada\u201d, dijo a la prensa local Abdul Muhari, portavoz de la agencia de prevenci\u00f3n de desastres naturales de Indonesia.<\/p>\n<p class=\"v1MsoNormal\">\u201cHasta ahora hay un total de 2.489 evacuados\u201d, detall\u00f3.<\/p>\n<p class=\"v1MsoNormal\">Las autoridades han declarado el estado de emergencia por un per\u00edodo de dos semanas y distribuyeron mascarillas gratuitas para proteger a la poblaci\u00f3n de la ceniza en suspensi\u00f3n en el aire. Igualmente instalaron cocinas p\u00fablicas para atender a los evacuados.<\/p>\n<p class=\"v1MsoNormal\">Este lunes por la ma\u00f1ana, decenas de evacuados del distrito de Lumajang, donde se encuentra Semeru, volvieron a sus casas cubiertas de ceniza para recuperar pertenencias personales y luego regresar a los centros de acogida, constat\u00f3 un periodista de AFP.<\/p>\n<p class=\"v1MsoNormal\">Algunos incluso sacaron de la zona a su ganado, o recuperaron televisiones y frigor\u00edficos.<\/p>\n<p class=\"v1MsoNormal\">Muhari dijo que a juzgar por la observaci\u00f3n visual del monte Semeru este lunes la actividad volc\u00e1nica era inferior, si bien las coladas de lava representan un gran peligro.<\/p>\n<p class=\"v1MsoNormal\">\u201cQueremos asegurarnos de que no hay ninguna actividad (econ\u00f3mica) en la zona por la que podr\u00edan pasar la lava fr\u00eda y la nube de ceniza caliente\u201d, indic\u00f3.<\/p>\n<p class=\"v1MsoNormal\">La \u00faltima gran erupci\u00f3n del Semeru fue en diciembre de 2021, cuando estall\u00f3 con furia y mat\u00f3 a 51 personas en poblados que quedaron sepultados por varias capas de lodo. Varios cientos de personas sufrieron quemaduras graves y la erupci\u00f3n oblig\u00f3 a evacuar a m\u00e1s de 10.000 personas. El gobierno traslad\u00f3 unos 2.970 hogares fuera de la zona de peligro, incluido el poblado de Sumberwuluh.<\/p>\n<p class=\"v1MsoNormal\">El Semeru, tambi\u00e9n conocido como Mahameru, ha hecho erupci\u00f3n varias veces en los \u00faltimos 200 a\u00f1os. Aun as\u00ed, como ocurre con muchos de los 129 volcanes activos vigilados en Indonesia, decenas de miles de personas siguen viviendo en sus f\u00e9rtiles laderas.<\/p>\n<p class=\"v1MsoNormal\">Indonesia, un archipi\u00e9lago de m\u00e1s de 270 millones de personas, se encuentra en el \u201cAnillo de Fuego\u201d del Pac\u00edfico, un arco de fallas donde se producen frecuentes sismos y actividad volc\u00e1nica. (Infobae)<\/p>\n<p class=\"v1MsoNormal\">\n<p class=\"v1MsoNormal\">(con informaci\u00f3n de AFP y AP)<\/p>\n\n","protected":false},"excerpt":{"rendered":"<p>Al menos 2.500 personas huyeron de sus casas en la isla de Java, sepultadas tras la erupci\u00f3n del volc\u00e1n del Monte Semeru, ubicado en el distrito de Lumajang, en Java Oriental, que expuls\u00f3 columnas de ceniza que superaron los 1.500 metros (casi 5.000 pies) de altura el domingo. No se reportaron v\u00edctimas. Las evacuaciones continuaban [&hellip;]<\/p>\n","protected":false},"author":1,"featured_media":126125,"comment_status":"closed","ping_status":"closed","sticky":false,"template":"","format":"standard","meta":{"_acf_changed":false,"footnotes":""},"categories":[3],"tags":[],"class_list":["post-126124","post","type-post","status-publish","format-standard","has-post-thumbnail","category-internacional"],"acf":{"antetitulo":""},"yoast_head":"<!-- This site is optimized with the Yoast SEO plugin v28.3 - https:\/\/yoast.com\/product\/yoast-seo-wordpress\/ -->\n<title>Miles de personas huyen de la isla de Java por la erupci\u00f3n de volc\u00e1n - El Diario - Bolivia<\/title>\n<meta name=\"robots\" content=\"index, follow, max-snippet:-1, max-image-preview:large, max-video-preview:-1\" \/>\n<link rel=\"canonical\" href=\"https:\/\/www.eldiario.net\/portal\/2022\/12\/06\/miles-de-personas-huyen-de-la-isla-de-java-por-la-erupcion-de-volcan\/\" \/>\n<meta property=\"og:locale\" content=\"es_ES\" \/>\n<meta property=\"og:type\" content=\"article\" \/>\n<meta property=\"og:title\" content=\"Miles de personas huyen de la isla de Java por la erupci\u00f3n de volc\u00e1n - El Diario - Bolivia\" \/>\n<meta property=\"og:description\" content=\"Al menos 2.500 personas huyeron de sus casas en la isla de Java, sepultadas tras la erupci\u00f3n del volc\u00e1n del Monte Semeru, ubicado en el distrito de Lumajang, en Java Oriental, que expuls\u00f3 columnas de ceniza que superaron los 1.500 metros (casi 5.000 pies) de altura el domingo. No se reportaron v\u00edctimas. Las evacuaciones continuaban [&hellip;]\" \/>\n<meta property=\"og:url\" content=\"https:\/\/www.eldiario.net\/portal\/2022\/12\/06\/miles-de-personas-huyen-de-la-isla-de-java-por-la-erupcion-de-volcan\/\" \/>\n<meta property=\"og:site_name\" content=\"El Diario - Bolivia\" \/>\n<meta property=\"article:publisher\" content=\"https:\/\/www.facebook.com\/eldiario.bolivia\/\" \/>\n<meta property=\"article:published_time\" content=\"2022-12-06T10:11:55+00:00\" \/>\n<meta name=\"author\" content=\"Jeanette\" \/>\n<meta name=\"twitter:card\" content=\"summary_large_image\" \/>\n<meta name=\"twitter:creator\" content=\"@eldiario_net\" \/>\n<meta name=\"twitter:site\" content=\"@eldiario_net\" \/>\n<meta name=\"twitter:label1\" content=\"Escrito por\" \/>\n\t<meta name=\"twitter:data1\" content=\"Jeanette\" \/>\n\t<meta name=\"twitter:label2\" content=\"Tiempo de lectura\" \/>\n\t<meta name=\"twitter:data2\" content=\"3 minutos\" \/>\n<script type=\"application\/ld+json\" class=\"yoast-schema-graph\">{\"@context\":\"https:\\\/\\\/schema.org\",\"@graph\":[{\"@type\":\"Article\",\"@id\":\"https:\\\/\\\/www.eldiario.net\\\/portal\\\/2022\\\/12\\\/06\\\/miles-de-personas-huyen-de-la-isla-de-java-por-la-erupcion-de-volcan\\\/#article\",\"isPartOf\":{\"@id\":\"https:\\\/\\\/www.eldiario.net\\\/portal\\\/2022\\\/12\\\/06\\\/miles-de-personas-huyen-de-la-isla-de-java-por-la-erupcion-de-volcan\\\/\"},\"author\":{\"name\":\"Jeanette\",\"@id\":\"https:\\\/\\\/www.eldiario.net\\\/portal\\\/#\\\/schema\\\/person\\\/f46445640444750d7d753ccd04ae01b7\"},\"headline\":\"Miles de personas huyen de la isla de Java por la erupci\u00f3n de volc\u00e1n\",\"datePublished\":\"2022-12-06T10:11:55+00:00\",\"mainEntityOfPage\":{\"@id\":\"https:\\\/\\\/www.eldiario.net\\\/portal\\\/2022\\\/12\\\/06\\\/miles-de-personas-huyen-de-la-isla-de-java-por-la-erupcion-de-volcan\\\/\"},\"wordCount\":612,\"publisher\":{\"@id\":\"https:\\\/\\\/www.eldiario.net\\\/portal\\\/#organization\"},\"image\":{\"@id\":\"https:\\\/\\\/www.eldiario.net\\\/portal\\\/2022\\\/12\\\/06\\\/miles-de-personas-huyen-de-la-isla-de-java-por-la-erupcion-de-volcan\\\/#primaryimage\"},\"thumbnailUrl\":\"\",\"articleSection\":[\"Internacional\"],\"inLanguage\":\"es\"},{\"@type\":\"WebPage\",\"@id\":\"https:\\\/\\\/www.eldiario.net\\\/portal\\\/2022\\\/12\\\/06\\\/miles-de-personas-huyen-de-la-isla-de-java-por-la-erupcion-de-volcan\\\/\",\"url\":\"https:\\\/\\\/www.eldiario.net\\\/portal\\\/2022\\\/12\\\/06\\\/miles-de-personas-huyen-de-la-isla-de-java-por-la-erupcion-de-volcan\\\/\",\"name\":\"Miles de personas huyen de la isla de Java por la erupci\u00f3n de volc\u00e1n - El Diario - Bolivia\",\"isPartOf\":{\"@id\":\"https:\\\/\\\/www.eldiario.net\\\/portal\\\/#website\"},\"primaryImageOfPage\":{\"@id\":\"https:\\\/\\\/www.eldiario.net\\\/portal\\\/2022\\\/12\\\/06\\\/miles-de-personas-huyen-de-la-isla-de-java-por-la-erupcion-de-volcan\\\/#primaryimage\"},\"image\":{\"@id\":\"https:\\\/\\\/www.eldiario.net\\\/portal\\\/2022\\\/12\\\/06\\\/miles-de-personas-huyen-de-la-isla-de-java-por-la-erupcion-de-volcan\\\/#primaryimage\"},\"thumbnailUrl\":\"\",\"datePublished\":\"2022-12-06T10:11:55+00:00\",\"breadcrumb\":{\"@id\":\"https:\\\/\\\/www.eldiario.net\\\/portal\\\/2022\\\/12\\\/06\\\/miles-de-personas-huyen-de-la-isla-de-java-por-la-erupcion-de-volcan\\\/#breadcrumb\"},\"inLanguage\":\"es\",\"potentialAction\":[{\"@type\":\"ReadAction\",\"target\":[\"https:\\\/\\\/www.eldiario.net\\\/portal\\\/2022\\\/12\\\/06\\\/miles-de-personas-huyen-de-la-isla-de-java-por-la-erupcion-de-volcan\\\/\"]}]},{\"@type\":\"ImageObject\",\"inLanguage\":\"es\",\"@id\":\"https:\\\/\\\/www.eldiario.net\\\/portal\\\/2022\\\/12\\\/06\\\/miles-de-personas-huyen-de-la-isla-de-java-por-la-erupcion-de-volcan\\\/#primaryimage\",\"url\":\"\",\"contentUrl\":\"\"},{\"@type\":\"BreadcrumbList\",\"@id\":\"https:\\\/\\\/www.eldiario.net\\\/portal\\\/2022\\\/12\\\/06\\\/miles-de-personas-huyen-de-la-isla-de-java-por-la-erupcion-de-volcan\\\/#breadcrumb\",\"itemListElement\":[{\"@type\":\"ListItem\",\"position\":1,\"name\":\"Portada\",\"item\":\"https:\\\/\\\/www.eldiario.net\\\/portal\\\/\"},{\"@type\":\"ListItem\",\"position\":2,\"name\":\"Miles de personas huyen de la isla de Java por la erupci\u00f3n de volc\u00e1n\"}]},{\"@type\":\"WebSite\",\"@id\":\"https:\\\/\\\/www.eldiario.net\\\/portal\\\/#website\",\"url\":\"https:\\\/\\\/www.eldiario.net\\\/portal\\\/\",\"name\":\"El Diario - Decano de la prensa nacional\",\"description\":\"El Diario - Decano de la prensa nacional\",\"publisher\":{\"@id\":\"https:\\\/\\\/www.eldiario.net\\\/portal\\\/#organization\"},\"potentialAction\":[{\"@type\":\"SearchAction\",\"target\":{\"@type\":\"EntryPoint\",\"urlTemplate\":\"https:\\\/\\\/www.eldiario.net\\\/portal\\\/?s={search_term_string}\"},\"query-input\":{\"@type\":\"PropertyValueSpecification\",\"valueRequired\":true,\"valueName\":\"search_term_string\"}}],\"inLanguage\":\"es\"},{\"@type\":\"Organization\",\"@id\":\"https:\\\/\\\/www.eldiario.net\\\/portal\\\/#organization\",\"name\":\"El Diario - Decano de la prensa nacional\",\"url\":\"https:\\\/\\\/www.eldiario.net\\\/portal\\\/\",\"logo\":{\"@type\":\"ImageObject\",\"inLanguage\":\"es\",\"@id\":\"https:\\\/\\\/www.eldiario.net\\\/portal\\\/#\\\/schema\\\/logo\\\/image\\\/\",\"url\":\"https:\\\/\\\/www.eldiario.net\\\/portal\\\/wp-content\\\/uploads\\\/2023\\\/07\\\/logo_ED.jpg\",\"contentUrl\":\"https:\\\/\\\/www.eldiario.net\\\/portal\\\/wp-content\\\/uploads\\\/2023\\\/07\\\/logo_ED.jpg\",\"width\":272,\"height\":52,\"caption\":\"El Diario - Decano de la prensa nacional\"},\"image\":{\"@id\":\"https:\\\/\\\/www.eldiario.net\\\/portal\\\/#\\\/schema\\\/logo\\\/image\\\/\"},\"sameAs\":[\"https:\\\/\\\/www.facebook.com\\\/eldiario.bolivia\\\/\",\"https:\\\/\\\/x.com\\\/eldiario_net\"]},{\"@type\":\"Person\",\"@id\":\"https:\\\/\\\/www.eldiario.net\\\/portal\\\/#\\\/schema\\\/person\\\/f46445640444750d7d753ccd04ae01b7\",\"name\":\"Jeanette\",\"image\":{\"@type\":\"ImageObject\",\"inLanguage\":\"es\",\"@id\":\"https:\\\/\\\/secure.gravatar.com\\\/avatar\\\/3ea2118a5f7dad2b7138b1187a6b7ee55f160b9968b66013c3a3ef39dd7e5798?s=96&d=mm&r=g\",\"url\":\"https:\\\/\\\/secure.gravatar.com\\\/avatar\\\/3ea2118a5f7dad2b7138b1187a6b7ee55f160b9968b66013c3a3ef39dd7e5798?s=96&d=mm&r=g\",\"contentUrl\":\"https:\\\/\\\/secure.gravatar.com\\\/avatar\\\/3ea2118a5f7dad2b7138b1187a6b7ee55f160b9968b66013c3a3ef39dd7e5798?s=96&d=mm&r=g\",\"caption\":\"Jeanette\"},\"sameAs\":[\"https:\\\/\\\/www.eldiario.net\\\/portal\"],\"url\":\"https:\\\/\\\/www.eldiario.net\\\/portal\\\/author\\\/jeanette\\\/\"}]}<\/script>\n<!-- \/ Yoast SEO plugin. -->","yoast_head_json":{"title":"Miles de personas huyen de la isla de Java por la erupci\u00f3n de volc\u00e1n - El Diario - Bolivia","robots":{"index":"index","follow":"follow","max-snippet":"max-snippet:-1","max-image-preview":"max-image-preview:large","max-video-preview":"max-video-preview:-1"},"canonical":"https:\/\/www.eldiario.net\/portal\/2022\/12\/06\/miles-de-personas-huyen-de-la-isla-de-java-por-la-erupcion-de-volcan\/","og_locale":"es_ES","og_type":"article","og_title":"Miles de personas huyen de la isla de Java por la erupci\u00f3n de volc\u00e1n - El Diario - Bolivia","og_description":"Al menos 2.500 personas huyeron de sus casas en la isla de Java, sepultadas tras la erupci\u00f3n del volc\u00e1n del Monte Semeru, ubicado en el distrito de Lumajang, en Java Oriental, que expuls\u00f3 columnas de ceniza que superaron los 1.500 metros (casi 5.000 pies) de altura el domingo. No se reportaron v\u00edctimas. Las evacuaciones continuaban [&hellip;]","og_url":"https:\/\/www.eldiario.net\/portal\/2022\/12\/06\/miles-de-personas-huyen-de-la-isla-de-java-por-la-erupcion-de-volcan\/","og_site_name":"El Diario - Bolivia","article_publisher":"https:\/\/www.facebook.com\/eldiario.bolivia\/","article_published_time":"2022-12-06T10:11:55+00:00","author":"Jeanette","twitter_card":"summary_large_image","twitter_creator":"@eldiario_net","twitter_site":"@eldiario_net","twitter_misc":{"Escrito por":"Jeanette","Tiempo de lectura":"3 minutos"},"schema":{"@context":"https:\/\/schema.org","@graph":[{"@type":"Article","@id":"https:\/\/www.eldiario.net\/portal\/2022\/12\/06\/miles-de-personas-huyen-de-la-isla-de-java-por-la-erupcion-de-volcan\/#article","isPartOf":{"@id":"https:\/\/www.eldiario.net\/portal\/2022\/12\/06\/miles-de-personas-huyen-de-la-isla-de-java-por-la-erupcion-de-volcan\/"},"author":{"name":"Jeanette","@id":"https:\/\/www.eldiario.net\/portal\/#\/schema\/person\/f46445640444750d7d753ccd04ae01b7"},"headline":"Miles de personas huyen de la isla de Java por la erupci\u00f3n de volc\u00e1n","datePublished":"2022-12-06T10:11:55+00:00","mainEntityOfPage":{"@id":"https:\/\/www.eldiario.net\/portal\/2022\/12\/06\/miles-de-personas-huyen-de-la-isla-de-java-por-la-erupcion-de-volcan\/"},"wordCount":612,"publisher":{"@id":"https:\/\/www.eldiario.net\/portal\/#organization"},"image":{"@id":"https:\/\/www.eldiario.net\/portal\/2022\/12\/06\/miles-de-personas-huyen-de-la-isla-de-java-por-la-erupcion-de-volcan\/#primaryimage"},"thumbnailUrl":"","articleSection":["Internacional"],"inLanguage":"es"},{"@type":"WebPage","@id":"https:\/\/www.eldiario.net\/portal\/2022\/12\/06\/miles-de-personas-huyen-de-la-isla-de-java-por-la-erupcion-de-volcan\/","url":"https:\/\/www.eldiario.net\/portal\/2022\/12\/06\/miles-de-personas-huyen-de-la-isla-de-java-por-la-erupcion-de-volcan\/","name":"Miles de personas huyen de la isla de Java por la erupci\u00f3n de volc\u00e1n - El Diario - Bolivia","isPartOf":{"@id":"https:\/\/www.eldiario.net\/portal\/#website"},"primaryImageOfPage":{"@id":"https:\/\/www.eldiario.net\/portal\/2022\/12\/06\/miles-de-personas-huyen-de-la-isla-de-java-por-la-erupcion-de-volcan\/#primaryimage"},"image":{"@id":"https:\/\/www.eldiario.net\/portal\/2022\/12\/06\/miles-de-personas-huyen-de-la-isla-de-java-por-la-erupcion-de-volcan\/#primaryimage"},"thumbnailUrl":"","datePublished":"2022-12-06T10:11:55+00:00","breadcrumb":{"@id":"https:\/\/www.eldiario.net\/portal\/2022\/12\/06\/miles-de-personas-huyen-de-la-isla-de-java-por-la-erupcion-de-volcan\/#breadcrumb"},"inLanguage":"es","potentialAction":[{"@type":"ReadAction","target":["https:\/\/www.eldiario.net\/portal\/2022\/12\/06\/miles-de-personas-huyen-de-la-isla-de-java-por-la-erupcion-de-volcan\/"]}]},{"@type":"ImageObject","inLanguage":"es","@id":"https:\/\/www.eldiario.net\/portal\/2022\/12\/06\/miles-de-personas-huyen-de-la-isla-de-java-por-la-erupcion-de-volcan\/#primaryimage","url":"","contentUrl":""},{"@type":"BreadcrumbList","@id":"https:\/\/www.eldiario.net\/portal\/2022\/12\/06\/miles-de-personas-huyen-de-la-isla-de-java-por-la-erupcion-de-volcan\/#breadcrumb","itemListElement":[{"@type":"ListItem","position":1,"name":"Portada","item":"https:\/\/www.eldiario.net\/portal\/"},{"@type":"ListItem","position":2,"name":"Miles de personas huyen de la isla de Java por la erupci\u00f3n de volc\u00e1n"}]},{"@type":"WebSite","@id":"https:\/\/www.eldiario.net\/portal\/#website","url":"https:\/\/www.eldiario.net\/portal\/","name":"El Diario - Decano de la prensa nacional","description":"El Diario - Decano de la prensa nacional","publisher":{"@id":"https:\/\/www.eldiario.net\/portal\/#organization"},"potentialAction":[{"@type":"SearchAction","target":{"@type":"EntryPoint","urlTemplate":"https:\/\/www.eldiario.net\/portal\/?s={search_term_string}"},"query-input":{"@type":"PropertyValueSpecification","valueRequired":true,"valueName":"search_term_string"}}],"inLanguage":"es"},{"@type":"Organization","@id":"https:\/\/www.eldiario.net\/portal\/#organization","name":"El Diario - Decano de la prensa nacional","url":"https:\/\/www.eldiario.net\/portal\/","logo":{"@type":"ImageObject","inLanguage":"es","@id":"https:\/\/www.eldiario.net\/portal\/#\/schema\/logo\/image\/","url":"https:\/\/www.eldiario.net\/portal\/wp-content\/uploads\/2023\/07\/logo_ED.jpg","contentUrl":"https:\/\/www.eldiario.net\/portal\/wp-content\/uploads\/2023\/07\/logo_ED.jpg","width":272,"height":52,"caption":"El Diario - Decano de la prensa nacional"},"image":{"@id":"https:\/\/www.eldiario.net\/portal\/#\/schema\/logo\/image\/"},"sameAs":["https:\/\/www.facebook.com\/eldiario.bolivia\/","https:\/\/x.com\/eldiario_net"]},{"@type":"Person","@id":"https:\/\/www.eldiario.net\/portal\/#\/schema\/person\/f46445640444750d7d753ccd04ae01b7","name":"Jeanette","image":{"@type":"ImageObject","inLanguage":"es","@id":"https:\/\/secure.gravatar.com\/avatar\/3ea2118a5f7dad2b7138b1187a6b7ee55f160b9968b66013c3a3ef39dd7e5798?s=96&d=mm&r=g","url":"https:\/\/secure.gravatar.com\/avatar\/3ea2118a5f7dad2b7138b1187a6b7ee55f160b9968b66013c3a3ef39dd7e5798?s=96&d=mm&r=g","contentUrl":"https:\/\/secure.gravatar.com\/avatar\/3ea2118a5f7dad2b7138b1187a6b7ee55f160b9968b66013c3a3ef39dd7e5798?s=96&d=mm&r=g","caption":"Jeanette"},"sameAs":["https:\/\/www.eldiario.net\/portal"],"url":"https:\/\/www.eldiario.net\/portal\/author\/jeanette\/"}]}},"_links":{"self":[{"href":"https:\/\/www.eldiario.net\/portal\/wp-json\/wp\/v2\/posts\/126124","targetHints":{"allow":["GET"]}}],"collection":[{"href":"https:\/\/www.eldiario.net\/portal\/wp-json\/wp\/v2\/posts"}],"about":[{"href":"https:\/\/www.eldiario.net\/portal\/wp-json\/wp\/v2\/types\/post"}],"author":[{"embeddable":true,"href":"https:\/\/www.eldiario.net\/portal\/wp-json\/wp\/v2\/users\/1"}],"replies":[{"embeddable":true,"href":"https:\/\/www.eldiario.net\/portal\/wp-json\/wp\/v2\/comments?post=126124"}],"version-history":[{"count":0,"href":"https:\/\/www.eldiario.net\/portal\/wp-json\/wp\/v2\/posts\/126124\/revisions"}],"wp:attachment":[{"href":"https:\/\/www.eldiario.net\/portal\/wp-json\/wp\/v2\/media?parent=126124"}],"wp:term":[{"taxonomy":"category","embeddable":true,"href":"https:\/\/www.eldiario.net\/portal\/wp-json\/wp\/v2\/categories?post=126124"},{"taxonomy":"post_tag","embeddable":true,"href":"https:\/\/www.eldiario.net\/portal\/wp-json\/wp\/v2\/tags?post=126124"}],"curies":[{"name":"wp","href":"https:\/\/api.w.org\/{rel}","templated":true}]}}