{"id":126017,"date":"2022-12-06T05:35:48","date_gmt":"2022-12-06T09:35:48","guid":{"rendered":"https:\/\/www.eldiario.net\/portal\/?p=126017"},"modified":"2022-12-06T05:35:48","modified_gmt":"2022-12-06T09:35:48","slug":"debe-importar-el-pais-sobre-todos-los-intereses-de-partido","status":"publish","type":"post","link":"https:\/\/www.eldiario.net\/portal\/2022\/12\/06\/debe-importar-el-pais-sobre-todos-los-intereses-de-partido\/","title":{"rendered":"Debe importar el pa\u00eds sobre todos los intereses de partido"},"content":{"rendered":"<p><em><span class=\"dropcap \" style=\"background-color: #ffffff; color: #000000; border-color: #ffffff;\">M<\/span>uchas veces se hace referencia a lo indicado en el titular de este editorial; pero ni gobierno ni su partido ni quienes act\u00faan en los campos de la oposici\u00f3n toman en cuenta lo que m\u00e1s importa y que es el pa\u00eds.<\/em><\/p>\n<p><em>Examinado ligeramente lo que ocurre, se llega a la conclusi\u00f3n de que los intereses y conveniencias de partido se sobreponen a todo, y la naci\u00f3n, indefensa, debe posponer lo que ella significa. Desde hace dos a\u00f1os, se hacen visibles conveniencias de quienes aspiran a ocupar nuevamente la Presidencia de la Rep\u00fablica sin tomar en cuenta que su anterior paso por el poder ha originado numerosos cuestionamientos tanto de analistas de la pol\u00edtica como de grande parte de la poblaci\u00f3n. Por su parte, el gobierno que es parte de su partido, nada hace para cambiar esta situaci\u00f3n; adem\u00e1s, los pol\u00edticos que se supone deben estar al servicio del pa\u00eds, parecer\u00eda que esperan \u2013como en tiempos ya lejanos\u2013 alguna intervenci\u00f3n militar que, felizmente, no se produce. Sin embargo, la idea del \u201cgolpe\u201d parecer\u00eda que se despeja porque ya hay conciencia de pa\u00eds y renuncia general a cualquier intento de esa naturaleza.<\/em><\/p>\n<p><em>Ante los hechos, surge la pregunta: \u00bfel gobierno, gobierna o no? Por qu\u00e9 no se toma medidas y se act\u00faa contra quienes, se tiene conocimiento, buscan con af\u00e1n enfermizo llegar al gobierno. El pueblo, consciente de sus derechos y de realidades de la naci\u00f3n, solo convoca a la serenidad y urgencia de guardar compostura para impedir que tentaciones malsanas puedan hacer escarnio de la democracia reinante en el pa\u00eds.<\/em><\/p>\n<p><em>Sin embargo, pese a las prevenciones que se haga para mantener la unidad nacional, sin peligros que entra\u00f1en inseguridad para la vigencia democr\u00e1tica, el pueblo es consciente de que hay hechos del pasado que ya no deben repetirse. Y es que, si vivimos en libertad, que sea bajo la \u00e9gida de la justicia y el imperio de unidad que debe haber entre todos los bolivianos, que desesperados acudir\u00edan en todo momento a defender la democracia y cuidar lo que en los \u00faltimos treinta a\u00f1os se ha logrado y que tiene que ver con sus libertades.<\/em><\/p>\n","protected":false},"excerpt":{"rendered":"<p>Muchas veces se hace referencia a lo indicado en el titular de este editorial; pero ni gobierno ni su partido ni quienes act\u00faan en los campos de la oposici\u00f3n toman en cuenta lo que m\u00e1s importa y que es el pa\u00eds. Examinado ligeramente lo que ocurre, se llega a la conclusi\u00f3n de que los intereses [&hellip;]<\/p>\n","protected":false},"author":1,"featured_media":0,"comment_status":"closed","ping_status":"closed","sticky":false,"template":"","format":"standard","meta":{"_acf_changed":false,"footnotes":""},"categories":[4],"tags":[],"class_list":["post-126017","post","type-post","status-publish","format-standard","category-editorial"],"acf":{"antetitulo":""},"yoast_head":"<!-- This site is optimized with the Yoast SEO plugin v28.3 - https:\/\/yoast.com\/product\/yoast-seo-wordpress\/ -->\n<title>Debe importar el pa\u00eds sobre todos los intereses de partido - El Diario - Bolivia<\/title>\n<meta name=\"robots\" content=\"index, follow, max-snippet:-1, max-image-preview:large, max-video-preview:-1\" \/>\n<link rel=\"canonical\" href=\"https:\/\/www.eldiario.net\/portal\/2022\/12\/06\/debe-importar-el-pais-sobre-todos-los-intereses-de-partido\/\" \/>\n<meta property=\"og:locale\" content=\"es_ES\" \/>\n<meta property=\"og:type\" content=\"article\" \/>\n<meta property=\"og:title\" content=\"Debe importar el pa\u00eds sobre todos los intereses de partido - El Diario - Bolivia\" \/>\n<meta property=\"og:description\" content=\"Muchas veces se hace referencia a lo indicado en el titular de este editorial; pero ni gobierno ni su partido ni quienes act\u00faan en los campos de la oposici\u00f3n toman en cuenta lo que m\u00e1s importa y que es el pa\u00eds. Examinado ligeramente lo que ocurre, se llega a la conclusi\u00f3n de que los intereses [&hellip;]\" \/>\n<meta property=\"og:url\" content=\"https:\/\/www.eldiario.net\/portal\/2022\/12\/06\/debe-importar-el-pais-sobre-todos-los-intereses-de-partido\/\" \/>\n<meta property=\"og:site_name\" content=\"El Diario - Bolivia\" \/>\n<meta property=\"article:publisher\" content=\"https:\/\/www.facebook.com\/eldiario.bolivia\/\" \/>\n<meta property=\"article:published_time\" content=\"2022-12-06T09:35:48+00:00\" \/>\n<meta name=\"author\" content=\"Jeanette\" \/>\n<meta name=\"twitter:card\" content=\"summary_large_image\" \/>\n<meta name=\"twitter:creator\" content=\"@eldiario_net\" \/>\n<meta name=\"twitter:site\" content=\"@eldiario_net\" \/>\n<meta name=\"twitter:label1\" content=\"Escrito por\" \/>\n\t<meta name=\"twitter:data1\" content=\"Jeanette\" \/>\n\t<meta name=\"twitter:label2\" content=\"Tiempo de lectura\" \/>\n\t<meta name=\"twitter:data2\" content=\"2 minutos\" \/>\n<script type=\"application\/ld+json\" class=\"yoast-schema-graph\">{\"@context\":\"https:\\\/\\\/schema.org\",\"@graph\":[{\"@type\":\"Article\",\"@id\":\"https:\\\/\\\/www.eldiario.net\\\/portal\\\/2022\\\/12\\\/06\\\/debe-importar-el-pais-sobre-todos-los-intereses-de-partido\\\/#article\",\"isPartOf\":{\"@id\":\"https:\\\/\\\/www.eldiario.net\\\/portal\\\/2022\\\/12\\\/06\\\/debe-importar-el-pais-sobre-todos-los-intereses-de-partido\\\/\"},\"author\":{\"name\":\"Jeanette\",\"@id\":\"https:\\\/\\\/www.eldiario.net\\\/portal\\\/#\\\/schema\\\/person\\\/f46445640444750d7d753ccd04ae01b7\"},\"headline\":\"Debe importar el pa\u00eds sobre todos los intereses de partido\",\"datePublished\":\"2022-12-06T09:35:48+00:00\",\"mainEntityOfPage\":{\"@id\":\"https:\\\/\\\/www.eldiario.net\\\/portal\\\/2022\\\/12\\\/06\\\/debe-importar-el-pais-sobre-todos-los-intereses-de-partido\\\/\"},\"wordCount\":391,\"publisher\":{\"@id\":\"https:\\\/\\\/www.eldiario.net\\\/portal\\\/#organization\"},\"articleSection\":[\"Editorial\"],\"inLanguage\":\"es\"},{\"@type\":\"WebPage\",\"@id\":\"https:\\\/\\\/www.eldiario.net\\\/portal\\\/2022\\\/12\\\/06\\\/debe-importar-el-pais-sobre-todos-los-intereses-de-partido\\\/\",\"url\":\"https:\\\/\\\/www.eldiario.net\\\/portal\\\/2022\\\/12\\\/06\\\/debe-importar-el-pais-sobre-todos-los-intereses-de-partido\\\/\",\"name\":\"Debe importar el pa\u00eds sobre todos los intereses de partido - El Diario - Bolivia\",\"isPartOf\":{\"@id\":\"https:\\\/\\\/www.eldiario.net\\\/portal\\\/#website\"},\"datePublished\":\"2022-12-06T09:35:48+00:00\",\"breadcrumb\":{\"@id\":\"https:\\\/\\\/www.eldiario.net\\\/portal\\\/2022\\\/12\\\/06\\\/debe-importar-el-pais-sobre-todos-los-intereses-de-partido\\\/#breadcrumb\"},\"inLanguage\":\"es\",\"potentialAction\":[{\"@type\":\"ReadAction\",\"target\":[\"https:\\\/\\\/www.eldiario.net\\\/portal\\\/2022\\\/12\\\/06\\\/debe-importar-el-pais-sobre-todos-los-intereses-de-partido\\\/\"]}]},{\"@type\":\"BreadcrumbList\",\"@id\":\"https:\\\/\\\/www.eldiario.net\\\/portal\\\/2022\\\/12\\\/06\\\/debe-importar-el-pais-sobre-todos-los-intereses-de-partido\\\/#breadcrumb\",\"itemListElement\":[{\"@type\":\"ListItem\",\"position\":1,\"name\":\"Portada\",\"item\":\"https:\\\/\\\/www.eldiario.net\\\/portal\\\/\"},{\"@type\":\"ListItem\",\"position\":2,\"name\":\"Debe importar el pa\u00eds sobre todos los intereses de partido\"}]},{\"@type\":\"WebSite\",\"@id\":\"https:\\\/\\\/www.eldiario.net\\\/portal\\\/#website\",\"url\":\"https:\\\/\\\/www.eldiario.net\\\/portal\\\/\",\"name\":\"El Diario - Decano de la prensa nacional\",\"description\":\"El Diario - Decano de la prensa nacional\",\"publisher\":{\"@id\":\"https:\\\/\\\/www.eldiario.net\\\/portal\\\/#organization\"},\"potentialAction\":[{\"@type\":\"SearchAction\",\"target\":{\"@type\":\"EntryPoint\",\"urlTemplate\":\"https:\\\/\\\/www.eldiario.net\\\/portal\\\/?s={search_term_string}\"},\"query-input\":{\"@type\":\"PropertyValueSpecification\",\"valueRequired\":true,\"valueName\":\"search_term_string\"}}],\"inLanguage\":\"es\"},{\"@type\":\"Organization\",\"@id\":\"https:\\\/\\\/www.eldiario.net\\\/portal\\\/#organization\",\"name\":\"El Diario - Decano de la prensa nacional\",\"url\":\"https:\\\/\\\/www.eldiario.net\\\/portal\\\/\",\"logo\":{\"@type\":\"ImageObject\",\"inLanguage\":\"es\",\"@id\":\"https:\\\/\\\/www.eldiario.net\\\/portal\\\/#\\\/schema\\\/logo\\\/image\\\/\",\"url\":\"https:\\\/\\\/www.eldiario.net\\\/portal\\\/wp-content\\\/uploads\\\/2023\\\/07\\\/logo_ED.jpg\",\"contentUrl\":\"https:\\\/\\\/www.eldiario.net\\\/portal\\\/wp-content\\\/uploads\\\/2023\\\/07\\\/logo_ED.jpg\",\"width\":272,\"height\":52,\"caption\":\"El Diario - Decano de la prensa nacional\"},\"image\":{\"@id\":\"https:\\\/\\\/www.eldiario.net\\\/portal\\\/#\\\/schema\\\/logo\\\/image\\\/\"},\"sameAs\":[\"https:\\\/\\\/www.facebook.com\\\/eldiario.bolivia\\\/\",\"https:\\\/\\\/x.com\\\/eldiario_net\"]},{\"@type\":\"Person\",\"@id\":\"https:\\\/\\\/www.eldiario.net\\\/portal\\\/#\\\/schema\\\/person\\\/f46445640444750d7d753ccd04ae01b7\",\"name\":\"Jeanette\",\"image\":{\"@type\":\"ImageObject\",\"inLanguage\":\"es\",\"@id\":\"https:\\\/\\\/secure.gravatar.com\\\/avatar\\\/3ea2118a5f7dad2b7138b1187a6b7ee55f160b9968b66013c3a3ef39dd7e5798?s=96&d=mm&r=g\",\"url\":\"https:\\\/\\\/secure.gravatar.com\\\/avatar\\\/3ea2118a5f7dad2b7138b1187a6b7ee55f160b9968b66013c3a3ef39dd7e5798?s=96&d=mm&r=g\",\"contentUrl\":\"https:\\\/\\\/secure.gravatar.com\\\/avatar\\\/3ea2118a5f7dad2b7138b1187a6b7ee55f160b9968b66013c3a3ef39dd7e5798?s=96&d=mm&r=g\",\"caption\":\"Jeanette\"},\"sameAs\":[\"https:\\\/\\\/www.eldiario.net\\\/portal\"],\"url\":\"https:\\\/\\\/www.eldiario.net\\\/portal\\\/author\\\/jeanette\\\/\"}]}<\/script>\n<!-- \/ Yoast SEO plugin. -->","yoast_head_json":{"title":"Debe importar el pa\u00eds sobre todos los intereses de partido - El Diario - Bolivia","robots":{"index":"index","follow":"follow","max-snippet":"max-snippet:-1","max-image-preview":"max-image-preview:large","max-video-preview":"max-video-preview:-1"},"canonical":"https:\/\/www.eldiario.net\/portal\/2022\/12\/06\/debe-importar-el-pais-sobre-todos-los-intereses-de-partido\/","og_locale":"es_ES","og_type":"article","og_title":"Debe importar el pa\u00eds sobre todos los intereses de partido - El Diario - Bolivia","og_description":"Muchas veces se hace referencia a lo indicado en el titular de este editorial; pero ni gobierno ni su partido ni quienes act\u00faan en los campos de la oposici\u00f3n toman en cuenta lo que m\u00e1s importa y que es el pa\u00eds. Examinado ligeramente lo que ocurre, se llega a la conclusi\u00f3n de que los intereses [&hellip;]","og_url":"https:\/\/www.eldiario.net\/portal\/2022\/12\/06\/debe-importar-el-pais-sobre-todos-los-intereses-de-partido\/","og_site_name":"El Diario - Bolivia","article_publisher":"https:\/\/www.facebook.com\/eldiario.bolivia\/","article_published_time":"2022-12-06T09:35:48+00:00","author":"Jeanette","twitter_card":"summary_large_image","twitter_creator":"@eldiario_net","twitter_site":"@eldiario_net","twitter_misc":{"Escrito por":"Jeanette","Tiempo de lectura":"2 minutos"},"schema":{"@context":"https:\/\/schema.org","@graph":[{"@type":"Article","@id":"https:\/\/www.eldiario.net\/portal\/2022\/12\/06\/debe-importar-el-pais-sobre-todos-los-intereses-de-partido\/#article","isPartOf":{"@id":"https:\/\/www.eldiario.net\/portal\/2022\/12\/06\/debe-importar-el-pais-sobre-todos-los-intereses-de-partido\/"},"author":{"name":"Jeanette","@id":"https:\/\/www.eldiario.net\/portal\/#\/schema\/person\/f46445640444750d7d753ccd04ae01b7"},"headline":"Debe importar el pa\u00eds sobre todos los intereses de partido","datePublished":"2022-12-06T09:35:48+00:00","mainEntityOfPage":{"@id":"https:\/\/www.eldiario.net\/portal\/2022\/12\/06\/debe-importar-el-pais-sobre-todos-los-intereses-de-partido\/"},"wordCount":391,"publisher":{"@id":"https:\/\/www.eldiario.net\/portal\/#organization"},"articleSection":["Editorial"],"inLanguage":"es"},{"@type":"WebPage","@id":"https:\/\/www.eldiario.net\/portal\/2022\/12\/06\/debe-importar-el-pais-sobre-todos-los-intereses-de-partido\/","url":"https:\/\/www.eldiario.net\/portal\/2022\/12\/06\/debe-importar-el-pais-sobre-todos-los-intereses-de-partido\/","name":"Debe importar el pa\u00eds sobre todos los intereses de partido - El Diario - Bolivia","isPartOf":{"@id":"https:\/\/www.eldiario.net\/portal\/#website"},"datePublished":"2022-12-06T09:35:48+00:00","breadcrumb":{"@id":"https:\/\/www.eldiario.net\/portal\/2022\/12\/06\/debe-importar-el-pais-sobre-todos-los-intereses-de-partido\/#breadcrumb"},"inLanguage":"es","potentialAction":[{"@type":"ReadAction","target":["https:\/\/www.eldiario.net\/portal\/2022\/12\/06\/debe-importar-el-pais-sobre-todos-los-intereses-de-partido\/"]}]},{"@type":"BreadcrumbList","@id":"https:\/\/www.eldiario.net\/portal\/2022\/12\/06\/debe-importar-el-pais-sobre-todos-los-intereses-de-partido\/#breadcrumb","itemListElement":[{"@type":"ListItem","position":1,"name":"Portada","item":"https:\/\/www.eldiario.net\/portal\/"},{"@type":"ListItem","position":2,"name":"Debe importar el pa\u00eds sobre todos los intereses de partido"}]},{"@type":"WebSite","@id":"https:\/\/www.eldiario.net\/portal\/#website","url":"https:\/\/www.eldiario.net\/portal\/","name":"El Diario - Decano de la prensa nacional","description":"El Diario - Decano de la prensa nacional","publisher":{"@id":"https:\/\/www.eldiario.net\/portal\/#organization"},"potentialAction":[{"@type":"SearchAction","target":{"@type":"EntryPoint","urlTemplate":"https:\/\/www.eldiario.net\/portal\/?s={search_term_string}"},"query-input":{"@type":"PropertyValueSpecification","valueRequired":true,"valueName":"search_term_string"}}],"inLanguage":"es"},{"@type":"Organization","@id":"https:\/\/www.eldiario.net\/portal\/#organization","name":"El Diario - Decano de la prensa nacional","url":"https:\/\/www.eldiario.net\/portal\/","logo":{"@type":"ImageObject","inLanguage":"es","@id":"https:\/\/www.eldiario.net\/portal\/#\/schema\/logo\/image\/","url":"https:\/\/www.eldiario.net\/portal\/wp-content\/uploads\/2023\/07\/logo_ED.jpg","contentUrl":"https:\/\/www.eldiario.net\/portal\/wp-content\/uploads\/2023\/07\/logo_ED.jpg","width":272,"height":52,"caption":"El Diario - Decano de la prensa nacional"},"image":{"@id":"https:\/\/www.eldiario.net\/portal\/#\/schema\/logo\/image\/"},"sameAs":["https:\/\/www.facebook.com\/eldiario.bolivia\/","https:\/\/x.com\/eldiario_net"]},{"@type":"Person","@id":"https:\/\/www.eldiario.net\/portal\/#\/schema\/person\/f46445640444750d7d753ccd04ae01b7","name":"Jeanette","image":{"@type":"ImageObject","inLanguage":"es","@id":"https:\/\/secure.gravatar.com\/avatar\/3ea2118a5f7dad2b7138b1187a6b7ee55f160b9968b66013c3a3ef39dd7e5798?s=96&d=mm&r=g","url":"https:\/\/secure.gravatar.com\/avatar\/3ea2118a5f7dad2b7138b1187a6b7ee55f160b9968b66013c3a3ef39dd7e5798?s=96&d=mm&r=g","contentUrl":"https:\/\/secure.gravatar.com\/avatar\/3ea2118a5f7dad2b7138b1187a6b7ee55f160b9968b66013c3a3ef39dd7e5798?s=96&d=mm&r=g","caption":"Jeanette"},"sameAs":["https:\/\/www.eldiario.net\/portal"],"url":"https:\/\/www.eldiario.net\/portal\/author\/jeanette\/"}]}},"_links":{"self":[{"href":"https:\/\/www.eldiario.net\/portal\/wp-json\/wp\/v2\/posts\/126017","targetHints":{"allow":["GET"]}}],"collection":[{"href":"https:\/\/www.eldiario.net\/portal\/wp-json\/wp\/v2\/posts"}],"about":[{"href":"https:\/\/www.eldiario.net\/portal\/wp-json\/wp\/v2\/types\/post"}],"author":[{"embeddable":true,"href":"https:\/\/www.eldiario.net\/portal\/wp-json\/wp\/v2\/users\/1"}],"replies":[{"embeddable":true,"href":"https:\/\/www.eldiario.net\/portal\/wp-json\/wp\/v2\/comments?post=126017"}],"version-history":[{"count":0,"href":"https:\/\/www.eldiario.net\/portal\/wp-json\/wp\/v2\/posts\/126017\/revisions"}],"wp:attachment":[{"href":"https:\/\/www.eldiario.net\/portal\/wp-json\/wp\/v2\/media?parent=126017"}],"wp:term":[{"taxonomy":"category","embeddable":true,"href":"https:\/\/www.eldiario.net\/portal\/wp-json\/wp\/v2\/categories?post=126017"},{"taxonomy":"post_tag","embeddable":true,"href":"https:\/\/www.eldiario.net\/portal\/wp-json\/wp\/v2\/tags?post=126017"}],"curies":[{"name":"wp","href":"https:\/\/api.w.org\/{rel}","templated":true}]}}