{"id":125973,"date":"2022-12-05T06:37:07","date_gmt":"2022-12-05T10:37:07","guid":{"rendered":"https:\/\/www.eldiario.net\/portal\/?p=125973"},"modified":"2022-12-05T06:37:07","modified_gmt":"2022-12-05T10:37:07","slug":"el-auto-electrico-del-futuro-funcionara-con-agua-salada","status":"publish","type":"post","link":"https:\/\/www.eldiario.net\/portal\/2022\/12\/05\/el-auto-electrico-del-futuro-funcionara-con-agua-salada\/","title":{"rendered":"El auto el\u00e9ctrico del futuro funcionar\u00e1 con agua salada"},"content":{"rendered":"<p>El objetivo principal de los autos el\u00e9ctricos es el de poder conseguir grandes autonom\u00edas (m\u00e1s de 500 km efectivos) y tiempos de recarga muy r\u00e1pidos. Al parecer, hay una marca que parece haberlo conseguido.<br \/>\nEl auto el\u00e9ctrico es el futuro de la movilidad al igual que el auto de hidr\u00f3geno. Hablemos de los autos el\u00e9ctricos. En concreto de un modelo que promete solucionar los grandes h\u00e1ndicaps del EV.<br \/>\nEl auto el\u00e9ctrico tiene un mont\u00f3n de problemas que hacen que comprarse uno no sea todo lo interesante que podr\u00eda ser. Sobre todo si nos fijamos en el tiempo que se necesita para cargar una bater\u00eda y la autonom\u00eda efectiva que estos tienen.<br \/>\nPor suerte, el superauto el\u00e9ctrico Quantino podr\u00eda ayudar a cambiar todo eso. Este supercoche, que est\u00e1 siendo desarrollado por la empresa nanoFlowcell, utiliza un tipo especial de mezcla de agua salada que la empresa denomina electrolito bi-ION.<br \/>\nEl Quant48, que ya lleva m\u00e1s de cinco a\u00f1os en el mercado, ha demostrado una y otra vez que la tecnolog\u00eda de nanoFlowcell que impulsa este supercoche el\u00e9ctrico tiene mucho que ofrecer.<br \/>\nY ahora, la empresa quiere dar un paso m\u00e1s, trabajando en un nuevo roadster 2+2 que ofrecer\u00e1 un kilometraje y unas prestaciones a\u00fan mejores. Parte de lo que hace de autonom\u00eda con una sola carga de dep\u00f3sito (porque no tiene bater\u00eda como tal).<br \/>\nPero tampoco tendr\u00e1s que preocuparte de cargar este veh\u00edculo el\u00e9ctrico despu\u00e9s de cada viaje. En su lugar, solo hay que llenarlo con la mezcla de electrolitos bi-ION de la compa\u00f1\u00eda, de forma similar a como se llenar\u00eda el dep\u00f3sito de un autos normal en la gasolinera.<br \/>\nAl ofrecer unas opciones de repostaje tan r\u00e1pidas, el superdeportivo el\u00e9ctrico Quant puede ser quien solucione el eterno problema de los largu\u00edsimos tiempos de carga, por mucha carga r\u00e1pida que se inventen los fabricantes.<br \/>\nPor supuesto, incluso con las cosas buenas que estamos viendo de nanoFlowcell, empresas como Tesla siguen liderando el mercado con veh\u00edculos el\u00e9ctricos que dependen de bater\u00edas que hay que esperar para recargar completamente.<br \/>\nLa tecnolog\u00eda de electrolitos bi-ION puede ser una (de las tantas) que consigan hacer del autos el\u00e9ctrico una opci\u00f3n de movilidad real y factible.<\/p>\n","protected":false},"excerpt":{"rendered":"<p>El objetivo principal de los autos el\u00e9ctricos es el de poder conseguir grandes autonom\u00edas (m\u00e1s de 500 km efectivos) y tiempos de recarga muy r\u00e1pidos. Al parecer, hay una marca que parece haberlo conseguido. El auto el\u00e9ctrico es el futuro de la movilidad al igual que el auto de hidr\u00f3geno. Hablemos de los autos el\u00e9ctricos. [&hellip;]<\/p>\n","protected":false},"author":1,"featured_media":125974,"comment_status":"closed","ping_status":"closed","sticky":false,"template":"","format":"standard","meta":{"_acf_changed":false,"footnotes":""},"categories":[46],"tags":[],"class_list":["post-125973","post","type-post","status-publish","format-standard","has-post-thumbnail","category-ciencia-computacion"],"acf":{"antetitulo":""},"yoast_head":"<!-- This site is optimized with the Yoast SEO plugin v28.3 - https:\/\/yoast.com\/product\/yoast-seo-wordpress\/ -->\n<title>El auto el\u00e9ctrico del futuro funcionar\u00e1 con agua salada - El Diario - Bolivia<\/title>\n<meta name=\"robots\" content=\"index, follow, max-snippet:-1, max-image-preview:large, max-video-preview:-1\" \/>\n<link rel=\"canonical\" href=\"https:\/\/www.eldiario.net\/portal\/2022\/12\/05\/el-auto-electrico-del-futuro-funcionara-con-agua-salada\/\" \/>\n<meta property=\"og:locale\" content=\"es_ES\" \/>\n<meta property=\"og:type\" content=\"article\" \/>\n<meta property=\"og:title\" content=\"El auto el\u00e9ctrico del futuro funcionar\u00e1 con agua salada - El Diario - Bolivia\" \/>\n<meta property=\"og:description\" content=\"El objetivo principal de los autos el\u00e9ctricos es el de poder conseguir grandes autonom\u00edas (m\u00e1s de 500 km efectivos) y tiempos de recarga muy r\u00e1pidos. Al parecer, hay una marca que parece haberlo conseguido. El auto el\u00e9ctrico es el futuro de la movilidad al igual que el auto de hidr\u00f3geno. Hablemos de los autos el\u00e9ctricos. [&hellip;]\" \/>\n<meta property=\"og:url\" content=\"https:\/\/www.eldiario.net\/portal\/2022\/12\/05\/el-auto-electrico-del-futuro-funcionara-con-agua-salada\/\" \/>\n<meta property=\"og:site_name\" content=\"El Diario - Bolivia\" \/>\n<meta property=\"article:publisher\" content=\"https:\/\/www.facebook.com\/eldiario.bolivia\/\" \/>\n<meta property=\"article:published_time\" content=\"2022-12-05T10:37:07+00:00\" \/>\n<meta name=\"author\" content=\"Jeanette\" \/>\n<meta name=\"twitter:card\" content=\"summary_large_image\" \/>\n<meta name=\"twitter:creator\" content=\"@eldiario_net\" \/>\n<meta name=\"twitter:site\" content=\"@eldiario_net\" \/>\n<meta name=\"twitter:label1\" content=\"Escrito por\" \/>\n\t<meta name=\"twitter:data1\" content=\"Jeanette\" \/>\n\t<meta name=\"twitter:label2\" content=\"Tiempo de lectura\" \/>\n\t<meta name=\"twitter:data2\" content=\"2 minutos\" \/>\n<script type=\"application\/ld+json\" class=\"yoast-schema-graph\">{\"@context\":\"https:\\\/\\\/schema.org\",\"@graph\":[{\"@type\":\"Article\",\"@id\":\"https:\\\/\\\/www.eldiario.net\\\/portal\\\/2022\\\/12\\\/05\\\/el-auto-electrico-del-futuro-funcionara-con-agua-salada\\\/#article\",\"isPartOf\":{\"@id\":\"https:\\\/\\\/www.eldiario.net\\\/portal\\\/2022\\\/12\\\/05\\\/el-auto-electrico-del-futuro-funcionara-con-agua-salada\\\/\"},\"author\":{\"name\":\"Jeanette\",\"@id\":\"https:\\\/\\\/www.eldiario.net\\\/portal\\\/#\\\/schema\\\/person\\\/f46445640444750d7d753ccd04ae01b7\"},\"headline\":\"El auto el\u00e9ctrico del futuro funcionar\u00e1 con agua salada\",\"datePublished\":\"2022-12-05T10:37:07+00:00\",\"mainEntityOfPage\":{\"@id\":\"https:\\\/\\\/www.eldiario.net\\\/portal\\\/2022\\\/12\\\/05\\\/el-auto-electrico-del-futuro-funcionara-con-agua-salada\\\/\"},\"wordCount\":409,\"publisher\":{\"@id\":\"https:\\\/\\\/www.eldiario.net\\\/portal\\\/#organization\"},\"image\":{\"@id\":\"https:\\\/\\\/www.eldiario.net\\\/portal\\\/2022\\\/12\\\/05\\\/el-auto-electrico-del-futuro-funcionara-con-agua-salada\\\/#primaryimage\"},\"thumbnailUrl\":\"\",\"articleSection\":[\"Ciencia y Computaci\u00f3n\"],\"inLanguage\":\"es\"},{\"@type\":\"WebPage\",\"@id\":\"https:\\\/\\\/www.eldiario.net\\\/portal\\\/2022\\\/12\\\/05\\\/el-auto-electrico-del-futuro-funcionara-con-agua-salada\\\/\",\"url\":\"https:\\\/\\\/www.eldiario.net\\\/portal\\\/2022\\\/12\\\/05\\\/el-auto-electrico-del-futuro-funcionara-con-agua-salada\\\/\",\"name\":\"El auto el\u00e9ctrico del futuro funcionar\u00e1 con agua salada - El Diario - Bolivia\",\"isPartOf\":{\"@id\":\"https:\\\/\\\/www.eldiario.net\\\/portal\\\/#website\"},\"primaryImageOfPage\":{\"@id\":\"https:\\\/\\\/www.eldiario.net\\\/portal\\\/2022\\\/12\\\/05\\\/el-auto-electrico-del-futuro-funcionara-con-agua-salada\\\/#primaryimage\"},\"image\":{\"@id\":\"https:\\\/\\\/www.eldiario.net\\\/portal\\\/2022\\\/12\\\/05\\\/el-auto-electrico-del-futuro-funcionara-con-agua-salada\\\/#primaryimage\"},\"thumbnailUrl\":\"\",\"datePublished\":\"2022-12-05T10:37:07+00:00\",\"breadcrumb\":{\"@id\":\"https:\\\/\\\/www.eldiario.net\\\/portal\\\/2022\\\/12\\\/05\\\/el-auto-electrico-del-futuro-funcionara-con-agua-salada\\\/#breadcrumb\"},\"inLanguage\":\"es\",\"potentialAction\":[{\"@type\":\"ReadAction\",\"target\":[\"https:\\\/\\\/www.eldiario.net\\\/portal\\\/2022\\\/12\\\/05\\\/el-auto-electrico-del-futuro-funcionara-con-agua-salada\\\/\"]}]},{\"@type\":\"ImageObject\",\"inLanguage\":\"es\",\"@id\":\"https:\\\/\\\/www.eldiario.net\\\/portal\\\/2022\\\/12\\\/05\\\/el-auto-electrico-del-futuro-funcionara-con-agua-salada\\\/#primaryimage\",\"url\":\"\",\"contentUrl\":\"\"},{\"@type\":\"BreadcrumbList\",\"@id\":\"https:\\\/\\\/www.eldiario.net\\\/portal\\\/2022\\\/12\\\/05\\\/el-auto-electrico-del-futuro-funcionara-con-agua-salada\\\/#breadcrumb\",\"itemListElement\":[{\"@type\":\"ListItem\",\"position\":1,\"name\":\"Portada\",\"item\":\"https:\\\/\\\/www.eldiario.net\\\/portal\\\/\"},{\"@type\":\"ListItem\",\"position\":2,\"name\":\"El auto el\u00e9ctrico del futuro funcionar\u00e1 con agua salada\"}]},{\"@type\":\"WebSite\",\"@id\":\"https:\\\/\\\/www.eldiario.net\\\/portal\\\/#website\",\"url\":\"https:\\\/\\\/www.eldiario.net\\\/portal\\\/\",\"name\":\"El Diario - Decano de la prensa nacional\",\"description\":\"El Diario - Decano de la prensa nacional\",\"publisher\":{\"@id\":\"https:\\\/\\\/www.eldiario.net\\\/portal\\\/#organization\"},\"potentialAction\":[{\"@type\":\"SearchAction\",\"target\":{\"@type\":\"EntryPoint\",\"urlTemplate\":\"https:\\\/\\\/www.eldiario.net\\\/portal\\\/?s={search_term_string}\"},\"query-input\":{\"@type\":\"PropertyValueSpecification\",\"valueRequired\":true,\"valueName\":\"search_term_string\"}}],\"inLanguage\":\"es\"},{\"@type\":\"Organization\",\"@id\":\"https:\\\/\\\/www.eldiario.net\\\/portal\\\/#organization\",\"name\":\"El Diario - Decano de la prensa nacional\",\"url\":\"https:\\\/\\\/www.eldiario.net\\\/portal\\\/\",\"logo\":{\"@type\":\"ImageObject\",\"inLanguage\":\"es\",\"@id\":\"https:\\\/\\\/www.eldiario.net\\\/portal\\\/#\\\/schema\\\/logo\\\/image\\\/\",\"url\":\"https:\\\/\\\/www.eldiario.net\\\/portal\\\/wp-content\\\/uploads\\\/2023\\\/07\\\/logo_ED.jpg\",\"contentUrl\":\"https:\\\/\\\/www.eldiario.net\\\/portal\\\/wp-content\\\/uploads\\\/2023\\\/07\\\/logo_ED.jpg\",\"width\":272,\"height\":52,\"caption\":\"El Diario - Decano de la prensa nacional\"},\"image\":{\"@id\":\"https:\\\/\\\/www.eldiario.net\\\/portal\\\/#\\\/schema\\\/logo\\\/image\\\/\"},\"sameAs\":[\"https:\\\/\\\/www.facebook.com\\\/eldiario.bolivia\\\/\",\"https:\\\/\\\/x.com\\\/eldiario_net\"]},{\"@type\":\"Person\",\"@id\":\"https:\\\/\\\/www.eldiario.net\\\/portal\\\/#\\\/schema\\\/person\\\/f46445640444750d7d753ccd04ae01b7\",\"name\":\"Jeanette\",\"image\":{\"@type\":\"ImageObject\",\"inLanguage\":\"es\",\"@id\":\"https:\\\/\\\/secure.gravatar.com\\\/avatar\\\/3ea2118a5f7dad2b7138b1187a6b7ee55f160b9968b66013c3a3ef39dd7e5798?s=96&d=mm&r=g\",\"url\":\"https:\\\/\\\/secure.gravatar.com\\\/avatar\\\/3ea2118a5f7dad2b7138b1187a6b7ee55f160b9968b66013c3a3ef39dd7e5798?s=96&d=mm&r=g\",\"contentUrl\":\"https:\\\/\\\/secure.gravatar.com\\\/avatar\\\/3ea2118a5f7dad2b7138b1187a6b7ee55f160b9968b66013c3a3ef39dd7e5798?s=96&d=mm&r=g\",\"caption\":\"Jeanette\"},\"sameAs\":[\"https:\\\/\\\/www.eldiario.net\\\/portal\"],\"url\":\"https:\\\/\\\/www.eldiario.net\\\/portal\\\/author\\\/jeanette\\\/\"}]}<\/script>\n<!-- \/ Yoast SEO plugin. -->","yoast_head_json":{"title":"El auto el\u00e9ctrico del futuro funcionar\u00e1 con agua salada - El Diario - Bolivia","robots":{"index":"index","follow":"follow","max-snippet":"max-snippet:-1","max-image-preview":"max-image-preview:large","max-video-preview":"max-video-preview:-1"},"canonical":"https:\/\/www.eldiario.net\/portal\/2022\/12\/05\/el-auto-electrico-del-futuro-funcionara-con-agua-salada\/","og_locale":"es_ES","og_type":"article","og_title":"El auto el\u00e9ctrico del futuro funcionar\u00e1 con agua salada - El Diario - Bolivia","og_description":"El objetivo principal de los autos el\u00e9ctricos es el de poder conseguir grandes autonom\u00edas (m\u00e1s de 500 km efectivos) y tiempos de recarga muy r\u00e1pidos. Al parecer, hay una marca que parece haberlo conseguido. El auto el\u00e9ctrico es el futuro de la movilidad al igual que el auto de hidr\u00f3geno. Hablemos de los autos el\u00e9ctricos. [&hellip;]","og_url":"https:\/\/www.eldiario.net\/portal\/2022\/12\/05\/el-auto-electrico-del-futuro-funcionara-con-agua-salada\/","og_site_name":"El Diario - Bolivia","article_publisher":"https:\/\/www.facebook.com\/eldiario.bolivia\/","article_published_time":"2022-12-05T10:37:07+00:00","author":"Jeanette","twitter_card":"summary_large_image","twitter_creator":"@eldiario_net","twitter_site":"@eldiario_net","twitter_misc":{"Escrito por":"Jeanette","Tiempo de lectura":"2 minutos"},"schema":{"@context":"https:\/\/schema.org","@graph":[{"@type":"Article","@id":"https:\/\/www.eldiario.net\/portal\/2022\/12\/05\/el-auto-electrico-del-futuro-funcionara-con-agua-salada\/#article","isPartOf":{"@id":"https:\/\/www.eldiario.net\/portal\/2022\/12\/05\/el-auto-electrico-del-futuro-funcionara-con-agua-salada\/"},"author":{"name":"Jeanette","@id":"https:\/\/www.eldiario.net\/portal\/#\/schema\/person\/f46445640444750d7d753ccd04ae01b7"},"headline":"El auto el\u00e9ctrico del futuro funcionar\u00e1 con agua salada","datePublished":"2022-12-05T10:37:07+00:00","mainEntityOfPage":{"@id":"https:\/\/www.eldiario.net\/portal\/2022\/12\/05\/el-auto-electrico-del-futuro-funcionara-con-agua-salada\/"},"wordCount":409,"publisher":{"@id":"https:\/\/www.eldiario.net\/portal\/#organization"},"image":{"@id":"https:\/\/www.eldiario.net\/portal\/2022\/12\/05\/el-auto-electrico-del-futuro-funcionara-con-agua-salada\/#primaryimage"},"thumbnailUrl":"","articleSection":["Ciencia y Computaci\u00f3n"],"inLanguage":"es"},{"@type":"WebPage","@id":"https:\/\/www.eldiario.net\/portal\/2022\/12\/05\/el-auto-electrico-del-futuro-funcionara-con-agua-salada\/","url":"https:\/\/www.eldiario.net\/portal\/2022\/12\/05\/el-auto-electrico-del-futuro-funcionara-con-agua-salada\/","name":"El auto el\u00e9ctrico del futuro funcionar\u00e1 con agua salada - El Diario - Bolivia","isPartOf":{"@id":"https:\/\/www.eldiario.net\/portal\/#website"},"primaryImageOfPage":{"@id":"https:\/\/www.eldiario.net\/portal\/2022\/12\/05\/el-auto-electrico-del-futuro-funcionara-con-agua-salada\/#primaryimage"},"image":{"@id":"https:\/\/www.eldiario.net\/portal\/2022\/12\/05\/el-auto-electrico-del-futuro-funcionara-con-agua-salada\/#primaryimage"},"thumbnailUrl":"","datePublished":"2022-12-05T10:37:07+00:00","breadcrumb":{"@id":"https:\/\/www.eldiario.net\/portal\/2022\/12\/05\/el-auto-electrico-del-futuro-funcionara-con-agua-salada\/#breadcrumb"},"inLanguage":"es","potentialAction":[{"@type":"ReadAction","target":["https:\/\/www.eldiario.net\/portal\/2022\/12\/05\/el-auto-electrico-del-futuro-funcionara-con-agua-salada\/"]}]},{"@type":"ImageObject","inLanguage":"es","@id":"https:\/\/www.eldiario.net\/portal\/2022\/12\/05\/el-auto-electrico-del-futuro-funcionara-con-agua-salada\/#primaryimage","url":"","contentUrl":""},{"@type":"BreadcrumbList","@id":"https:\/\/www.eldiario.net\/portal\/2022\/12\/05\/el-auto-electrico-del-futuro-funcionara-con-agua-salada\/#breadcrumb","itemListElement":[{"@type":"ListItem","position":1,"name":"Portada","item":"https:\/\/www.eldiario.net\/portal\/"},{"@type":"ListItem","position":2,"name":"El auto el\u00e9ctrico del futuro funcionar\u00e1 con agua salada"}]},{"@type":"WebSite","@id":"https:\/\/www.eldiario.net\/portal\/#website","url":"https:\/\/www.eldiario.net\/portal\/","name":"El Diario - Decano de la prensa nacional","description":"El Diario - Decano de la prensa nacional","publisher":{"@id":"https:\/\/www.eldiario.net\/portal\/#organization"},"potentialAction":[{"@type":"SearchAction","target":{"@type":"EntryPoint","urlTemplate":"https:\/\/www.eldiario.net\/portal\/?s={search_term_string}"},"query-input":{"@type":"PropertyValueSpecification","valueRequired":true,"valueName":"search_term_string"}}],"inLanguage":"es"},{"@type":"Organization","@id":"https:\/\/www.eldiario.net\/portal\/#organization","name":"El Diario - Decano de la prensa nacional","url":"https:\/\/www.eldiario.net\/portal\/","logo":{"@type":"ImageObject","inLanguage":"es","@id":"https:\/\/www.eldiario.net\/portal\/#\/schema\/logo\/image\/","url":"https:\/\/www.eldiario.net\/portal\/wp-content\/uploads\/2023\/07\/logo_ED.jpg","contentUrl":"https:\/\/www.eldiario.net\/portal\/wp-content\/uploads\/2023\/07\/logo_ED.jpg","width":272,"height":52,"caption":"El Diario - Decano de la prensa nacional"},"image":{"@id":"https:\/\/www.eldiario.net\/portal\/#\/schema\/logo\/image\/"},"sameAs":["https:\/\/www.facebook.com\/eldiario.bolivia\/","https:\/\/x.com\/eldiario_net"]},{"@type":"Person","@id":"https:\/\/www.eldiario.net\/portal\/#\/schema\/person\/f46445640444750d7d753ccd04ae01b7","name":"Jeanette","image":{"@type":"ImageObject","inLanguage":"es","@id":"https:\/\/secure.gravatar.com\/avatar\/3ea2118a5f7dad2b7138b1187a6b7ee55f160b9968b66013c3a3ef39dd7e5798?s=96&d=mm&r=g","url":"https:\/\/secure.gravatar.com\/avatar\/3ea2118a5f7dad2b7138b1187a6b7ee55f160b9968b66013c3a3ef39dd7e5798?s=96&d=mm&r=g","contentUrl":"https:\/\/secure.gravatar.com\/avatar\/3ea2118a5f7dad2b7138b1187a6b7ee55f160b9968b66013c3a3ef39dd7e5798?s=96&d=mm&r=g","caption":"Jeanette"},"sameAs":["https:\/\/www.eldiario.net\/portal"],"url":"https:\/\/www.eldiario.net\/portal\/author\/jeanette\/"}]}},"_links":{"self":[{"href":"https:\/\/www.eldiario.net\/portal\/wp-json\/wp\/v2\/posts\/125973","targetHints":{"allow":["GET"]}}],"collection":[{"href":"https:\/\/www.eldiario.net\/portal\/wp-json\/wp\/v2\/posts"}],"about":[{"href":"https:\/\/www.eldiario.net\/portal\/wp-json\/wp\/v2\/types\/post"}],"author":[{"embeddable":true,"href":"https:\/\/www.eldiario.net\/portal\/wp-json\/wp\/v2\/users\/1"}],"replies":[{"embeddable":true,"href":"https:\/\/www.eldiario.net\/portal\/wp-json\/wp\/v2\/comments?post=125973"}],"version-history":[{"count":0,"href":"https:\/\/www.eldiario.net\/portal\/wp-json\/wp\/v2\/posts\/125973\/revisions"}],"wp:attachment":[{"href":"https:\/\/www.eldiario.net\/portal\/wp-json\/wp\/v2\/media?parent=125973"}],"wp:term":[{"taxonomy":"category","embeddable":true,"href":"https:\/\/www.eldiario.net\/portal\/wp-json\/wp\/v2\/categories?post=125973"},{"taxonomy":"post_tag","embeddable":true,"href":"https:\/\/www.eldiario.net\/portal\/wp-json\/wp\/v2\/tags?post=125973"}],"curies":[{"name":"wp","href":"https:\/\/api.w.org\/{rel}","templated":true}]}}