{"id":125959,"date":"2022-12-05T06:34:02","date_gmt":"2022-12-05T10:34:02","guid":{"rendered":"https:\/\/www.eldiario.net\/portal\/?p=125959"},"modified":"2022-12-05T06:34:02","modified_gmt":"2022-12-05T10:34:02","slug":"el-modo-avion-desaparecera-paulatinamente","status":"publish","type":"post","link":"https:\/\/www.eldiario.net\/portal\/2022\/12\/05\/el-modo-avion-desaparecera-paulatinamente\/","title":{"rendered":"El modo avi\u00f3n desaparecer\u00e1 paulatinamente"},"content":{"rendered":"<p>Se termin\u00f3 el tener que poner el\u00a0modo avi\u00f3n\u00a0durante los vuelos. El pasado 26 de noviembre, la Uni\u00f3n Europea anuncio que\u00a0ser\u00e1 posible disfrutar de conexi\u00f3n 5G en los vuelos, lo que se traduce en la no obligatoriedad en el uso del modo avi\u00f3n. Esta es una configuraci\u00f3n con m\u00e1s de 10 a\u00f1os de vida, inventada en principio por y para su uso en aerol\u00edneas.<br \/>\nEl modo avi\u00f3n naci\u00f3 con el fin de\u00a0facilitar las comunicaciones\u00a0entre tripulaci\u00f3n del vuelo y controladores. En la d\u00e9cada de los 90, se defend\u00eda que las tecnolog\u00edas de transmisi\u00f3n de se\u00f1ales y radiofrecuencia pod\u00edan afectar a las comunicaciones de los pilotos, con peque\u00f1as interferencias y molestos \u00abclics\u00bb audibles. Por ello, se acab\u00f3 implantando la obligatoriedad de llevar el tel\u00e9fono sin conexi\u00f3n alguna en los sistemas operativos que iban emergiendo.<br \/>\nAprovechando la implantaci\u00f3n del modo avi\u00f3n en m\u00f3viles, su uso se fue haciendo obligatorio en otros escenarios. El m\u00e1s conocido es el de las gasolineras. En varios pa\u00edses existe un art\u00edculo del reglamento general de circulaci\u00f3n recoge que \u00abLos propietarios de aparatos distribuidores de combustibles o empleados de estos \u00faltimos no podr\u00e1n facilitar los combustibles para su carga si no est\u00e1 parado el motor y apagadas las luces de los veh\u00edculos, los sistemas el\u00e9ctricos como la radio y los dispositivos emisores de radiaci\u00f3n electromagn\u00e9tica como los tel\u00e9fonos m\u00f3viles\u00bb.<br \/>\nLa raz\u00f3n aqu\u00ed era que la electricidad del tel\u00e9fono podr\u00eda hacer que el vapor de los combustibles entrase en ignici\u00f3n. La realidad es que\u00a0hay datos\u00a0que reflejan que esto no es m\u00e1s que esto no es m\u00e1s que una leyenda urbana. No hay m\u00e1s que ver a los miles de conductores que pagan por NFC, con el m\u00f3vil conectado, a pocos cent\u00edmetros del surtidor.<br \/>\nLa realidad en las gasolineras es que nadie te va a pedir que pongas el tel\u00e9fono en modo avi\u00f3n, una actitud m\u00e1s laxa que empez\u00f3 tambi\u00e9n a expandirse en las propias aerol\u00edneas. En septiembre de 2014, la EASA (EASA, European Aviation Safety Agency) dio v\u00eda libre para usar dispositivos electr\u00f3nicos sin modo avi\u00f3n en vuelos comerciales. Pese a esto, la inmensa mayor\u00eda de aerol\u00edneas obligan a usar el modo avi\u00f3n, aunque s\u00ed permiten conectarse a la red WiFi propia que ofrecen.<br \/>\nEl paso que ha dado la UE supone la muerte del modo avi\u00f3n. Ser\u00e1 posible conectarnos a las redes 5G que podr\u00e1n ofrecer las aerol\u00edneas. \u201cLas aerol\u00edneas podr\u00e1n proporcionar la \u00faltima tecnolog\u00eda 5G en sus aviones, junto con las generaciones anteriores de tecnolog\u00eda m\u00f3vil, ya que la CE actualiz\u00f3 la decisi\u00f3n de aplicaci\u00f3n sobre el espectro para las comunicaciones a bordo de las aeronaves, designando determinadas frecuencias para el 5G en vuelo\u201d. Para conectarnos a una red 5G, es imprescindible que el tel\u00e9fono est\u00e9 en modo de red, en otras palabras, sin modo avi\u00f3n activo.<br \/>\nIndican que, desde 2008, la Comisi\u00f3n ha reservado ciertas frecuencias para las comunicaciones m\u00f3viles en aviones, utilizando equipos especiales equipados con una \u00abpico-c\u00e9lula\u00bb que permite conexiones entre el avi\u00f3n y redes satelitales. Es as\u00ed, relativamente sencillo ofrecer 5G en un avi\u00f3n, y parece quedar claro que conectarnos al mismo no supone mayor perjuicio para las conexiones de la tripulaci\u00f3n.<\/p>\n","protected":false},"excerpt":{"rendered":"<p>Se termin\u00f3 el tener que poner el\u00a0modo avi\u00f3n\u00a0durante los vuelos. El pasado 26 de noviembre, la Uni\u00f3n Europea anuncio que\u00a0ser\u00e1 posible disfrutar de conexi\u00f3n 5G en los vuelos, lo que se traduce en la no obligatoriedad en el uso del modo avi\u00f3n. Esta es una configuraci\u00f3n con m\u00e1s de 10 a\u00f1os de vida, inventada en [&hellip;]<\/p>\n","protected":false},"author":1,"featured_media":125960,"comment_status":"closed","ping_status":"closed","sticky":false,"template":"","format":"standard","meta":{"_acf_changed":false,"footnotes":""},"categories":[46],"tags":[],"class_list":["post-125959","post","type-post","status-publish","format-standard","has-post-thumbnail","category-ciencia-computacion"],"acf":{"antetitulo":""},"yoast_head":"<!-- This site is optimized with the Yoast SEO plugin v28.3 - https:\/\/yoast.com\/product\/yoast-seo-wordpress\/ -->\n<title>El modo avi\u00f3n desaparecer\u00e1 paulatinamente - El Diario - Bolivia<\/title>\n<meta name=\"robots\" content=\"index, follow, max-snippet:-1, max-image-preview:large, max-video-preview:-1\" \/>\n<link rel=\"canonical\" href=\"https:\/\/www.eldiario.net\/portal\/2022\/12\/05\/el-modo-avion-desaparecera-paulatinamente\/\" \/>\n<meta property=\"og:locale\" content=\"es_ES\" \/>\n<meta property=\"og:type\" content=\"article\" \/>\n<meta property=\"og:title\" content=\"El modo avi\u00f3n desaparecer\u00e1 paulatinamente - El Diario - Bolivia\" \/>\n<meta property=\"og:description\" content=\"Se termin\u00f3 el tener que poner el\u00a0modo avi\u00f3n\u00a0durante los vuelos. El pasado 26 de noviembre, la Uni\u00f3n Europea anuncio que\u00a0ser\u00e1 posible disfrutar de conexi\u00f3n 5G en los vuelos, lo que se traduce en la no obligatoriedad en el uso del modo avi\u00f3n. Esta es una configuraci\u00f3n con m\u00e1s de 10 a\u00f1os de vida, inventada en [&hellip;]\" \/>\n<meta property=\"og:url\" content=\"https:\/\/www.eldiario.net\/portal\/2022\/12\/05\/el-modo-avion-desaparecera-paulatinamente\/\" \/>\n<meta property=\"og:site_name\" content=\"El Diario - Bolivia\" \/>\n<meta property=\"article:publisher\" content=\"https:\/\/www.facebook.com\/eldiario.bolivia\/\" \/>\n<meta property=\"article:published_time\" content=\"2022-12-05T10:34:02+00:00\" \/>\n<meta property=\"og:image\" content=\"https:\/\/www.eldiario.net\/portal\/wp-content\/uploads\/2022\/12\/6-A.jpg\" \/>\n\t<meta property=\"og:image:width\" content=\"1000\" \/>\n\t<meta property=\"og:image:height\" content=\"588\" \/>\n\t<meta property=\"og:image:type\" content=\"image\/jpeg\" \/>\n<meta name=\"author\" content=\"Jeanette\" \/>\n<meta name=\"twitter:card\" content=\"summary_large_image\" \/>\n<meta name=\"twitter:creator\" content=\"@eldiario_net\" \/>\n<meta name=\"twitter:site\" content=\"@eldiario_net\" \/>\n<meta name=\"twitter:label1\" content=\"Escrito por\" \/>\n\t<meta name=\"twitter:data1\" content=\"Jeanette\" \/>\n\t<meta name=\"twitter:label2\" content=\"Tiempo de lectura\" \/>\n\t<meta name=\"twitter:data2\" content=\"3 minutos\" \/>\n<script type=\"application\/ld+json\" class=\"yoast-schema-graph\">{\"@context\":\"https:\\\/\\\/schema.org\",\"@graph\":[{\"@type\":\"Article\",\"@id\":\"https:\\\/\\\/www.eldiario.net\\\/portal\\\/2022\\\/12\\\/05\\\/el-modo-avion-desaparecera-paulatinamente\\\/#article\",\"isPartOf\":{\"@id\":\"https:\\\/\\\/www.eldiario.net\\\/portal\\\/2022\\\/12\\\/05\\\/el-modo-avion-desaparecera-paulatinamente\\\/\"},\"author\":{\"name\":\"Jeanette\",\"@id\":\"https:\\\/\\\/www.eldiario.net\\\/portal\\\/#\\\/schema\\\/person\\\/f46445640444750d7d753ccd04ae01b7\"},\"headline\":\"El modo avi\u00f3n desaparecer\u00e1 paulatinamente\",\"datePublished\":\"2022-12-05T10:34:02+00:00\",\"mainEntityOfPage\":{\"@id\":\"https:\\\/\\\/www.eldiario.net\\\/portal\\\/2022\\\/12\\\/05\\\/el-modo-avion-desaparecera-paulatinamente\\\/\"},\"wordCount\":596,\"publisher\":{\"@id\":\"https:\\\/\\\/www.eldiario.net\\\/portal\\\/#organization\"},\"image\":{\"@id\":\"https:\\\/\\\/www.eldiario.net\\\/portal\\\/2022\\\/12\\\/05\\\/el-modo-avion-desaparecera-paulatinamente\\\/#primaryimage\"},\"thumbnailUrl\":\"https:\\\/\\\/www.eldiario.net\\\/portal\\\/wp-content\\\/uploads\\\/2022\\\/12\\\/6-A.jpg\",\"articleSection\":[\"Ciencia y Computaci\u00f3n\"],\"inLanguage\":\"es\"},{\"@type\":\"WebPage\",\"@id\":\"https:\\\/\\\/www.eldiario.net\\\/portal\\\/2022\\\/12\\\/05\\\/el-modo-avion-desaparecera-paulatinamente\\\/\",\"url\":\"https:\\\/\\\/www.eldiario.net\\\/portal\\\/2022\\\/12\\\/05\\\/el-modo-avion-desaparecera-paulatinamente\\\/\",\"name\":\"El modo avi\u00f3n desaparecer\u00e1 paulatinamente - El Diario - Bolivia\",\"isPartOf\":{\"@id\":\"https:\\\/\\\/www.eldiario.net\\\/portal\\\/#website\"},\"primaryImageOfPage\":{\"@id\":\"https:\\\/\\\/www.eldiario.net\\\/portal\\\/2022\\\/12\\\/05\\\/el-modo-avion-desaparecera-paulatinamente\\\/#primaryimage\"},\"image\":{\"@id\":\"https:\\\/\\\/www.eldiario.net\\\/portal\\\/2022\\\/12\\\/05\\\/el-modo-avion-desaparecera-paulatinamente\\\/#primaryimage\"},\"thumbnailUrl\":\"https:\\\/\\\/www.eldiario.net\\\/portal\\\/wp-content\\\/uploads\\\/2022\\\/12\\\/6-A.jpg\",\"datePublished\":\"2022-12-05T10:34:02+00:00\",\"breadcrumb\":{\"@id\":\"https:\\\/\\\/www.eldiario.net\\\/portal\\\/2022\\\/12\\\/05\\\/el-modo-avion-desaparecera-paulatinamente\\\/#breadcrumb\"},\"inLanguage\":\"es\",\"potentialAction\":[{\"@type\":\"ReadAction\",\"target\":[\"https:\\\/\\\/www.eldiario.net\\\/portal\\\/2022\\\/12\\\/05\\\/el-modo-avion-desaparecera-paulatinamente\\\/\"]}]},{\"@type\":\"ImageObject\",\"inLanguage\":\"es\",\"@id\":\"https:\\\/\\\/www.eldiario.net\\\/portal\\\/2022\\\/12\\\/05\\\/el-modo-avion-desaparecera-paulatinamente\\\/#primaryimage\",\"url\":\"https:\\\/\\\/www.eldiario.net\\\/portal\\\/wp-content\\\/uploads\\\/2022\\\/12\\\/6-A.jpg\",\"contentUrl\":\"https:\\\/\\\/www.eldiario.net\\\/portal\\\/wp-content\\\/uploads\\\/2022\\\/12\\\/6-A.jpg\",\"width\":1000,\"height\":588},{\"@type\":\"BreadcrumbList\",\"@id\":\"https:\\\/\\\/www.eldiario.net\\\/portal\\\/2022\\\/12\\\/05\\\/el-modo-avion-desaparecera-paulatinamente\\\/#breadcrumb\",\"itemListElement\":[{\"@type\":\"ListItem\",\"position\":1,\"name\":\"Portada\",\"item\":\"https:\\\/\\\/www.eldiario.net\\\/portal\\\/\"},{\"@type\":\"ListItem\",\"position\":2,\"name\":\"El modo avi\u00f3n desaparecer\u00e1 paulatinamente\"}]},{\"@type\":\"WebSite\",\"@id\":\"https:\\\/\\\/www.eldiario.net\\\/portal\\\/#website\",\"url\":\"https:\\\/\\\/www.eldiario.net\\\/portal\\\/\",\"name\":\"El Diario - Decano de la prensa nacional\",\"description\":\"El Diario - Decano de la prensa nacional\",\"publisher\":{\"@id\":\"https:\\\/\\\/www.eldiario.net\\\/portal\\\/#organization\"},\"potentialAction\":[{\"@type\":\"SearchAction\",\"target\":{\"@type\":\"EntryPoint\",\"urlTemplate\":\"https:\\\/\\\/www.eldiario.net\\\/portal\\\/?s={search_term_string}\"},\"query-input\":{\"@type\":\"PropertyValueSpecification\",\"valueRequired\":true,\"valueName\":\"search_term_string\"}}],\"inLanguage\":\"es\"},{\"@type\":\"Organization\",\"@id\":\"https:\\\/\\\/www.eldiario.net\\\/portal\\\/#organization\",\"name\":\"El Diario - Decano de la prensa nacional\",\"url\":\"https:\\\/\\\/www.eldiario.net\\\/portal\\\/\",\"logo\":{\"@type\":\"ImageObject\",\"inLanguage\":\"es\",\"@id\":\"https:\\\/\\\/www.eldiario.net\\\/portal\\\/#\\\/schema\\\/logo\\\/image\\\/\",\"url\":\"https:\\\/\\\/www.eldiario.net\\\/portal\\\/wp-content\\\/uploads\\\/2023\\\/07\\\/logo_ED.jpg\",\"contentUrl\":\"https:\\\/\\\/www.eldiario.net\\\/portal\\\/wp-content\\\/uploads\\\/2023\\\/07\\\/logo_ED.jpg\",\"width\":272,\"height\":52,\"caption\":\"El Diario - Decano de la prensa nacional\"},\"image\":{\"@id\":\"https:\\\/\\\/www.eldiario.net\\\/portal\\\/#\\\/schema\\\/logo\\\/image\\\/\"},\"sameAs\":[\"https:\\\/\\\/www.facebook.com\\\/eldiario.bolivia\\\/\",\"https:\\\/\\\/x.com\\\/eldiario_net\"]},{\"@type\":\"Person\",\"@id\":\"https:\\\/\\\/www.eldiario.net\\\/portal\\\/#\\\/schema\\\/person\\\/f46445640444750d7d753ccd04ae01b7\",\"name\":\"Jeanette\",\"image\":{\"@type\":\"ImageObject\",\"inLanguage\":\"es\",\"@id\":\"https:\\\/\\\/secure.gravatar.com\\\/avatar\\\/3ea2118a5f7dad2b7138b1187a6b7ee55f160b9968b66013c3a3ef39dd7e5798?s=96&d=mm&r=g\",\"url\":\"https:\\\/\\\/secure.gravatar.com\\\/avatar\\\/3ea2118a5f7dad2b7138b1187a6b7ee55f160b9968b66013c3a3ef39dd7e5798?s=96&d=mm&r=g\",\"contentUrl\":\"https:\\\/\\\/secure.gravatar.com\\\/avatar\\\/3ea2118a5f7dad2b7138b1187a6b7ee55f160b9968b66013c3a3ef39dd7e5798?s=96&d=mm&r=g\",\"caption\":\"Jeanette\"},\"sameAs\":[\"https:\\\/\\\/www.eldiario.net\\\/portal\"],\"url\":\"https:\\\/\\\/www.eldiario.net\\\/portal\\\/author\\\/jeanette\\\/\"}]}<\/script>\n<!-- \/ Yoast SEO plugin. -->","yoast_head_json":{"title":"El modo avi\u00f3n desaparecer\u00e1 paulatinamente - El Diario - Bolivia","robots":{"index":"index","follow":"follow","max-snippet":"max-snippet:-1","max-image-preview":"max-image-preview:large","max-video-preview":"max-video-preview:-1"},"canonical":"https:\/\/www.eldiario.net\/portal\/2022\/12\/05\/el-modo-avion-desaparecera-paulatinamente\/","og_locale":"es_ES","og_type":"article","og_title":"El modo avi\u00f3n desaparecer\u00e1 paulatinamente - El Diario - Bolivia","og_description":"Se termin\u00f3 el tener que poner el\u00a0modo avi\u00f3n\u00a0durante los vuelos. El pasado 26 de noviembre, la Uni\u00f3n Europea anuncio que\u00a0ser\u00e1 posible disfrutar de conexi\u00f3n 5G en los vuelos, lo que se traduce en la no obligatoriedad en el uso del modo avi\u00f3n. Esta es una configuraci\u00f3n con m\u00e1s de 10 a\u00f1os de vida, inventada en [&hellip;]","og_url":"https:\/\/www.eldiario.net\/portal\/2022\/12\/05\/el-modo-avion-desaparecera-paulatinamente\/","og_site_name":"El Diario - Bolivia","article_publisher":"https:\/\/www.facebook.com\/eldiario.bolivia\/","article_published_time":"2022-12-05T10:34:02+00:00","og_image":[{"width":1000,"height":588,"url":"https:\/\/www.eldiario.net\/portal\/wp-content\/uploads\/2022\/12\/6-A.jpg","type":"image\/jpeg"}],"author":"Jeanette","twitter_card":"summary_large_image","twitter_creator":"@eldiario_net","twitter_site":"@eldiario_net","twitter_misc":{"Escrito por":"Jeanette","Tiempo de lectura":"3 minutos"},"schema":{"@context":"https:\/\/schema.org","@graph":[{"@type":"Article","@id":"https:\/\/www.eldiario.net\/portal\/2022\/12\/05\/el-modo-avion-desaparecera-paulatinamente\/#article","isPartOf":{"@id":"https:\/\/www.eldiario.net\/portal\/2022\/12\/05\/el-modo-avion-desaparecera-paulatinamente\/"},"author":{"name":"Jeanette","@id":"https:\/\/www.eldiario.net\/portal\/#\/schema\/person\/f46445640444750d7d753ccd04ae01b7"},"headline":"El modo avi\u00f3n desaparecer\u00e1 paulatinamente","datePublished":"2022-12-05T10:34:02+00:00","mainEntityOfPage":{"@id":"https:\/\/www.eldiario.net\/portal\/2022\/12\/05\/el-modo-avion-desaparecera-paulatinamente\/"},"wordCount":596,"publisher":{"@id":"https:\/\/www.eldiario.net\/portal\/#organization"},"image":{"@id":"https:\/\/www.eldiario.net\/portal\/2022\/12\/05\/el-modo-avion-desaparecera-paulatinamente\/#primaryimage"},"thumbnailUrl":"https:\/\/www.eldiario.net\/portal\/wp-content\/uploads\/2022\/12\/6-A.jpg","articleSection":["Ciencia y Computaci\u00f3n"],"inLanguage":"es"},{"@type":"WebPage","@id":"https:\/\/www.eldiario.net\/portal\/2022\/12\/05\/el-modo-avion-desaparecera-paulatinamente\/","url":"https:\/\/www.eldiario.net\/portal\/2022\/12\/05\/el-modo-avion-desaparecera-paulatinamente\/","name":"El modo avi\u00f3n desaparecer\u00e1 paulatinamente - El Diario - Bolivia","isPartOf":{"@id":"https:\/\/www.eldiario.net\/portal\/#website"},"primaryImageOfPage":{"@id":"https:\/\/www.eldiario.net\/portal\/2022\/12\/05\/el-modo-avion-desaparecera-paulatinamente\/#primaryimage"},"image":{"@id":"https:\/\/www.eldiario.net\/portal\/2022\/12\/05\/el-modo-avion-desaparecera-paulatinamente\/#primaryimage"},"thumbnailUrl":"https:\/\/www.eldiario.net\/portal\/wp-content\/uploads\/2022\/12\/6-A.jpg","datePublished":"2022-12-05T10:34:02+00:00","breadcrumb":{"@id":"https:\/\/www.eldiario.net\/portal\/2022\/12\/05\/el-modo-avion-desaparecera-paulatinamente\/#breadcrumb"},"inLanguage":"es","potentialAction":[{"@type":"ReadAction","target":["https:\/\/www.eldiario.net\/portal\/2022\/12\/05\/el-modo-avion-desaparecera-paulatinamente\/"]}]},{"@type":"ImageObject","inLanguage":"es","@id":"https:\/\/www.eldiario.net\/portal\/2022\/12\/05\/el-modo-avion-desaparecera-paulatinamente\/#primaryimage","url":"https:\/\/www.eldiario.net\/portal\/wp-content\/uploads\/2022\/12\/6-A.jpg","contentUrl":"https:\/\/www.eldiario.net\/portal\/wp-content\/uploads\/2022\/12\/6-A.jpg","width":1000,"height":588},{"@type":"BreadcrumbList","@id":"https:\/\/www.eldiario.net\/portal\/2022\/12\/05\/el-modo-avion-desaparecera-paulatinamente\/#breadcrumb","itemListElement":[{"@type":"ListItem","position":1,"name":"Portada","item":"https:\/\/www.eldiario.net\/portal\/"},{"@type":"ListItem","position":2,"name":"El modo avi\u00f3n desaparecer\u00e1 paulatinamente"}]},{"@type":"WebSite","@id":"https:\/\/www.eldiario.net\/portal\/#website","url":"https:\/\/www.eldiario.net\/portal\/","name":"El Diario - Decano de la prensa nacional","description":"El Diario - Decano de la prensa nacional","publisher":{"@id":"https:\/\/www.eldiario.net\/portal\/#organization"},"potentialAction":[{"@type":"SearchAction","target":{"@type":"EntryPoint","urlTemplate":"https:\/\/www.eldiario.net\/portal\/?s={search_term_string}"},"query-input":{"@type":"PropertyValueSpecification","valueRequired":true,"valueName":"search_term_string"}}],"inLanguage":"es"},{"@type":"Organization","@id":"https:\/\/www.eldiario.net\/portal\/#organization","name":"El Diario - Decano de la prensa nacional","url":"https:\/\/www.eldiario.net\/portal\/","logo":{"@type":"ImageObject","inLanguage":"es","@id":"https:\/\/www.eldiario.net\/portal\/#\/schema\/logo\/image\/","url":"https:\/\/www.eldiario.net\/portal\/wp-content\/uploads\/2023\/07\/logo_ED.jpg","contentUrl":"https:\/\/www.eldiario.net\/portal\/wp-content\/uploads\/2023\/07\/logo_ED.jpg","width":272,"height":52,"caption":"El Diario - Decano de la prensa nacional"},"image":{"@id":"https:\/\/www.eldiario.net\/portal\/#\/schema\/logo\/image\/"},"sameAs":["https:\/\/www.facebook.com\/eldiario.bolivia\/","https:\/\/x.com\/eldiario_net"]},{"@type":"Person","@id":"https:\/\/www.eldiario.net\/portal\/#\/schema\/person\/f46445640444750d7d753ccd04ae01b7","name":"Jeanette","image":{"@type":"ImageObject","inLanguage":"es","@id":"https:\/\/secure.gravatar.com\/avatar\/3ea2118a5f7dad2b7138b1187a6b7ee55f160b9968b66013c3a3ef39dd7e5798?s=96&d=mm&r=g","url":"https:\/\/secure.gravatar.com\/avatar\/3ea2118a5f7dad2b7138b1187a6b7ee55f160b9968b66013c3a3ef39dd7e5798?s=96&d=mm&r=g","contentUrl":"https:\/\/secure.gravatar.com\/avatar\/3ea2118a5f7dad2b7138b1187a6b7ee55f160b9968b66013c3a3ef39dd7e5798?s=96&d=mm&r=g","caption":"Jeanette"},"sameAs":["https:\/\/www.eldiario.net\/portal"],"url":"https:\/\/www.eldiario.net\/portal\/author\/jeanette\/"}]}},"_links":{"self":[{"href":"https:\/\/www.eldiario.net\/portal\/wp-json\/wp\/v2\/posts\/125959","targetHints":{"allow":["GET"]}}],"collection":[{"href":"https:\/\/www.eldiario.net\/portal\/wp-json\/wp\/v2\/posts"}],"about":[{"href":"https:\/\/www.eldiario.net\/portal\/wp-json\/wp\/v2\/types\/post"}],"author":[{"embeddable":true,"href":"https:\/\/www.eldiario.net\/portal\/wp-json\/wp\/v2\/users\/1"}],"replies":[{"embeddable":true,"href":"https:\/\/www.eldiario.net\/portal\/wp-json\/wp\/v2\/comments?post=125959"}],"version-history":[{"count":0,"href":"https:\/\/www.eldiario.net\/portal\/wp-json\/wp\/v2\/posts\/125959\/revisions"}],"wp:featuredmedia":[{"embeddable":true,"href":"https:\/\/www.eldiario.net\/portal\/wp-json\/wp\/v2\/media\/125960"}],"wp:attachment":[{"href":"https:\/\/www.eldiario.net\/portal\/wp-json\/wp\/v2\/media?parent=125959"}],"wp:term":[{"taxonomy":"category","embeddable":true,"href":"https:\/\/www.eldiario.net\/portal\/wp-json\/wp\/v2\/categories?post=125959"},{"taxonomy":"post_tag","embeddable":true,"href":"https:\/\/www.eldiario.net\/portal\/wp-json\/wp\/v2\/tags?post=125959"}],"curies":[{"name":"wp","href":"https:\/\/api.w.org\/{rel}","templated":true}]}}