{"id":125728,"date":"2022-12-04T07:32:26","date_gmt":"2022-12-04T11:32:26","guid":{"rendered":"https:\/\/www.eldiario.net\/portal\/?p=125728"},"modified":"2022-12-04T07:32:26","modified_gmt":"2022-12-04T11:32:26","slug":"uno-a-uno-todos-los-integrantes-de-la-familia-de-exploradores-de-un-mundo-extrano","status":"publish","type":"post","link":"https:\/\/www.eldiario.net\/portal\/2022\/12\/04\/uno-a-uno-todos-los-integrantes-de-la-familia-de-exploradores-de-un-mundo-extrano\/","title":{"rendered":"UNO A UNO, TODOS LOS INTEGRANTES DE LA FAMILIA DE EXPLORADORES DE UN MUNDO EXTRA\u00d1O"},"content":{"rendered":"<p>LOS CLADE VIAJAN A UN FASCINANTE MUNDO PARA ENFRENTAR UNA MISI\u00d3N SIN PRECEDENTES <\/p>\n<p>EL ELENCO DE VOCES ORIGINALES EN INGL\u00c9S EST\u00c1 ENCABEZADO POR JAKE GYLLENHAAL, DENNIS QUAID, JABOUKIE YOUNG-WHITE, GABRIELLE UNION Y LUCY LIU<\/p>\n<p>La familia Clade llega hoy a los cines y nada volver\u00e1 a ser igual. Es que este carism\u00e1tico clan lleva la pasi\u00f3n por la exploraci\u00f3n en la sangre, y la aventura que viven en UN MUNDO EXTRA\u00d1O, la pel\u00edcula de Walt Disney Animation Studios que estrena hoy, promete dejar boquiabiertas a audiencias de todas las edades.<\/p>\n<p>El nuevo film es la historia de tres generaciones de una familia que est\u00e1 buscando su lugar en el mundo. Searcher Clade (voz original en ingl\u00e9s de Jake Gyllenhaal) es un hombre brillante que, cuando era adolescente, descubri\u00f3 una fuente de energ\u00eda vegetal que cambi\u00f3 su mundo. Hoy, disfruta de una apacible vida familiar al frente de su granja en la ciudad de Avalonia. El pap\u00e1 de Searcher, Jaeger (voz original en ingl\u00e9s de Dennis Quaid), desde muy temprana edad se dispuso a ser ese tipo de explorador que inspira leyendas, pero se perdi\u00f3 en una de sus expediciones y desde hace d\u00e9cadas que no se sabe m\u00e1s nada de \u00e9l. El hijo de Searcher, Ethan (voz original en ingl\u00e9s de Jaboukie Young-White), es un adolescente con un gran sentido del humor que ayuda en la granja familiar, pero no est\u00e1 seguro de querer seguir los tranquilos pasos de su padre.<\/p>\n<p>La acci\u00f3n comienza cuando los Clade se enteran de la necesidad de rescatar la planta revolucionaria que Searcher descubri\u00f3 a\u00f1os atr\u00e1s porque tiene problemas y la subsistencia de Avalonia depende de ella. Padre e hijo deben dirigirse a la fuente, donde sea que est\u00e9, para salvarla, embarc\u00e1ndose as\u00ed en una misi\u00f3n \u00fanica por un mundo subterr\u00e1neo desconocido por todos.<\/p>\n<p>Estos son Jaeger, Searcher y Ethan, tres hombres que llevan el esp\u00edritu de la exploraci\u00f3n en su ADN. Meridian Clade, esposa de Searcher y madre de Ethan, es una integrante fundamental de esta familia y una coequiper poderosa. <\/p>\n","protected":false},"excerpt":{"rendered":"<p>LOS CLADE VIAJAN A UN FASCINANTE MUNDO PARA ENFRENTAR UNA MISI\u00d3N SIN PRECEDENTES EL ELENCO DE VOCES ORIGINALES EN INGL\u00c9S EST\u00c1 ENCABEZADO POR JAKE GYLLENHAAL, DENNIS QUAID, JABOUKIE YOUNG-WHITE, GABRIELLE UNION Y LUCY LIU La familia Clade llega hoy a los cines y nada volver\u00e1 a ser igual. Es que este carism\u00e1tico clan lleva la [&hellip;]<\/p>\n","protected":false},"author":1,"featured_media":125729,"comment_status":"closed","ping_status":"closed","sticky":false,"template":"","format":"standard","meta":{"_acf_changed":false,"footnotes":""},"categories":[45],"tags":[],"class_list":["post-125728","post","type-post","status-publish","format-standard","has-post-thumbnail","category-cine-mundo"],"acf":{"antetitulo":""},"yoast_head":"<!-- This site is optimized with the Yoast SEO plugin v28.3 - https:\/\/yoast.com\/product\/yoast-seo-wordpress\/ -->\n<title>UNO A UNO, TODOS LOS INTEGRANTES DE LA FAMILIA DE EXPLORADORES DE UN MUNDO EXTRA\u00d1O - El Diario - Bolivia<\/title>\n<meta name=\"robots\" content=\"index, follow, max-snippet:-1, max-image-preview:large, max-video-preview:-1\" \/>\n<link rel=\"canonical\" href=\"https:\/\/www.eldiario.net\/portal\/2022\/12\/04\/uno-a-uno-todos-los-integrantes-de-la-familia-de-exploradores-de-un-mundo-extrano\/\" \/>\n<meta property=\"og:locale\" content=\"es_ES\" \/>\n<meta property=\"og:type\" content=\"article\" \/>\n<meta property=\"og:title\" content=\"UNO A UNO, TODOS LOS INTEGRANTES DE LA FAMILIA DE EXPLORADORES DE UN MUNDO EXTRA\u00d1O - El Diario - Bolivia\" \/>\n<meta property=\"og:description\" content=\"LOS CLADE VIAJAN A UN FASCINANTE MUNDO PARA ENFRENTAR UNA MISI\u00d3N SIN PRECEDENTES EL ELENCO DE VOCES ORIGINALES EN INGL\u00c9S EST\u00c1 ENCABEZADO POR JAKE GYLLENHAAL, DENNIS QUAID, JABOUKIE YOUNG-WHITE, GABRIELLE UNION Y LUCY LIU La familia Clade llega hoy a los cines y nada volver\u00e1 a ser igual. Es que este carism\u00e1tico clan lleva la [&hellip;]\" \/>\n<meta property=\"og:url\" content=\"https:\/\/www.eldiario.net\/portal\/2022\/12\/04\/uno-a-uno-todos-los-integrantes-de-la-familia-de-exploradores-de-un-mundo-extrano\/\" \/>\n<meta property=\"og:site_name\" content=\"El Diario - Bolivia\" \/>\n<meta property=\"article:publisher\" content=\"https:\/\/www.facebook.com\/eldiario.bolivia\/\" \/>\n<meta property=\"article:published_time\" content=\"2022-12-04T11:32:26+00:00\" \/>\n<meta name=\"author\" content=\"Jeanette\" \/>\n<meta name=\"twitter:card\" content=\"summary_large_image\" \/>\n<meta name=\"twitter:creator\" content=\"@eldiario_net\" \/>\n<meta name=\"twitter:site\" content=\"@eldiario_net\" \/>\n<meta name=\"twitter:label1\" content=\"Escrito por\" \/>\n\t<meta name=\"twitter:data1\" content=\"Jeanette\" \/>\n<script type=\"application\/ld+json\" class=\"yoast-schema-graph\">{\"@context\":\"https:\\\/\\\/schema.org\",\"@graph\":[{\"@type\":\"Article\",\"@id\":\"https:\\\/\\\/www.eldiario.net\\\/portal\\\/2022\\\/12\\\/04\\\/uno-a-uno-todos-los-integrantes-de-la-familia-de-exploradores-de-un-mundo-extrano\\\/#article\",\"isPartOf\":{\"@id\":\"https:\\\/\\\/www.eldiario.net\\\/portal\\\/2022\\\/12\\\/04\\\/uno-a-uno-todos-los-integrantes-de-la-familia-de-exploradores-de-un-mundo-extrano\\\/\"},\"author\":{\"name\":\"Jeanette\",\"@id\":\"https:\\\/\\\/www.eldiario.net\\\/portal\\\/#\\\/schema\\\/person\\\/f46445640444750d7d753ccd04ae01b7\"},\"headline\":\"UNO A UNO, TODOS LOS INTEGRANTES DE LA FAMILIA DE EXPLORADORES DE UN MUNDO EXTRA\u00d1O\",\"datePublished\":\"2022-12-04T11:32:26+00:00\",\"mainEntityOfPage\":{\"@id\":\"https:\\\/\\\/www.eldiario.net\\\/portal\\\/2022\\\/12\\\/04\\\/uno-a-uno-todos-los-integrantes-de-la-familia-de-exploradores-de-un-mundo-extrano\\\/\"},\"wordCount\":375,\"publisher\":{\"@id\":\"https:\\\/\\\/www.eldiario.net\\\/portal\\\/#organization\"},\"image\":{\"@id\":\"https:\\\/\\\/www.eldiario.net\\\/portal\\\/2022\\\/12\\\/04\\\/uno-a-uno-todos-los-integrantes-de-la-familia-de-exploradores-de-un-mundo-extrano\\\/#primaryimage\"},\"thumbnailUrl\":\"\",\"articleSection\":[\"Cine Mundo\"],\"inLanguage\":\"es\"},{\"@type\":\"WebPage\",\"@id\":\"https:\\\/\\\/www.eldiario.net\\\/portal\\\/2022\\\/12\\\/04\\\/uno-a-uno-todos-los-integrantes-de-la-familia-de-exploradores-de-un-mundo-extrano\\\/\",\"url\":\"https:\\\/\\\/www.eldiario.net\\\/portal\\\/2022\\\/12\\\/04\\\/uno-a-uno-todos-los-integrantes-de-la-familia-de-exploradores-de-un-mundo-extrano\\\/\",\"name\":\"UNO A UNO, TODOS LOS INTEGRANTES DE LA FAMILIA DE EXPLORADORES DE UN MUNDO EXTRA\u00d1O - El Diario - Bolivia\",\"isPartOf\":{\"@id\":\"https:\\\/\\\/www.eldiario.net\\\/portal\\\/#website\"},\"primaryImageOfPage\":{\"@id\":\"https:\\\/\\\/www.eldiario.net\\\/portal\\\/2022\\\/12\\\/04\\\/uno-a-uno-todos-los-integrantes-de-la-familia-de-exploradores-de-un-mundo-extrano\\\/#primaryimage\"},\"image\":{\"@id\":\"https:\\\/\\\/www.eldiario.net\\\/portal\\\/2022\\\/12\\\/04\\\/uno-a-uno-todos-los-integrantes-de-la-familia-de-exploradores-de-un-mundo-extrano\\\/#primaryimage\"},\"thumbnailUrl\":\"\",\"datePublished\":\"2022-12-04T11:32:26+00:00\",\"breadcrumb\":{\"@id\":\"https:\\\/\\\/www.eldiario.net\\\/portal\\\/2022\\\/12\\\/04\\\/uno-a-uno-todos-los-integrantes-de-la-familia-de-exploradores-de-un-mundo-extrano\\\/#breadcrumb\"},\"inLanguage\":\"es\",\"potentialAction\":[{\"@type\":\"ReadAction\",\"target\":[\"https:\\\/\\\/www.eldiario.net\\\/portal\\\/2022\\\/12\\\/04\\\/uno-a-uno-todos-los-integrantes-de-la-familia-de-exploradores-de-un-mundo-extrano\\\/\"]}]},{\"@type\":\"ImageObject\",\"inLanguage\":\"es\",\"@id\":\"https:\\\/\\\/www.eldiario.net\\\/portal\\\/2022\\\/12\\\/04\\\/uno-a-uno-todos-los-integrantes-de-la-familia-de-exploradores-de-un-mundo-extrano\\\/#primaryimage\",\"url\":\"\",\"contentUrl\":\"\"},{\"@type\":\"BreadcrumbList\",\"@id\":\"https:\\\/\\\/www.eldiario.net\\\/portal\\\/2022\\\/12\\\/04\\\/uno-a-uno-todos-los-integrantes-de-la-familia-de-exploradores-de-un-mundo-extrano\\\/#breadcrumb\",\"itemListElement\":[{\"@type\":\"ListItem\",\"position\":1,\"name\":\"Portada\",\"item\":\"https:\\\/\\\/www.eldiario.net\\\/portal\\\/\"},{\"@type\":\"ListItem\",\"position\":2,\"name\":\"UNO A UNO, TODOS LOS INTEGRANTES DE LA FAMILIA DE EXPLORADORES DE UN MUNDO EXTRA\u00d1O\"}]},{\"@type\":\"WebSite\",\"@id\":\"https:\\\/\\\/www.eldiario.net\\\/portal\\\/#website\",\"url\":\"https:\\\/\\\/www.eldiario.net\\\/portal\\\/\",\"name\":\"El Diario - Decano de la prensa nacional\",\"description\":\"El Diario - Decano de la prensa nacional\",\"publisher\":{\"@id\":\"https:\\\/\\\/www.eldiario.net\\\/portal\\\/#organization\"},\"potentialAction\":[{\"@type\":\"SearchAction\",\"target\":{\"@type\":\"EntryPoint\",\"urlTemplate\":\"https:\\\/\\\/www.eldiario.net\\\/portal\\\/?s={search_term_string}\"},\"query-input\":{\"@type\":\"PropertyValueSpecification\",\"valueRequired\":true,\"valueName\":\"search_term_string\"}}],\"inLanguage\":\"es\"},{\"@type\":\"Organization\",\"@id\":\"https:\\\/\\\/www.eldiario.net\\\/portal\\\/#organization\",\"name\":\"El Diario - Decano de la prensa nacional\",\"url\":\"https:\\\/\\\/www.eldiario.net\\\/portal\\\/\",\"logo\":{\"@type\":\"ImageObject\",\"inLanguage\":\"es\",\"@id\":\"https:\\\/\\\/www.eldiario.net\\\/portal\\\/#\\\/schema\\\/logo\\\/image\\\/\",\"url\":\"https:\\\/\\\/www.eldiario.net\\\/portal\\\/wp-content\\\/uploads\\\/2023\\\/07\\\/logo_ED.jpg\",\"contentUrl\":\"https:\\\/\\\/www.eldiario.net\\\/portal\\\/wp-content\\\/uploads\\\/2023\\\/07\\\/logo_ED.jpg\",\"width\":272,\"height\":52,\"caption\":\"El Diario - Decano de la prensa nacional\"},\"image\":{\"@id\":\"https:\\\/\\\/www.eldiario.net\\\/portal\\\/#\\\/schema\\\/logo\\\/image\\\/\"},\"sameAs\":[\"https:\\\/\\\/www.facebook.com\\\/eldiario.bolivia\\\/\",\"https:\\\/\\\/x.com\\\/eldiario_net\"]},{\"@type\":\"Person\",\"@id\":\"https:\\\/\\\/www.eldiario.net\\\/portal\\\/#\\\/schema\\\/person\\\/f46445640444750d7d753ccd04ae01b7\",\"name\":\"Jeanette\",\"image\":{\"@type\":\"ImageObject\",\"inLanguage\":\"es\",\"@id\":\"https:\\\/\\\/secure.gravatar.com\\\/avatar\\\/3ea2118a5f7dad2b7138b1187a6b7ee55f160b9968b66013c3a3ef39dd7e5798?s=96&d=mm&r=g\",\"url\":\"https:\\\/\\\/secure.gravatar.com\\\/avatar\\\/3ea2118a5f7dad2b7138b1187a6b7ee55f160b9968b66013c3a3ef39dd7e5798?s=96&d=mm&r=g\",\"contentUrl\":\"https:\\\/\\\/secure.gravatar.com\\\/avatar\\\/3ea2118a5f7dad2b7138b1187a6b7ee55f160b9968b66013c3a3ef39dd7e5798?s=96&d=mm&r=g\",\"caption\":\"Jeanette\"},\"sameAs\":[\"https:\\\/\\\/www.eldiario.net\\\/portal\"],\"url\":\"https:\\\/\\\/www.eldiario.net\\\/portal\\\/author\\\/jeanette\\\/\"}]}<\/script>\n<!-- \/ Yoast SEO plugin. -->","yoast_head_json":{"title":"UNO A UNO, TODOS LOS INTEGRANTES DE LA FAMILIA DE EXPLORADORES DE UN MUNDO EXTRA\u00d1O - El Diario - Bolivia","robots":{"index":"index","follow":"follow","max-snippet":"max-snippet:-1","max-image-preview":"max-image-preview:large","max-video-preview":"max-video-preview:-1"},"canonical":"https:\/\/www.eldiario.net\/portal\/2022\/12\/04\/uno-a-uno-todos-los-integrantes-de-la-familia-de-exploradores-de-un-mundo-extrano\/","og_locale":"es_ES","og_type":"article","og_title":"UNO A UNO, TODOS LOS INTEGRANTES DE LA FAMILIA DE EXPLORADORES DE UN MUNDO EXTRA\u00d1O - El Diario - Bolivia","og_description":"LOS CLADE VIAJAN A UN FASCINANTE MUNDO PARA ENFRENTAR UNA MISI\u00d3N SIN PRECEDENTES EL ELENCO DE VOCES ORIGINALES EN INGL\u00c9S EST\u00c1 ENCABEZADO POR JAKE GYLLENHAAL, DENNIS QUAID, JABOUKIE YOUNG-WHITE, GABRIELLE UNION Y LUCY LIU La familia Clade llega hoy a los cines y nada volver\u00e1 a ser igual. Es que este carism\u00e1tico clan lleva la [&hellip;]","og_url":"https:\/\/www.eldiario.net\/portal\/2022\/12\/04\/uno-a-uno-todos-los-integrantes-de-la-familia-de-exploradores-de-un-mundo-extrano\/","og_site_name":"El Diario - Bolivia","article_publisher":"https:\/\/www.facebook.com\/eldiario.bolivia\/","article_published_time":"2022-12-04T11:32:26+00:00","author":"Jeanette","twitter_card":"summary_large_image","twitter_creator":"@eldiario_net","twitter_site":"@eldiario_net","twitter_misc":{"Escrito por":"Jeanette"},"schema":{"@context":"https:\/\/schema.org","@graph":[{"@type":"Article","@id":"https:\/\/www.eldiario.net\/portal\/2022\/12\/04\/uno-a-uno-todos-los-integrantes-de-la-familia-de-exploradores-de-un-mundo-extrano\/#article","isPartOf":{"@id":"https:\/\/www.eldiario.net\/portal\/2022\/12\/04\/uno-a-uno-todos-los-integrantes-de-la-familia-de-exploradores-de-un-mundo-extrano\/"},"author":{"name":"Jeanette","@id":"https:\/\/www.eldiario.net\/portal\/#\/schema\/person\/f46445640444750d7d753ccd04ae01b7"},"headline":"UNO A UNO, TODOS LOS INTEGRANTES DE LA FAMILIA DE EXPLORADORES DE UN MUNDO EXTRA\u00d1O","datePublished":"2022-12-04T11:32:26+00:00","mainEntityOfPage":{"@id":"https:\/\/www.eldiario.net\/portal\/2022\/12\/04\/uno-a-uno-todos-los-integrantes-de-la-familia-de-exploradores-de-un-mundo-extrano\/"},"wordCount":375,"publisher":{"@id":"https:\/\/www.eldiario.net\/portal\/#organization"},"image":{"@id":"https:\/\/www.eldiario.net\/portal\/2022\/12\/04\/uno-a-uno-todos-los-integrantes-de-la-familia-de-exploradores-de-un-mundo-extrano\/#primaryimage"},"thumbnailUrl":"","articleSection":["Cine Mundo"],"inLanguage":"es"},{"@type":"WebPage","@id":"https:\/\/www.eldiario.net\/portal\/2022\/12\/04\/uno-a-uno-todos-los-integrantes-de-la-familia-de-exploradores-de-un-mundo-extrano\/","url":"https:\/\/www.eldiario.net\/portal\/2022\/12\/04\/uno-a-uno-todos-los-integrantes-de-la-familia-de-exploradores-de-un-mundo-extrano\/","name":"UNO A UNO, TODOS LOS INTEGRANTES DE LA FAMILIA DE EXPLORADORES DE UN MUNDO EXTRA\u00d1O - El Diario - Bolivia","isPartOf":{"@id":"https:\/\/www.eldiario.net\/portal\/#website"},"primaryImageOfPage":{"@id":"https:\/\/www.eldiario.net\/portal\/2022\/12\/04\/uno-a-uno-todos-los-integrantes-de-la-familia-de-exploradores-de-un-mundo-extrano\/#primaryimage"},"image":{"@id":"https:\/\/www.eldiario.net\/portal\/2022\/12\/04\/uno-a-uno-todos-los-integrantes-de-la-familia-de-exploradores-de-un-mundo-extrano\/#primaryimage"},"thumbnailUrl":"","datePublished":"2022-12-04T11:32:26+00:00","breadcrumb":{"@id":"https:\/\/www.eldiario.net\/portal\/2022\/12\/04\/uno-a-uno-todos-los-integrantes-de-la-familia-de-exploradores-de-un-mundo-extrano\/#breadcrumb"},"inLanguage":"es","potentialAction":[{"@type":"ReadAction","target":["https:\/\/www.eldiario.net\/portal\/2022\/12\/04\/uno-a-uno-todos-los-integrantes-de-la-familia-de-exploradores-de-un-mundo-extrano\/"]}]},{"@type":"ImageObject","inLanguage":"es","@id":"https:\/\/www.eldiario.net\/portal\/2022\/12\/04\/uno-a-uno-todos-los-integrantes-de-la-familia-de-exploradores-de-un-mundo-extrano\/#primaryimage","url":"","contentUrl":""},{"@type":"BreadcrumbList","@id":"https:\/\/www.eldiario.net\/portal\/2022\/12\/04\/uno-a-uno-todos-los-integrantes-de-la-familia-de-exploradores-de-un-mundo-extrano\/#breadcrumb","itemListElement":[{"@type":"ListItem","position":1,"name":"Portada","item":"https:\/\/www.eldiario.net\/portal\/"},{"@type":"ListItem","position":2,"name":"UNO A UNO, TODOS LOS INTEGRANTES DE LA FAMILIA DE EXPLORADORES DE UN MUNDO EXTRA\u00d1O"}]},{"@type":"WebSite","@id":"https:\/\/www.eldiario.net\/portal\/#website","url":"https:\/\/www.eldiario.net\/portal\/","name":"El Diario - Decano de la prensa nacional","description":"El Diario - Decano de la prensa nacional","publisher":{"@id":"https:\/\/www.eldiario.net\/portal\/#organization"},"potentialAction":[{"@type":"SearchAction","target":{"@type":"EntryPoint","urlTemplate":"https:\/\/www.eldiario.net\/portal\/?s={search_term_string}"},"query-input":{"@type":"PropertyValueSpecification","valueRequired":true,"valueName":"search_term_string"}}],"inLanguage":"es"},{"@type":"Organization","@id":"https:\/\/www.eldiario.net\/portal\/#organization","name":"El Diario - Decano de la prensa nacional","url":"https:\/\/www.eldiario.net\/portal\/","logo":{"@type":"ImageObject","inLanguage":"es","@id":"https:\/\/www.eldiario.net\/portal\/#\/schema\/logo\/image\/","url":"https:\/\/www.eldiario.net\/portal\/wp-content\/uploads\/2023\/07\/logo_ED.jpg","contentUrl":"https:\/\/www.eldiario.net\/portal\/wp-content\/uploads\/2023\/07\/logo_ED.jpg","width":272,"height":52,"caption":"El Diario - Decano de la prensa nacional"},"image":{"@id":"https:\/\/www.eldiario.net\/portal\/#\/schema\/logo\/image\/"},"sameAs":["https:\/\/www.facebook.com\/eldiario.bolivia\/","https:\/\/x.com\/eldiario_net"]},{"@type":"Person","@id":"https:\/\/www.eldiario.net\/portal\/#\/schema\/person\/f46445640444750d7d753ccd04ae01b7","name":"Jeanette","image":{"@type":"ImageObject","inLanguage":"es","@id":"https:\/\/secure.gravatar.com\/avatar\/3ea2118a5f7dad2b7138b1187a6b7ee55f160b9968b66013c3a3ef39dd7e5798?s=96&d=mm&r=g","url":"https:\/\/secure.gravatar.com\/avatar\/3ea2118a5f7dad2b7138b1187a6b7ee55f160b9968b66013c3a3ef39dd7e5798?s=96&d=mm&r=g","contentUrl":"https:\/\/secure.gravatar.com\/avatar\/3ea2118a5f7dad2b7138b1187a6b7ee55f160b9968b66013c3a3ef39dd7e5798?s=96&d=mm&r=g","caption":"Jeanette"},"sameAs":["https:\/\/www.eldiario.net\/portal"],"url":"https:\/\/www.eldiario.net\/portal\/author\/jeanette\/"}]}},"_links":{"self":[{"href":"https:\/\/www.eldiario.net\/portal\/wp-json\/wp\/v2\/posts\/125728","targetHints":{"allow":["GET"]}}],"collection":[{"href":"https:\/\/www.eldiario.net\/portal\/wp-json\/wp\/v2\/posts"}],"about":[{"href":"https:\/\/www.eldiario.net\/portal\/wp-json\/wp\/v2\/types\/post"}],"author":[{"embeddable":true,"href":"https:\/\/www.eldiario.net\/portal\/wp-json\/wp\/v2\/users\/1"}],"replies":[{"embeddable":true,"href":"https:\/\/www.eldiario.net\/portal\/wp-json\/wp\/v2\/comments?post=125728"}],"version-history":[{"count":0,"href":"https:\/\/www.eldiario.net\/portal\/wp-json\/wp\/v2\/posts\/125728\/revisions"}],"wp:attachment":[{"href":"https:\/\/www.eldiario.net\/portal\/wp-json\/wp\/v2\/media?parent=125728"}],"wp:term":[{"taxonomy":"category","embeddable":true,"href":"https:\/\/www.eldiario.net\/portal\/wp-json\/wp\/v2\/categories?post=125728"},{"taxonomy":"post_tag","embeddable":true,"href":"https:\/\/www.eldiario.net\/portal\/wp-json\/wp\/v2\/tags?post=125728"}],"curies":[{"name":"wp","href":"https:\/\/api.w.org\/{rel}","templated":true}]}}