{"id":125693,"date":"2022-12-04T07:13:02","date_gmt":"2022-12-04T11:13:02","guid":{"rendered":"https:\/\/www.eldiario.net\/portal\/?p=125693"},"modified":"2022-12-04T07:13:02","modified_gmt":"2022-12-04T11:13:02","slug":"comision-tecnica-analizara-proyecto-caminero-villa-tunari-san-ignacio","status":"publish","type":"post","link":"https:\/\/www.eldiario.net\/portal\/2022\/12\/04\/comision-tecnica-analizara-proyecto-caminero-villa-tunari-san-ignacio\/","title":{"rendered":"Comisi\u00f3n t\u00e9cnica analizar\u00e1 proyecto  caminero Villa Tunari -San Ignacio"},"content":{"rendered":"<p>Autoridades de las gobernaciones de Cochabamba y Beni conformaron una comisi\u00f3n t\u00e9cnica encargada de analizar alternativas de vinculaci\u00f3n caminera y ver el proyecto Villa Tunari-San Ignacio de Moxos. El primer informe ser\u00eda presentado el pr\u00f3ximo el 15 de diciembre.<\/p>\n<p>Delegaciones de ambos gobiernos acordaron que este informe, una vez concluido, ser\u00e1 socializado con las comunidades ind\u00edgenas. El objetivo es que el pr\u00f3ximo a\u00f1o se tenga dise\u00f1ado un Plan Estrat\u00e9gico para que el 2024 sea presentado a consideraci\u00f3n del presidente del Estado, Luis Arce Catacora.<\/p>\n<p>En este prop\u00f3sito, el gobernador de Cochabamba Humberto S\u00e1nchez, su secretario de Planificaci\u00f3n, Jos\u00e9 Guillermo Bazoverry y la alcaldesa de Villa Tunari, Segundina Orellana, visitaron el viernes la ciudad de Trinidad donde se reunieron con una delegaci\u00f3n del Beni, encabezada por el secretario general Fernando Arias y otros altos funcionarios designados por el gobernador Alejandro Unzueta.<\/p>\n<p>S\u00e1nchez explic\u00f3 que analizar\u00e1n el proyecto Villa Tunari-San Ignacio de Moxos y ratific\u00f3 el deseo conjunto de continuar con este proyecto anhelado por ambos departamentos, tomando en cuenta que ser\u00e1 parte del corredor bioce\u00e1nico que une el Atl\u00e1ntico con el Pac\u00edfico y facilitar\u00e1 una apertura hacia el Estado de Rondonia, Brasil.<\/p>\n<p>\u201cEsto puede dinamizar la econom\u00eda conociendo la potencialidad c\u00e1rnica y productiva de arroz que tiene el Beni. El Beni ofrece arroz a Santa Cruz y Santa Cruz nos revende, pero con esta carretera ya ser\u00eda de manera directa del productor y al consumidor\u201d, declar\u00f3 al confirmar que el pr\u00f3ximo encuentro ser\u00e1 el 15 de diciembre.<\/p>\n<p>Por su lado, Arias manifest\u00f3 que esta carretera permitir\u00e1 que el pueblo beniano reciba productos agr\u00edcolas a bajos precios porque cada vez que hay un bloqueo en Santa Cruz suben de precio y la idea del Gobernador Unzueta es ofrecer un polo de desarrollo.<\/p>\n<p>Dijo que la reuni\u00f3n ha sido productiva porque Cochabamba tiene la misma visi\u00f3n y quiere integrarse al Beni en procura de un desarrollo arm\u00f3nico.<\/p>\n<p>Puntualiz\u00f3 que ambas autoridades consideran importante la participaci\u00f3n de los pueblos ind\u00edgenas del Tipnis, porque son los m\u00e1s requieren esta v\u00eda para sacar sus productos y que el Estado tambi\u00e9n ofrezca la oportunidad de mejorar su calidad de vida con la dotaci\u00f3n de servicios b\u00e1sicos.<\/p>\n<p>\u201cEl gobernador puso en el tapete y, hoy por hoy, ya estamos viendo los resultados. El pa\u00eds necesita esta carretera y el Beni as\u00ed lo ha entendido apoyando la gesti\u00f3n del gobernador\u201d, manifest\u00f3.<\/p>\n<p>Las autoridades del Beni ratificaron su voluntad de trabajo y compromiso de trabajar por la vinculaci\u00f3n caminera para consolidar el desarrollo interdepartamental. (Trinidad, Erbol)<\/p>\n","protected":false},"excerpt":{"rendered":"<p>Autoridades de las gobernaciones de Cochabamba y Beni conformaron una comisi\u00f3n t\u00e9cnica encargada de analizar alternativas de vinculaci\u00f3n caminera y ver el proyecto Villa Tunari-San Ignacio de Moxos. El primer informe ser\u00eda presentado el pr\u00f3ximo el 15 de diciembre. Delegaciones de ambos gobiernos acordaron que este informe, una vez concluido, ser\u00e1 socializado con las comunidades [&hellip;]<\/p>\n","protected":false},"author":1,"featured_media":125694,"comment_status":"closed","ping_status":"closed","sticky":false,"template":"","format":"standard","meta":{"_acf_changed":false,"footnotes":""},"categories":[12],"tags":[],"class_list":["post-125693","post","type-post","status-publish","format-standard","has-post-thumbnail","category-nacional"],"acf":{"antetitulo":""},"yoast_head":"<!-- This site is optimized with the Yoast SEO plugin v28.3 - https:\/\/yoast.com\/product\/yoast-seo-wordpress\/ -->\n<title>Comisi\u00f3n t\u00e9cnica analizar\u00e1 proyecto caminero Villa Tunari -San Ignacio - El Diario - Bolivia<\/title>\n<meta name=\"robots\" content=\"index, follow, max-snippet:-1, max-image-preview:large, max-video-preview:-1\" \/>\n<link rel=\"canonical\" href=\"https:\/\/www.eldiario.net\/portal\/2022\/12\/04\/comision-tecnica-analizara-proyecto-caminero-villa-tunari-san-ignacio\/\" \/>\n<meta property=\"og:locale\" content=\"es_ES\" \/>\n<meta property=\"og:type\" content=\"article\" \/>\n<meta property=\"og:title\" content=\"Comisi\u00f3n t\u00e9cnica analizar\u00e1 proyecto caminero Villa Tunari -San Ignacio - El Diario - Bolivia\" \/>\n<meta property=\"og:description\" content=\"Autoridades de las gobernaciones de Cochabamba y Beni conformaron una comisi\u00f3n t\u00e9cnica encargada de analizar alternativas de vinculaci\u00f3n caminera y ver el proyecto Villa Tunari-San Ignacio de Moxos. El primer informe ser\u00eda presentado el pr\u00f3ximo el 15 de diciembre. Delegaciones de ambos gobiernos acordaron que este informe, una vez concluido, ser\u00e1 socializado con las comunidades [&hellip;]\" \/>\n<meta property=\"og:url\" content=\"https:\/\/www.eldiario.net\/portal\/2022\/12\/04\/comision-tecnica-analizara-proyecto-caminero-villa-tunari-san-ignacio\/\" \/>\n<meta property=\"og:site_name\" content=\"El Diario - Bolivia\" \/>\n<meta property=\"article:publisher\" content=\"https:\/\/www.facebook.com\/eldiario.bolivia\/\" \/>\n<meta property=\"article:published_time\" content=\"2022-12-04T11:13:02+00:00\" \/>\n<meta name=\"author\" content=\"Jeanette\" \/>\n<meta name=\"twitter:card\" content=\"summary_large_image\" \/>\n<meta name=\"twitter:creator\" content=\"@eldiario_net\" \/>\n<meta name=\"twitter:site\" content=\"@eldiario_net\" \/>\n<meta name=\"twitter:label1\" content=\"Escrito por\" \/>\n\t<meta name=\"twitter:data1\" content=\"Jeanette\" \/>\n\t<meta name=\"twitter:label2\" content=\"Tiempo de lectura\" \/>\n\t<meta name=\"twitter:data2\" content=\"2 minutos\" \/>\n<script type=\"application\/ld+json\" class=\"yoast-schema-graph\">{\"@context\":\"https:\\\/\\\/schema.org\",\"@graph\":[{\"@type\":\"Article\",\"@id\":\"https:\\\/\\\/www.eldiario.net\\\/portal\\\/2022\\\/12\\\/04\\\/comision-tecnica-analizara-proyecto-caminero-villa-tunari-san-ignacio\\\/#article\",\"isPartOf\":{\"@id\":\"https:\\\/\\\/www.eldiario.net\\\/portal\\\/2022\\\/12\\\/04\\\/comision-tecnica-analizara-proyecto-caminero-villa-tunari-san-ignacio\\\/\"},\"author\":{\"name\":\"Jeanette\",\"@id\":\"https:\\\/\\\/www.eldiario.net\\\/portal\\\/#\\\/schema\\\/person\\\/f46445640444750d7d753ccd04ae01b7\"},\"headline\":\"Comisi\u00f3n t\u00e9cnica analizar\u00e1 proyecto caminero Villa Tunari -San Ignacio\",\"datePublished\":\"2022-12-04T11:13:02+00:00\",\"mainEntityOfPage\":{\"@id\":\"https:\\\/\\\/www.eldiario.net\\\/portal\\\/2022\\\/12\\\/04\\\/comision-tecnica-analizara-proyecto-caminero-villa-tunari-san-ignacio\\\/\"},\"wordCount\":462,\"publisher\":{\"@id\":\"https:\\\/\\\/www.eldiario.net\\\/portal\\\/#organization\"},\"image\":{\"@id\":\"https:\\\/\\\/www.eldiario.net\\\/portal\\\/2022\\\/12\\\/04\\\/comision-tecnica-analizara-proyecto-caminero-villa-tunari-san-ignacio\\\/#primaryimage\"},\"thumbnailUrl\":\"\",\"articleSection\":[\"Nacional\"],\"inLanguage\":\"es\"},{\"@type\":\"WebPage\",\"@id\":\"https:\\\/\\\/www.eldiario.net\\\/portal\\\/2022\\\/12\\\/04\\\/comision-tecnica-analizara-proyecto-caminero-villa-tunari-san-ignacio\\\/\",\"url\":\"https:\\\/\\\/www.eldiario.net\\\/portal\\\/2022\\\/12\\\/04\\\/comision-tecnica-analizara-proyecto-caminero-villa-tunari-san-ignacio\\\/\",\"name\":\"Comisi\u00f3n t\u00e9cnica analizar\u00e1 proyecto caminero Villa Tunari -San Ignacio - El Diario - Bolivia\",\"isPartOf\":{\"@id\":\"https:\\\/\\\/www.eldiario.net\\\/portal\\\/#website\"},\"primaryImageOfPage\":{\"@id\":\"https:\\\/\\\/www.eldiario.net\\\/portal\\\/2022\\\/12\\\/04\\\/comision-tecnica-analizara-proyecto-caminero-villa-tunari-san-ignacio\\\/#primaryimage\"},\"image\":{\"@id\":\"https:\\\/\\\/www.eldiario.net\\\/portal\\\/2022\\\/12\\\/04\\\/comision-tecnica-analizara-proyecto-caminero-villa-tunari-san-ignacio\\\/#primaryimage\"},\"thumbnailUrl\":\"\",\"datePublished\":\"2022-12-04T11:13:02+00:00\",\"breadcrumb\":{\"@id\":\"https:\\\/\\\/www.eldiario.net\\\/portal\\\/2022\\\/12\\\/04\\\/comision-tecnica-analizara-proyecto-caminero-villa-tunari-san-ignacio\\\/#breadcrumb\"},\"inLanguage\":\"es\",\"potentialAction\":[{\"@type\":\"ReadAction\",\"target\":[\"https:\\\/\\\/www.eldiario.net\\\/portal\\\/2022\\\/12\\\/04\\\/comision-tecnica-analizara-proyecto-caminero-villa-tunari-san-ignacio\\\/\"]}]},{\"@type\":\"ImageObject\",\"inLanguage\":\"es\",\"@id\":\"https:\\\/\\\/www.eldiario.net\\\/portal\\\/2022\\\/12\\\/04\\\/comision-tecnica-analizara-proyecto-caminero-villa-tunari-san-ignacio\\\/#primaryimage\",\"url\":\"\",\"contentUrl\":\"\"},{\"@type\":\"BreadcrumbList\",\"@id\":\"https:\\\/\\\/www.eldiario.net\\\/portal\\\/2022\\\/12\\\/04\\\/comision-tecnica-analizara-proyecto-caminero-villa-tunari-san-ignacio\\\/#breadcrumb\",\"itemListElement\":[{\"@type\":\"ListItem\",\"position\":1,\"name\":\"Portada\",\"item\":\"https:\\\/\\\/www.eldiario.net\\\/portal\\\/\"},{\"@type\":\"ListItem\",\"position\":2,\"name\":\"Comisi\u00f3n t\u00e9cnica analizar\u00e1 proyecto caminero Villa Tunari -San Ignacio\"}]},{\"@type\":\"WebSite\",\"@id\":\"https:\\\/\\\/www.eldiario.net\\\/portal\\\/#website\",\"url\":\"https:\\\/\\\/www.eldiario.net\\\/portal\\\/\",\"name\":\"El Diario - Decano de la prensa nacional\",\"description\":\"El Diario - Decano de la prensa nacional\",\"publisher\":{\"@id\":\"https:\\\/\\\/www.eldiario.net\\\/portal\\\/#organization\"},\"potentialAction\":[{\"@type\":\"SearchAction\",\"target\":{\"@type\":\"EntryPoint\",\"urlTemplate\":\"https:\\\/\\\/www.eldiario.net\\\/portal\\\/?s={search_term_string}\"},\"query-input\":{\"@type\":\"PropertyValueSpecification\",\"valueRequired\":true,\"valueName\":\"search_term_string\"}}],\"inLanguage\":\"es\"},{\"@type\":\"Organization\",\"@id\":\"https:\\\/\\\/www.eldiario.net\\\/portal\\\/#organization\",\"name\":\"El Diario - Decano de la prensa nacional\",\"url\":\"https:\\\/\\\/www.eldiario.net\\\/portal\\\/\",\"logo\":{\"@type\":\"ImageObject\",\"inLanguage\":\"es\",\"@id\":\"https:\\\/\\\/www.eldiario.net\\\/portal\\\/#\\\/schema\\\/logo\\\/image\\\/\",\"url\":\"https:\\\/\\\/www.eldiario.net\\\/portal\\\/wp-content\\\/uploads\\\/2023\\\/07\\\/logo_ED.jpg\",\"contentUrl\":\"https:\\\/\\\/www.eldiario.net\\\/portal\\\/wp-content\\\/uploads\\\/2023\\\/07\\\/logo_ED.jpg\",\"width\":272,\"height\":52,\"caption\":\"El Diario - Decano de la prensa nacional\"},\"image\":{\"@id\":\"https:\\\/\\\/www.eldiario.net\\\/portal\\\/#\\\/schema\\\/logo\\\/image\\\/\"},\"sameAs\":[\"https:\\\/\\\/www.facebook.com\\\/eldiario.bolivia\\\/\",\"https:\\\/\\\/x.com\\\/eldiario_net\"]},{\"@type\":\"Person\",\"@id\":\"https:\\\/\\\/www.eldiario.net\\\/portal\\\/#\\\/schema\\\/person\\\/f46445640444750d7d753ccd04ae01b7\",\"name\":\"Jeanette\",\"image\":{\"@type\":\"ImageObject\",\"inLanguage\":\"es\",\"@id\":\"https:\\\/\\\/secure.gravatar.com\\\/avatar\\\/3ea2118a5f7dad2b7138b1187a6b7ee55f160b9968b66013c3a3ef39dd7e5798?s=96&d=mm&r=g\",\"url\":\"https:\\\/\\\/secure.gravatar.com\\\/avatar\\\/3ea2118a5f7dad2b7138b1187a6b7ee55f160b9968b66013c3a3ef39dd7e5798?s=96&d=mm&r=g\",\"contentUrl\":\"https:\\\/\\\/secure.gravatar.com\\\/avatar\\\/3ea2118a5f7dad2b7138b1187a6b7ee55f160b9968b66013c3a3ef39dd7e5798?s=96&d=mm&r=g\",\"caption\":\"Jeanette\"},\"sameAs\":[\"https:\\\/\\\/www.eldiario.net\\\/portal\"],\"url\":\"https:\\\/\\\/www.eldiario.net\\\/portal\\\/author\\\/jeanette\\\/\"}]}<\/script>\n<!-- \/ Yoast SEO plugin. -->","yoast_head_json":{"title":"Comisi\u00f3n t\u00e9cnica analizar\u00e1 proyecto caminero Villa Tunari -San Ignacio - El Diario - Bolivia","robots":{"index":"index","follow":"follow","max-snippet":"max-snippet:-1","max-image-preview":"max-image-preview:large","max-video-preview":"max-video-preview:-1"},"canonical":"https:\/\/www.eldiario.net\/portal\/2022\/12\/04\/comision-tecnica-analizara-proyecto-caminero-villa-tunari-san-ignacio\/","og_locale":"es_ES","og_type":"article","og_title":"Comisi\u00f3n t\u00e9cnica analizar\u00e1 proyecto caminero Villa Tunari -San Ignacio - El Diario - Bolivia","og_description":"Autoridades de las gobernaciones de Cochabamba y Beni conformaron una comisi\u00f3n t\u00e9cnica encargada de analizar alternativas de vinculaci\u00f3n caminera y ver el proyecto Villa Tunari-San Ignacio de Moxos. El primer informe ser\u00eda presentado el pr\u00f3ximo el 15 de diciembre. Delegaciones de ambos gobiernos acordaron que este informe, una vez concluido, ser\u00e1 socializado con las comunidades [&hellip;]","og_url":"https:\/\/www.eldiario.net\/portal\/2022\/12\/04\/comision-tecnica-analizara-proyecto-caminero-villa-tunari-san-ignacio\/","og_site_name":"El Diario - Bolivia","article_publisher":"https:\/\/www.facebook.com\/eldiario.bolivia\/","article_published_time":"2022-12-04T11:13:02+00:00","author":"Jeanette","twitter_card":"summary_large_image","twitter_creator":"@eldiario_net","twitter_site":"@eldiario_net","twitter_misc":{"Escrito por":"Jeanette","Tiempo de lectura":"2 minutos"},"schema":{"@context":"https:\/\/schema.org","@graph":[{"@type":"Article","@id":"https:\/\/www.eldiario.net\/portal\/2022\/12\/04\/comision-tecnica-analizara-proyecto-caminero-villa-tunari-san-ignacio\/#article","isPartOf":{"@id":"https:\/\/www.eldiario.net\/portal\/2022\/12\/04\/comision-tecnica-analizara-proyecto-caminero-villa-tunari-san-ignacio\/"},"author":{"name":"Jeanette","@id":"https:\/\/www.eldiario.net\/portal\/#\/schema\/person\/f46445640444750d7d753ccd04ae01b7"},"headline":"Comisi\u00f3n t\u00e9cnica analizar\u00e1 proyecto caminero Villa Tunari -San Ignacio","datePublished":"2022-12-04T11:13:02+00:00","mainEntityOfPage":{"@id":"https:\/\/www.eldiario.net\/portal\/2022\/12\/04\/comision-tecnica-analizara-proyecto-caminero-villa-tunari-san-ignacio\/"},"wordCount":462,"publisher":{"@id":"https:\/\/www.eldiario.net\/portal\/#organization"},"image":{"@id":"https:\/\/www.eldiario.net\/portal\/2022\/12\/04\/comision-tecnica-analizara-proyecto-caminero-villa-tunari-san-ignacio\/#primaryimage"},"thumbnailUrl":"","articleSection":["Nacional"],"inLanguage":"es"},{"@type":"WebPage","@id":"https:\/\/www.eldiario.net\/portal\/2022\/12\/04\/comision-tecnica-analizara-proyecto-caminero-villa-tunari-san-ignacio\/","url":"https:\/\/www.eldiario.net\/portal\/2022\/12\/04\/comision-tecnica-analizara-proyecto-caminero-villa-tunari-san-ignacio\/","name":"Comisi\u00f3n t\u00e9cnica analizar\u00e1 proyecto caminero Villa Tunari -San Ignacio - El Diario - Bolivia","isPartOf":{"@id":"https:\/\/www.eldiario.net\/portal\/#website"},"primaryImageOfPage":{"@id":"https:\/\/www.eldiario.net\/portal\/2022\/12\/04\/comision-tecnica-analizara-proyecto-caminero-villa-tunari-san-ignacio\/#primaryimage"},"image":{"@id":"https:\/\/www.eldiario.net\/portal\/2022\/12\/04\/comision-tecnica-analizara-proyecto-caminero-villa-tunari-san-ignacio\/#primaryimage"},"thumbnailUrl":"","datePublished":"2022-12-04T11:13:02+00:00","breadcrumb":{"@id":"https:\/\/www.eldiario.net\/portal\/2022\/12\/04\/comision-tecnica-analizara-proyecto-caminero-villa-tunari-san-ignacio\/#breadcrumb"},"inLanguage":"es","potentialAction":[{"@type":"ReadAction","target":["https:\/\/www.eldiario.net\/portal\/2022\/12\/04\/comision-tecnica-analizara-proyecto-caminero-villa-tunari-san-ignacio\/"]}]},{"@type":"ImageObject","inLanguage":"es","@id":"https:\/\/www.eldiario.net\/portal\/2022\/12\/04\/comision-tecnica-analizara-proyecto-caminero-villa-tunari-san-ignacio\/#primaryimage","url":"","contentUrl":""},{"@type":"BreadcrumbList","@id":"https:\/\/www.eldiario.net\/portal\/2022\/12\/04\/comision-tecnica-analizara-proyecto-caminero-villa-tunari-san-ignacio\/#breadcrumb","itemListElement":[{"@type":"ListItem","position":1,"name":"Portada","item":"https:\/\/www.eldiario.net\/portal\/"},{"@type":"ListItem","position":2,"name":"Comisi\u00f3n t\u00e9cnica analizar\u00e1 proyecto caminero Villa Tunari -San Ignacio"}]},{"@type":"WebSite","@id":"https:\/\/www.eldiario.net\/portal\/#website","url":"https:\/\/www.eldiario.net\/portal\/","name":"El Diario - Decano de la prensa nacional","description":"El Diario - Decano de la prensa nacional","publisher":{"@id":"https:\/\/www.eldiario.net\/portal\/#organization"},"potentialAction":[{"@type":"SearchAction","target":{"@type":"EntryPoint","urlTemplate":"https:\/\/www.eldiario.net\/portal\/?s={search_term_string}"},"query-input":{"@type":"PropertyValueSpecification","valueRequired":true,"valueName":"search_term_string"}}],"inLanguage":"es"},{"@type":"Organization","@id":"https:\/\/www.eldiario.net\/portal\/#organization","name":"El Diario - Decano de la prensa nacional","url":"https:\/\/www.eldiario.net\/portal\/","logo":{"@type":"ImageObject","inLanguage":"es","@id":"https:\/\/www.eldiario.net\/portal\/#\/schema\/logo\/image\/","url":"https:\/\/www.eldiario.net\/portal\/wp-content\/uploads\/2023\/07\/logo_ED.jpg","contentUrl":"https:\/\/www.eldiario.net\/portal\/wp-content\/uploads\/2023\/07\/logo_ED.jpg","width":272,"height":52,"caption":"El Diario - Decano de la prensa nacional"},"image":{"@id":"https:\/\/www.eldiario.net\/portal\/#\/schema\/logo\/image\/"},"sameAs":["https:\/\/www.facebook.com\/eldiario.bolivia\/","https:\/\/x.com\/eldiario_net"]},{"@type":"Person","@id":"https:\/\/www.eldiario.net\/portal\/#\/schema\/person\/f46445640444750d7d753ccd04ae01b7","name":"Jeanette","image":{"@type":"ImageObject","inLanguage":"es","@id":"https:\/\/secure.gravatar.com\/avatar\/3ea2118a5f7dad2b7138b1187a6b7ee55f160b9968b66013c3a3ef39dd7e5798?s=96&d=mm&r=g","url":"https:\/\/secure.gravatar.com\/avatar\/3ea2118a5f7dad2b7138b1187a6b7ee55f160b9968b66013c3a3ef39dd7e5798?s=96&d=mm&r=g","contentUrl":"https:\/\/secure.gravatar.com\/avatar\/3ea2118a5f7dad2b7138b1187a6b7ee55f160b9968b66013c3a3ef39dd7e5798?s=96&d=mm&r=g","caption":"Jeanette"},"sameAs":["https:\/\/www.eldiario.net\/portal"],"url":"https:\/\/www.eldiario.net\/portal\/author\/jeanette\/"}]}},"_links":{"self":[{"href":"https:\/\/www.eldiario.net\/portal\/wp-json\/wp\/v2\/posts\/125693","targetHints":{"allow":["GET"]}}],"collection":[{"href":"https:\/\/www.eldiario.net\/portal\/wp-json\/wp\/v2\/posts"}],"about":[{"href":"https:\/\/www.eldiario.net\/portal\/wp-json\/wp\/v2\/types\/post"}],"author":[{"embeddable":true,"href":"https:\/\/www.eldiario.net\/portal\/wp-json\/wp\/v2\/users\/1"}],"replies":[{"embeddable":true,"href":"https:\/\/www.eldiario.net\/portal\/wp-json\/wp\/v2\/comments?post=125693"}],"version-history":[{"count":0,"href":"https:\/\/www.eldiario.net\/portal\/wp-json\/wp\/v2\/posts\/125693\/revisions"}],"wp:attachment":[{"href":"https:\/\/www.eldiario.net\/portal\/wp-json\/wp\/v2\/media?parent=125693"}],"wp:term":[{"taxonomy":"category","embeddable":true,"href":"https:\/\/www.eldiario.net\/portal\/wp-json\/wp\/v2\/categories?post=125693"},{"taxonomy":"post_tag","embeddable":true,"href":"https:\/\/www.eldiario.net\/portal\/wp-json\/wp\/v2\/tags?post=125693"}],"curies":[{"name":"wp","href":"https:\/\/api.w.org\/{rel}","templated":true}]}}