{"id":125616,"date":"2022-12-04T06:25:26","date_gmt":"2022-12-04T10:25:26","guid":{"rendered":"https:\/\/www.eldiario.net\/portal\/?p=125616"},"modified":"2022-12-04T06:25:26","modified_gmt":"2022-12-04T10:25:26","slug":"denuncian-ejecucion-de-joven-a-manos-de-un-policia-israeli","status":"publish","type":"post","link":"https:\/\/www.eldiario.net\/portal\/2022\/12\/04\/denuncian-ejecucion-de-joven-a-manos-de-un-policia-israeli\/","title":{"rendered":"Denuncian ejecuci\u00f3n de joven  a manos de un polic\u00eda israel\u00ed"},"content":{"rendered":"<p>La Autoridad Palestina denunci\u00f3 que un joven de 23 a\u00f1os fue ejecutado a sangre fr\u00eda durante una operaci\u00f3n israel\u00ed en la ciudad Cisjordana de Hawara, cerca de Nabl\u00fas, en un incidente grabado en video que desat\u00f3 la ira de la poblaci\u00f3n.<br \/>\n\u201cEs un crimen atroz dentro de la serie de cr\u00edmenes que se cometen a diario contra nuestro pueblo\u201d, seg\u00fan denunci\u00f3 la Presidencia en un comunicado recogido por la agencia oficial de noticias palestinas Wafa.<br \/>\n\u201cEstos cr\u00edmenes, que se convirtieron en pol\u00edtica oficial de los sucesivos gobiernos israel\u00edes, requieren una intervenci\u00f3n urgente para brindar protecci\u00f3n internacional a nuestro pueblo indefenso\u201d, indicaron, antes de condenar el silencio de la comunidad internacional.<br \/>\n\u00abLa ausencia de denuncia llev\u00f3 a la comisi\u00f3n de este tipo de cr\u00edmenes a sangre fr\u00eda. La constante impunidad y la ausencia de rendici\u00f3n de cuentas alent\u00f3 a estos gobiernos a cometer m\u00e1s cr\u00edmenes contra nuestra poblaci\u00f3n\u00bb, lament\u00f3.<br \/>\nLa Polic\u00eda israel\u00ed, por su parte, dijo que el palestino estaba armado con un cuchillo. Primero hab\u00eda intentado entrar en el veh\u00edculo de una pareja israel\u00ed. A continuaci\u00f3n, el conductor, un oficial del Ej\u00e9rcito de permiso, le dispar\u00f3, pero no pudo impedir que despu\u00e9s hiriera con un cuchillo a una persona cercana.<br \/>\nOtro polic\u00eda intent\u00f3 detener al atacante, seg\u00fan las im\u00e1genes captadas en v\u00eddeo en el comienzo de una pelea entre ambos, en la que tambi\u00e9n participan otros dos hombres.<br \/>\nSeg\u00fan la Polic\u00eda israel\u00ed, el palestino intent\u00f3 arrebatar el fusil de asalto al agente. Se puede ver c\u00f3mo el arma cae al suelo. El polic\u00eda, que asegur\u00f3 temer por su vida, sac\u00f3 entonces una pistola y dispar\u00f3 al joven palestino.<br \/>\nEl joven, identificado como Amar Hamdi Mufl\u00e9, recibi\u00f3 al menos cuatro disparos, seg\u00fan el Gobierno palestino, antes de denunciar que militares israel\u00edes impidieron que las ambulancias palestinas llegaran al lugar de los hechos.<br \/>\nEl enviado especial de la ONU, Tor Wennesland, se declar\u00f3 horrorizado por el asesinato del palestino. \u201cEste tipo de incidentes deben ser investigados plenamente y con celeridad, y los responsables deben rendir cuentas\u201d, manifest\u00f3. (Europa Press).<\/p>\n","protected":false},"excerpt":{"rendered":"<p>La Autoridad Palestina denunci\u00f3 que un joven de 23 a\u00f1os fue ejecutado a sangre fr\u00eda durante una operaci\u00f3n israel\u00ed en la ciudad Cisjordana de Hawara, cerca de Nabl\u00fas, en un incidente grabado en video que desat\u00f3 la ira de la poblaci\u00f3n. \u201cEs un crimen atroz dentro de la serie de cr\u00edmenes que se cometen a [&hellip;]<\/p>\n","protected":false},"author":1,"featured_media":0,"comment_status":"closed","ping_status":"closed","sticky":false,"template":"","format":"standard","meta":{"_acf_changed":false,"footnotes":""},"categories":[3],"tags":[],"class_list":["post-125616","post","type-post","status-publish","format-standard","category-internacional"],"acf":{"antetitulo":""},"yoast_head":"<!-- This site is optimized with the Yoast SEO plugin v28.3 - https:\/\/yoast.com\/product\/yoast-seo-wordpress\/ -->\n<title>Denuncian ejecuci\u00f3n de joven a manos de un polic\u00eda israel\u00ed - El Diario - Bolivia<\/title>\n<meta name=\"robots\" content=\"index, follow, max-snippet:-1, max-image-preview:large, max-video-preview:-1\" \/>\n<link rel=\"canonical\" href=\"https:\/\/www.eldiario.net\/portal\/2022\/12\/04\/denuncian-ejecucion-de-joven-a-manos-de-un-policia-israeli\/\" \/>\n<meta property=\"og:locale\" content=\"es_ES\" \/>\n<meta property=\"og:type\" content=\"article\" \/>\n<meta property=\"og:title\" content=\"Denuncian ejecuci\u00f3n de joven a manos de un polic\u00eda israel\u00ed - El Diario - Bolivia\" \/>\n<meta property=\"og:description\" content=\"La Autoridad Palestina denunci\u00f3 que un joven de 23 a\u00f1os fue ejecutado a sangre fr\u00eda durante una operaci\u00f3n israel\u00ed en la ciudad Cisjordana de Hawara, cerca de Nabl\u00fas, en un incidente grabado en video que desat\u00f3 la ira de la poblaci\u00f3n. \u201cEs un crimen atroz dentro de la serie de cr\u00edmenes que se cometen a [&hellip;]\" \/>\n<meta property=\"og:url\" content=\"https:\/\/www.eldiario.net\/portal\/2022\/12\/04\/denuncian-ejecucion-de-joven-a-manos-de-un-policia-israeli\/\" \/>\n<meta property=\"og:site_name\" content=\"El Diario - Bolivia\" \/>\n<meta property=\"article:publisher\" content=\"https:\/\/www.facebook.com\/eldiario.bolivia\/\" \/>\n<meta property=\"article:published_time\" content=\"2022-12-04T10:25:26+00:00\" \/>\n<meta name=\"author\" content=\"Jeanette\" \/>\n<meta name=\"twitter:card\" content=\"summary_large_image\" \/>\n<meta name=\"twitter:creator\" content=\"@eldiario_net\" \/>\n<meta name=\"twitter:site\" content=\"@eldiario_net\" \/>\n<meta name=\"twitter:label1\" content=\"Escrito por\" \/>\n\t<meta name=\"twitter:data1\" content=\"Jeanette\" \/>\n\t<meta name=\"twitter:label2\" content=\"Tiempo de lectura\" \/>\n\t<meta name=\"twitter:data2\" content=\"2 minutos\" \/>\n<script type=\"application\/ld+json\" class=\"yoast-schema-graph\">{\"@context\":\"https:\\\/\\\/schema.org\",\"@graph\":[{\"@type\":\"Article\",\"@id\":\"https:\\\/\\\/www.eldiario.net\\\/portal\\\/2022\\\/12\\\/04\\\/denuncian-ejecucion-de-joven-a-manos-de-un-policia-israeli\\\/#article\",\"isPartOf\":{\"@id\":\"https:\\\/\\\/www.eldiario.net\\\/portal\\\/2022\\\/12\\\/04\\\/denuncian-ejecucion-de-joven-a-manos-de-un-policia-israeli\\\/\"},\"author\":{\"name\":\"Jeanette\",\"@id\":\"https:\\\/\\\/www.eldiario.net\\\/portal\\\/#\\\/schema\\\/person\\\/f46445640444750d7d753ccd04ae01b7\"},\"headline\":\"Denuncian ejecuci\u00f3n de joven a manos de un polic\u00eda israel\u00ed\",\"datePublished\":\"2022-12-04T10:25:26+00:00\",\"mainEntityOfPage\":{\"@id\":\"https:\\\/\\\/www.eldiario.net\\\/portal\\\/2022\\\/12\\\/04\\\/denuncian-ejecucion-de-joven-a-manos-de-un-policia-israeli\\\/\"},\"wordCount\":384,\"publisher\":{\"@id\":\"https:\\\/\\\/www.eldiario.net\\\/portal\\\/#organization\"},\"articleSection\":[\"Internacional\"],\"inLanguage\":\"es\"},{\"@type\":\"WebPage\",\"@id\":\"https:\\\/\\\/www.eldiario.net\\\/portal\\\/2022\\\/12\\\/04\\\/denuncian-ejecucion-de-joven-a-manos-de-un-policia-israeli\\\/\",\"url\":\"https:\\\/\\\/www.eldiario.net\\\/portal\\\/2022\\\/12\\\/04\\\/denuncian-ejecucion-de-joven-a-manos-de-un-policia-israeli\\\/\",\"name\":\"Denuncian ejecuci\u00f3n de joven a manos de un polic\u00eda israel\u00ed - El Diario - Bolivia\",\"isPartOf\":{\"@id\":\"https:\\\/\\\/www.eldiario.net\\\/portal\\\/#website\"},\"datePublished\":\"2022-12-04T10:25:26+00:00\",\"breadcrumb\":{\"@id\":\"https:\\\/\\\/www.eldiario.net\\\/portal\\\/2022\\\/12\\\/04\\\/denuncian-ejecucion-de-joven-a-manos-de-un-policia-israeli\\\/#breadcrumb\"},\"inLanguage\":\"es\",\"potentialAction\":[{\"@type\":\"ReadAction\",\"target\":[\"https:\\\/\\\/www.eldiario.net\\\/portal\\\/2022\\\/12\\\/04\\\/denuncian-ejecucion-de-joven-a-manos-de-un-policia-israeli\\\/\"]}]},{\"@type\":\"BreadcrumbList\",\"@id\":\"https:\\\/\\\/www.eldiario.net\\\/portal\\\/2022\\\/12\\\/04\\\/denuncian-ejecucion-de-joven-a-manos-de-un-policia-israeli\\\/#breadcrumb\",\"itemListElement\":[{\"@type\":\"ListItem\",\"position\":1,\"name\":\"Portada\",\"item\":\"https:\\\/\\\/www.eldiario.net\\\/portal\\\/\"},{\"@type\":\"ListItem\",\"position\":2,\"name\":\"Denuncian ejecuci\u00f3n de joven a manos de un polic\u00eda israel\u00ed\"}]},{\"@type\":\"WebSite\",\"@id\":\"https:\\\/\\\/www.eldiario.net\\\/portal\\\/#website\",\"url\":\"https:\\\/\\\/www.eldiario.net\\\/portal\\\/\",\"name\":\"El Diario - Decano de la prensa nacional\",\"description\":\"El Diario - Decano de la prensa nacional\",\"publisher\":{\"@id\":\"https:\\\/\\\/www.eldiario.net\\\/portal\\\/#organization\"},\"potentialAction\":[{\"@type\":\"SearchAction\",\"target\":{\"@type\":\"EntryPoint\",\"urlTemplate\":\"https:\\\/\\\/www.eldiario.net\\\/portal\\\/?s={search_term_string}\"},\"query-input\":{\"@type\":\"PropertyValueSpecification\",\"valueRequired\":true,\"valueName\":\"search_term_string\"}}],\"inLanguage\":\"es\"},{\"@type\":\"Organization\",\"@id\":\"https:\\\/\\\/www.eldiario.net\\\/portal\\\/#organization\",\"name\":\"El Diario - Decano de la prensa nacional\",\"url\":\"https:\\\/\\\/www.eldiario.net\\\/portal\\\/\",\"logo\":{\"@type\":\"ImageObject\",\"inLanguage\":\"es\",\"@id\":\"https:\\\/\\\/www.eldiario.net\\\/portal\\\/#\\\/schema\\\/logo\\\/image\\\/\",\"url\":\"https:\\\/\\\/www.eldiario.net\\\/portal\\\/wp-content\\\/uploads\\\/2023\\\/07\\\/logo_ED.jpg\",\"contentUrl\":\"https:\\\/\\\/www.eldiario.net\\\/portal\\\/wp-content\\\/uploads\\\/2023\\\/07\\\/logo_ED.jpg\",\"width\":272,\"height\":52,\"caption\":\"El Diario - Decano de la prensa nacional\"},\"image\":{\"@id\":\"https:\\\/\\\/www.eldiario.net\\\/portal\\\/#\\\/schema\\\/logo\\\/image\\\/\"},\"sameAs\":[\"https:\\\/\\\/www.facebook.com\\\/eldiario.bolivia\\\/\",\"https:\\\/\\\/x.com\\\/eldiario_net\"]},{\"@type\":\"Person\",\"@id\":\"https:\\\/\\\/www.eldiario.net\\\/portal\\\/#\\\/schema\\\/person\\\/f46445640444750d7d753ccd04ae01b7\",\"name\":\"Jeanette\",\"image\":{\"@type\":\"ImageObject\",\"inLanguage\":\"es\",\"@id\":\"https:\\\/\\\/secure.gravatar.com\\\/avatar\\\/3ea2118a5f7dad2b7138b1187a6b7ee55f160b9968b66013c3a3ef39dd7e5798?s=96&d=mm&r=g\",\"url\":\"https:\\\/\\\/secure.gravatar.com\\\/avatar\\\/3ea2118a5f7dad2b7138b1187a6b7ee55f160b9968b66013c3a3ef39dd7e5798?s=96&d=mm&r=g\",\"contentUrl\":\"https:\\\/\\\/secure.gravatar.com\\\/avatar\\\/3ea2118a5f7dad2b7138b1187a6b7ee55f160b9968b66013c3a3ef39dd7e5798?s=96&d=mm&r=g\",\"caption\":\"Jeanette\"},\"sameAs\":[\"https:\\\/\\\/www.eldiario.net\\\/portal\"],\"url\":\"https:\\\/\\\/www.eldiario.net\\\/portal\\\/author\\\/jeanette\\\/\"}]}<\/script>\n<!-- \/ Yoast SEO plugin. -->","yoast_head_json":{"title":"Denuncian ejecuci\u00f3n de joven a manos de un polic\u00eda israel\u00ed - El Diario - Bolivia","robots":{"index":"index","follow":"follow","max-snippet":"max-snippet:-1","max-image-preview":"max-image-preview:large","max-video-preview":"max-video-preview:-1"},"canonical":"https:\/\/www.eldiario.net\/portal\/2022\/12\/04\/denuncian-ejecucion-de-joven-a-manos-de-un-policia-israeli\/","og_locale":"es_ES","og_type":"article","og_title":"Denuncian ejecuci\u00f3n de joven a manos de un polic\u00eda israel\u00ed - El Diario - Bolivia","og_description":"La Autoridad Palestina denunci\u00f3 que un joven de 23 a\u00f1os fue ejecutado a sangre fr\u00eda durante una operaci\u00f3n israel\u00ed en la ciudad Cisjordana de Hawara, cerca de Nabl\u00fas, en un incidente grabado en video que desat\u00f3 la ira de la poblaci\u00f3n. \u201cEs un crimen atroz dentro de la serie de cr\u00edmenes que se cometen a [&hellip;]","og_url":"https:\/\/www.eldiario.net\/portal\/2022\/12\/04\/denuncian-ejecucion-de-joven-a-manos-de-un-policia-israeli\/","og_site_name":"El Diario - Bolivia","article_publisher":"https:\/\/www.facebook.com\/eldiario.bolivia\/","article_published_time":"2022-12-04T10:25:26+00:00","author":"Jeanette","twitter_card":"summary_large_image","twitter_creator":"@eldiario_net","twitter_site":"@eldiario_net","twitter_misc":{"Escrito por":"Jeanette","Tiempo de lectura":"2 minutos"},"schema":{"@context":"https:\/\/schema.org","@graph":[{"@type":"Article","@id":"https:\/\/www.eldiario.net\/portal\/2022\/12\/04\/denuncian-ejecucion-de-joven-a-manos-de-un-policia-israeli\/#article","isPartOf":{"@id":"https:\/\/www.eldiario.net\/portal\/2022\/12\/04\/denuncian-ejecucion-de-joven-a-manos-de-un-policia-israeli\/"},"author":{"name":"Jeanette","@id":"https:\/\/www.eldiario.net\/portal\/#\/schema\/person\/f46445640444750d7d753ccd04ae01b7"},"headline":"Denuncian ejecuci\u00f3n de joven a manos de un polic\u00eda israel\u00ed","datePublished":"2022-12-04T10:25:26+00:00","mainEntityOfPage":{"@id":"https:\/\/www.eldiario.net\/portal\/2022\/12\/04\/denuncian-ejecucion-de-joven-a-manos-de-un-policia-israeli\/"},"wordCount":384,"publisher":{"@id":"https:\/\/www.eldiario.net\/portal\/#organization"},"articleSection":["Internacional"],"inLanguage":"es"},{"@type":"WebPage","@id":"https:\/\/www.eldiario.net\/portal\/2022\/12\/04\/denuncian-ejecucion-de-joven-a-manos-de-un-policia-israeli\/","url":"https:\/\/www.eldiario.net\/portal\/2022\/12\/04\/denuncian-ejecucion-de-joven-a-manos-de-un-policia-israeli\/","name":"Denuncian ejecuci\u00f3n de joven a manos de un polic\u00eda israel\u00ed - El Diario - Bolivia","isPartOf":{"@id":"https:\/\/www.eldiario.net\/portal\/#website"},"datePublished":"2022-12-04T10:25:26+00:00","breadcrumb":{"@id":"https:\/\/www.eldiario.net\/portal\/2022\/12\/04\/denuncian-ejecucion-de-joven-a-manos-de-un-policia-israeli\/#breadcrumb"},"inLanguage":"es","potentialAction":[{"@type":"ReadAction","target":["https:\/\/www.eldiario.net\/portal\/2022\/12\/04\/denuncian-ejecucion-de-joven-a-manos-de-un-policia-israeli\/"]}]},{"@type":"BreadcrumbList","@id":"https:\/\/www.eldiario.net\/portal\/2022\/12\/04\/denuncian-ejecucion-de-joven-a-manos-de-un-policia-israeli\/#breadcrumb","itemListElement":[{"@type":"ListItem","position":1,"name":"Portada","item":"https:\/\/www.eldiario.net\/portal\/"},{"@type":"ListItem","position":2,"name":"Denuncian ejecuci\u00f3n de joven a manos de un polic\u00eda israel\u00ed"}]},{"@type":"WebSite","@id":"https:\/\/www.eldiario.net\/portal\/#website","url":"https:\/\/www.eldiario.net\/portal\/","name":"El Diario - Decano de la prensa nacional","description":"El Diario - Decano de la prensa nacional","publisher":{"@id":"https:\/\/www.eldiario.net\/portal\/#organization"},"potentialAction":[{"@type":"SearchAction","target":{"@type":"EntryPoint","urlTemplate":"https:\/\/www.eldiario.net\/portal\/?s={search_term_string}"},"query-input":{"@type":"PropertyValueSpecification","valueRequired":true,"valueName":"search_term_string"}}],"inLanguage":"es"},{"@type":"Organization","@id":"https:\/\/www.eldiario.net\/portal\/#organization","name":"El Diario - Decano de la prensa nacional","url":"https:\/\/www.eldiario.net\/portal\/","logo":{"@type":"ImageObject","inLanguage":"es","@id":"https:\/\/www.eldiario.net\/portal\/#\/schema\/logo\/image\/","url":"https:\/\/www.eldiario.net\/portal\/wp-content\/uploads\/2023\/07\/logo_ED.jpg","contentUrl":"https:\/\/www.eldiario.net\/portal\/wp-content\/uploads\/2023\/07\/logo_ED.jpg","width":272,"height":52,"caption":"El Diario - Decano de la prensa nacional"},"image":{"@id":"https:\/\/www.eldiario.net\/portal\/#\/schema\/logo\/image\/"},"sameAs":["https:\/\/www.facebook.com\/eldiario.bolivia\/","https:\/\/x.com\/eldiario_net"]},{"@type":"Person","@id":"https:\/\/www.eldiario.net\/portal\/#\/schema\/person\/f46445640444750d7d753ccd04ae01b7","name":"Jeanette","image":{"@type":"ImageObject","inLanguage":"es","@id":"https:\/\/secure.gravatar.com\/avatar\/3ea2118a5f7dad2b7138b1187a6b7ee55f160b9968b66013c3a3ef39dd7e5798?s=96&d=mm&r=g","url":"https:\/\/secure.gravatar.com\/avatar\/3ea2118a5f7dad2b7138b1187a6b7ee55f160b9968b66013c3a3ef39dd7e5798?s=96&d=mm&r=g","contentUrl":"https:\/\/secure.gravatar.com\/avatar\/3ea2118a5f7dad2b7138b1187a6b7ee55f160b9968b66013c3a3ef39dd7e5798?s=96&d=mm&r=g","caption":"Jeanette"},"sameAs":["https:\/\/www.eldiario.net\/portal"],"url":"https:\/\/www.eldiario.net\/portal\/author\/jeanette\/"}]}},"_links":{"self":[{"href":"https:\/\/www.eldiario.net\/portal\/wp-json\/wp\/v2\/posts\/125616","targetHints":{"allow":["GET"]}}],"collection":[{"href":"https:\/\/www.eldiario.net\/portal\/wp-json\/wp\/v2\/posts"}],"about":[{"href":"https:\/\/www.eldiario.net\/portal\/wp-json\/wp\/v2\/types\/post"}],"author":[{"embeddable":true,"href":"https:\/\/www.eldiario.net\/portal\/wp-json\/wp\/v2\/users\/1"}],"replies":[{"embeddable":true,"href":"https:\/\/www.eldiario.net\/portal\/wp-json\/wp\/v2\/comments?post=125616"}],"version-history":[{"count":0,"href":"https:\/\/www.eldiario.net\/portal\/wp-json\/wp\/v2\/posts\/125616\/revisions"}],"wp:attachment":[{"href":"https:\/\/www.eldiario.net\/portal\/wp-json\/wp\/v2\/media?parent=125616"}],"wp:term":[{"taxonomy":"category","embeddable":true,"href":"https:\/\/www.eldiario.net\/portal\/wp-json\/wp\/v2\/categories?post=125616"},{"taxonomy":"post_tag","embeddable":true,"href":"https:\/\/www.eldiario.net\/portal\/wp-json\/wp\/v2\/tags?post=125616"}],"curies":[{"name":"wp","href":"https:\/\/api.w.org\/{rel}","templated":true}]}}