{"id":125614,"date":"2022-12-04T06:24:31","date_gmt":"2022-12-04T10:24:31","guid":{"rendered":"https:\/\/www.eldiario.net\/portal\/?p=125614"},"modified":"2022-12-04T06:24:31","modified_gmt":"2022-12-04T10:24:31","slug":"suspenden-transmision-de-emisora-radio-france-internationale-rfi","status":"publish","type":"post","link":"https:\/\/www.eldiario.net\/portal\/2022\/12\/04\/suspenden-transmision-de-emisora-radio-france-internationale-rfi\/","title":{"rendered":"Suspenden transmisi\u00f3n de emisora  Radio France Internationale (RFI)"},"content":{"rendered":"<p>La junta militar de Burkina Faso anunci\u00f3 ayer la suspensi\u00f3n de las operaciones de la emisora Radio France Internationale (RFI) hasta nuevo aviso por dar voz a un mensaje de intimidaci\u00f3n a la poblaci\u00f3n atribuido a un l\u00edder terrorista.<br \/>\nEl Gobierno no da detalles pero esta orden de suspensi\u00f3n coincide luego de que RFI informara ayer de un v\u00eddeo de amenazas de la organizaci\u00f3n yihadista del Grupo de Apoyo al Islam y los Musulmanes (JNIM).<br \/>\nEl anuncio de la suspensi\u00f3n fue realizado por el portavoz del gobierno de Burkina Faso, Jean Emmanuel Ou\u00e9draogo, quien confirm\u00f3 que la decisi\u00f3n tiene car\u00e1cter indefinido y alcanza a las emisiones de RFI en todo el territorio nacional.<br \/>\nEn su informaci\u00f3n, publicada ayer en su p\u00e1gina web, RFI trasladaba la amenaza del JNIM contra los civiles que ayuden a las autoridades en su enfrentamiento contra el grupo terrorista.<br \/>\n\u201cEste medio (RFI) contribuye as\u00ed a una maniobra desesperada de los grupos terroristas para disuadir a miles de burkineses movilizados por la defensa de la Patria, remando contra la corriente de las acciones en marcha para el restablecimiento de la integridad de nuestro territorio\u201d, seg\u00fan el comunicado, recogido por \u2018Le Faso\u2019.<br \/>\nAsimismo, el Gobierno burkin\u00e9s denuncia tambi\u00e9n una informaci\u00f3n de RFI que apunt\u00f3 a un presunto golpe de Estado contra el l\u00edder militar del pa\u00eds, el capit\u00e1n Ibrahim Traor\u00e9, que el militar desminti\u00f3 posteriormente. (Europa Press).<\/p>\n","protected":false},"excerpt":{"rendered":"<p>La junta militar de Burkina Faso anunci\u00f3 ayer la suspensi\u00f3n de las operaciones de la emisora Radio France Internationale (RFI) hasta nuevo aviso por dar voz a un mensaje de intimidaci\u00f3n a la poblaci\u00f3n atribuido a un l\u00edder terrorista. El Gobierno no da detalles pero esta orden de suspensi\u00f3n coincide luego de que RFI informara [&hellip;]<\/p>\n","protected":false},"author":1,"featured_media":0,"comment_status":"closed","ping_status":"closed","sticky":false,"template":"","format":"standard","meta":{"_acf_changed":false,"footnotes":""},"categories":[3],"tags":[],"class_list":["post-125614","post","type-post","status-publish","format-standard","category-internacional"],"acf":{"antetitulo":""},"yoast_head":"<!-- This site is optimized with the Yoast SEO plugin v28.3 - https:\/\/yoast.com\/product\/yoast-seo-wordpress\/ -->\n<title>Suspenden transmisi\u00f3n de emisora Radio France Internationale (RFI) - El Diario - Bolivia<\/title>\n<meta name=\"robots\" content=\"index, follow, max-snippet:-1, max-image-preview:large, max-video-preview:-1\" \/>\n<link rel=\"canonical\" href=\"https:\/\/www.eldiario.net\/portal\/2022\/12\/04\/suspenden-transmision-de-emisora-radio-france-internationale-rfi\/\" \/>\n<meta property=\"og:locale\" content=\"es_ES\" \/>\n<meta property=\"og:type\" content=\"article\" \/>\n<meta property=\"og:title\" content=\"Suspenden transmisi\u00f3n de emisora Radio France Internationale (RFI) - El Diario - Bolivia\" \/>\n<meta property=\"og:description\" content=\"La junta militar de Burkina Faso anunci\u00f3 ayer la suspensi\u00f3n de las operaciones de la emisora Radio France Internationale (RFI) hasta nuevo aviso por dar voz a un mensaje de intimidaci\u00f3n a la poblaci\u00f3n atribuido a un l\u00edder terrorista. El Gobierno no da detalles pero esta orden de suspensi\u00f3n coincide luego de que RFI informara [&hellip;]\" \/>\n<meta property=\"og:url\" content=\"https:\/\/www.eldiario.net\/portal\/2022\/12\/04\/suspenden-transmision-de-emisora-radio-france-internationale-rfi\/\" \/>\n<meta property=\"og:site_name\" content=\"El Diario - Bolivia\" \/>\n<meta property=\"article:publisher\" content=\"https:\/\/www.facebook.com\/eldiario.bolivia\/\" \/>\n<meta property=\"article:published_time\" content=\"2022-12-04T10:24:31+00:00\" \/>\n<meta name=\"author\" content=\"Jeanette\" \/>\n<meta name=\"twitter:card\" content=\"summary_large_image\" \/>\n<meta name=\"twitter:creator\" content=\"@eldiario_net\" \/>\n<meta name=\"twitter:site\" content=\"@eldiario_net\" \/>\n<meta name=\"twitter:label1\" content=\"Escrito por\" \/>\n\t<meta name=\"twitter:data1\" content=\"Jeanette\" \/>\n\t<meta name=\"twitter:label2\" content=\"Tiempo de lectura\" \/>\n\t<meta name=\"twitter:data2\" content=\"2 minutos\" \/>\n<script type=\"application\/ld+json\" class=\"yoast-schema-graph\">{\"@context\":\"https:\\\/\\\/schema.org\",\"@graph\":[{\"@type\":\"Article\",\"@id\":\"https:\\\/\\\/www.eldiario.net\\\/portal\\\/2022\\\/12\\\/04\\\/suspenden-transmision-de-emisora-radio-france-internationale-rfi\\\/#article\",\"isPartOf\":{\"@id\":\"https:\\\/\\\/www.eldiario.net\\\/portal\\\/2022\\\/12\\\/04\\\/suspenden-transmision-de-emisora-radio-france-internationale-rfi\\\/\"},\"author\":{\"name\":\"Jeanette\",\"@id\":\"https:\\\/\\\/www.eldiario.net\\\/portal\\\/#\\\/schema\\\/person\\\/f46445640444750d7d753ccd04ae01b7\"},\"headline\":\"Suspenden transmisi\u00f3n de emisora Radio France Internationale (RFI)\",\"datePublished\":\"2022-12-04T10:24:31+00:00\",\"mainEntityOfPage\":{\"@id\":\"https:\\\/\\\/www.eldiario.net\\\/portal\\\/2022\\\/12\\\/04\\\/suspenden-transmision-de-emisora-radio-france-internationale-rfi\\\/\"},\"wordCount\":258,\"publisher\":{\"@id\":\"https:\\\/\\\/www.eldiario.net\\\/portal\\\/#organization\"},\"articleSection\":[\"Internacional\"],\"inLanguage\":\"es\"},{\"@type\":\"WebPage\",\"@id\":\"https:\\\/\\\/www.eldiario.net\\\/portal\\\/2022\\\/12\\\/04\\\/suspenden-transmision-de-emisora-radio-france-internationale-rfi\\\/\",\"url\":\"https:\\\/\\\/www.eldiario.net\\\/portal\\\/2022\\\/12\\\/04\\\/suspenden-transmision-de-emisora-radio-france-internationale-rfi\\\/\",\"name\":\"Suspenden transmisi\u00f3n de emisora Radio France Internationale (RFI) - El Diario - Bolivia\",\"isPartOf\":{\"@id\":\"https:\\\/\\\/www.eldiario.net\\\/portal\\\/#website\"},\"datePublished\":\"2022-12-04T10:24:31+00:00\",\"breadcrumb\":{\"@id\":\"https:\\\/\\\/www.eldiario.net\\\/portal\\\/2022\\\/12\\\/04\\\/suspenden-transmision-de-emisora-radio-france-internationale-rfi\\\/#breadcrumb\"},\"inLanguage\":\"es\",\"potentialAction\":[{\"@type\":\"ReadAction\",\"target\":[\"https:\\\/\\\/www.eldiario.net\\\/portal\\\/2022\\\/12\\\/04\\\/suspenden-transmision-de-emisora-radio-france-internationale-rfi\\\/\"]}]},{\"@type\":\"BreadcrumbList\",\"@id\":\"https:\\\/\\\/www.eldiario.net\\\/portal\\\/2022\\\/12\\\/04\\\/suspenden-transmision-de-emisora-radio-france-internationale-rfi\\\/#breadcrumb\",\"itemListElement\":[{\"@type\":\"ListItem\",\"position\":1,\"name\":\"Portada\",\"item\":\"https:\\\/\\\/www.eldiario.net\\\/portal\\\/\"},{\"@type\":\"ListItem\",\"position\":2,\"name\":\"Suspenden transmisi\u00f3n de emisora Radio France Internationale (RFI)\"}]},{\"@type\":\"WebSite\",\"@id\":\"https:\\\/\\\/www.eldiario.net\\\/portal\\\/#website\",\"url\":\"https:\\\/\\\/www.eldiario.net\\\/portal\\\/\",\"name\":\"El Diario - Decano de la prensa nacional\",\"description\":\"El Diario - Decano de la prensa nacional\",\"publisher\":{\"@id\":\"https:\\\/\\\/www.eldiario.net\\\/portal\\\/#organization\"},\"potentialAction\":[{\"@type\":\"SearchAction\",\"target\":{\"@type\":\"EntryPoint\",\"urlTemplate\":\"https:\\\/\\\/www.eldiario.net\\\/portal\\\/?s={search_term_string}\"},\"query-input\":{\"@type\":\"PropertyValueSpecification\",\"valueRequired\":true,\"valueName\":\"search_term_string\"}}],\"inLanguage\":\"es\"},{\"@type\":\"Organization\",\"@id\":\"https:\\\/\\\/www.eldiario.net\\\/portal\\\/#organization\",\"name\":\"El Diario - Decano de la prensa nacional\",\"url\":\"https:\\\/\\\/www.eldiario.net\\\/portal\\\/\",\"logo\":{\"@type\":\"ImageObject\",\"inLanguage\":\"es\",\"@id\":\"https:\\\/\\\/www.eldiario.net\\\/portal\\\/#\\\/schema\\\/logo\\\/image\\\/\",\"url\":\"https:\\\/\\\/www.eldiario.net\\\/portal\\\/wp-content\\\/uploads\\\/2023\\\/07\\\/logo_ED.jpg\",\"contentUrl\":\"https:\\\/\\\/www.eldiario.net\\\/portal\\\/wp-content\\\/uploads\\\/2023\\\/07\\\/logo_ED.jpg\",\"width\":272,\"height\":52,\"caption\":\"El Diario - Decano de la prensa nacional\"},\"image\":{\"@id\":\"https:\\\/\\\/www.eldiario.net\\\/portal\\\/#\\\/schema\\\/logo\\\/image\\\/\"},\"sameAs\":[\"https:\\\/\\\/www.facebook.com\\\/eldiario.bolivia\\\/\",\"https:\\\/\\\/x.com\\\/eldiario_net\"]},{\"@type\":\"Person\",\"@id\":\"https:\\\/\\\/www.eldiario.net\\\/portal\\\/#\\\/schema\\\/person\\\/f46445640444750d7d753ccd04ae01b7\",\"name\":\"Jeanette\",\"image\":{\"@type\":\"ImageObject\",\"inLanguage\":\"es\",\"@id\":\"https:\\\/\\\/secure.gravatar.com\\\/avatar\\\/3ea2118a5f7dad2b7138b1187a6b7ee55f160b9968b66013c3a3ef39dd7e5798?s=96&d=mm&r=g\",\"url\":\"https:\\\/\\\/secure.gravatar.com\\\/avatar\\\/3ea2118a5f7dad2b7138b1187a6b7ee55f160b9968b66013c3a3ef39dd7e5798?s=96&d=mm&r=g\",\"contentUrl\":\"https:\\\/\\\/secure.gravatar.com\\\/avatar\\\/3ea2118a5f7dad2b7138b1187a6b7ee55f160b9968b66013c3a3ef39dd7e5798?s=96&d=mm&r=g\",\"caption\":\"Jeanette\"},\"sameAs\":[\"https:\\\/\\\/www.eldiario.net\\\/portal\"],\"url\":\"https:\\\/\\\/www.eldiario.net\\\/portal\\\/author\\\/jeanette\\\/\"}]}<\/script>\n<!-- \/ Yoast SEO plugin. -->","yoast_head_json":{"title":"Suspenden transmisi\u00f3n de emisora Radio France Internationale (RFI) - El Diario - Bolivia","robots":{"index":"index","follow":"follow","max-snippet":"max-snippet:-1","max-image-preview":"max-image-preview:large","max-video-preview":"max-video-preview:-1"},"canonical":"https:\/\/www.eldiario.net\/portal\/2022\/12\/04\/suspenden-transmision-de-emisora-radio-france-internationale-rfi\/","og_locale":"es_ES","og_type":"article","og_title":"Suspenden transmisi\u00f3n de emisora Radio France Internationale (RFI) - El Diario - Bolivia","og_description":"La junta militar de Burkina Faso anunci\u00f3 ayer la suspensi\u00f3n de las operaciones de la emisora Radio France Internationale (RFI) hasta nuevo aviso por dar voz a un mensaje de intimidaci\u00f3n a la poblaci\u00f3n atribuido a un l\u00edder terrorista. El Gobierno no da detalles pero esta orden de suspensi\u00f3n coincide luego de que RFI informara [&hellip;]","og_url":"https:\/\/www.eldiario.net\/portal\/2022\/12\/04\/suspenden-transmision-de-emisora-radio-france-internationale-rfi\/","og_site_name":"El Diario - Bolivia","article_publisher":"https:\/\/www.facebook.com\/eldiario.bolivia\/","article_published_time":"2022-12-04T10:24:31+00:00","author":"Jeanette","twitter_card":"summary_large_image","twitter_creator":"@eldiario_net","twitter_site":"@eldiario_net","twitter_misc":{"Escrito por":"Jeanette","Tiempo de lectura":"2 minutos"},"schema":{"@context":"https:\/\/schema.org","@graph":[{"@type":"Article","@id":"https:\/\/www.eldiario.net\/portal\/2022\/12\/04\/suspenden-transmision-de-emisora-radio-france-internationale-rfi\/#article","isPartOf":{"@id":"https:\/\/www.eldiario.net\/portal\/2022\/12\/04\/suspenden-transmision-de-emisora-radio-france-internationale-rfi\/"},"author":{"name":"Jeanette","@id":"https:\/\/www.eldiario.net\/portal\/#\/schema\/person\/f46445640444750d7d753ccd04ae01b7"},"headline":"Suspenden transmisi\u00f3n de emisora Radio France Internationale (RFI)","datePublished":"2022-12-04T10:24:31+00:00","mainEntityOfPage":{"@id":"https:\/\/www.eldiario.net\/portal\/2022\/12\/04\/suspenden-transmision-de-emisora-radio-france-internationale-rfi\/"},"wordCount":258,"publisher":{"@id":"https:\/\/www.eldiario.net\/portal\/#organization"},"articleSection":["Internacional"],"inLanguage":"es"},{"@type":"WebPage","@id":"https:\/\/www.eldiario.net\/portal\/2022\/12\/04\/suspenden-transmision-de-emisora-radio-france-internationale-rfi\/","url":"https:\/\/www.eldiario.net\/portal\/2022\/12\/04\/suspenden-transmision-de-emisora-radio-france-internationale-rfi\/","name":"Suspenden transmisi\u00f3n de emisora Radio France Internationale (RFI) - El Diario - Bolivia","isPartOf":{"@id":"https:\/\/www.eldiario.net\/portal\/#website"},"datePublished":"2022-12-04T10:24:31+00:00","breadcrumb":{"@id":"https:\/\/www.eldiario.net\/portal\/2022\/12\/04\/suspenden-transmision-de-emisora-radio-france-internationale-rfi\/#breadcrumb"},"inLanguage":"es","potentialAction":[{"@type":"ReadAction","target":["https:\/\/www.eldiario.net\/portal\/2022\/12\/04\/suspenden-transmision-de-emisora-radio-france-internationale-rfi\/"]}]},{"@type":"BreadcrumbList","@id":"https:\/\/www.eldiario.net\/portal\/2022\/12\/04\/suspenden-transmision-de-emisora-radio-france-internationale-rfi\/#breadcrumb","itemListElement":[{"@type":"ListItem","position":1,"name":"Portada","item":"https:\/\/www.eldiario.net\/portal\/"},{"@type":"ListItem","position":2,"name":"Suspenden transmisi\u00f3n de emisora Radio France Internationale (RFI)"}]},{"@type":"WebSite","@id":"https:\/\/www.eldiario.net\/portal\/#website","url":"https:\/\/www.eldiario.net\/portal\/","name":"El Diario - Decano de la prensa nacional","description":"El Diario - Decano de la prensa nacional","publisher":{"@id":"https:\/\/www.eldiario.net\/portal\/#organization"},"potentialAction":[{"@type":"SearchAction","target":{"@type":"EntryPoint","urlTemplate":"https:\/\/www.eldiario.net\/portal\/?s={search_term_string}"},"query-input":{"@type":"PropertyValueSpecification","valueRequired":true,"valueName":"search_term_string"}}],"inLanguage":"es"},{"@type":"Organization","@id":"https:\/\/www.eldiario.net\/portal\/#organization","name":"El Diario - Decano de la prensa nacional","url":"https:\/\/www.eldiario.net\/portal\/","logo":{"@type":"ImageObject","inLanguage":"es","@id":"https:\/\/www.eldiario.net\/portal\/#\/schema\/logo\/image\/","url":"https:\/\/www.eldiario.net\/portal\/wp-content\/uploads\/2023\/07\/logo_ED.jpg","contentUrl":"https:\/\/www.eldiario.net\/portal\/wp-content\/uploads\/2023\/07\/logo_ED.jpg","width":272,"height":52,"caption":"El Diario - Decano de la prensa nacional"},"image":{"@id":"https:\/\/www.eldiario.net\/portal\/#\/schema\/logo\/image\/"},"sameAs":["https:\/\/www.facebook.com\/eldiario.bolivia\/","https:\/\/x.com\/eldiario_net"]},{"@type":"Person","@id":"https:\/\/www.eldiario.net\/portal\/#\/schema\/person\/f46445640444750d7d753ccd04ae01b7","name":"Jeanette","image":{"@type":"ImageObject","inLanguage":"es","@id":"https:\/\/secure.gravatar.com\/avatar\/3ea2118a5f7dad2b7138b1187a6b7ee55f160b9968b66013c3a3ef39dd7e5798?s=96&d=mm&r=g","url":"https:\/\/secure.gravatar.com\/avatar\/3ea2118a5f7dad2b7138b1187a6b7ee55f160b9968b66013c3a3ef39dd7e5798?s=96&d=mm&r=g","contentUrl":"https:\/\/secure.gravatar.com\/avatar\/3ea2118a5f7dad2b7138b1187a6b7ee55f160b9968b66013c3a3ef39dd7e5798?s=96&d=mm&r=g","caption":"Jeanette"},"sameAs":["https:\/\/www.eldiario.net\/portal"],"url":"https:\/\/www.eldiario.net\/portal\/author\/jeanette\/"}]}},"_links":{"self":[{"href":"https:\/\/www.eldiario.net\/portal\/wp-json\/wp\/v2\/posts\/125614","targetHints":{"allow":["GET"]}}],"collection":[{"href":"https:\/\/www.eldiario.net\/portal\/wp-json\/wp\/v2\/posts"}],"about":[{"href":"https:\/\/www.eldiario.net\/portal\/wp-json\/wp\/v2\/types\/post"}],"author":[{"embeddable":true,"href":"https:\/\/www.eldiario.net\/portal\/wp-json\/wp\/v2\/users\/1"}],"replies":[{"embeddable":true,"href":"https:\/\/www.eldiario.net\/portal\/wp-json\/wp\/v2\/comments?post=125614"}],"version-history":[{"count":0,"href":"https:\/\/www.eldiario.net\/portal\/wp-json\/wp\/v2\/posts\/125614\/revisions"}],"wp:attachment":[{"href":"https:\/\/www.eldiario.net\/portal\/wp-json\/wp\/v2\/media?parent=125614"}],"wp:term":[{"taxonomy":"category","embeddable":true,"href":"https:\/\/www.eldiario.net\/portal\/wp-json\/wp\/v2\/categories?post=125614"},{"taxonomy":"post_tag","embeddable":true,"href":"https:\/\/www.eldiario.net\/portal\/wp-json\/wp\/v2\/tags?post=125614"}],"curies":[{"name":"wp","href":"https:\/\/api.w.org\/{rel}","templated":true}]}}