{"id":125564,"date":"2022-12-03T06:23:50","date_gmt":"2022-12-03T10:23:50","guid":{"rendered":"https:\/\/www.eldiario.net\/portal\/?p=125564"},"modified":"2022-12-03T06:23:50","modified_gmt":"2022-12-03T10:23:50","slug":"encaran-programa-tecnico-cientifico-para-buscar-soluciones-contra-la-sequia","status":"publish","type":"post","link":"https:\/\/www.eldiario.net\/portal\/2022\/12\/03\/encaran-programa-tecnico-cientifico-para-buscar-soluciones-contra-la-sequia\/","title":{"rendered":"Encaran programa t\u00e9cnico-cient\u00edfico  para buscar soluciones contra la sequ\u00eda"},"content":{"rendered":"<p>Un trabajo t\u00e9cnico-cient\u00edfico ser\u00e1 elaborado entre el sector agropecuario y la Gobernaci\u00f3n, para implementar experiencias de otros pa\u00edses en Santa Cruz, fin de buscar soluciones definitivas al fen\u00f3meno de la sequ\u00eda, con medidas integrales a corto y mediano plazo.<\/p>\n<p>La informaci\u00f3n la dio a conocer la secretaria de Seguridad Ciudadana, Paola Weber, que agreg\u00f3 que este proyecto ser\u00e1 ejecutado por el Ejecutivo departamental a partir de la siguiente semana, en coordinaci\u00f3n con los sectores productivos cruce\u00f1os.<\/p>\n<p>Por el momento, Weber afirm\u00f3 que la Gobernaci\u00f3n con el COED, est\u00e1 atendiendo este problema a trav\u00e9s de la perforaci\u00f3n de pozos de agua en los municipios m\u00e1s afectados, sin embargo, esta reuni\u00f3n celebrada hoy busc\u00f3 soluciones m\u00e1s definitivas porque la escasez de agua tiende a irse agravando.<\/p>\n<p>Estas pol\u00edticas est\u00e1n orientadas a la conservaci\u00f3n y preservaci\u00f3n del medio ambiente, en cooperaci\u00f3n con el sector privado. \u201cNo queremos m\u00e1s soluciones parches, no queremos sufrir este d\u00e9ficit de precipitaci\u00f3n (pluvial) a\u00f1o tras a\u00f1o, que cada vez va a ir empeorando\u201d, puntualiz\u00f3 la autoridad. (Santa Cruz, agencias)<\/p>\n","protected":false},"excerpt":{"rendered":"<p>Un trabajo t\u00e9cnico-cient\u00edfico ser\u00e1 elaborado entre el sector agropecuario y la Gobernaci\u00f3n, para implementar experiencias de otros pa\u00edses en Santa Cruz, fin de buscar soluciones definitivas al fen\u00f3meno de la sequ\u00eda, con medidas integrales a corto y mediano plazo. La informaci\u00f3n la dio a conocer la secretaria de Seguridad Ciudadana, Paola Weber, que agreg\u00f3 que [&hellip;]<\/p>\n","protected":false},"author":1,"featured_media":125565,"comment_status":"closed","ping_status":"closed","sticky":false,"template":"","format":"standard","meta":{"_acf_changed":false,"footnotes":""},"categories":[12],"tags":[],"class_list":["post-125564","post","type-post","status-publish","format-standard","has-post-thumbnail","category-nacional"],"acf":{"antetitulo":""},"yoast_head":"<!-- This site is optimized with the Yoast SEO plugin v28.3 - https:\/\/yoast.com\/product\/yoast-seo-wordpress\/ -->\n<title>Encaran programa t\u00e9cnico-cient\u00edfico para buscar soluciones contra la sequ\u00eda - El Diario - Bolivia<\/title>\n<meta name=\"robots\" content=\"index, follow, max-snippet:-1, max-image-preview:large, max-video-preview:-1\" \/>\n<link rel=\"canonical\" href=\"https:\/\/www.eldiario.net\/portal\/2022\/12\/03\/encaran-programa-tecnico-cientifico-para-buscar-soluciones-contra-la-sequia\/\" \/>\n<meta property=\"og:locale\" content=\"es_ES\" \/>\n<meta property=\"og:type\" content=\"article\" \/>\n<meta property=\"og:title\" content=\"Encaran programa t\u00e9cnico-cient\u00edfico para buscar soluciones contra la sequ\u00eda - El Diario - Bolivia\" \/>\n<meta property=\"og:description\" content=\"Un trabajo t\u00e9cnico-cient\u00edfico ser\u00e1 elaborado entre el sector agropecuario y la Gobernaci\u00f3n, para implementar experiencias de otros pa\u00edses en Santa Cruz, fin de buscar soluciones definitivas al fen\u00f3meno de la sequ\u00eda, con medidas integrales a corto y mediano plazo. La informaci\u00f3n la dio a conocer la secretaria de Seguridad Ciudadana, Paola Weber, que agreg\u00f3 que [&hellip;]\" \/>\n<meta property=\"og:url\" content=\"https:\/\/www.eldiario.net\/portal\/2022\/12\/03\/encaran-programa-tecnico-cientifico-para-buscar-soluciones-contra-la-sequia\/\" \/>\n<meta property=\"og:site_name\" content=\"El Diario - Bolivia\" \/>\n<meta property=\"article:publisher\" content=\"https:\/\/www.facebook.com\/eldiario.bolivia\/\" \/>\n<meta property=\"article:published_time\" content=\"2022-12-03T10:23:50+00:00\" \/>\n<meta name=\"author\" content=\"Jeanette\" \/>\n<meta name=\"twitter:card\" content=\"summary_large_image\" \/>\n<meta name=\"twitter:creator\" content=\"@eldiario_net\" \/>\n<meta name=\"twitter:site\" content=\"@eldiario_net\" \/>\n<meta name=\"twitter:label1\" content=\"Escrito por\" \/>\n\t<meta name=\"twitter:data1\" content=\"Jeanette\" \/>\n\t<meta name=\"twitter:label2\" content=\"Tiempo de lectura\" \/>\n\t<meta name=\"twitter:data2\" content=\"1 minuto\" \/>\n<script type=\"application\/ld+json\" class=\"yoast-schema-graph\">{\"@context\":\"https:\\\/\\\/schema.org\",\"@graph\":[{\"@type\":\"Article\",\"@id\":\"https:\\\/\\\/www.eldiario.net\\\/portal\\\/2022\\\/12\\\/03\\\/encaran-programa-tecnico-cientifico-para-buscar-soluciones-contra-la-sequia\\\/#article\",\"isPartOf\":{\"@id\":\"https:\\\/\\\/www.eldiario.net\\\/portal\\\/2022\\\/12\\\/03\\\/encaran-programa-tecnico-cientifico-para-buscar-soluciones-contra-la-sequia\\\/\"},\"author\":{\"name\":\"Jeanette\",\"@id\":\"https:\\\/\\\/www.eldiario.net\\\/portal\\\/#\\\/schema\\\/person\\\/f46445640444750d7d753ccd04ae01b7\"},\"headline\":\"Encaran programa t\u00e9cnico-cient\u00edfico para buscar soluciones contra la sequ\u00eda\",\"datePublished\":\"2022-12-03T10:23:50+00:00\",\"mainEntityOfPage\":{\"@id\":\"https:\\\/\\\/www.eldiario.net\\\/portal\\\/2022\\\/12\\\/03\\\/encaran-programa-tecnico-cientifico-para-buscar-soluciones-contra-la-sequia\\\/\"},\"wordCount\":208,\"publisher\":{\"@id\":\"https:\\\/\\\/www.eldiario.net\\\/portal\\\/#organization\"},\"image\":{\"@id\":\"https:\\\/\\\/www.eldiario.net\\\/portal\\\/2022\\\/12\\\/03\\\/encaran-programa-tecnico-cientifico-para-buscar-soluciones-contra-la-sequia\\\/#primaryimage\"},\"thumbnailUrl\":\"\",\"articleSection\":[\"Nacional\"],\"inLanguage\":\"es\"},{\"@type\":\"WebPage\",\"@id\":\"https:\\\/\\\/www.eldiario.net\\\/portal\\\/2022\\\/12\\\/03\\\/encaran-programa-tecnico-cientifico-para-buscar-soluciones-contra-la-sequia\\\/\",\"url\":\"https:\\\/\\\/www.eldiario.net\\\/portal\\\/2022\\\/12\\\/03\\\/encaran-programa-tecnico-cientifico-para-buscar-soluciones-contra-la-sequia\\\/\",\"name\":\"Encaran programa t\u00e9cnico-cient\u00edfico para buscar soluciones contra la sequ\u00eda - El Diario - Bolivia\",\"isPartOf\":{\"@id\":\"https:\\\/\\\/www.eldiario.net\\\/portal\\\/#website\"},\"primaryImageOfPage\":{\"@id\":\"https:\\\/\\\/www.eldiario.net\\\/portal\\\/2022\\\/12\\\/03\\\/encaran-programa-tecnico-cientifico-para-buscar-soluciones-contra-la-sequia\\\/#primaryimage\"},\"image\":{\"@id\":\"https:\\\/\\\/www.eldiario.net\\\/portal\\\/2022\\\/12\\\/03\\\/encaran-programa-tecnico-cientifico-para-buscar-soluciones-contra-la-sequia\\\/#primaryimage\"},\"thumbnailUrl\":\"\",\"datePublished\":\"2022-12-03T10:23:50+00:00\",\"breadcrumb\":{\"@id\":\"https:\\\/\\\/www.eldiario.net\\\/portal\\\/2022\\\/12\\\/03\\\/encaran-programa-tecnico-cientifico-para-buscar-soluciones-contra-la-sequia\\\/#breadcrumb\"},\"inLanguage\":\"es\",\"potentialAction\":[{\"@type\":\"ReadAction\",\"target\":[\"https:\\\/\\\/www.eldiario.net\\\/portal\\\/2022\\\/12\\\/03\\\/encaran-programa-tecnico-cientifico-para-buscar-soluciones-contra-la-sequia\\\/\"]}]},{\"@type\":\"ImageObject\",\"inLanguage\":\"es\",\"@id\":\"https:\\\/\\\/www.eldiario.net\\\/portal\\\/2022\\\/12\\\/03\\\/encaran-programa-tecnico-cientifico-para-buscar-soluciones-contra-la-sequia\\\/#primaryimage\",\"url\":\"\",\"contentUrl\":\"\"},{\"@type\":\"BreadcrumbList\",\"@id\":\"https:\\\/\\\/www.eldiario.net\\\/portal\\\/2022\\\/12\\\/03\\\/encaran-programa-tecnico-cientifico-para-buscar-soluciones-contra-la-sequia\\\/#breadcrumb\",\"itemListElement\":[{\"@type\":\"ListItem\",\"position\":1,\"name\":\"Portada\",\"item\":\"https:\\\/\\\/www.eldiario.net\\\/portal\\\/\"},{\"@type\":\"ListItem\",\"position\":2,\"name\":\"Encaran programa t\u00e9cnico-cient\u00edfico para buscar soluciones contra la sequ\u00eda\"}]},{\"@type\":\"WebSite\",\"@id\":\"https:\\\/\\\/www.eldiario.net\\\/portal\\\/#website\",\"url\":\"https:\\\/\\\/www.eldiario.net\\\/portal\\\/\",\"name\":\"El Diario - Decano de la prensa nacional\",\"description\":\"El Diario - Decano de la prensa nacional\",\"publisher\":{\"@id\":\"https:\\\/\\\/www.eldiario.net\\\/portal\\\/#organization\"},\"potentialAction\":[{\"@type\":\"SearchAction\",\"target\":{\"@type\":\"EntryPoint\",\"urlTemplate\":\"https:\\\/\\\/www.eldiario.net\\\/portal\\\/?s={search_term_string}\"},\"query-input\":{\"@type\":\"PropertyValueSpecification\",\"valueRequired\":true,\"valueName\":\"search_term_string\"}}],\"inLanguage\":\"es\"},{\"@type\":\"Organization\",\"@id\":\"https:\\\/\\\/www.eldiario.net\\\/portal\\\/#organization\",\"name\":\"El Diario - Decano de la prensa nacional\",\"url\":\"https:\\\/\\\/www.eldiario.net\\\/portal\\\/\",\"logo\":{\"@type\":\"ImageObject\",\"inLanguage\":\"es\",\"@id\":\"https:\\\/\\\/www.eldiario.net\\\/portal\\\/#\\\/schema\\\/logo\\\/image\\\/\",\"url\":\"https:\\\/\\\/www.eldiario.net\\\/portal\\\/wp-content\\\/uploads\\\/2023\\\/07\\\/logo_ED.jpg\",\"contentUrl\":\"https:\\\/\\\/www.eldiario.net\\\/portal\\\/wp-content\\\/uploads\\\/2023\\\/07\\\/logo_ED.jpg\",\"width\":272,\"height\":52,\"caption\":\"El Diario - Decano de la prensa nacional\"},\"image\":{\"@id\":\"https:\\\/\\\/www.eldiario.net\\\/portal\\\/#\\\/schema\\\/logo\\\/image\\\/\"},\"sameAs\":[\"https:\\\/\\\/www.facebook.com\\\/eldiario.bolivia\\\/\",\"https:\\\/\\\/x.com\\\/eldiario_net\"]},{\"@type\":\"Person\",\"@id\":\"https:\\\/\\\/www.eldiario.net\\\/portal\\\/#\\\/schema\\\/person\\\/f46445640444750d7d753ccd04ae01b7\",\"name\":\"Jeanette\",\"image\":{\"@type\":\"ImageObject\",\"inLanguage\":\"es\",\"@id\":\"https:\\\/\\\/secure.gravatar.com\\\/avatar\\\/3ea2118a5f7dad2b7138b1187a6b7ee55f160b9968b66013c3a3ef39dd7e5798?s=96&d=mm&r=g\",\"url\":\"https:\\\/\\\/secure.gravatar.com\\\/avatar\\\/3ea2118a5f7dad2b7138b1187a6b7ee55f160b9968b66013c3a3ef39dd7e5798?s=96&d=mm&r=g\",\"contentUrl\":\"https:\\\/\\\/secure.gravatar.com\\\/avatar\\\/3ea2118a5f7dad2b7138b1187a6b7ee55f160b9968b66013c3a3ef39dd7e5798?s=96&d=mm&r=g\",\"caption\":\"Jeanette\"},\"sameAs\":[\"https:\\\/\\\/www.eldiario.net\\\/portal\"],\"url\":\"https:\\\/\\\/www.eldiario.net\\\/portal\\\/author\\\/jeanette\\\/\"}]}<\/script>\n<!-- \/ Yoast SEO plugin. -->","yoast_head_json":{"title":"Encaran programa t\u00e9cnico-cient\u00edfico para buscar soluciones contra la sequ\u00eda - El Diario - Bolivia","robots":{"index":"index","follow":"follow","max-snippet":"max-snippet:-1","max-image-preview":"max-image-preview:large","max-video-preview":"max-video-preview:-1"},"canonical":"https:\/\/www.eldiario.net\/portal\/2022\/12\/03\/encaran-programa-tecnico-cientifico-para-buscar-soluciones-contra-la-sequia\/","og_locale":"es_ES","og_type":"article","og_title":"Encaran programa t\u00e9cnico-cient\u00edfico para buscar soluciones contra la sequ\u00eda - El Diario - Bolivia","og_description":"Un trabajo t\u00e9cnico-cient\u00edfico ser\u00e1 elaborado entre el sector agropecuario y la Gobernaci\u00f3n, para implementar experiencias de otros pa\u00edses en Santa Cruz, fin de buscar soluciones definitivas al fen\u00f3meno de la sequ\u00eda, con medidas integrales a corto y mediano plazo. La informaci\u00f3n la dio a conocer la secretaria de Seguridad Ciudadana, Paola Weber, que agreg\u00f3 que [&hellip;]","og_url":"https:\/\/www.eldiario.net\/portal\/2022\/12\/03\/encaran-programa-tecnico-cientifico-para-buscar-soluciones-contra-la-sequia\/","og_site_name":"El Diario - Bolivia","article_publisher":"https:\/\/www.facebook.com\/eldiario.bolivia\/","article_published_time":"2022-12-03T10:23:50+00:00","author":"Jeanette","twitter_card":"summary_large_image","twitter_creator":"@eldiario_net","twitter_site":"@eldiario_net","twitter_misc":{"Escrito por":"Jeanette","Tiempo de lectura":"1 minuto"},"schema":{"@context":"https:\/\/schema.org","@graph":[{"@type":"Article","@id":"https:\/\/www.eldiario.net\/portal\/2022\/12\/03\/encaran-programa-tecnico-cientifico-para-buscar-soluciones-contra-la-sequia\/#article","isPartOf":{"@id":"https:\/\/www.eldiario.net\/portal\/2022\/12\/03\/encaran-programa-tecnico-cientifico-para-buscar-soluciones-contra-la-sequia\/"},"author":{"name":"Jeanette","@id":"https:\/\/www.eldiario.net\/portal\/#\/schema\/person\/f46445640444750d7d753ccd04ae01b7"},"headline":"Encaran programa t\u00e9cnico-cient\u00edfico para buscar soluciones contra la sequ\u00eda","datePublished":"2022-12-03T10:23:50+00:00","mainEntityOfPage":{"@id":"https:\/\/www.eldiario.net\/portal\/2022\/12\/03\/encaran-programa-tecnico-cientifico-para-buscar-soluciones-contra-la-sequia\/"},"wordCount":208,"publisher":{"@id":"https:\/\/www.eldiario.net\/portal\/#organization"},"image":{"@id":"https:\/\/www.eldiario.net\/portal\/2022\/12\/03\/encaran-programa-tecnico-cientifico-para-buscar-soluciones-contra-la-sequia\/#primaryimage"},"thumbnailUrl":"","articleSection":["Nacional"],"inLanguage":"es"},{"@type":"WebPage","@id":"https:\/\/www.eldiario.net\/portal\/2022\/12\/03\/encaran-programa-tecnico-cientifico-para-buscar-soluciones-contra-la-sequia\/","url":"https:\/\/www.eldiario.net\/portal\/2022\/12\/03\/encaran-programa-tecnico-cientifico-para-buscar-soluciones-contra-la-sequia\/","name":"Encaran programa t\u00e9cnico-cient\u00edfico para buscar soluciones contra la sequ\u00eda - El Diario - Bolivia","isPartOf":{"@id":"https:\/\/www.eldiario.net\/portal\/#website"},"primaryImageOfPage":{"@id":"https:\/\/www.eldiario.net\/portal\/2022\/12\/03\/encaran-programa-tecnico-cientifico-para-buscar-soluciones-contra-la-sequia\/#primaryimage"},"image":{"@id":"https:\/\/www.eldiario.net\/portal\/2022\/12\/03\/encaran-programa-tecnico-cientifico-para-buscar-soluciones-contra-la-sequia\/#primaryimage"},"thumbnailUrl":"","datePublished":"2022-12-03T10:23:50+00:00","breadcrumb":{"@id":"https:\/\/www.eldiario.net\/portal\/2022\/12\/03\/encaran-programa-tecnico-cientifico-para-buscar-soluciones-contra-la-sequia\/#breadcrumb"},"inLanguage":"es","potentialAction":[{"@type":"ReadAction","target":["https:\/\/www.eldiario.net\/portal\/2022\/12\/03\/encaran-programa-tecnico-cientifico-para-buscar-soluciones-contra-la-sequia\/"]}]},{"@type":"ImageObject","inLanguage":"es","@id":"https:\/\/www.eldiario.net\/portal\/2022\/12\/03\/encaran-programa-tecnico-cientifico-para-buscar-soluciones-contra-la-sequia\/#primaryimage","url":"","contentUrl":""},{"@type":"BreadcrumbList","@id":"https:\/\/www.eldiario.net\/portal\/2022\/12\/03\/encaran-programa-tecnico-cientifico-para-buscar-soluciones-contra-la-sequia\/#breadcrumb","itemListElement":[{"@type":"ListItem","position":1,"name":"Portada","item":"https:\/\/www.eldiario.net\/portal\/"},{"@type":"ListItem","position":2,"name":"Encaran programa t\u00e9cnico-cient\u00edfico para buscar soluciones contra la sequ\u00eda"}]},{"@type":"WebSite","@id":"https:\/\/www.eldiario.net\/portal\/#website","url":"https:\/\/www.eldiario.net\/portal\/","name":"El Diario - Decano de la prensa nacional","description":"El Diario - Decano de la prensa nacional","publisher":{"@id":"https:\/\/www.eldiario.net\/portal\/#organization"},"potentialAction":[{"@type":"SearchAction","target":{"@type":"EntryPoint","urlTemplate":"https:\/\/www.eldiario.net\/portal\/?s={search_term_string}"},"query-input":{"@type":"PropertyValueSpecification","valueRequired":true,"valueName":"search_term_string"}}],"inLanguage":"es"},{"@type":"Organization","@id":"https:\/\/www.eldiario.net\/portal\/#organization","name":"El Diario - Decano de la prensa nacional","url":"https:\/\/www.eldiario.net\/portal\/","logo":{"@type":"ImageObject","inLanguage":"es","@id":"https:\/\/www.eldiario.net\/portal\/#\/schema\/logo\/image\/","url":"https:\/\/www.eldiario.net\/portal\/wp-content\/uploads\/2023\/07\/logo_ED.jpg","contentUrl":"https:\/\/www.eldiario.net\/portal\/wp-content\/uploads\/2023\/07\/logo_ED.jpg","width":272,"height":52,"caption":"El Diario - Decano de la prensa nacional"},"image":{"@id":"https:\/\/www.eldiario.net\/portal\/#\/schema\/logo\/image\/"},"sameAs":["https:\/\/www.facebook.com\/eldiario.bolivia\/","https:\/\/x.com\/eldiario_net"]},{"@type":"Person","@id":"https:\/\/www.eldiario.net\/portal\/#\/schema\/person\/f46445640444750d7d753ccd04ae01b7","name":"Jeanette","image":{"@type":"ImageObject","inLanguage":"es","@id":"https:\/\/secure.gravatar.com\/avatar\/3ea2118a5f7dad2b7138b1187a6b7ee55f160b9968b66013c3a3ef39dd7e5798?s=96&d=mm&r=g","url":"https:\/\/secure.gravatar.com\/avatar\/3ea2118a5f7dad2b7138b1187a6b7ee55f160b9968b66013c3a3ef39dd7e5798?s=96&d=mm&r=g","contentUrl":"https:\/\/secure.gravatar.com\/avatar\/3ea2118a5f7dad2b7138b1187a6b7ee55f160b9968b66013c3a3ef39dd7e5798?s=96&d=mm&r=g","caption":"Jeanette"},"sameAs":["https:\/\/www.eldiario.net\/portal"],"url":"https:\/\/www.eldiario.net\/portal\/author\/jeanette\/"}]}},"_links":{"self":[{"href":"https:\/\/www.eldiario.net\/portal\/wp-json\/wp\/v2\/posts\/125564","targetHints":{"allow":["GET"]}}],"collection":[{"href":"https:\/\/www.eldiario.net\/portal\/wp-json\/wp\/v2\/posts"}],"about":[{"href":"https:\/\/www.eldiario.net\/portal\/wp-json\/wp\/v2\/types\/post"}],"author":[{"embeddable":true,"href":"https:\/\/www.eldiario.net\/portal\/wp-json\/wp\/v2\/users\/1"}],"replies":[{"embeddable":true,"href":"https:\/\/www.eldiario.net\/portal\/wp-json\/wp\/v2\/comments?post=125564"}],"version-history":[{"count":0,"href":"https:\/\/www.eldiario.net\/portal\/wp-json\/wp\/v2\/posts\/125564\/revisions"}],"wp:attachment":[{"href":"https:\/\/www.eldiario.net\/portal\/wp-json\/wp\/v2\/media?parent=125564"}],"wp:term":[{"taxonomy":"category","embeddable":true,"href":"https:\/\/www.eldiario.net\/portal\/wp-json\/wp\/v2\/categories?post=125564"},{"taxonomy":"post_tag","embeddable":true,"href":"https:\/\/www.eldiario.net\/portal\/wp-json\/wp\/v2\/tags?post=125564"}],"curies":[{"name":"wp","href":"https:\/\/api.w.org\/{rel}","templated":true}]}}