{"id":125561,"date":"2022-12-03T06:22:53","date_gmt":"2022-12-03T10:22:53","guid":{"rendered":"https:\/\/www.eldiario.net\/portal\/?p=125561"},"modified":"2022-12-03T06:22:53","modified_gmt":"2022-12-03T10:22:53","slug":"no-queremos-mas-rios-contaminados-tampoco-el-pescado-con-mercurio","status":"publish","type":"post","link":"https:\/\/www.eldiario.net\/portal\/2022\/12\/03\/no-queremos-mas-rios-contaminados-tampoco-el-pescado-con-mercurio\/","title":{"rendered":"No queremos m\u00e1s r\u00edos contaminados  tampoco el pescado con mercurio"},"content":{"rendered":"<p>Las organizaciones ind\u00edgenas demandaron, desde la Amazonia, que las autoridades frenen la contaminaci\u00f3n de los r\u00edos y de los peces con mercurio producto de la actividad minera de explotaci\u00f3n de oro, que paren los avasallamientos, los nuevos asentamientos humanos, los ataques a las \u00e1reas protegidas y la deforestaci\u00f3n. Anuncian una lucha permanente.<\/p>\n<p>Las palabras de las instituciones de la sociedad civil y de las organizaciones ind\u00edgenas se escucharon en el lanzamiento del Encuentro Nacional camino al XI Foro Social Panamaz\u00f3nico (Fospa), acto que se realiz\u00f3 en el r\u00edo Beni, entre los municipios de Rurrenabaque, Beni, y San Buenaventura, La Paz.<\/p>\n<p>\u201cEsto es lo que las empresas mineras, petroleras e hidroel\u00e9ctricas est\u00e1n queriendo destruir\u201d, se\u00f1al\u00f3 la vicepresidenta de la Confederaci\u00f3n Nacional de Mujeres Ind\u00edgenas de Bolivia (Cnamib), Miriam Pariamo, en direcci\u00f3n al paisaje verde que imponen los parques naturales del Madidi y Pil\u00f3n Lajas.<\/p>\n<p>Pidi\u00f3 apoyo a toda la poblaci\u00f3n para que se sumen a su lucha \u201cQueremos hacer conocer al pa\u00eds, estamos en la lucha por los territorios, la Amazon\u00eda y los pueblos ind\u00edgenas. Ya no queremos m\u00e1s los r\u00edos contaminados con mercurio, no queremos m\u00e1s pescado con mercurio, no queremos m\u00e1s atropello a los derechos de los pueblos ind\u00edgenas\u201d, alz\u00f3 la voz.<\/p>\n<p>La preocupaci\u00f3n de los l\u00edderes sociales, ind\u00edgenas e institucionales es coincidente sobre los problemas que la regi\u00f3n amaz\u00f3nica debe enfrentar por el modelo y las pol\u00edticas extractivas del Gobierno del Estado plurinacional.<\/p>\n<p>Durante dos d\u00edas (30 de noviembre y 1 de diciembre) instituciones de la sociedad civil, defensores sociales, representantes ind\u00edgenas, guardaparques, organizaciones de Rurrenabaque y San Buenaventura, representantes de ambos gobiernos municipales, discutieron una agenda y hoja de ruta rumbo al Fospa 2024.<\/p>\n<p>El director de Fundaci\u00f3n Sol\u00f3n, Pablo Sol\u00f3n, dijo a la ANF que en julio del pr\u00f3ximo a\u00f1o se realizar\u00e1 el \u201cpreFospa\u201d que ser\u00e1 parte del proceso preparatorio al Foro Social Panamaz\u00f3nico que se realizar\u00e1 en los dos municipios el 2024.<\/p>\n<p>\u201cEl Prefospa se realizar\u00e1 en julio, ser\u00e1 un encuentro con diferentes actores a favor y en contra del Gobierno, del Estado para discutir a partir de qu\u00e9 se hace con este grave problema que afecta a la regi\u00f3n que es la contaminaci\u00f3n minera que es el tema mercurio\u201d, sostuvo.<\/p>\n<p>\u201cEsperamos que en este escenario podamos debatir y definir estrategias para una defensa real ante las amenazas que est\u00e1n pasando en los territorios con relaci\u00f3n a proyectos del gobierno central y de las actividades mineras. En este r\u00edo, donde nos encontramos, hace 10 a\u00f1os era limpio, pero hoy, en la cabecera del r\u00edo, se explota miner\u00eda\u201d, dijo el vicepresidente de la Central de Pueblos Ind\u00edgenas de La Paz (Cpilap), Lino Illimuri.<\/p>\n<p>En las mesas de trabajo donde se plantearon los diferentes temas de preocupaci\u00f3n en la Amazon\u00eda, sali\u00f3 de manera recurrente que es tiempo de que los foros den resultados concretos y que no se constituyan solo en espacios de debate y reflexi\u00f3n.<\/p>\n<p>Sol\u00f3n manifest\u00f3 que las instituciones y organizaciones que plantearon el tema \u201ctienen toda la raz\u00f3n\u201d y que por ese motivo el Fospa convocar\u00e1 \u201ca los actores estatales y no estatales, convencidos y no convencidos para discutir sobre la base de propuestas y no solo quejas, alternativas a los grandes problemas que afectan a la regi\u00f3n.<\/p>\n<p>As\u00ed como el tema minero, la deforestaci\u00f3n, la titulaci\u00f3n de tierras, las \u00e1reas protegidas que est\u00e1n en permanente ataque y agresi\u00f3n de diferentes actores, requieren \u201cresultados concretos\u201d para frenar la contaminaci\u00f3n de los r\u00edos, la deforestaci\u00f3n, el avasallamiento, entre otros.<\/p>\n<p>Insisti\u00f3 que es tiempo de hacer \u201cincidencia\u201d y no solo debates o reflexiones, por esa raz\u00f3n se invitar\u00e1 a los mineros y cooperativistas para discutir sobre los impactos del mercurio, de la explotaci\u00f3n del oro con los afectados, con los que sufren el impacto y da\u00f1o de esa actividad.<\/p>\n<p>\u201cNo podemos seguir hablando entre convencidos, sino tenemos que hablar con aquellos que est\u00e1n generando grandes impactos y da\u00f1os bore la Amazon\u00eda\u201d, dijo Sol\u00f3n, al se\u00f1alar que el espacio fue \u201cmuy productivo\u201d para seguir avanzando en la defensa del medio ambiente y de los territorios ind\u00edgenas.<\/p>\n<p>Precis\u00f3 que otra de las propuestas es salir de las aulas, dejar los seminarios y visitar los territorios donde se sufren los impactos ambientales y sociales y los da\u00f1os. \u201cLlegar a los lugares donde hay graves problemas de agua, en \u00e1reas protegidas (\u2026) Se har\u00e1n denuncias, pero tambi\u00e9n construcci\u00f3n de propuestas\u00bb.<\/p>\n<p>El encuentro tiene el fin de planificar los preparativos para el Fospa, versi\u00f3n se realizar\u00e1 en Bolivia, precisamente en las ciudades amaz\u00f3nicas de Rurrenabaque y San Buenaventura, en julio de 2024. Del XI Fospa participan delegaciones de los nueve pa\u00edses amaz\u00f3nicos: Brasil, Per\u00fa, Ecuador, Colombia, Venezuela, Guyana, Guayana Francesa, Surinam y Bolivia.(ANF)<\/p>\n","protected":false},"excerpt":{"rendered":"<p>Las organizaciones ind\u00edgenas demandaron, desde la Amazonia, que las autoridades frenen la contaminaci\u00f3n de los r\u00edos y de los peces con mercurio producto de la actividad minera de explotaci\u00f3n de oro, que paren los avasallamientos, los nuevos asentamientos humanos, los ataques a las \u00e1reas protegidas y la deforestaci\u00f3n. Anuncian una lucha permanente. Las palabras de [&hellip;]<\/p>\n","protected":false},"author":1,"featured_media":125562,"comment_status":"closed","ping_status":"closed","sticky":false,"template":"","format":"standard","meta":{"_acf_changed":false,"footnotes":""},"categories":[12],"tags":[],"class_list":["post-125561","post","type-post","status-publish","format-standard","has-post-thumbnail","category-nacional"],"acf":{"antetitulo":""},"yoast_head":"<!-- This site is optimized with the Yoast SEO plugin v28.3 - https:\/\/yoast.com\/product\/yoast-seo-wordpress\/ -->\n<title>No queremos m\u00e1s r\u00edos contaminados tampoco el pescado con mercurio - El Diario - Bolivia<\/title>\n<meta name=\"robots\" content=\"index, follow, max-snippet:-1, max-image-preview:large, max-video-preview:-1\" \/>\n<link rel=\"canonical\" href=\"https:\/\/www.eldiario.net\/portal\/2022\/12\/03\/no-queremos-mas-rios-contaminados-tampoco-el-pescado-con-mercurio\/\" \/>\n<meta property=\"og:locale\" content=\"es_ES\" \/>\n<meta property=\"og:type\" content=\"article\" \/>\n<meta property=\"og:title\" content=\"No queremos m\u00e1s r\u00edos contaminados tampoco el pescado con mercurio - El Diario - Bolivia\" \/>\n<meta property=\"og:description\" content=\"Las organizaciones ind\u00edgenas demandaron, desde la Amazonia, que las autoridades frenen la contaminaci\u00f3n de los r\u00edos y de los peces con mercurio producto de la actividad minera de explotaci\u00f3n de oro, que paren los avasallamientos, los nuevos asentamientos humanos, los ataques a las \u00e1reas protegidas y la deforestaci\u00f3n. Anuncian una lucha permanente. Las palabras de [&hellip;]\" \/>\n<meta property=\"og:url\" content=\"https:\/\/www.eldiario.net\/portal\/2022\/12\/03\/no-queremos-mas-rios-contaminados-tampoco-el-pescado-con-mercurio\/\" \/>\n<meta property=\"og:site_name\" content=\"El Diario - Bolivia\" \/>\n<meta property=\"article:publisher\" content=\"https:\/\/www.facebook.com\/eldiario.bolivia\/\" \/>\n<meta property=\"article:published_time\" content=\"2022-12-03T10:22:53+00:00\" \/>\n<meta property=\"og:image\" content=\"https:\/\/www.eldiario.net\/portal\/wp-content\/uploads\/2022\/12\/INDIOS-FOTO.png\" \/>\n\t<meta property=\"og:image:width\" content=\"750\" \/>\n\t<meta property=\"og:image:height\" content=\"420\" \/>\n\t<meta property=\"og:image:type\" content=\"image\/png\" \/>\n<meta name=\"author\" content=\"Jeanette\" \/>\n<meta name=\"twitter:card\" content=\"summary_large_image\" \/>\n<meta name=\"twitter:creator\" content=\"@eldiario_net\" \/>\n<meta name=\"twitter:site\" content=\"@eldiario_net\" \/>\n<meta name=\"twitter:label1\" content=\"Escrito por\" \/>\n\t<meta name=\"twitter:data1\" content=\"Jeanette\" \/>\n\t<meta name=\"twitter:label2\" content=\"Tiempo de lectura\" \/>\n\t<meta name=\"twitter:data2\" content=\"4 minutos\" \/>\n<script type=\"application\/ld+json\" class=\"yoast-schema-graph\">{\"@context\":\"https:\\\/\\\/schema.org\",\"@graph\":[{\"@type\":\"Article\",\"@id\":\"https:\\\/\\\/www.eldiario.net\\\/portal\\\/2022\\\/12\\\/03\\\/no-queremos-mas-rios-contaminados-tampoco-el-pescado-con-mercurio\\\/#article\",\"isPartOf\":{\"@id\":\"https:\\\/\\\/www.eldiario.net\\\/portal\\\/2022\\\/12\\\/03\\\/no-queremos-mas-rios-contaminados-tampoco-el-pescado-con-mercurio\\\/\"},\"author\":{\"name\":\"Jeanette\",\"@id\":\"https:\\\/\\\/www.eldiario.net\\\/portal\\\/#\\\/schema\\\/person\\\/f46445640444750d7d753ccd04ae01b7\"},\"headline\":\"No queremos m\u00e1s r\u00edos contaminados tampoco el pescado con mercurio\",\"datePublished\":\"2022-12-03T10:22:53+00:00\",\"mainEntityOfPage\":{\"@id\":\"https:\\\/\\\/www.eldiario.net\\\/portal\\\/2022\\\/12\\\/03\\\/no-queremos-mas-rios-contaminados-tampoco-el-pescado-con-mercurio\\\/\"},\"wordCount\":855,\"publisher\":{\"@id\":\"https:\\\/\\\/www.eldiario.net\\\/portal\\\/#organization\"},\"image\":{\"@id\":\"https:\\\/\\\/www.eldiario.net\\\/portal\\\/2022\\\/12\\\/03\\\/no-queremos-mas-rios-contaminados-tampoco-el-pescado-con-mercurio\\\/#primaryimage\"},\"thumbnailUrl\":\"https:\\\/\\\/www.eldiario.net\\\/portal\\\/wp-content\\\/uploads\\\/2022\\\/12\\\/INDIOS-FOTO.png\",\"articleSection\":[\"Nacional\"],\"inLanguage\":\"es\"},{\"@type\":\"WebPage\",\"@id\":\"https:\\\/\\\/www.eldiario.net\\\/portal\\\/2022\\\/12\\\/03\\\/no-queremos-mas-rios-contaminados-tampoco-el-pescado-con-mercurio\\\/\",\"url\":\"https:\\\/\\\/www.eldiario.net\\\/portal\\\/2022\\\/12\\\/03\\\/no-queremos-mas-rios-contaminados-tampoco-el-pescado-con-mercurio\\\/\",\"name\":\"No queremos m\u00e1s r\u00edos contaminados tampoco el pescado con mercurio - El Diario - Bolivia\",\"isPartOf\":{\"@id\":\"https:\\\/\\\/www.eldiario.net\\\/portal\\\/#website\"},\"primaryImageOfPage\":{\"@id\":\"https:\\\/\\\/www.eldiario.net\\\/portal\\\/2022\\\/12\\\/03\\\/no-queremos-mas-rios-contaminados-tampoco-el-pescado-con-mercurio\\\/#primaryimage\"},\"image\":{\"@id\":\"https:\\\/\\\/www.eldiario.net\\\/portal\\\/2022\\\/12\\\/03\\\/no-queremos-mas-rios-contaminados-tampoco-el-pescado-con-mercurio\\\/#primaryimage\"},\"thumbnailUrl\":\"https:\\\/\\\/www.eldiario.net\\\/portal\\\/wp-content\\\/uploads\\\/2022\\\/12\\\/INDIOS-FOTO.png\",\"datePublished\":\"2022-12-03T10:22:53+00:00\",\"breadcrumb\":{\"@id\":\"https:\\\/\\\/www.eldiario.net\\\/portal\\\/2022\\\/12\\\/03\\\/no-queremos-mas-rios-contaminados-tampoco-el-pescado-con-mercurio\\\/#breadcrumb\"},\"inLanguage\":\"es\",\"potentialAction\":[{\"@type\":\"ReadAction\",\"target\":[\"https:\\\/\\\/www.eldiario.net\\\/portal\\\/2022\\\/12\\\/03\\\/no-queremos-mas-rios-contaminados-tampoco-el-pescado-con-mercurio\\\/\"]}]},{\"@type\":\"ImageObject\",\"inLanguage\":\"es\",\"@id\":\"https:\\\/\\\/www.eldiario.net\\\/portal\\\/2022\\\/12\\\/03\\\/no-queremos-mas-rios-contaminados-tampoco-el-pescado-con-mercurio\\\/#primaryimage\",\"url\":\"https:\\\/\\\/www.eldiario.net\\\/portal\\\/wp-content\\\/uploads\\\/2022\\\/12\\\/INDIOS-FOTO.png\",\"contentUrl\":\"https:\\\/\\\/www.eldiario.net\\\/portal\\\/wp-content\\\/uploads\\\/2022\\\/12\\\/INDIOS-FOTO.png\",\"width\":750,\"height\":420,\"caption\":\"Participantes del Encuentro Nacional rumbo al Fospa en el ingreso a San Buenaventura. Foto: ANF\"},{\"@type\":\"BreadcrumbList\",\"@id\":\"https:\\\/\\\/www.eldiario.net\\\/portal\\\/2022\\\/12\\\/03\\\/no-queremos-mas-rios-contaminados-tampoco-el-pescado-con-mercurio\\\/#breadcrumb\",\"itemListElement\":[{\"@type\":\"ListItem\",\"position\":1,\"name\":\"Portada\",\"item\":\"https:\\\/\\\/www.eldiario.net\\\/portal\\\/\"},{\"@type\":\"ListItem\",\"position\":2,\"name\":\"No queremos m\u00e1s r\u00edos contaminados tampoco el pescado con mercurio\"}]},{\"@type\":\"WebSite\",\"@id\":\"https:\\\/\\\/www.eldiario.net\\\/portal\\\/#website\",\"url\":\"https:\\\/\\\/www.eldiario.net\\\/portal\\\/\",\"name\":\"El Diario - Decano de la prensa nacional\",\"description\":\"El Diario - Decano de la prensa nacional\",\"publisher\":{\"@id\":\"https:\\\/\\\/www.eldiario.net\\\/portal\\\/#organization\"},\"potentialAction\":[{\"@type\":\"SearchAction\",\"target\":{\"@type\":\"EntryPoint\",\"urlTemplate\":\"https:\\\/\\\/www.eldiario.net\\\/portal\\\/?s={search_term_string}\"},\"query-input\":{\"@type\":\"PropertyValueSpecification\",\"valueRequired\":true,\"valueName\":\"search_term_string\"}}],\"inLanguage\":\"es\"},{\"@type\":\"Organization\",\"@id\":\"https:\\\/\\\/www.eldiario.net\\\/portal\\\/#organization\",\"name\":\"El Diario - Decano de la prensa nacional\",\"url\":\"https:\\\/\\\/www.eldiario.net\\\/portal\\\/\",\"logo\":{\"@type\":\"ImageObject\",\"inLanguage\":\"es\",\"@id\":\"https:\\\/\\\/www.eldiario.net\\\/portal\\\/#\\\/schema\\\/logo\\\/image\\\/\",\"url\":\"https:\\\/\\\/www.eldiario.net\\\/portal\\\/wp-content\\\/uploads\\\/2023\\\/07\\\/logo_ED.jpg\",\"contentUrl\":\"https:\\\/\\\/www.eldiario.net\\\/portal\\\/wp-content\\\/uploads\\\/2023\\\/07\\\/logo_ED.jpg\",\"width\":272,\"height\":52,\"caption\":\"El Diario - Decano de la prensa nacional\"},\"image\":{\"@id\":\"https:\\\/\\\/www.eldiario.net\\\/portal\\\/#\\\/schema\\\/logo\\\/image\\\/\"},\"sameAs\":[\"https:\\\/\\\/www.facebook.com\\\/eldiario.bolivia\\\/\",\"https:\\\/\\\/x.com\\\/eldiario_net\"]},{\"@type\":\"Person\",\"@id\":\"https:\\\/\\\/www.eldiario.net\\\/portal\\\/#\\\/schema\\\/person\\\/f46445640444750d7d753ccd04ae01b7\",\"name\":\"Jeanette\",\"image\":{\"@type\":\"ImageObject\",\"inLanguage\":\"es\",\"@id\":\"https:\\\/\\\/secure.gravatar.com\\\/avatar\\\/3ea2118a5f7dad2b7138b1187a6b7ee55f160b9968b66013c3a3ef39dd7e5798?s=96&d=mm&r=g\",\"url\":\"https:\\\/\\\/secure.gravatar.com\\\/avatar\\\/3ea2118a5f7dad2b7138b1187a6b7ee55f160b9968b66013c3a3ef39dd7e5798?s=96&d=mm&r=g\",\"contentUrl\":\"https:\\\/\\\/secure.gravatar.com\\\/avatar\\\/3ea2118a5f7dad2b7138b1187a6b7ee55f160b9968b66013c3a3ef39dd7e5798?s=96&d=mm&r=g\",\"caption\":\"Jeanette\"},\"sameAs\":[\"https:\\\/\\\/www.eldiario.net\\\/portal\"],\"url\":\"https:\\\/\\\/www.eldiario.net\\\/portal\\\/author\\\/jeanette\\\/\"}]}<\/script>\n<!-- \/ Yoast SEO plugin. -->","yoast_head_json":{"title":"No queremos m\u00e1s r\u00edos contaminados tampoco el pescado con mercurio - El Diario - Bolivia","robots":{"index":"index","follow":"follow","max-snippet":"max-snippet:-1","max-image-preview":"max-image-preview:large","max-video-preview":"max-video-preview:-1"},"canonical":"https:\/\/www.eldiario.net\/portal\/2022\/12\/03\/no-queremos-mas-rios-contaminados-tampoco-el-pescado-con-mercurio\/","og_locale":"es_ES","og_type":"article","og_title":"No queremos m\u00e1s r\u00edos contaminados tampoco el pescado con mercurio - El Diario - Bolivia","og_description":"Las organizaciones ind\u00edgenas demandaron, desde la Amazonia, que las autoridades frenen la contaminaci\u00f3n de los r\u00edos y de los peces con mercurio producto de la actividad minera de explotaci\u00f3n de oro, que paren los avasallamientos, los nuevos asentamientos humanos, los ataques a las \u00e1reas protegidas y la deforestaci\u00f3n. Anuncian una lucha permanente. Las palabras de [&hellip;]","og_url":"https:\/\/www.eldiario.net\/portal\/2022\/12\/03\/no-queremos-mas-rios-contaminados-tampoco-el-pescado-con-mercurio\/","og_site_name":"El Diario - Bolivia","article_publisher":"https:\/\/www.facebook.com\/eldiario.bolivia\/","article_published_time":"2022-12-03T10:22:53+00:00","og_image":[{"width":750,"height":420,"url":"https:\/\/www.eldiario.net\/portal\/wp-content\/uploads\/2022\/12\/INDIOS-FOTO.png","type":"image\/png"}],"author":"Jeanette","twitter_card":"summary_large_image","twitter_creator":"@eldiario_net","twitter_site":"@eldiario_net","twitter_misc":{"Escrito por":"Jeanette","Tiempo de lectura":"4 minutos"},"schema":{"@context":"https:\/\/schema.org","@graph":[{"@type":"Article","@id":"https:\/\/www.eldiario.net\/portal\/2022\/12\/03\/no-queremos-mas-rios-contaminados-tampoco-el-pescado-con-mercurio\/#article","isPartOf":{"@id":"https:\/\/www.eldiario.net\/portal\/2022\/12\/03\/no-queremos-mas-rios-contaminados-tampoco-el-pescado-con-mercurio\/"},"author":{"name":"Jeanette","@id":"https:\/\/www.eldiario.net\/portal\/#\/schema\/person\/f46445640444750d7d753ccd04ae01b7"},"headline":"No queremos m\u00e1s r\u00edos contaminados tampoco el pescado con mercurio","datePublished":"2022-12-03T10:22:53+00:00","mainEntityOfPage":{"@id":"https:\/\/www.eldiario.net\/portal\/2022\/12\/03\/no-queremos-mas-rios-contaminados-tampoco-el-pescado-con-mercurio\/"},"wordCount":855,"publisher":{"@id":"https:\/\/www.eldiario.net\/portal\/#organization"},"image":{"@id":"https:\/\/www.eldiario.net\/portal\/2022\/12\/03\/no-queremos-mas-rios-contaminados-tampoco-el-pescado-con-mercurio\/#primaryimage"},"thumbnailUrl":"https:\/\/www.eldiario.net\/portal\/wp-content\/uploads\/2022\/12\/INDIOS-FOTO.png","articleSection":["Nacional"],"inLanguage":"es"},{"@type":"WebPage","@id":"https:\/\/www.eldiario.net\/portal\/2022\/12\/03\/no-queremos-mas-rios-contaminados-tampoco-el-pescado-con-mercurio\/","url":"https:\/\/www.eldiario.net\/portal\/2022\/12\/03\/no-queremos-mas-rios-contaminados-tampoco-el-pescado-con-mercurio\/","name":"No queremos m\u00e1s r\u00edos contaminados tampoco el pescado con mercurio - El Diario - Bolivia","isPartOf":{"@id":"https:\/\/www.eldiario.net\/portal\/#website"},"primaryImageOfPage":{"@id":"https:\/\/www.eldiario.net\/portal\/2022\/12\/03\/no-queremos-mas-rios-contaminados-tampoco-el-pescado-con-mercurio\/#primaryimage"},"image":{"@id":"https:\/\/www.eldiario.net\/portal\/2022\/12\/03\/no-queremos-mas-rios-contaminados-tampoco-el-pescado-con-mercurio\/#primaryimage"},"thumbnailUrl":"https:\/\/www.eldiario.net\/portal\/wp-content\/uploads\/2022\/12\/INDIOS-FOTO.png","datePublished":"2022-12-03T10:22:53+00:00","breadcrumb":{"@id":"https:\/\/www.eldiario.net\/portal\/2022\/12\/03\/no-queremos-mas-rios-contaminados-tampoco-el-pescado-con-mercurio\/#breadcrumb"},"inLanguage":"es","potentialAction":[{"@type":"ReadAction","target":["https:\/\/www.eldiario.net\/portal\/2022\/12\/03\/no-queremos-mas-rios-contaminados-tampoco-el-pescado-con-mercurio\/"]}]},{"@type":"ImageObject","inLanguage":"es","@id":"https:\/\/www.eldiario.net\/portal\/2022\/12\/03\/no-queremos-mas-rios-contaminados-tampoco-el-pescado-con-mercurio\/#primaryimage","url":"https:\/\/www.eldiario.net\/portal\/wp-content\/uploads\/2022\/12\/INDIOS-FOTO.png","contentUrl":"https:\/\/www.eldiario.net\/portal\/wp-content\/uploads\/2022\/12\/INDIOS-FOTO.png","width":750,"height":420,"caption":"Participantes del Encuentro Nacional rumbo al Fospa en el ingreso a San Buenaventura. Foto: ANF"},{"@type":"BreadcrumbList","@id":"https:\/\/www.eldiario.net\/portal\/2022\/12\/03\/no-queremos-mas-rios-contaminados-tampoco-el-pescado-con-mercurio\/#breadcrumb","itemListElement":[{"@type":"ListItem","position":1,"name":"Portada","item":"https:\/\/www.eldiario.net\/portal\/"},{"@type":"ListItem","position":2,"name":"No queremos m\u00e1s r\u00edos contaminados tampoco el pescado con mercurio"}]},{"@type":"WebSite","@id":"https:\/\/www.eldiario.net\/portal\/#website","url":"https:\/\/www.eldiario.net\/portal\/","name":"El Diario - Decano de la prensa nacional","description":"El Diario - Decano de la prensa nacional","publisher":{"@id":"https:\/\/www.eldiario.net\/portal\/#organization"},"potentialAction":[{"@type":"SearchAction","target":{"@type":"EntryPoint","urlTemplate":"https:\/\/www.eldiario.net\/portal\/?s={search_term_string}"},"query-input":{"@type":"PropertyValueSpecification","valueRequired":true,"valueName":"search_term_string"}}],"inLanguage":"es"},{"@type":"Organization","@id":"https:\/\/www.eldiario.net\/portal\/#organization","name":"El Diario - Decano de la prensa nacional","url":"https:\/\/www.eldiario.net\/portal\/","logo":{"@type":"ImageObject","inLanguage":"es","@id":"https:\/\/www.eldiario.net\/portal\/#\/schema\/logo\/image\/","url":"https:\/\/www.eldiario.net\/portal\/wp-content\/uploads\/2023\/07\/logo_ED.jpg","contentUrl":"https:\/\/www.eldiario.net\/portal\/wp-content\/uploads\/2023\/07\/logo_ED.jpg","width":272,"height":52,"caption":"El Diario - Decano de la prensa nacional"},"image":{"@id":"https:\/\/www.eldiario.net\/portal\/#\/schema\/logo\/image\/"},"sameAs":["https:\/\/www.facebook.com\/eldiario.bolivia\/","https:\/\/x.com\/eldiario_net"]},{"@type":"Person","@id":"https:\/\/www.eldiario.net\/portal\/#\/schema\/person\/f46445640444750d7d753ccd04ae01b7","name":"Jeanette","image":{"@type":"ImageObject","inLanguage":"es","@id":"https:\/\/secure.gravatar.com\/avatar\/3ea2118a5f7dad2b7138b1187a6b7ee55f160b9968b66013c3a3ef39dd7e5798?s=96&d=mm&r=g","url":"https:\/\/secure.gravatar.com\/avatar\/3ea2118a5f7dad2b7138b1187a6b7ee55f160b9968b66013c3a3ef39dd7e5798?s=96&d=mm&r=g","contentUrl":"https:\/\/secure.gravatar.com\/avatar\/3ea2118a5f7dad2b7138b1187a6b7ee55f160b9968b66013c3a3ef39dd7e5798?s=96&d=mm&r=g","caption":"Jeanette"},"sameAs":["https:\/\/www.eldiario.net\/portal"],"url":"https:\/\/www.eldiario.net\/portal\/author\/jeanette\/"}]}},"_links":{"self":[{"href":"https:\/\/www.eldiario.net\/portal\/wp-json\/wp\/v2\/posts\/125561","targetHints":{"allow":["GET"]}}],"collection":[{"href":"https:\/\/www.eldiario.net\/portal\/wp-json\/wp\/v2\/posts"}],"about":[{"href":"https:\/\/www.eldiario.net\/portal\/wp-json\/wp\/v2\/types\/post"}],"author":[{"embeddable":true,"href":"https:\/\/www.eldiario.net\/portal\/wp-json\/wp\/v2\/users\/1"}],"replies":[{"embeddable":true,"href":"https:\/\/www.eldiario.net\/portal\/wp-json\/wp\/v2\/comments?post=125561"}],"version-history":[{"count":0,"href":"https:\/\/www.eldiario.net\/portal\/wp-json\/wp\/v2\/posts\/125561\/revisions"}],"wp:featuredmedia":[{"embeddable":true,"href":"https:\/\/www.eldiario.net\/portal\/wp-json\/wp\/v2\/media\/125562"}],"wp:attachment":[{"href":"https:\/\/www.eldiario.net\/portal\/wp-json\/wp\/v2\/media?parent=125561"}],"wp:term":[{"taxonomy":"category","embeddable":true,"href":"https:\/\/www.eldiario.net\/portal\/wp-json\/wp\/v2\/categories?post=125561"},{"taxonomy":"post_tag","embeddable":true,"href":"https:\/\/www.eldiario.net\/portal\/wp-json\/wp\/v2\/tags?post=125561"}],"curies":[{"name":"wp","href":"https:\/\/api.w.org\/{rel}","templated":true}]}}