{"id":125342,"date":"2022-12-02T06:03:04","date_gmt":"2022-12-02T10:03:04","guid":{"rendered":"https:\/\/www.eldiario.net\/portal\/?p=125342"},"modified":"2022-12-02T06:03:04","modified_gmt":"2022-12-02T10:03:04","slug":"juicio-por-caso-mochilas-comienza-luego-de-5-anos","status":"publish","type":"post","link":"https:\/\/www.eldiario.net\/portal\/2022\/12\/02\/juicio-por-caso-mochilas-comienza-luego-de-5-anos\/","title":{"rendered":"Juicio por caso mochilas comienza luego de 5 a\u00f1os"},"content":{"rendered":"<p>Luego de cinco a\u00f1os de investigaciones y recursos judiciales, a las 15.00 horas de hoy se dar\u00e1 inici\u00f3 al juicio oral en contra del exalcalde de Oruro, Edgar Baz\u00e1n, y otras 20 personas, por la compra de mochilas con sobreprecio en el a\u00f1o 2016.<\/p>\n<p>El exdirigente vecinal, Severo Torres, es el principal querellante en el caso. La denuncia en contra de Baz\u00e1n y las otras 20 personas se\u00f1ala que, en 2016, el municipio de Oruro adquiri\u00f3 40.000 mochilas escolares que fueron importadas desde China con un sobreprecio de Bs 2 millones, los morrales fueron importados a Bs 35, pero se pag\u00f3 Bs 80 por cada una.<\/p>\n<p>La licitaci\u00f3n fue realizada mediante la modalidad de Apoyo Nacional a la Producci\u00f3n y Empleo (ANPE); es decir, que se debi\u00f3 favorecer a productores nacionales. En mayo de 2017, Torres present\u00f3 la denuncia en contra de los responsables de la adquisici\u00f3n de mochilas; seis meses despu\u00e9s, la el Ministerio P\u00fablico present\u00f3 una imputaci\u00f3n formal.<\/p>\n<p>Los delitos son: incumplimiento de deberes, contratos lesivos al Estado, incumplimiento de contratos, falsificaci\u00f3n de documentos, falsedad ideol\u00f3gica, uso de instrumento falsificado, uso indebido de influencias, negociaciones incompatibles con el ejercicio de funciones p\u00fablicas y conducta antiecon\u00f3mica. (ANF)<\/p>\n","protected":false},"excerpt":{"rendered":"<p>Luego de cinco a\u00f1os de investigaciones y recursos judiciales, a las 15.00 horas de hoy se dar\u00e1 inici\u00f3 al juicio oral en contra del exalcalde de Oruro, Edgar Baz\u00e1n, y otras 20 personas, por la compra de mochilas con sobreprecio en el a\u00f1o 2016. El exdirigente vecinal, Severo Torres, es el principal querellante en el [&hellip;]<\/p>\n","protected":false},"author":1,"featured_media":125343,"comment_status":"closed","ping_status":"closed","sticky":false,"template":"","format":"standard","meta":{"_acf_changed":false,"footnotes":""},"categories":[12],"tags":[],"class_list":["post-125342","post","type-post","status-publish","format-standard","has-post-thumbnail","category-nacional"],"acf":{"antetitulo":""},"yoast_head":"<!-- This site is optimized with the Yoast SEO plugin v28.4 - https:\/\/yoast.com\/product\/yoast-seo-wordpress\/ -->\n<title>Juicio por caso mochilas comienza luego de 5 a\u00f1os - El Diario - Bolivia<\/title>\n<meta name=\"robots\" content=\"index, follow, max-snippet:-1, max-image-preview:large, max-video-preview:-1\" \/>\n<link rel=\"canonical\" href=\"https:\/\/www.eldiario.net\/portal\/2022\/12\/02\/juicio-por-caso-mochilas-comienza-luego-de-5-anos\/\" \/>\n<meta property=\"og:locale\" content=\"es_ES\" \/>\n<meta property=\"og:type\" content=\"article\" \/>\n<meta property=\"og:title\" content=\"Juicio por caso mochilas comienza luego de 5 a\u00f1os - El Diario - Bolivia\" \/>\n<meta property=\"og:description\" content=\"Luego de cinco a\u00f1os de investigaciones y recursos judiciales, a las 15.00 horas de hoy se dar\u00e1 inici\u00f3 al juicio oral en contra del exalcalde de Oruro, Edgar Baz\u00e1n, y otras 20 personas, por la compra de mochilas con sobreprecio en el a\u00f1o 2016. El exdirigente vecinal, Severo Torres, es el principal querellante en el [&hellip;]\" \/>\n<meta property=\"og:url\" content=\"https:\/\/www.eldiario.net\/portal\/2022\/12\/02\/juicio-por-caso-mochilas-comienza-luego-de-5-anos\/\" \/>\n<meta property=\"og:site_name\" content=\"El Diario - Bolivia\" \/>\n<meta property=\"article:publisher\" content=\"https:\/\/www.facebook.com\/eldiario.bolivia\/\" \/>\n<meta property=\"article:published_time\" content=\"2022-12-02T10:03:04+00:00\" \/>\n<meta name=\"author\" content=\"Jeanette\" \/>\n<meta name=\"twitter:card\" content=\"summary_large_image\" \/>\n<meta name=\"twitter:creator\" content=\"@eldiario_net\" \/>\n<meta name=\"twitter:site\" content=\"@eldiario_net\" \/>\n<meta name=\"twitter:label1\" content=\"Escrito por\" \/>\n\t<meta name=\"twitter:data1\" content=\"Jeanette\" \/>\n\t<meta name=\"twitter:label2\" content=\"Tiempo de lectura\" \/>\n\t<meta name=\"twitter:data2\" content=\"1 minuto\" \/>\n<script type=\"application\/ld+json\" class=\"yoast-schema-graph\">{\"@context\":\"https:\\\/\\\/schema.org\",\"@graph\":[{\"@type\":\"Article\",\"@id\":\"https:\\\/\\\/www.eldiario.net\\\/portal\\\/2022\\\/12\\\/02\\\/juicio-por-caso-mochilas-comienza-luego-de-5-anos\\\/#article\",\"isPartOf\":{\"@id\":\"https:\\\/\\\/www.eldiario.net\\\/portal\\\/2022\\\/12\\\/02\\\/juicio-por-caso-mochilas-comienza-luego-de-5-anos\\\/\"},\"author\":{\"name\":\"Jeanette\",\"@id\":\"https:\\\/\\\/www.eldiario.net\\\/portal\\\/#\\\/schema\\\/person\\\/2c57cf2b7a7ae032e449e4c9b1019eac\"},\"headline\":\"Juicio por caso mochilas comienza luego de 5 a\u00f1os\",\"datePublished\":\"2022-12-02T10:03:04+00:00\",\"mainEntityOfPage\":{\"@id\":\"https:\\\/\\\/www.eldiario.net\\\/portal\\\/2022\\\/12\\\/02\\\/juicio-por-caso-mochilas-comienza-luego-de-5-anos\\\/\"},\"wordCount\":212,\"publisher\":{\"@id\":\"https:\\\/\\\/www.eldiario.net\\\/portal\\\/#organization\"},\"image\":{\"@id\":\"https:\\\/\\\/www.eldiario.net\\\/portal\\\/2022\\\/12\\\/02\\\/juicio-por-caso-mochilas-comienza-luego-de-5-anos\\\/#primaryimage\"},\"thumbnailUrl\":\"\",\"articleSection\":[\"Nacional\"],\"inLanguage\":\"es\"},{\"@type\":\"WebPage\",\"@id\":\"https:\\\/\\\/www.eldiario.net\\\/portal\\\/2022\\\/12\\\/02\\\/juicio-por-caso-mochilas-comienza-luego-de-5-anos\\\/\",\"url\":\"https:\\\/\\\/www.eldiario.net\\\/portal\\\/2022\\\/12\\\/02\\\/juicio-por-caso-mochilas-comienza-luego-de-5-anos\\\/\",\"name\":\"Juicio por caso mochilas comienza luego de 5 a\u00f1os - El Diario - Bolivia\",\"isPartOf\":{\"@id\":\"https:\\\/\\\/www.eldiario.net\\\/portal\\\/#website\"},\"primaryImageOfPage\":{\"@id\":\"https:\\\/\\\/www.eldiario.net\\\/portal\\\/2022\\\/12\\\/02\\\/juicio-por-caso-mochilas-comienza-luego-de-5-anos\\\/#primaryimage\"},\"image\":{\"@id\":\"https:\\\/\\\/www.eldiario.net\\\/portal\\\/2022\\\/12\\\/02\\\/juicio-por-caso-mochilas-comienza-luego-de-5-anos\\\/#primaryimage\"},\"thumbnailUrl\":\"\",\"datePublished\":\"2022-12-02T10:03:04+00:00\",\"breadcrumb\":{\"@id\":\"https:\\\/\\\/www.eldiario.net\\\/portal\\\/2022\\\/12\\\/02\\\/juicio-por-caso-mochilas-comienza-luego-de-5-anos\\\/#breadcrumb\"},\"inLanguage\":\"es\",\"potentialAction\":[{\"@type\":\"ReadAction\",\"target\":[\"https:\\\/\\\/www.eldiario.net\\\/portal\\\/2022\\\/12\\\/02\\\/juicio-por-caso-mochilas-comienza-luego-de-5-anos\\\/\"]}]},{\"@type\":\"ImageObject\",\"inLanguage\":\"es\",\"@id\":\"https:\\\/\\\/www.eldiario.net\\\/portal\\\/2022\\\/12\\\/02\\\/juicio-por-caso-mochilas-comienza-luego-de-5-anos\\\/#primaryimage\",\"url\":\"\",\"contentUrl\":\"\"},{\"@type\":\"BreadcrumbList\",\"@id\":\"https:\\\/\\\/www.eldiario.net\\\/portal\\\/2022\\\/12\\\/02\\\/juicio-por-caso-mochilas-comienza-luego-de-5-anos\\\/#breadcrumb\",\"itemListElement\":[{\"@type\":\"ListItem\",\"position\":1,\"name\":\"Portada\",\"item\":\"https:\\\/\\\/www.eldiario.net\\\/portal\\\/\"},{\"@type\":\"ListItem\",\"position\":2,\"name\":\"Juicio por caso mochilas comienza luego de 5 a\u00f1os\"}]},{\"@type\":\"WebSite\",\"@id\":\"https:\\\/\\\/www.eldiario.net\\\/portal\\\/#website\",\"url\":\"https:\\\/\\\/www.eldiario.net\\\/portal\\\/\",\"name\":\"El Diario - Decano de la prensa nacional\",\"description\":\"El Diario - Decano de la prensa nacional\",\"publisher\":{\"@id\":\"https:\\\/\\\/www.eldiario.net\\\/portal\\\/#organization\"},\"potentialAction\":[{\"@type\":\"SearchAction\",\"target\":{\"@type\":\"EntryPoint\",\"urlTemplate\":\"https:\\\/\\\/www.eldiario.net\\\/portal\\\/?s={search_term_string}\"},\"query-input\":{\"@type\":\"PropertyValueSpecification\",\"valueRequired\":true,\"valueName\":\"search_term_string\"}}],\"inLanguage\":\"es\"},{\"@type\":\"Organization\",\"@id\":\"https:\\\/\\\/www.eldiario.net\\\/portal\\\/#organization\",\"name\":\"El Diario - Decano de la prensa nacional\",\"url\":\"https:\\\/\\\/www.eldiario.net\\\/portal\\\/\",\"logo\":{\"@type\":\"ImageObject\",\"inLanguage\":\"es\",\"@id\":\"https:\\\/\\\/www.eldiario.net\\\/portal\\\/#\\\/schema\\\/logo\\\/image\\\/\",\"url\":\"https:\\\/\\\/www.eldiario.net\\\/portal\\\/wp-content\\\/uploads\\\/2023\\\/07\\\/logo_ED.jpg\",\"contentUrl\":\"https:\\\/\\\/www.eldiario.net\\\/portal\\\/wp-content\\\/uploads\\\/2023\\\/07\\\/logo_ED.jpg\",\"width\":272,\"height\":52,\"caption\":\"El Diario - Decano de la prensa nacional\"},\"image\":{\"@id\":\"https:\\\/\\\/www.eldiario.net\\\/portal\\\/#\\\/schema\\\/logo\\\/image\\\/\"},\"sameAs\":[\"https:\\\/\\\/www.facebook.com\\\/eldiario.bolivia\\\/\",\"https:\\\/\\\/x.com\\\/eldiario_net\"]},{\"@type\":\"Person\",\"@id\":\"https:\\\/\\\/www.eldiario.net\\\/portal\\\/#\\\/schema\\\/person\\\/2c57cf2b7a7ae032e449e4c9b1019eac\",\"name\":\"Jeanette\",\"image\":{\"@type\":\"ImageObject\",\"inLanguage\":\"es\",\"@id\":\"https:\\\/\\\/secure.gravatar.com\\\/avatar\\\/3ea2118a5f7dad2b7138b1187a6b7ee55f160b9968b66013c3a3ef39dd7e5798?s=96&d=mm&r=g\",\"url\":\"https:\\\/\\\/secure.gravatar.com\\\/avatar\\\/3ea2118a5f7dad2b7138b1187a6b7ee55f160b9968b66013c3a3ef39dd7e5798?s=96&d=mm&r=g\",\"contentUrl\":\"https:\\\/\\\/secure.gravatar.com\\\/avatar\\\/3ea2118a5f7dad2b7138b1187a6b7ee55f160b9968b66013c3a3ef39dd7e5798?s=96&d=mm&r=g\",\"caption\":\"Jeanette\"},\"sameAs\":[\"https:\\\/\\\/www.eldiario.net\\\/portal\"],\"url\":\"https:\\\/\\\/www.eldiario.net\\\/portal\\\/author\\\/jeanette\\\/\"}]}<\/script>\n<!-- \/ Yoast SEO plugin. -->","yoast_head_json":{"title":"Juicio por caso mochilas comienza luego de 5 a\u00f1os - El Diario - Bolivia","robots":{"index":"index","follow":"follow","max-snippet":"max-snippet:-1","max-image-preview":"max-image-preview:large","max-video-preview":"max-video-preview:-1"},"canonical":"https:\/\/www.eldiario.net\/portal\/2022\/12\/02\/juicio-por-caso-mochilas-comienza-luego-de-5-anos\/","og_locale":"es_ES","og_type":"article","og_title":"Juicio por caso mochilas comienza luego de 5 a\u00f1os - El Diario - Bolivia","og_description":"Luego de cinco a\u00f1os de investigaciones y recursos judiciales, a las 15.00 horas de hoy se dar\u00e1 inici\u00f3 al juicio oral en contra del exalcalde de Oruro, Edgar Baz\u00e1n, y otras 20 personas, por la compra de mochilas con sobreprecio en el a\u00f1o 2016. El exdirigente vecinal, Severo Torres, es el principal querellante en el [&hellip;]","og_url":"https:\/\/www.eldiario.net\/portal\/2022\/12\/02\/juicio-por-caso-mochilas-comienza-luego-de-5-anos\/","og_site_name":"El Diario - Bolivia","article_publisher":"https:\/\/www.facebook.com\/eldiario.bolivia\/","article_published_time":"2022-12-02T10:03:04+00:00","author":"Jeanette","twitter_card":"summary_large_image","twitter_creator":"@eldiario_net","twitter_site":"@eldiario_net","twitter_misc":{"Escrito por":"Jeanette","Tiempo de lectura":"1 minuto"},"schema":{"@context":"https:\/\/schema.org","@graph":[{"@type":"Article","@id":"https:\/\/www.eldiario.net\/portal\/2022\/12\/02\/juicio-por-caso-mochilas-comienza-luego-de-5-anos\/#article","isPartOf":{"@id":"https:\/\/www.eldiario.net\/portal\/2022\/12\/02\/juicio-por-caso-mochilas-comienza-luego-de-5-anos\/"},"author":{"name":"Jeanette","@id":"https:\/\/www.eldiario.net\/portal\/#\/schema\/person\/2c57cf2b7a7ae032e449e4c9b1019eac"},"headline":"Juicio por caso mochilas comienza luego de 5 a\u00f1os","datePublished":"2022-12-02T10:03:04+00:00","mainEntityOfPage":{"@id":"https:\/\/www.eldiario.net\/portal\/2022\/12\/02\/juicio-por-caso-mochilas-comienza-luego-de-5-anos\/"},"wordCount":212,"publisher":{"@id":"https:\/\/www.eldiario.net\/portal\/#organization"},"image":{"@id":"https:\/\/www.eldiario.net\/portal\/2022\/12\/02\/juicio-por-caso-mochilas-comienza-luego-de-5-anos\/#primaryimage"},"thumbnailUrl":"","articleSection":["Nacional"],"inLanguage":"es"},{"@type":"WebPage","@id":"https:\/\/www.eldiario.net\/portal\/2022\/12\/02\/juicio-por-caso-mochilas-comienza-luego-de-5-anos\/","url":"https:\/\/www.eldiario.net\/portal\/2022\/12\/02\/juicio-por-caso-mochilas-comienza-luego-de-5-anos\/","name":"Juicio por caso mochilas comienza luego de 5 a\u00f1os - El Diario - Bolivia","isPartOf":{"@id":"https:\/\/www.eldiario.net\/portal\/#website"},"primaryImageOfPage":{"@id":"https:\/\/www.eldiario.net\/portal\/2022\/12\/02\/juicio-por-caso-mochilas-comienza-luego-de-5-anos\/#primaryimage"},"image":{"@id":"https:\/\/www.eldiario.net\/portal\/2022\/12\/02\/juicio-por-caso-mochilas-comienza-luego-de-5-anos\/#primaryimage"},"thumbnailUrl":"","datePublished":"2022-12-02T10:03:04+00:00","breadcrumb":{"@id":"https:\/\/www.eldiario.net\/portal\/2022\/12\/02\/juicio-por-caso-mochilas-comienza-luego-de-5-anos\/#breadcrumb"},"inLanguage":"es","potentialAction":[{"@type":"ReadAction","target":["https:\/\/www.eldiario.net\/portal\/2022\/12\/02\/juicio-por-caso-mochilas-comienza-luego-de-5-anos\/"]}]},{"@type":"ImageObject","inLanguage":"es","@id":"https:\/\/www.eldiario.net\/portal\/2022\/12\/02\/juicio-por-caso-mochilas-comienza-luego-de-5-anos\/#primaryimage","url":"","contentUrl":""},{"@type":"BreadcrumbList","@id":"https:\/\/www.eldiario.net\/portal\/2022\/12\/02\/juicio-por-caso-mochilas-comienza-luego-de-5-anos\/#breadcrumb","itemListElement":[{"@type":"ListItem","position":1,"name":"Portada","item":"https:\/\/www.eldiario.net\/portal\/"},{"@type":"ListItem","position":2,"name":"Juicio por caso mochilas comienza luego de 5 a\u00f1os"}]},{"@type":"WebSite","@id":"https:\/\/www.eldiario.net\/portal\/#website","url":"https:\/\/www.eldiario.net\/portal\/","name":"El Diario - Decano de la prensa nacional","description":"El Diario - Decano de la prensa nacional","publisher":{"@id":"https:\/\/www.eldiario.net\/portal\/#organization"},"potentialAction":[{"@type":"SearchAction","target":{"@type":"EntryPoint","urlTemplate":"https:\/\/www.eldiario.net\/portal\/?s={search_term_string}"},"query-input":{"@type":"PropertyValueSpecification","valueRequired":true,"valueName":"search_term_string"}}],"inLanguage":"es"},{"@type":"Organization","@id":"https:\/\/www.eldiario.net\/portal\/#organization","name":"El Diario - Decano de la prensa nacional","url":"https:\/\/www.eldiario.net\/portal\/","logo":{"@type":"ImageObject","inLanguage":"es","@id":"https:\/\/www.eldiario.net\/portal\/#\/schema\/logo\/image\/","url":"https:\/\/www.eldiario.net\/portal\/wp-content\/uploads\/2023\/07\/logo_ED.jpg","contentUrl":"https:\/\/www.eldiario.net\/portal\/wp-content\/uploads\/2023\/07\/logo_ED.jpg","width":272,"height":52,"caption":"El Diario - Decano de la prensa nacional"},"image":{"@id":"https:\/\/www.eldiario.net\/portal\/#\/schema\/logo\/image\/"},"sameAs":["https:\/\/www.facebook.com\/eldiario.bolivia\/","https:\/\/x.com\/eldiario_net"]},{"@type":"Person","@id":"https:\/\/www.eldiario.net\/portal\/#\/schema\/person\/2c57cf2b7a7ae032e449e4c9b1019eac","name":"Jeanette","image":{"@type":"ImageObject","inLanguage":"es","@id":"https:\/\/secure.gravatar.com\/avatar\/3ea2118a5f7dad2b7138b1187a6b7ee55f160b9968b66013c3a3ef39dd7e5798?s=96&d=mm&r=g","url":"https:\/\/secure.gravatar.com\/avatar\/3ea2118a5f7dad2b7138b1187a6b7ee55f160b9968b66013c3a3ef39dd7e5798?s=96&d=mm&r=g","contentUrl":"https:\/\/secure.gravatar.com\/avatar\/3ea2118a5f7dad2b7138b1187a6b7ee55f160b9968b66013c3a3ef39dd7e5798?s=96&d=mm&r=g","caption":"Jeanette"},"sameAs":["https:\/\/www.eldiario.net\/portal"],"url":"https:\/\/www.eldiario.net\/portal\/author\/jeanette\/"}]}},"_links":{"self":[{"href":"https:\/\/www.eldiario.net\/portal\/wp-json\/wp\/v2\/posts\/125342","targetHints":{"allow":["GET"]}}],"collection":[{"href":"https:\/\/www.eldiario.net\/portal\/wp-json\/wp\/v2\/posts"}],"about":[{"href":"https:\/\/www.eldiario.net\/portal\/wp-json\/wp\/v2\/types\/post"}],"author":[{"embeddable":true,"href":"https:\/\/www.eldiario.net\/portal\/wp-json\/wp\/v2\/users\/1"}],"replies":[{"embeddable":true,"href":"https:\/\/www.eldiario.net\/portal\/wp-json\/wp\/v2\/comments?post=125342"}],"version-history":[{"count":0,"href":"https:\/\/www.eldiario.net\/portal\/wp-json\/wp\/v2\/posts\/125342\/revisions"}],"wp:attachment":[{"href":"https:\/\/www.eldiario.net\/portal\/wp-json\/wp\/v2\/media?parent=125342"}],"wp:term":[{"taxonomy":"category","embeddable":true,"href":"https:\/\/www.eldiario.net\/portal\/wp-json\/wp\/v2\/categories?post=125342"},{"taxonomy":"post_tag","embeddable":true,"href":"https:\/\/www.eldiario.net\/portal\/wp-json\/wp\/v2\/tags?post=125342"}],"curies":[{"name":"wp","href":"https:\/\/api.w.org\/{rel}","templated":true}]}}