{"id":125340,"date":"2022-12-02T06:01:31","date_gmt":"2022-12-02T10:01:31","guid":{"rendered":"https:\/\/www.eldiario.net\/portal\/?p=125340"},"modified":"2022-12-02T06:01:31","modified_gmt":"2022-12-02T10:01:31","slug":"upea-organiza-campana-para-dar-una-sonrisa-a-70-mil-ninos","status":"publish","type":"post","link":"https:\/\/www.eldiario.net\/portal\/2022\/12\/02\/upea-organiza-campana-para-dar-una-sonrisa-a-70-mil-ninos\/","title":{"rendered":"UPEA organiza campa\u00f1a para  dar una sonrisa a 70 mil ni\u00f1os"},"content":{"rendered":"<p>Con el objetivo de regalar sonrisas a 70 mil ni\u00f1os de las zonas rurales, la Universidad P\u00fablica de El Alto (UPEA) hizo el lanzamiento de la Campa\u00f1a \u201cUPEA por los ni\u00f1os\u201d, por la que recolectar\u00e1n juguetes, v\u00edveres, panetones y ropa.<br \/>\nLa recolecci\u00f3n ser\u00e1 hasta la primera quincena de este mes y la entrega se realizar\u00e1 el 20, en poblaciones del \u00e1rea rural como Taraco, Huancollo, Carabuco, Larecaja y Corocoro, adem\u00e1s de aquellas que son subsedes descentralizadas de la UPEA, es decir, Kallutaca, Viacha, Caranavi, Guaqui, Achacachi y otros.<br \/>\n\u201cRegalar sonrisas a los ni\u00f1os de las zonas rurales es el principal objetivo de la Campa\u00f1a que arranca hoy (por ayer). Pretendemos llegar a los setenta mil juguetes, la misma cantidad de estudiantes que se hallan inscritos en Registros y Admisiones, la l\u00f3gica un juguete por estudiante\u201d, destac\u00f3 el vicerrector de esa casa de estudios superiores, Efra\u00edn Chambi.<br \/>\nLa actividad es impulsada por la Direcci\u00f3n de Interacci\u00f3n Social, Bienestar Estudiantil, Deportes y Cultura (Disbedc) quienes se encargar\u00e1n de recibir las donaciones mediante diferentes acciones.<br \/>\nUna de ellas es que habr\u00e1 estudiantes voluntarios que recorrer\u00e1n los pasillos de la universidad, identificados con chalecos rojos para recibir donaciones desde las 8:00 hasta las 16:00.<br \/>\n\u201cQueremos sacarles una sonrisa a los ni\u00f1os en esta navidad, por ello se lanza esta campa\u00f1a de recolecci\u00f3n de v\u00edveres, juguetes y ropa, tambi\u00e9n pedimos a las instituciones de El Alto puedan sumarse a esta actividad con donativos\u201d, agreg\u00f3 el director de la Disbedc, Juli\u00e1n Mamani.<br \/>\nDurante la inauguraci\u00f3n de la actividad, una gran cantidad de j\u00f3venes universitarios amenizaron la fiesta con globos, chalinas, poleras y mu\u00f1ecos. El artista Sa\u00fal Callejas ameniz\u00f3 la jornada interpretando canciones navide\u00f1as.<br \/>\nLos v\u00edveres y donativos ser\u00e1n recibidos en las oficinas de Disbedc, ubicadas en la planta baja del edificio central de la UPEA que est\u00e1 en la calle Sucre B, zona Villa Esperanza de El Alto.<\/p>\n","protected":false},"excerpt":{"rendered":"<p>Con el objetivo de regalar sonrisas a 70 mil ni\u00f1os de las zonas rurales, la Universidad P\u00fablica de El Alto (UPEA) hizo el lanzamiento de la Campa\u00f1a \u201cUPEA por los ni\u00f1os\u201d, por la que recolectar\u00e1n juguetes, v\u00edveres, panetones y ropa. La recolecci\u00f3n ser\u00e1 hasta la primera quincena de este mes y la entrega se realizar\u00e1 [&hellip;]<\/p>\n","protected":false},"author":1,"featured_media":0,"comment_status":"closed","ping_status":"closed","sticky":false,"template":"","format":"standard","meta":{"_acf_changed":false,"footnotes":""},"categories":[12],"tags":[],"class_list":["post-125340","post","type-post","status-publish","format-standard","category-nacional"],"acf":{"antetitulo":""},"yoast_head":"<!-- This site is optimized with the Yoast SEO plugin v28.4 - https:\/\/yoast.com\/product\/yoast-seo-wordpress\/ -->\n<title>UPEA organiza campa\u00f1a para dar una sonrisa a 70 mil ni\u00f1os - El Diario - Bolivia<\/title>\n<meta name=\"robots\" content=\"index, follow, max-snippet:-1, max-image-preview:large, max-video-preview:-1\" \/>\n<link rel=\"canonical\" href=\"https:\/\/www.eldiario.net\/portal\/2022\/12\/02\/upea-organiza-campana-para-dar-una-sonrisa-a-70-mil-ninos\/\" \/>\n<meta property=\"og:locale\" content=\"es_ES\" \/>\n<meta property=\"og:type\" content=\"article\" \/>\n<meta property=\"og:title\" content=\"UPEA organiza campa\u00f1a para dar una sonrisa a 70 mil ni\u00f1os - El Diario - Bolivia\" \/>\n<meta property=\"og:description\" content=\"Con el objetivo de regalar sonrisas a 70 mil ni\u00f1os de las zonas rurales, la Universidad P\u00fablica de El Alto (UPEA) hizo el lanzamiento de la Campa\u00f1a \u201cUPEA por los ni\u00f1os\u201d, por la que recolectar\u00e1n juguetes, v\u00edveres, panetones y ropa. La recolecci\u00f3n ser\u00e1 hasta la primera quincena de este mes y la entrega se realizar\u00e1 [&hellip;]\" \/>\n<meta property=\"og:url\" content=\"https:\/\/www.eldiario.net\/portal\/2022\/12\/02\/upea-organiza-campana-para-dar-una-sonrisa-a-70-mil-ninos\/\" \/>\n<meta property=\"og:site_name\" content=\"El Diario - Bolivia\" \/>\n<meta property=\"article:publisher\" content=\"https:\/\/www.facebook.com\/eldiario.bolivia\/\" \/>\n<meta property=\"article:published_time\" content=\"2022-12-02T10:01:31+00:00\" \/>\n<meta name=\"author\" content=\"Jeanette\" \/>\n<meta name=\"twitter:card\" content=\"summary_large_image\" \/>\n<meta name=\"twitter:creator\" content=\"@eldiario_net\" \/>\n<meta name=\"twitter:site\" content=\"@eldiario_net\" \/>\n<meta name=\"twitter:label1\" content=\"Escrito por\" \/>\n\t<meta name=\"twitter:data1\" content=\"Jeanette\" \/>\n<script type=\"application\/ld+json\" class=\"yoast-schema-graph\">{\"@context\":\"https:\\\/\\\/schema.org\",\"@graph\":[{\"@type\":\"Article\",\"@id\":\"https:\\\/\\\/www.eldiario.net\\\/portal\\\/2022\\\/12\\\/02\\\/upea-organiza-campana-para-dar-una-sonrisa-a-70-mil-ninos\\\/#article\",\"isPartOf\":{\"@id\":\"https:\\\/\\\/www.eldiario.net\\\/portal\\\/2022\\\/12\\\/02\\\/upea-organiza-campana-para-dar-una-sonrisa-a-70-mil-ninos\\\/\"},\"author\":{\"name\":\"Jeanette\",\"@id\":\"https:\\\/\\\/www.eldiario.net\\\/portal\\\/#\\\/schema\\\/person\\\/2c57cf2b7a7ae032e449e4c9b1019eac\"},\"headline\":\"UPEA organiza campa\u00f1a para dar una sonrisa a 70 mil ni\u00f1os\",\"datePublished\":\"2022-12-02T10:01:31+00:00\",\"mainEntityOfPage\":{\"@id\":\"https:\\\/\\\/www.eldiario.net\\\/portal\\\/2022\\\/12\\\/02\\\/upea-organiza-campana-para-dar-una-sonrisa-a-70-mil-ninos\\\/\"},\"wordCount\":349,\"publisher\":{\"@id\":\"https:\\\/\\\/www.eldiario.net\\\/portal\\\/#organization\"},\"articleSection\":[\"Nacional\"],\"inLanguage\":\"es\"},{\"@type\":\"WebPage\",\"@id\":\"https:\\\/\\\/www.eldiario.net\\\/portal\\\/2022\\\/12\\\/02\\\/upea-organiza-campana-para-dar-una-sonrisa-a-70-mil-ninos\\\/\",\"url\":\"https:\\\/\\\/www.eldiario.net\\\/portal\\\/2022\\\/12\\\/02\\\/upea-organiza-campana-para-dar-una-sonrisa-a-70-mil-ninos\\\/\",\"name\":\"UPEA organiza campa\u00f1a para dar una sonrisa a 70 mil ni\u00f1os - El Diario - Bolivia\",\"isPartOf\":{\"@id\":\"https:\\\/\\\/www.eldiario.net\\\/portal\\\/#website\"},\"datePublished\":\"2022-12-02T10:01:31+00:00\",\"breadcrumb\":{\"@id\":\"https:\\\/\\\/www.eldiario.net\\\/portal\\\/2022\\\/12\\\/02\\\/upea-organiza-campana-para-dar-una-sonrisa-a-70-mil-ninos\\\/#breadcrumb\"},\"inLanguage\":\"es\",\"potentialAction\":[{\"@type\":\"ReadAction\",\"target\":[\"https:\\\/\\\/www.eldiario.net\\\/portal\\\/2022\\\/12\\\/02\\\/upea-organiza-campana-para-dar-una-sonrisa-a-70-mil-ninos\\\/\"]}]},{\"@type\":\"BreadcrumbList\",\"@id\":\"https:\\\/\\\/www.eldiario.net\\\/portal\\\/2022\\\/12\\\/02\\\/upea-organiza-campana-para-dar-una-sonrisa-a-70-mil-ninos\\\/#breadcrumb\",\"itemListElement\":[{\"@type\":\"ListItem\",\"position\":1,\"name\":\"Portada\",\"item\":\"https:\\\/\\\/www.eldiario.net\\\/portal\\\/\"},{\"@type\":\"ListItem\",\"position\":2,\"name\":\"UPEA organiza campa\u00f1a para dar una sonrisa a 70 mil ni\u00f1os\"}]},{\"@type\":\"WebSite\",\"@id\":\"https:\\\/\\\/www.eldiario.net\\\/portal\\\/#website\",\"url\":\"https:\\\/\\\/www.eldiario.net\\\/portal\\\/\",\"name\":\"El Diario - Decano de la prensa nacional\",\"description\":\"El Diario - Decano de la prensa nacional\",\"publisher\":{\"@id\":\"https:\\\/\\\/www.eldiario.net\\\/portal\\\/#organization\"},\"potentialAction\":[{\"@type\":\"SearchAction\",\"target\":{\"@type\":\"EntryPoint\",\"urlTemplate\":\"https:\\\/\\\/www.eldiario.net\\\/portal\\\/?s={search_term_string}\"},\"query-input\":{\"@type\":\"PropertyValueSpecification\",\"valueRequired\":true,\"valueName\":\"search_term_string\"}}],\"inLanguage\":\"es\"},{\"@type\":\"Organization\",\"@id\":\"https:\\\/\\\/www.eldiario.net\\\/portal\\\/#organization\",\"name\":\"El Diario - Decano de la prensa nacional\",\"url\":\"https:\\\/\\\/www.eldiario.net\\\/portal\\\/\",\"logo\":{\"@type\":\"ImageObject\",\"inLanguage\":\"es\",\"@id\":\"https:\\\/\\\/www.eldiario.net\\\/portal\\\/#\\\/schema\\\/logo\\\/image\\\/\",\"url\":\"https:\\\/\\\/www.eldiario.net\\\/portal\\\/wp-content\\\/uploads\\\/2023\\\/07\\\/logo_ED.jpg\",\"contentUrl\":\"https:\\\/\\\/www.eldiario.net\\\/portal\\\/wp-content\\\/uploads\\\/2023\\\/07\\\/logo_ED.jpg\",\"width\":272,\"height\":52,\"caption\":\"El Diario - Decano de la prensa nacional\"},\"image\":{\"@id\":\"https:\\\/\\\/www.eldiario.net\\\/portal\\\/#\\\/schema\\\/logo\\\/image\\\/\"},\"sameAs\":[\"https:\\\/\\\/www.facebook.com\\\/eldiario.bolivia\\\/\",\"https:\\\/\\\/x.com\\\/eldiario_net\"]},{\"@type\":\"Person\",\"@id\":\"https:\\\/\\\/www.eldiario.net\\\/portal\\\/#\\\/schema\\\/person\\\/2c57cf2b7a7ae032e449e4c9b1019eac\",\"name\":\"Jeanette\",\"image\":{\"@type\":\"ImageObject\",\"inLanguage\":\"es\",\"@id\":\"https:\\\/\\\/secure.gravatar.com\\\/avatar\\\/3ea2118a5f7dad2b7138b1187a6b7ee55f160b9968b66013c3a3ef39dd7e5798?s=96&d=mm&r=g\",\"url\":\"https:\\\/\\\/secure.gravatar.com\\\/avatar\\\/3ea2118a5f7dad2b7138b1187a6b7ee55f160b9968b66013c3a3ef39dd7e5798?s=96&d=mm&r=g\",\"contentUrl\":\"https:\\\/\\\/secure.gravatar.com\\\/avatar\\\/3ea2118a5f7dad2b7138b1187a6b7ee55f160b9968b66013c3a3ef39dd7e5798?s=96&d=mm&r=g\",\"caption\":\"Jeanette\"},\"sameAs\":[\"https:\\\/\\\/www.eldiario.net\\\/portal\"],\"url\":\"https:\\\/\\\/www.eldiario.net\\\/portal\\\/author\\\/jeanette\\\/\"}]}<\/script>\n<!-- \/ Yoast SEO plugin. -->","yoast_head_json":{"title":"UPEA organiza campa\u00f1a para dar una sonrisa a 70 mil ni\u00f1os - El Diario - Bolivia","robots":{"index":"index","follow":"follow","max-snippet":"max-snippet:-1","max-image-preview":"max-image-preview:large","max-video-preview":"max-video-preview:-1"},"canonical":"https:\/\/www.eldiario.net\/portal\/2022\/12\/02\/upea-organiza-campana-para-dar-una-sonrisa-a-70-mil-ninos\/","og_locale":"es_ES","og_type":"article","og_title":"UPEA organiza campa\u00f1a para dar una sonrisa a 70 mil ni\u00f1os - El Diario - Bolivia","og_description":"Con el objetivo de regalar sonrisas a 70 mil ni\u00f1os de las zonas rurales, la Universidad P\u00fablica de El Alto (UPEA) hizo el lanzamiento de la Campa\u00f1a \u201cUPEA por los ni\u00f1os\u201d, por la que recolectar\u00e1n juguetes, v\u00edveres, panetones y ropa. La recolecci\u00f3n ser\u00e1 hasta la primera quincena de este mes y la entrega se realizar\u00e1 [&hellip;]","og_url":"https:\/\/www.eldiario.net\/portal\/2022\/12\/02\/upea-organiza-campana-para-dar-una-sonrisa-a-70-mil-ninos\/","og_site_name":"El Diario - Bolivia","article_publisher":"https:\/\/www.facebook.com\/eldiario.bolivia\/","article_published_time":"2022-12-02T10:01:31+00:00","author":"Jeanette","twitter_card":"summary_large_image","twitter_creator":"@eldiario_net","twitter_site":"@eldiario_net","twitter_misc":{"Escrito por":"Jeanette"},"schema":{"@context":"https:\/\/schema.org","@graph":[{"@type":"Article","@id":"https:\/\/www.eldiario.net\/portal\/2022\/12\/02\/upea-organiza-campana-para-dar-una-sonrisa-a-70-mil-ninos\/#article","isPartOf":{"@id":"https:\/\/www.eldiario.net\/portal\/2022\/12\/02\/upea-organiza-campana-para-dar-una-sonrisa-a-70-mil-ninos\/"},"author":{"name":"Jeanette","@id":"https:\/\/www.eldiario.net\/portal\/#\/schema\/person\/2c57cf2b7a7ae032e449e4c9b1019eac"},"headline":"UPEA organiza campa\u00f1a para dar una sonrisa a 70 mil ni\u00f1os","datePublished":"2022-12-02T10:01:31+00:00","mainEntityOfPage":{"@id":"https:\/\/www.eldiario.net\/portal\/2022\/12\/02\/upea-organiza-campana-para-dar-una-sonrisa-a-70-mil-ninos\/"},"wordCount":349,"publisher":{"@id":"https:\/\/www.eldiario.net\/portal\/#organization"},"articleSection":["Nacional"],"inLanguage":"es"},{"@type":"WebPage","@id":"https:\/\/www.eldiario.net\/portal\/2022\/12\/02\/upea-organiza-campana-para-dar-una-sonrisa-a-70-mil-ninos\/","url":"https:\/\/www.eldiario.net\/portal\/2022\/12\/02\/upea-organiza-campana-para-dar-una-sonrisa-a-70-mil-ninos\/","name":"UPEA organiza campa\u00f1a para dar una sonrisa a 70 mil ni\u00f1os - El Diario - Bolivia","isPartOf":{"@id":"https:\/\/www.eldiario.net\/portal\/#website"},"datePublished":"2022-12-02T10:01:31+00:00","breadcrumb":{"@id":"https:\/\/www.eldiario.net\/portal\/2022\/12\/02\/upea-organiza-campana-para-dar-una-sonrisa-a-70-mil-ninos\/#breadcrumb"},"inLanguage":"es","potentialAction":[{"@type":"ReadAction","target":["https:\/\/www.eldiario.net\/portal\/2022\/12\/02\/upea-organiza-campana-para-dar-una-sonrisa-a-70-mil-ninos\/"]}]},{"@type":"BreadcrumbList","@id":"https:\/\/www.eldiario.net\/portal\/2022\/12\/02\/upea-organiza-campana-para-dar-una-sonrisa-a-70-mil-ninos\/#breadcrumb","itemListElement":[{"@type":"ListItem","position":1,"name":"Portada","item":"https:\/\/www.eldiario.net\/portal\/"},{"@type":"ListItem","position":2,"name":"UPEA organiza campa\u00f1a para dar una sonrisa a 70 mil ni\u00f1os"}]},{"@type":"WebSite","@id":"https:\/\/www.eldiario.net\/portal\/#website","url":"https:\/\/www.eldiario.net\/portal\/","name":"El Diario - Decano de la prensa nacional","description":"El Diario - Decano de la prensa nacional","publisher":{"@id":"https:\/\/www.eldiario.net\/portal\/#organization"},"potentialAction":[{"@type":"SearchAction","target":{"@type":"EntryPoint","urlTemplate":"https:\/\/www.eldiario.net\/portal\/?s={search_term_string}"},"query-input":{"@type":"PropertyValueSpecification","valueRequired":true,"valueName":"search_term_string"}}],"inLanguage":"es"},{"@type":"Organization","@id":"https:\/\/www.eldiario.net\/portal\/#organization","name":"El Diario - Decano de la prensa nacional","url":"https:\/\/www.eldiario.net\/portal\/","logo":{"@type":"ImageObject","inLanguage":"es","@id":"https:\/\/www.eldiario.net\/portal\/#\/schema\/logo\/image\/","url":"https:\/\/www.eldiario.net\/portal\/wp-content\/uploads\/2023\/07\/logo_ED.jpg","contentUrl":"https:\/\/www.eldiario.net\/portal\/wp-content\/uploads\/2023\/07\/logo_ED.jpg","width":272,"height":52,"caption":"El Diario - Decano de la prensa nacional"},"image":{"@id":"https:\/\/www.eldiario.net\/portal\/#\/schema\/logo\/image\/"},"sameAs":["https:\/\/www.facebook.com\/eldiario.bolivia\/","https:\/\/x.com\/eldiario_net"]},{"@type":"Person","@id":"https:\/\/www.eldiario.net\/portal\/#\/schema\/person\/2c57cf2b7a7ae032e449e4c9b1019eac","name":"Jeanette","image":{"@type":"ImageObject","inLanguage":"es","@id":"https:\/\/secure.gravatar.com\/avatar\/3ea2118a5f7dad2b7138b1187a6b7ee55f160b9968b66013c3a3ef39dd7e5798?s=96&d=mm&r=g","url":"https:\/\/secure.gravatar.com\/avatar\/3ea2118a5f7dad2b7138b1187a6b7ee55f160b9968b66013c3a3ef39dd7e5798?s=96&d=mm&r=g","contentUrl":"https:\/\/secure.gravatar.com\/avatar\/3ea2118a5f7dad2b7138b1187a6b7ee55f160b9968b66013c3a3ef39dd7e5798?s=96&d=mm&r=g","caption":"Jeanette"},"sameAs":["https:\/\/www.eldiario.net\/portal"],"url":"https:\/\/www.eldiario.net\/portal\/author\/jeanette\/"}]}},"_links":{"self":[{"href":"https:\/\/www.eldiario.net\/portal\/wp-json\/wp\/v2\/posts\/125340","targetHints":{"allow":["GET"]}}],"collection":[{"href":"https:\/\/www.eldiario.net\/portal\/wp-json\/wp\/v2\/posts"}],"about":[{"href":"https:\/\/www.eldiario.net\/portal\/wp-json\/wp\/v2\/types\/post"}],"author":[{"embeddable":true,"href":"https:\/\/www.eldiario.net\/portal\/wp-json\/wp\/v2\/users\/1"}],"replies":[{"embeddable":true,"href":"https:\/\/www.eldiario.net\/portal\/wp-json\/wp\/v2\/comments?post=125340"}],"version-history":[{"count":0,"href":"https:\/\/www.eldiario.net\/portal\/wp-json\/wp\/v2\/posts\/125340\/revisions"}],"wp:attachment":[{"href":"https:\/\/www.eldiario.net\/portal\/wp-json\/wp\/v2\/media?parent=125340"}],"wp:term":[{"taxonomy":"category","embeddable":true,"href":"https:\/\/www.eldiario.net\/portal\/wp-json\/wp\/v2\/categories?post=125340"},{"taxonomy":"post_tag","embeddable":true,"href":"https:\/\/www.eldiario.net\/portal\/wp-json\/wp\/v2\/tags?post=125340"}],"curies":[{"name":"wp","href":"https:\/\/api.w.org\/{rel}","templated":true}]}}