{"id":125328,"date":"2022-12-02T05:59:55","date_gmt":"2022-12-02T09:59:55","guid":{"rendered":"https:\/\/www.eldiario.net\/portal\/?p=125328"},"modified":"2022-12-02T05:59:55","modified_gmt":"2022-12-02T09:59:55","slug":"falta-platita","status":"publish","type":"post","link":"https:\/\/www.eldiario.net\/portal\/2022\/12\/02\/falta-platita\/","title":{"rendered":"Falta platita"},"content":{"rendered":"<p>Las nerviosas medidas que toma el gobierno muestran su preocupaci\u00f3n por la falta de d\u00f3lares, aunque por otro lado aumenta los gastos en salarios y bonos sin reparar en que est\u00e1 inflando el d\u00e9ficit.<br \/>\nLos salarios del sector p\u00fablico absorber\u00e1n Bs 47.000 millones pero las recaudaciones tributarias s\u00f3lo llegar\u00e1n a Bs 45.000 millones, y por otro lado el presupuesto programa que 32% de la inversi\u00f3n p\u00fablica prevista sea cubierto con cr\u00e9dito externo.<br \/>\nEl gobierno anuncia la emisi\u00f3n de bonos soberanos por 2.000 millones de d\u00f3lares, en un momento en que los expertos anticipan un mal clima internacional.<br \/>\nY dispone, con muchos nervios, que los d\u00f3lares que generen las exportaciones de empresas estatales sean entregados al Banco Central, que en estos d\u00edas tiene apenas 854 millones de d\u00f3lares en sus reservas.<br \/>\nLas exportaciones de urea podr\u00edan recomenzar despu\u00e9s de otros 45 d\u00edas de par\u00e1lisis de la planta de Bulo Bulo, cuyo principal problema, adem\u00e1s de su mala ubicaci\u00f3n geogr\u00e1fica y su alt\u00edsimo costo financiero, es su millonaria plantilla de empleados. La planta tiene un promedio de uso de su capacidad instalada de solamente 26%.<br \/>\nY ha dejado para enero la elecci\u00f3n de la empresa que se har\u00e1 cargo de la producci\u00f3n directa de litio en los salares, un proyecto que ha absorbido m\u00e1s de 900 millones de d\u00f3lares, y s\u00f3lo ha hecho que Bolivia est\u00e9 a la cola de los exportadores de carbonato de litio en la regi\u00f3n.<br \/>\nAhora se anuncia una inversi\u00f3n de 800 millones de d\u00f3lares de la empresa extranjera, con toda seguridad de la China, que sea la elegida para la producci\u00f3n directa, con lo que se descarta el proceso de evaporaci\u00f3n en que el gobierno gast\u00f3 700 millones de d\u00f3lares.<br \/>\nEl gobierno mira con angustia la llegada del momento en que se quede sin d\u00f3lares para importar combustibles, lo que deber\u00e1 enfrentar aumentando los precios para que el pa\u00eds no se paralice, pero con el riesgo de provocar una convulsi\u00f3n social.<br \/>\nTodo esto lo tiene que enfrentar cuando Luis Arce ha roto con Evo Morales, lo que supone perder unos 30 votos en el parlamento, con la duda de si podr\u00e1 reemplazarlos con amigos de la oposici\u00f3n.<br \/>\nTiene otros desaf\u00edos el gobierno, como el clamor nacional que le exige poner fin a la miner\u00eda ilegal controlada por ciudadanos chinos, que da\u00f1a la naturaleza y no paga impuestos.<br \/>\nTambi\u00e9n debe encarar el crecimiento del narcotr\u00e1fico, proporcional al aumento de las plantaciones de coca, que siguen creciendo, seg\u00fan el informe de la ONU, a pesar de que no ha contado las plantaciones ilegales en los parques nacionales.<\/p>\n<p><a href=\"https:\/\/www.eldiario.net\/portal\/wp-content\/uploads\/2022\/12\/Sin-titulo-1.jpg\"><img loading=\"lazy\" decoding=\"async\" class=\"aligncenter  wp-image-125329\" src=\"https:\/\/www.eldiario.net\/portal\/wp-content\/uploads\/2022\/12\/Sin-titulo-1.jpg\" alt=\"\" width=\"602\" height=\"121\" \/><\/a><\/p>\n<p><img loading=\"lazy\" decoding=\"async\" class=\"alignleft size-full wp-image-125330\" src=\"https:\/\/www.eldiario.net\/portal\/wp-content\/uploads\/2022\/12\/PETROLEO.jpg\" alt=\"\" width=\"150\" height=\"187\" \/>PETR\u00d3LEO<\/p>\n<p>La Uni\u00f3n Europea (UE), est\u00e1 a punto de acordar un l\u00edmite de precio de US$ 60 por barril para el petr\u00f3leo ruso, y solo falta el s\u00ed de Polonia para aprobar la medida. La UE est\u00e1 dispuesta a evitar que los buques tanqueros petroleros rusos vendal por encima de este precio, con medidas como negarles los contratos de seguros, sin los cuales no pueden atracar en puertos internacionales ni pasar por los canales de Suez ni Panam\u00e1.<\/p>\n<p>&nbsp;<\/p>\n<p>&nbsp;<\/p>\n<p><img loading=\"lazy\" decoding=\"async\" class=\"alignleft size-full wp-image-125331\" src=\"https:\/\/www.eldiario.net\/portal\/wp-content\/uploads\/2022\/12\/ORO.jpg\" alt=\"\" width=\"150\" height=\"187\" \/>ORO<\/p>\n<p>Los precios del oro experimentaron un salto el jueves superaron la barrear psicol\u00f3gica del mercado de US$ 1,800 por onza troy. El alza llega como una respuesta al discurso del presidente de la Reserva Federal de Estados Unidos, en el que anunci\u00f3 que los ajustes a la tasa de inter\u00e9s referencial no aumentar\u00e1n de forma tan agresiva en 2023 como lo hab\u00edan hecho en 2022 cuando subi\u00f3 en 3,75% hasta el 4% actual con 6 reajustes desde marzo.<\/p>\n<p>&nbsp;<\/p>\n<p>&nbsp;<\/p>\n<p><img loading=\"lazy\" decoding=\"async\" class=\"alignleft size-full wp-image-125333\" src=\"https:\/\/www.eldiario.net\/portal\/wp-content\/uploads\/2022\/12\/ZINC.jpg\" alt=\"\" width=\"150\" height=\"185\" \/>ZINC<\/p>\n<p>El precio del zinc podr\u00eda seguir subiendo tras el anuncio de las autoridades chinas sobre la reducci\u00f3n de las medidas de control del covid 19 sobre su poblaci\u00f3n. Las restricciones han sido la \u00fanica opci\u00f3n del gobierno chino que no ha logrado una vacuna eficiente contra el virus que apareci\u00f3 por primera vez en noviembre de 2019 en la ciudad china de Wuhan. China asegura que el fin de las fuertes medidas no responde a las violentas protestas de su poblaci\u00f3n.<\/p>\n<p>&nbsp;<\/p>\n<p>&nbsp;<\/p>\n<p><em><strong>Chevron en Venezuela<\/strong><\/em><\/p>\n<p>El gobierno de Estados Unidos habilit\u00f3 a la petrolera estadounidense Chevron para reanudar sus operaciones en Venezuela. Washington quiere reemplazar algo del petr\u00f3leo que se retirar\u00e1 del mercado mundial cuando entren en efecto las nuevas restricciones al petr\u00f3leo ruso. Venezuela est\u00e1 desesperada por recibir cualquier ayuda, as\u00ed sea del imperio.<\/p>\n<p><em><strong>Argentina y el d\u00f3lar<\/strong><\/em><\/p>\n<p>Argentina anunci\u00f3 dos medidas para controlar la ca\u00edda de los d\u00f3lares en sus reservas internacionales. La primera es un cr\u00e9dito del BID de US$ 500 millones a 3,8% de inter\u00e9s y a cambio de compromisos ambientales. La segunda es un nuevo tipo cambio de d\u00f3lar para los productores de soja que est\u00e1n enfrentado una fuerte sequ\u00eda.<\/p>\n<p><em><strong>Guerra de pescadores<\/strong><\/em><\/p>\n<p>Hay 631 barcos chinos pescando calamar irregularmente en aguas de Per\u00fa, Ecuador y Chile. La denuncia fue hecha por el Comit\u00e9 para el Manejo Sustentable del Calamar Gigante en el Pac\u00edfico Sur (Calamasur). Los barcos chinos estar\u00edan llev\u00e1ndose 50.000 toneladas anuales de calamar peruano, por un valor de US$ 85 millones.<\/p>\n<p style=\"text-align: center;\">Lo bueno<br \/>\n***<br \/>\nEs que YPFB inici\u00f3 trabajos para instalar una red domiciliaria de gas en Vinto, Cochabamba, con una inversi\u00f3n de Bs 32 millones.<\/p>\n<p style=\"text-align: center;\">Lo malo<br \/>\n***<br \/>\nEs que en la zona de Tilata, Viacha, las conexiones domiciliarias no han sido activadas desde hace m\u00e1s de un a\u00f1o, por falta de gas.<\/p>\n<p style=\"text-align: center;\">Lo feo<br \/>\n***<br \/>\nEs que, como van las cosas, el gas que queda en los yacimientos descubiertos por anteriores gobiernos se est\u00e1 agotando a un ritmo mayor al previsto.<\/p>\n<p style=\"text-align: center;\">\n","protected":false},"excerpt":{"rendered":"<p>Las nerviosas medidas que toma el gobierno muestran su preocupaci\u00f3n por la falta de d\u00f3lares, aunque por otro lado aumenta los gastos en salarios y bonos sin reparar en que est\u00e1 inflando el d\u00e9ficit. Los salarios del sector p\u00fablico absorber\u00e1n Bs 47.000 millones pero las recaudaciones tributarias s\u00f3lo llegar\u00e1n a Bs 45.000 millones, y por [&hellip;]<\/p>\n","protected":false},"author":1,"featured_media":125334,"comment_status":"closed","ping_status":"closed","sticky":false,"template":"","format":"standard","meta":{"_acf_changed":false,"footnotes":""},"categories":[7],"tags":[],"class_list":["post-125328","post","type-post","status-publish","format-standard","has-post-thumbnail","category-economia"],"acf":{"antetitulo":""},"yoast_head":"<!-- This site is optimized with the Yoast SEO plugin v28.4 - https:\/\/yoast.com\/product\/yoast-seo-wordpress\/ -->\n<title>Falta platita - El Diario - Bolivia<\/title>\n<meta name=\"robots\" content=\"index, follow, max-snippet:-1, max-image-preview:large, max-video-preview:-1\" \/>\n<link rel=\"canonical\" href=\"https:\/\/www.eldiario.net\/portal\/2022\/12\/02\/falta-platita\/\" \/>\n<meta property=\"og:locale\" content=\"es_ES\" \/>\n<meta property=\"og:type\" content=\"article\" \/>\n<meta property=\"og:title\" content=\"Falta platita - El Diario - Bolivia\" \/>\n<meta property=\"og:description\" content=\"Las nerviosas medidas que toma el gobierno muestran su preocupaci\u00f3n por la falta de d\u00f3lares, aunque por otro lado aumenta los gastos en salarios y bonos sin reparar en que est\u00e1 inflando el d\u00e9ficit. Los salarios del sector p\u00fablico absorber\u00e1n Bs 47.000 millones pero las recaudaciones tributarias s\u00f3lo llegar\u00e1n a Bs 45.000 millones, y por [&hellip;]\" \/>\n<meta property=\"og:url\" content=\"https:\/\/www.eldiario.net\/portal\/2022\/12\/02\/falta-platita\/\" \/>\n<meta property=\"og:site_name\" content=\"El Diario - Bolivia\" \/>\n<meta property=\"article:publisher\" content=\"https:\/\/www.facebook.com\/eldiario.bolivia\/\" \/>\n<meta property=\"article:published_time\" content=\"2022-12-02T09:59:55+00:00\" \/>\n<meta property=\"og:image\" content=\"https:\/\/www.eldiario.net\/portal\/wp-content\/uploads\/2022\/12\/economia_v.jpg\" \/>\n\t<meta property=\"og:image:width\" content=\"1000\" \/>\n\t<meta property=\"og:image:height\" content=\"551\" \/>\n\t<meta property=\"og:image:type\" content=\"image\/jpeg\" \/>\n<meta name=\"author\" content=\"Jeanette\" \/>\n<meta name=\"twitter:card\" content=\"summary_large_image\" \/>\n<meta name=\"twitter:creator\" content=\"@eldiario_net\" \/>\n<meta name=\"twitter:site\" content=\"@eldiario_net\" \/>\n<meta name=\"twitter:label1\" content=\"Escrito por\" \/>\n\t<meta name=\"twitter:data1\" content=\"Jeanette\" \/>\n\t<meta name=\"twitter:label2\" content=\"Tiempo de lectura\" \/>\n\t<meta name=\"twitter:data2\" content=\"6 minutos\" \/>\n<script type=\"application\/ld+json\" class=\"yoast-schema-graph\">{\"@context\":\"https:\\\/\\\/schema.org\",\"@graph\":[{\"@type\":\"Article\",\"@id\":\"https:\\\/\\\/www.eldiario.net\\\/portal\\\/2022\\\/12\\\/02\\\/falta-platita\\\/#article\",\"isPartOf\":{\"@id\":\"https:\\\/\\\/www.eldiario.net\\\/portal\\\/2022\\\/12\\\/02\\\/falta-platita\\\/\"},\"author\":{\"name\":\"Jeanette\",\"@id\":\"https:\\\/\\\/www.eldiario.net\\\/portal\\\/#\\\/schema\\\/person\\\/2c57cf2b7a7ae032e449e4c9b1019eac\"},\"headline\":\"Falta platita\",\"datePublished\":\"2022-12-02T09:59:55+00:00\",\"mainEntityOfPage\":{\"@id\":\"https:\\\/\\\/www.eldiario.net\\\/portal\\\/2022\\\/12\\\/02\\\/falta-platita\\\/\"},\"wordCount\":968,\"publisher\":{\"@id\":\"https:\\\/\\\/www.eldiario.net\\\/portal\\\/#organization\"},\"image\":{\"@id\":\"https:\\\/\\\/www.eldiario.net\\\/portal\\\/2022\\\/12\\\/02\\\/falta-platita\\\/#primaryimage\"},\"thumbnailUrl\":\"https:\\\/\\\/www.eldiario.net\\\/portal\\\/wp-content\\\/uploads\\\/2022\\\/12\\\/economia_v.jpg\",\"articleSection\":[\"Econom\u00eda\"],\"inLanguage\":\"es\"},{\"@type\":\"WebPage\",\"@id\":\"https:\\\/\\\/www.eldiario.net\\\/portal\\\/2022\\\/12\\\/02\\\/falta-platita\\\/\",\"url\":\"https:\\\/\\\/www.eldiario.net\\\/portal\\\/2022\\\/12\\\/02\\\/falta-platita\\\/\",\"name\":\"Falta platita - El Diario - Bolivia\",\"isPartOf\":{\"@id\":\"https:\\\/\\\/www.eldiario.net\\\/portal\\\/#website\"},\"primaryImageOfPage\":{\"@id\":\"https:\\\/\\\/www.eldiario.net\\\/portal\\\/2022\\\/12\\\/02\\\/falta-platita\\\/#primaryimage\"},\"image\":{\"@id\":\"https:\\\/\\\/www.eldiario.net\\\/portal\\\/2022\\\/12\\\/02\\\/falta-platita\\\/#primaryimage\"},\"thumbnailUrl\":\"https:\\\/\\\/www.eldiario.net\\\/portal\\\/wp-content\\\/uploads\\\/2022\\\/12\\\/economia_v.jpg\",\"datePublished\":\"2022-12-02T09:59:55+00:00\",\"breadcrumb\":{\"@id\":\"https:\\\/\\\/www.eldiario.net\\\/portal\\\/2022\\\/12\\\/02\\\/falta-platita\\\/#breadcrumb\"},\"inLanguage\":\"es\",\"potentialAction\":[{\"@type\":\"ReadAction\",\"target\":[\"https:\\\/\\\/www.eldiario.net\\\/portal\\\/2022\\\/12\\\/02\\\/falta-platita\\\/\"]}]},{\"@type\":\"ImageObject\",\"inLanguage\":\"es\",\"@id\":\"https:\\\/\\\/www.eldiario.net\\\/portal\\\/2022\\\/12\\\/02\\\/falta-platita\\\/#primaryimage\",\"url\":\"https:\\\/\\\/www.eldiario.net\\\/portal\\\/wp-content\\\/uploads\\\/2022\\\/12\\\/economia_v.jpg\",\"contentUrl\":\"https:\\\/\\\/www.eldiario.net\\\/portal\\\/wp-content\\\/uploads\\\/2022\\\/12\\\/economia_v.jpg\",\"width\":1000,\"height\":551},{\"@type\":\"BreadcrumbList\",\"@id\":\"https:\\\/\\\/www.eldiario.net\\\/portal\\\/2022\\\/12\\\/02\\\/falta-platita\\\/#breadcrumb\",\"itemListElement\":[{\"@type\":\"ListItem\",\"position\":1,\"name\":\"Portada\",\"item\":\"https:\\\/\\\/www.eldiario.net\\\/portal\\\/\"},{\"@type\":\"ListItem\",\"position\":2,\"name\":\"Falta platita\"}]},{\"@type\":\"WebSite\",\"@id\":\"https:\\\/\\\/www.eldiario.net\\\/portal\\\/#website\",\"url\":\"https:\\\/\\\/www.eldiario.net\\\/portal\\\/\",\"name\":\"El Diario - Decano de la prensa nacional\",\"description\":\"El Diario - Decano de la prensa nacional\",\"publisher\":{\"@id\":\"https:\\\/\\\/www.eldiario.net\\\/portal\\\/#organization\"},\"potentialAction\":[{\"@type\":\"SearchAction\",\"target\":{\"@type\":\"EntryPoint\",\"urlTemplate\":\"https:\\\/\\\/www.eldiario.net\\\/portal\\\/?s={search_term_string}\"},\"query-input\":{\"@type\":\"PropertyValueSpecification\",\"valueRequired\":true,\"valueName\":\"search_term_string\"}}],\"inLanguage\":\"es\"},{\"@type\":\"Organization\",\"@id\":\"https:\\\/\\\/www.eldiario.net\\\/portal\\\/#organization\",\"name\":\"El Diario - Decano de la prensa nacional\",\"url\":\"https:\\\/\\\/www.eldiario.net\\\/portal\\\/\",\"logo\":{\"@type\":\"ImageObject\",\"inLanguage\":\"es\",\"@id\":\"https:\\\/\\\/www.eldiario.net\\\/portal\\\/#\\\/schema\\\/logo\\\/image\\\/\",\"url\":\"https:\\\/\\\/www.eldiario.net\\\/portal\\\/wp-content\\\/uploads\\\/2023\\\/07\\\/logo_ED.jpg\",\"contentUrl\":\"https:\\\/\\\/www.eldiario.net\\\/portal\\\/wp-content\\\/uploads\\\/2023\\\/07\\\/logo_ED.jpg\",\"width\":272,\"height\":52,\"caption\":\"El Diario - Decano de la prensa nacional\"},\"image\":{\"@id\":\"https:\\\/\\\/www.eldiario.net\\\/portal\\\/#\\\/schema\\\/logo\\\/image\\\/\"},\"sameAs\":[\"https:\\\/\\\/www.facebook.com\\\/eldiario.bolivia\\\/\",\"https:\\\/\\\/x.com\\\/eldiario_net\"]},{\"@type\":\"Person\",\"@id\":\"https:\\\/\\\/www.eldiario.net\\\/portal\\\/#\\\/schema\\\/person\\\/2c57cf2b7a7ae032e449e4c9b1019eac\",\"name\":\"Jeanette\",\"image\":{\"@type\":\"ImageObject\",\"inLanguage\":\"es\",\"@id\":\"https:\\\/\\\/secure.gravatar.com\\\/avatar\\\/3ea2118a5f7dad2b7138b1187a6b7ee55f160b9968b66013c3a3ef39dd7e5798?s=96&d=mm&r=g\",\"url\":\"https:\\\/\\\/secure.gravatar.com\\\/avatar\\\/3ea2118a5f7dad2b7138b1187a6b7ee55f160b9968b66013c3a3ef39dd7e5798?s=96&d=mm&r=g\",\"contentUrl\":\"https:\\\/\\\/secure.gravatar.com\\\/avatar\\\/3ea2118a5f7dad2b7138b1187a6b7ee55f160b9968b66013c3a3ef39dd7e5798?s=96&d=mm&r=g\",\"caption\":\"Jeanette\"},\"sameAs\":[\"https:\\\/\\\/www.eldiario.net\\\/portal\"],\"url\":\"https:\\\/\\\/www.eldiario.net\\\/portal\\\/author\\\/jeanette\\\/\"}]}<\/script>\n<!-- \/ Yoast SEO plugin. -->","yoast_head_json":{"title":"Falta platita - El Diario - Bolivia","robots":{"index":"index","follow":"follow","max-snippet":"max-snippet:-1","max-image-preview":"max-image-preview:large","max-video-preview":"max-video-preview:-1"},"canonical":"https:\/\/www.eldiario.net\/portal\/2022\/12\/02\/falta-platita\/","og_locale":"es_ES","og_type":"article","og_title":"Falta platita - El Diario - Bolivia","og_description":"Las nerviosas medidas que toma el gobierno muestran su preocupaci\u00f3n por la falta de d\u00f3lares, aunque por otro lado aumenta los gastos en salarios y bonos sin reparar en que est\u00e1 inflando el d\u00e9ficit. Los salarios del sector p\u00fablico absorber\u00e1n Bs 47.000 millones pero las recaudaciones tributarias s\u00f3lo llegar\u00e1n a Bs 45.000 millones, y por [&hellip;]","og_url":"https:\/\/www.eldiario.net\/portal\/2022\/12\/02\/falta-platita\/","og_site_name":"El Diario - Bolivia","article_publisher":"https:\/\/www.facebook.com\/eldiario.bolivia\/","article_published_time":"2022-12-02T09:59:55+00:00","og_image":[{"width":1000,"height":551,"url":"https:\/\/www.eldiario.net\/portal\/wp-content\/uploads\/2022\/12\/economia_v.jpg","type":"image\/jpeg"}],"author":"Jeanette","twitter_card":"summary_large_image","twitter_creator":"@eldiario_net","twitter_site":"@eldiario_net","twitter_misc":{"Escrito por":"Jeanette","Tiempo de lectura":"6 minutos"},"schema":{"@context":"https:\/\/schema.org","@graph":[{"@type":"Article","@id":"https:\/\/www.eldiario.net\/portal\/2022\/12\/02\/falta-platita\/#article","isPartOf":{"@id":"https:\/\/www.eldiario.net\/portal\/2022\/12\/02\/falta-platita\/"},"author":{"name":"Jeanette","@id":"https:\/\/www.eldiario.net\/portal\/#\/schema\/person\/2c57cf2b7a7ae032e449e4c9b1019eac"},"headline":"Falta platita","datePublished":"2022-12-02T09:59:55+00:00","mainEntityOfPage":{"@id":"https:\/\/www.eldiario.net\/portal\/2022\/12\/02\/falta-platita\/"},"wordCount":968,"publisher":{"@id":"https:\/\/www.eldiario.net\/portal\/#organization"},"image":{"@id":"https:\/\/www.eldiario.net\/portal\/2022\/12\/02\/falta-platita\/#primaryimage"},"thumbnailUrl":"https:\/\/www.eldiario.net\/portal\/wp-content\/uploads\/2022\/12\/economia_v.jpg","articleSection":["Econom\u00eda"],"inLanguage":"es"},{"@type":"WebPage","@id":"https:\/\/www.eldiario.net\/portal\/2022\/12\/02\/falta-platita\/","url":"https:\/\/www.eldiario.net\/portal\/2022\/12\/02\/falta-platita\/","name":"Falta platita - El Diario - Bolivia","isPartOf":{"@id":"https:\/\/www.eldiario.net\/portal\/#website"},"primaryImageOfPage":{"@id":"https:\/\/www.eldiario.net\/portal\/2022\/12\/02\/falta-platita\/#primaryimage"},"image":{"@id":"https:\/\/www.eldiario.net\/portal\/2022\/12\/02\/falta-platita\/#primaryimage"},"thumbnailUrl":"https:\/\/www.eldiario.net\/portal\/wp-content\/uploads\/2022\/12\/economia_v.jpg","datePublished":"2022-12-02T09:59:55+00:00","breadcrumb":{"@id":"https:\/\/www.eldiario.net\/portal\/2022\/12\/02\/falta-platita\/#breadcrumb"},"inLanguage":"es","potentialAction":[{"@type":"ReadAction","target":["https:\/\/www.eldiario.net\/portal\/2022\/12\/02\/falta-platita\/"]}]},{"@type":"ImageObject","inLanguage":"es","@id":"https:\/\/www.eldiario.net\/portal\/2022\/12\/02\/falta-platita\/#primaryimage","url":"https:\/\/www.eldiario.net\/portal\/wp-content\/uploads\/2022\/12\/economia_v.jpg","contentUrl":"https:\/\/www.eldiario.net\/portal\/wp-content\/uploads\/2022\/12\/economia_v.jpg","width":1000,"height":551},{"@type":"BreadcrumbList","@id":"https:\/\/www.eldiario.net\/portal\/2022\/12\/02\/falta-platita\/#breadcrumb","itemListElement":[{"@type":"ListItem","position":1,"name":"Portada","item":"https:\/\/www.eldiario.net\/portal\/"},{"@type":"ListItem","position":2,"name":"Falta platita"}]},{"@type":"WebSite","@id":"https:\/\/www.eldiario.net\/portal\/#website","url":"https:\/\/www.eldiario.net\/portal\/","name":"El Diario - Decano de la prensa nacional","description":"El Diario - Decano de la prensa nacional","publisher":{"@id":"https:\/\/www.eldiario.net\/portal\/#organization"},"potentialAction":[{"@type":"SearchAction","target":{"@type":"EntryPoint","urlTemplate":"https:\/\/www.eldiario.net\/portal\/?s={search_term_string}"},"query-input":{"@type":"PropertyValueSpecification","valueRequired":true,"valueName":"search_term_string"}}],"inLanguage":"es"},{"@type":"Organization","@id":"https:\/\/www.eldiario.net\/portal\/#organization","name":"El Diario - Decano de la prensa nacional","url":"https:\/\/www.eldiario.net\/portal\/","logo":{"@type":"ImageObject","inLanguage":"es","@id":"https:\/\/www.eldiario.net\/portal\/#\/schema\/logo\/image\/","url":"https:\/\/www.eldiario.net\/portal\/wp-content\/uploads\/2023\/07\/logo_ED.jpg","contentUrl":"https:\/\/www.eldiario.net\/portal\/wp-content\/uploads\/2023\/07\/logo_ED.jpg","width":272,"height":52,"caption":"El Diario - Decano de la prensa nacional"},"image":{"@id":"https:\/\/www.eldiario.net\/portal\/#\/schema\/logo\/image\/"},"sameAs":["https:\/\/www.facebook.com\/eldiario.bolivia\/","https:\/\/x.com\/eldiario_net"]},{"@type":"Person","@id":"https:\/\/www.eldiario.net\/portal\/#\/schema\/person\/2c57cf2b7a7ae032e449e4c9b1019eac","name":"Jeanette","image":{"@type":"ImageObject","inLanguage":"es","@id":"https:\/\/secure.gravatar.com\/avatar\/3ea2118a5f7dad2b7138b1187a6b7ee55f160b9968b66013c3a3ef39dd7e5798?s=96&d=mm&r=g","url":"https:\/\/secure.gravatar.com\/avatar\/3ea2118a5f7dad2b7138b1187a6b7ee55f160b9968b66013c3a3ef39dd7e5798?s=96&d=mm&r=g","contentUrl":"https:\/\/secure.gravatar.com\/avatar\/3ea2118a5f7dad2b7138b1187a6b7ee55f160b9968b66013c3a3ef39dd7e5798?s=96&d=mm&r=g","caption":"Jeanette"},"sameAs":["https:\/\/www.eldiario.net\/portal"],"url":"https:\/\/www.eldiario.net\/portal\/author\/jeanette\/"}]}},"_links":{"self":[{"href":"https:\/\/www.eldiario.net\/portal\/wp-json\/wp\/v2\/posts\/125328","targetHints":{"allow":["GET"]}}],"collection":[{"href":"https:\/\/www.eldiario.net\/portal\/wp-json\/wp\/v2\/posts"}],"about":[{"href":"https:\/\/www.eldiario.net\/portal\/wp-json\/wp\/v2\/types\/post"}],"author":[{"embeddable":true,"href":"https:\/\/www.eldiario.net\/portal\/wp-json\/wp\/v2\/users\/1"}],"replies":[{"embeddable":true,"href":"https:\/\/www.eldiario.net\/portal\/wp-json\/wp\/v2\/comments?post=125328"}],"version-history":[{"count":0,"href":"https:\/\/www.eldiario.net\/portal\/wp-json\/wp\/v2\/posts\/125328\/revisions"}],"wp:featuredmedia":[{"embeddable":true,"href":"https:\/\/www.eldiario.net\/portal\/wp-json\/wp\/v2\/media\/125334"}],"wp:attachment":[{"href":"https:\/\/www.eldiario.net\/portal\/wp-json\/wp\/v2\/media?parent=125328"}],"wp:term":[{"taxonomy":"category","embeddable":true,"href":"https:\/\/www.eldiario.net\/portal\/wp-json\/wp\/v2\/categories?post=125328"},{"taxonomy":"post_tag","embeddable":true,"href":"https:\/\/www.eldiario.net\/portal\/wp-json\/wp\/v2\/tags?post=125328"}],"curies":[{"name":"wp","href":"https:\/\/api.w.org\/{rel}","templated":true}]}}