{"id":125325,"date":"2022-12-02T05:51:55","date_gmt":"2022-12-02T09:51:55","guid":{"rendered":"https:\/\/www.eldiario.net\/portal\/?p=125325"},"modified":"2022-12-02T05:51:55","modified_gmt":"2022-12-02T09:51:55","slug":"comcipo-anuncia-juicio-de-responsabilidades-a-evo-morales-ayma-por-traicion-a-la-patria","status":"publish","type":"post","link":"https:\/\/www.eldiario.net\/portal\/2022\/12\/02\/comcipo-anuncia-juicio-de-responsabilidades-a-evo-morales-ayma-por-traicion-a-la-patria\/","title":{"rendered":"Comcipo anuncia juicio de responsabilidades  a Evo Morales Ayma por traici\u00f3n a la patria"},"content":{"rendered":"<p>Tras conocerse el fallo de la Corte Internacional de Justicia de La Haya (CIJ) sobre la demanda interpuesta por Chile a Bolivia por las aguas del Silala, el Comit\u00e9 C\u00edvico Potosinista (Comcipo) anunci\u00f3 a trav\u00e9s de su presidenta, Roxana Graz, un juicio de responsabilidades en contra del expresidente Evo Morales Ayma, por el presunto delito de traici\u00f3n a la patria.<br \/>\nLa CIJ en su fallo le dio la raz\u00f3n a Chile y determin\u00f3 que tanto el pa\u00eds demandante como el demandado est\u00e1n de acuerdo en que el Silala es un r\u00edo de curso internacional por lo que no puede pronunciarse sobre el fondo del asunto y que ambos pa\u00edses tienen derecho a su uso equitativo en el marco del derecho internacional consuetudinario.<br \/>\n\u201cCon el fallo se confirma la traici\u00f3n a la patria, por lo que nos concentraremos en un juicio de responsabilidades en contra de Evo Morales, por no defender de manera f\u00e9rrea de que las aguas del Silala nacen de manantiales en territorio boliviano y no se trata de un r\u00edo de curso internacional\u201d, se\u00f1al\u00f3 la dirigente potosina.<br \/>\nLa presidenta de Comcipo dijo que con el fallo queda claro que no hubo una verdadera defensa en el juicio internacional, pues los \u201cmalos defensores\u201d terminaron ratificando que el Silala es un r\u00edo de curso internacional. \u201cPor tanto, nos sentimos traicionados por estos irresponsables que deber\u00edan defender nuestra soberan\u00eda y no lo han hecho\u201d, se\u00f1al\u00f3.<br \/>\nDijo que desde Comcipo se ratifica la posici\u00f3n de que el caso no debi\u00f3 ventilarse en La Haya, pero que hubo acuerdos que traicionaron los intereses del pa\u00eds. \u201cSe hab\u00eda dado un acuerdo entre Evo Morales y Bachelet, habr\u00e1 que investigar de qu\u00e9 acuerdo se habla\u201d, sostuvo.<br \/>\nSin embargo se\u00f1al\u00f3 que el juicio no solo debe sancionar a Evo Morales, como principal responsable por la p\u00e9rdida en el juicio internacional, sino tambi\u00e9n en contra de todo su entorno.<br \/>\n\u201cYa hemos hablado con constitucionalistas para ver la posibilidad para que se pueda estar preparando un juicio por traici\u00f3n a la patria ante estas autoridades que han hecho poco por defender la soberan\u00eda\u201d, dijo Graz.<br \/>\nEl caso Silala se trata de otro de rev\u00e9s para Bolivia en el mismo tribunal internacional de justicia que en 2018 dio raz\u00f3n al vecino pa\u00eds sobre la demanda de un acceso soberano al oc\u00e9ano Pac\u00edfico, entonces dijo que Chile no tiene ninguna obligaci\u00f3n de negociar con Bolivia una salida mar\u00edtima.<br \/>\n\u201cEn vista de que las partes est\u00e1n de acuerdo en que el r\u00edo Silala es un curso de agua internacional y la aplicabilidad del derecho internacional consuetudinario, la Corte constata que la petici\u00f3n A de Chile queda sin efecto y la Corte no necesita tomar una determinaci\u00f3n\u201d afirm\u00f3 la jueza Joan E. Donoghue, quien dio lectura al fallo sobre el estatus y uso de las aguas del Silala.<br \/>\nEl caso se remonta al 6 de junio de 2016, entonces Santiago present\u00f3 la demanda contra Bolivia ante la Corte Internacional de Justicia para que \u00e9sta declare que el Silala es un curso de agua internacional y que Chile, en su calidad de ribere\u00f1o, tiene derecho al uso de sus aguas. (Potos\u00ed, Br\u00fajula Digital).<\/p>\n","protected":false},"excerpt":{"rendered":"<p>Tras conocerse el fallo de la Corte Internacional de Justicia de La Haya (CIJ) sobre la demanda interpuesta por Chile a Bolivia por las aguas del Silala, el Comit\u00e9 C\u00edvico Potosinista (Comcipo) anunci\u00f3 a trav\u00e9s de su presidenta, Roxana Graz, un juicio de responsabilidades en contra del expresidente Evo Morales Ayma, por el presunto delito [&hellip;]<\/p>\n","protected":false},"author":1,"featured_media":125326,"comment_status":"closed","ping_status":"closed","sticky":false,"template":"","format":"standard","meta":{"_acf_changed":false,"footnotes":""},"categories":[14],"tags":[],"class_list":["post-125325","post","type-post","status-publish","format-standard","has-post-thumbnail","category-politica"],"acf":{"antetitulo":""},"yoast_head":"<!-- This site is optimized with the Yoast SEO plugin v28.4 - https:\/\/yoast.com\/product\/yoast-seo-wordpress\/ -->\n<title>Comcipo anuncia juicio de responsabilidades a Evo Morales Ayma por traici\u00f3n a la patria - El Diario - Bolivia<\/title>\n<meta name=\"robots\" content=\"index, follow, max-snippet:-1, max-image-preview:large, max-video-preview:-1\" \/>\n<link rel=\"canonical\" href=\"https:\/\/www.eldiario.net\/portal\/2022\/12\/02\/comcipo-anuncia-juicio-de-responsabilidades-a-evo-morales-ayma-por-traicion-a-la-patria\/\" \/>\n<meta property=\"og:locale\" content=\"es_ES\" \/>\n<meta property=\"og:type\" content=\"article\" \/>\n<meta property=\"og:title\" content=\"Comcipo anuncia juicio de responsabilidades a Evo Morales Ayma por traici\u00f3n a la patria - El Diario - Bolivia\" \/>\n<meta property=\"og:description\" content=\"Tras conocerse el fallo de la Corte Internacional de Justicia de La Haya (CIJ) sobre la demanda interpuesta por Chile a Bolivia por las aguas del Silala, el Comit\u00e9 C\u00edvico Potosinista (Comcipo) anunci\u00f3 a trav\u00e9s de su presidenta, Roxana Graz, un juicio de responsabilidades en contra del expresidente Evo Morales Ayma, por el presunto delito [&hellip;]\" \/>\n<meta property=\"og:url\" content=\"https:\/\/www.eldiario.net\/portal\/2022\/12\/02\/comcipo-anuncia-juicio-de-responsabilidades-a-evo-morales-ayma-por-traicion-a-la-patria\/\" \/>\n<meta property=\"og:site_name\" content=\"El Diario - Bolivia\" \/>\n<meta property=\"article:publisher\" content=\"https:\/\/www.facebook.com\/eldiario.bolivia\/\" \/>\n<meta property=\"article:published_time\" content=\"2022-12-02T09:51:55+00:00\" \/>\n<meta name=\"author\" content=\"Jeanette\" \/>\n<meta name=\"twitter:card\" content=\"summary_large_image\" \/>\n<meta name=\"twitter:creator\" content=\"@eldiario_net\" \/>\n<meta name=\"twitter:site\" content=\"@eldiario_net\" \/>\n<meta name=\"twitter:label1\" content=\"Escrito por\" \/>\n\t<meta name=\"twitter:data1\" content=\"Jeanette\" \/>\n\t<meta name=\"twitter:label2\" content=\"Tiempo de lectura\" \/>\n\t<meta name=\"twitter:data2\" content=\"3 minutos\" \/>\n<script type=\"application\/ld+json\" class=\"yoast-schema-graph\">{\"@context\":\"https:\\\/\\\/schema.org\",\"@graph\":[{\"@type\":\"Article\",\"@id\":\"https:\\\/\\\/www.eldiario.net\\\/portal\\\/2022\\\/12\\\/02\\\/comcipo-anuncia-juicio-de-responsabilidades-a-evo-morales-ayma-por-traicion-a-la-patria\\\/#article\",\"isPartOf\":{\"@id\":\"https:\\\/\\\/www.eldiario.net\\\/portal\\\/2022\\\/12\\\/02\\\/comcipo-anuncia-juicio-de-responsabilidades-a-evo-morales-ayma-por-traicion-a-la-patria\\\/\"},\"author\":{\"name\":\"Jeanette\",\"@id\":\"https:\\\/\\\/www.eldiario.net\\\/portal\\\/#\\\/schema\\\/person\\\/2c57cf2b7a7ae032e449e4c9b1019eac\"},\"headline\":\"Comcipo anuncia juicio de responsabilidades a Evo Morales Ayma por traici\u00f3n a la patria\",\"datePublished\":\"2022-12-02T09:51:55+00:00\",\"mainEntityOfPage\":{\"@id\":\"https:\\\/\\\/www.eldiario.net\\\/portal\\\/2022\\\/12\\\/02\\\/comcipo-anuncia-juicio-de-responsabilidades-a-evo-morales-ayma-por-traicion-a-la-patria\\\/\"},\"wordCount\":569,\"publisher\":{\"@id\":\"https:\\\/\\\/www.eldiario.net\\\/portal\\\/#organization\"},\"image\":{\"@id\":\"https:\\\/\\\/www.eldiario.net\\\/portal\\\/2022\\\/12\\\/02\\\/comcipo-anuncia-juicio-de-responsabilidades-a-evo-morales-ayma-por-traicion-a-la-patria\\\/#primaryimage\"},\"thumbnailUrl\":\"\",\"articleSection\":[\"Pol\u00edtica\"],\"inLanguage\":\"es\"},{\"@type\":\"WebPage\",\"@id\":\"https:\\\/\\\/www.eldiario.net\\\/portal\\\/2022\\\/12\\\/02\\\/comcipo-anuncia-juicio-de-responsabilidades-a-evo-morales-ayma-por-traicion-a-la-patria\\\/\",\"url\":\"https:\\\/\\\/www.eldiario.net\\\/portal\\\/2022\\\/12\\\/02\\\/comcipo-anuncia-juicio-de-responsabilidades-a-evo-morales-ayma-por-traicion-a-la-patria\\\/\",\"name\":\"Comcipo anuncia juicio de responsabilidades a Evo Morales Ayma por traici\u00f3n a la patria - El Diario - Bolivia\",\"isPartOf\":{\"@id\":\"https:\\\/\\\/www.eldiario.net\\\/portal\\\/#website\"},\"primaryImageOfPage\":{\"@id\":\"https:\\\/\\\/www.eldiario.net\\\/portal\\\/2022\\\/12\\\/02\\\/comcipo-anuncia-juicio-de-responsabilidades-a-evo-morales-ayma-por-traicion-a-la-patria\\\/#primaryimage\"},\"image\":{\"@id\":\"https:\\\/\\\/www.eldiario.net\\\/portal\\\/2022\\\/12\\\/02\\\/comcipo-anuncia-juicio-de-responsabilidades-a-evo-morales-ayma-por-traicion-a-la-patria\\\/#primaryimage\"},\"thumbnailUrl\":\"\",\"datePublished\":\"2022-12-02T09:51:55+00:00\",\"breadcrumb\":{\"@id\":\"https:\\\/\\\/www.eldiario.net\\\/portal\\\/2022\\\/12\\\/02\\\/comcipo-anuncia-juicio-de-responsabilidades-a-evo-morales-ayma-por-traicion-a-la-patria\\\/#breadcrumb\"},\"inLanguage\":\"es\",\"potentialAction\":[{\"@type\":\"ReadAction\",\"target\":[\"https:\\\/\\\/www.eldiario.net\\\/portal\\\/2022\\\/12\\\/02\\\/comcipo-anuncia-juicio-de-responsabilidades-a-evo-morales-ayma-por-traicion-a-la-patria\\\/\"]}]},{\"@type\":\"ImageObject\",\"inLanguage\":\"es\",\"@id\":\"https:\\\/\\\/www.eldiario.net\\\/portal\\\/2022\\\/12\\\/02\\\/comcipo-anuncia-juicio-de-responsabilidades-a-evo-morales-ayma-por-traicion-a-la-patria\\\/#primaryimage\",\"url\":\"\",\"contentUrl\":\"\"},{\"@type\":\"BreadcrumbList\",\"@id\":\"https:\\\/\\\/www.eldiario.net\\\/portal\\\/2022\\\/12\\\/02\\\/comcipo-anuncia-juicio-de-responsabilidades-a-evo-morales-ayma-por-traicion-a-la-patria\\\/#breadcrumb\",\"itemListElement\":[{\"@type\":\"ListItem\",\"position\":1,\"name\":\"Portada\",\"item\":\"https:\\\/\\\/www.eldiario.net\\\/portal\\\/\"},{\"@type\":\"ListItem\",\"position\":2,\"name\":\"Comcipo anuncia juicio de responsabilidades a Evo Morales Ayma por traici\u00f3n a la patria\"}]},{\"@type\":\"WebSite\",\"@id\":\"https:\\\/\\\/www.eldiario.net\\\/portal\\\/#website\",\"url\":\"https:\\\/\\\/www.eldiario.net\\\/portal\\\/\",\"name\":\"El Diario - Decano de la prensa nacional\",\"description\":\"El Diario - Decano de la prensa nacional\",\"publisher\":{\"@id\":\"https:\\\/\\\/www.eldiario.net\\\/portal\\\/#organization\"},\"potentialAction\":[{\"@type\":\"SearchAction\",\"target\":{\"@type\":\"EntryPoint\",\"urlTemplate\":\"https:\\\/\\\/www.eldiario.net\\\/portal\\\/?s={search_term_string}\"},\"query-input\":{\"@type\":\"PropertyValueSpecification\",\"valueRequired\":true,\"valueName\":\"search_term_string\"}}],\"inLanguage\":\"es\"},{\"@type\":\"Organization\",\"@id\":\"https:\\\/\\\/www.eldiario.net\\\/portal\\\/#organization\",\"name\":\"El Diario - Decano de la prensa nacional\",\"url\":\"https:\\\/\\\/www.eldiario.net\\\/portal\\\/\",\"logo\":{\"@type\":\"ImageObject\",\"inLanguage\":\"es\",\"@id\":\"https:\\\/\\\/www.eldiario.net\\\/portal\\\/#\\\/schema\\\/logo\\\/image\\\/\",\"url\":\"https:\\\/\\\/www.eldiario.net\\\/portal\\\/wp-content\\\/uploads\\\/2023\\\/07\\\/logo_ED.jpg\",\"contentUrl\":\"https:\\\/\\\/www.eldiario.net\\\/portal\\\/wp-content\\\/uploads\\\/2023\\\/07\\\/logo_ED.jpg\",\"width\":272,\"height\":52,\"caption\":\"El Diario - Decano de la prensa nacional\"},\"image\":{\"@id\":\"https:\\\/\\\/www.eldiario.net\\\/portal\\\/#\\\/schema\\\/logo\\\/image\\\/\"},\"sameAs\":[\"https:\\\/\\\/www.facebook.com\\\/eldiario.bolivia\\\/\",\"https:\\\/\\\/x.com\\\/eldiario_net\"]},{\"@type\":\"Person\",\"@id\":\"https:\\\/\\\/www.eldiario.net\\\/portal\\\/#\\\/schema\\\/person\\\/2c57cf2b7a7ae032e449e4c9b1019eac\",\"name\":\"Jeanette\",\"image\":{\"@type\":\"ImageObject\",\"inLanguage\":\"es\",\"@id\":\"https:\\\/\\\/secure.gravatar.com\\\/avatar\\\/3ea2118a5f7dad2b7138b1187a6b7ee55f160b9968b66013c3a3ef39dd7e5798?s=96&d=mm&r=g\",\"url\":\"https:\\\/\\\/secure.gravatar.com\\\/avatar\\\/3ea2118a5f7dad2b7138b1187a6b7ee55f160b9968b66013c3a3ef39dd7e5798?s=96&d=mm&r=g\",\"contentUrl\":\"https:\\\/\\\/secure.gravatar.com\\\/avatar\\\/3ea2118a5f7dad2b7138b1187a6b7ee55f160b9968b66013c3a3ef39dd7e5798?s=96&d=mm&r=g\",\"caption\":\"Jeanette\"},\"sameAs\":[\"https:\\\/\\\/www.eldiario.net\\\/portal\"],\"url\":\"https:\\\/\\\/www.eldiario.net\\\/portal\\\/author\\\/jeanette\\\/\"}]}<\/script>\n<!-- \/ Yoast SEO plugin. -->","yoast_head_json":{"title":"Comcipo anuncia juicio de responsabilidades a Evo Morales Ayma por traici\u00f3n a la patria - El Diario - Bolivia","robots":{"index":"index","follow":"follow","max-snippet":"max-snippet:-1","max-image-preview":"max-image-preview:large","max-video-preview":"max-video-preview:-1"},"canonical":"https:\/\/www.eldiario.net\/portal\/2022\/12\/02\/comcipo-anuncia-juicio-de-responsabilidades-a-evo-morales-ayma-por-traicion-a-la-patria\/","og_locale":"es_ES","og_type":"article","og_title":"Comcipo anuncia juicio de responsabilidades a Evo Morales Ayma por traici\u00f3n a la patria - El Diario - Bolivia","og_description":"Tras conocerse el fallo de la Corte Internacional de Justicia de La Haya (CIJ) sobre la demanda interpuesta por Chile a Bolivia por las aguas del Silala, el Comit\u00e9 C\u00edvico Potosinista (Comcipo) anunci\u00f3 a trav\u00e9s de su presidenta, Roxana Graz, un juicio de responsabilidades en contra del expresidente Evo Morales Ayma, por el presunto delito [&hellip;]","og_url":"https:\/\/www.eldiario.net\/portal\/2022\/12\/02\/comcipo-anuncia-juicio-de-responsabilidades-a-evo-morales-ayma-por-traicion-a-la-patria\/","og_site_name":"El Diario - Bolivia","article_publisher":"https:\/\/www.facebook.com\/eldiario.bolivia\/","article_published_time":"2022-12-02T09:51:55+00:00","author":"Jeanette","twitter_card":"summary_large_image","twitter_creator":"@eldiario_net","twitter_site":"@eldiario_net","twitter_misc":{"Escrito por":"Jeanette","Tiempo de lectura":"3 minutos"},"schema":{"@context":"https:\/\/schema.org","@graph":[{"@type":"Article","@id":"https:\/\/www.eldiario.net\/portal\/2022\/12\/02\/comcipo-anuncia-juicio-de-responsabilidades-a-evo-morales-ayma-por-traicion-a-la-patria\/#article","isPartOf":{"@id":"https:\/\/www.eldiario.net\/portal\/2022\/12\/02\/comcipo-anuncia-juicio-de-responsabilidades-a-evo-morales-ayma-por-traicion-a-la-patria\/"},"author":{"name":"Jeanette","@id":"https:\/\/www.eldiario.net\/portal\/#\/schema\/person\/2c57cf2b7a7ae032e449e4c9b1019eac"},"headline":"Comcipo anuncia juicio de responsabilidades a Evo Morales Ayma por traici\u00f3n a la patria","datePublished":"2022-12-02T09:51:55+00:00","mainEntityOfPage":{"@id":"https:\/\/www.eldiario.net\/portal\/2022\/12\/02\/comcipo-anuncia-juicio-de-responsabilidades-a-evo-morales-ayma-por-traicion-a-la-patria\/"},"wordCount":569,"publisher":{"@id":"https:\/\/www.eldiario.net\/portal\/#organization"},"image":{"@id":"https:\/\/www.eldiario.net\/portal\/2022\/12\/02\/comcipo-anuncia-juicio-de-responsabilidades-a-evo-morales-ayma-por-traicion-a-la-patria\/#primaryimage"},"thumbnailUrl":"","articleSection":["Pol\u00edtica"],"inLanguage":"es"},{"@type":"WebPage","@id":"https:\/\/www.eldiario.net\/portal\/2022\/12\/02\/comcipo-anuncia-juicio-de-responsabilidades-a-evo-morales-ayma-por-traicion-a-la-patria\/","url":"https:\/\/www.eldiario.net\/portal\/2022\/12\/02\/comcipo-anuncia-juicio-de-responsabilidades-a-evo-morales-ayma-por-traicion-a-la-patria\/","name":"Comcipo anuncia juicio de responsabilidades a Evo Morales Ayma por traici\u00f3n a la patria - El Diario - Bolivia","isPartOf":{"@id":"https:\/\/www.eldiario.net\/portal\/#website"},"primaryImageOfPage":{"@id":"https:\/\/www.eldiario.net\/portal\/2022\/12\/02\/comcipo-anuncia-juicio-de-responsabilidades-a-evo-morales-ayma-por-traicion-a-la-patria\/#primaryimage"},"image":{"@id":"https:\/\/www.eldiario.net\/portal\/2022\/12\/02\/comcipo-anuncia-juicio-de-responsabilidades-a-evo-morales-ayma-por-traicion-a-la-patria\/#primaryimage"},"thumbnailUrl":"","datePublished":"2022-12-02T09:51:55+00:00","breadcrumb":{"@id":"https:\/\/www.eldiario.net\/portal\/2022\/12\/02\/comcipo-anuncia-juicio-de-responsabilidades-a-evo-morales-ayma-por-traicion-a-la-patria\/#breadcrumb"},"inLanguage":"es","potentialAction":[{"@type":"ReadAction","target":["https:\/\/www.eldiario.net\/portal\/2022\/12\/02\/comcipo-anuncia-juicio-de-responsabilidades-a-evo-morales-ayma-por-traicion-a-la-patria\/"]}]},{"@type":"ImageObject","inLanguage":"es","@id":"https:\/\/www.eldiario.net\/portal\/2022\/12\/02\/comcipo-anuncia-juicio-de-responsabilidades-a-evo-morales-ayma-por-traicion-a-la-patria\/#primaryimage","url":"","contentUrl":""},{"@type":"BreadcrumbList","@id":"https:\/\/www.eldiario.net\/portal\/2022\/12\/02\/comcipo-anuncia-juicio-de-responsabilidades-a-evo-morales-ayma-por-traicion-a-la-patria\/#breadcrumb","itemListElement":[{"@type":"ListItem","position":1,"name":"Portada","item":"https:\/\/www.eldiario.net\/portal\/"},{"@type":"ListItem","position":2,"name":"Comcipo anuncia juicio de responsabilidades a Evo Morales Ayma por traici\u00f3n a la patria"}]},{"@type":"WebSite","@id":"https:\/\/www.eldiario.net\/portal\/#website","url":"https:\/\/www.eldiario.net\/portal\/","name":"El Diario - Decano de la prensa nacional","description":"El Diario - Decano de la prensa nacional","publisher":{"@id":"https:\/\/www.eldiario.net\/portal\/#organization"},"potentialAction":[{"@type":"SearchAction","target":{"@type":"EntryPoint","urlTemplate":"https:\/\/www.eldiario.net\/portal\/?s={search_term_string}"},"query-input":{"@type":"PropertyValueSpecification","valueRequired":true,"valueName":"search_term_string"}}],"inLanguage":"es"},{"@type":"Organization","@id":"https:\/\/www.eldiario.net\/portal\/#organization","name":"El Diario - Decano de la prensa nacional","url":"https:\/\/www.eldiario.net\/portal\/","logo":{"@type":"ImageObject","inLanguage":"es","@id":"https:\/\/www.eldiario.net\/portal\/#\/schema\/logo\/image\/","url":"https:\/\/www.eldiario.net\/portal\/wp-content\/uploads\/2023\/07\/logo_ED.jpg","contentUrl":"https:\/\/www.eldiario.net\/portal\/wp-content\/uploads\/2023\/07\/logo_ED.jpg","width":272,"height":52,"caption":"El Diario - Decano de la prensa nacional"},"image":{"@id":"https:\/\/www.eldiario.net\/portal\/#\/schema\/logo\/image\/"},"sameAs":["https:\/\/www.facebook.com\/eldiario.bolivia\/","https:\/\/x.com\/eldiario_net"]},{"@type":"Person","@id":"https:\/\/www.eldiario.net\/portal\/#\/schema\/person\/2c57cf2b7a7ae032e449e4c9b1019eac","name":"Jeanette","image":{"@type":"ImageObject","inLanguage":"es","@id":"https:\/\/secure.gravatar.com\/avatar\/3ea2118a5f7dad2b7138b1187a6b7ee55f160b9968b66013c3a3ef39dd7e5798?s=96&d=mm&r=g","url":"https:\/\/secure.gravatar.com\/avatar\/3ea2118a5f7dad2b7138b1187a6b7ee55f160b9968b66013c3a3ef39dd7e5798?s=96&d=mm&r=g","contentUrl":"https:\/\/secure.gravatar.com\/avatar\/3ea2118a5f7dad2b7138b1187a6b7ee55f160b9968b66013c3a3ef39dd7e5798?s=96&d=mm&r=g","caption":"Jeanette"},"sameAs":["https:\/\/www.eldiario.net\/portal"],"url":"https:\/\/www.eldiario.net\/portal\/author\/jeanette\/"}]}},"_links":{"self":[{"href":"https:\/\/www.eldiario.net\/portal\/wp-json\/wp\/v2\/posts\/125325","targetHints":{"allow":["GET"]}}],"collection":[{"href":"https:\/\/www.eldiario.net\/portal\/wp-json\/wp\/v2\/posts"}],"about":[{"href":"https:\/\/www.eldiario.net\/portal\/wp-json\/wp\/v2\/types\/post"}],"author":[{"embeddable":true,"href":"https:\/\/www.eldiario.net\/portal\/wp-json\/wp\/v2\/users\/1"}],"replies":[{"embeddable":true,"href":"https:\/\/www.eldiario.net\/portal\/wp-json\/wp\/v2\/comments?post=125325"}],"version-history":[{"count":0,"href":"https:\/\/www.eldiario.net\/portal\/wp-json\/wp\/v2\/posts\/125325\/revisions"}],"wp:attachment":[{"href":"https:\/\/www.eldiario.net\/portal\/wp-json\/wp\/v2\/media?parent=125325"}],"wp:term":[{"taxonomy":"category","embeddable":true,"href":"https:\/\/www.eldiario.net\/portal\/wp-json\/wp\/v2\/categories?post=125325"},{"taxonomy":"post_tag","embeddable":true,"href":"https:\/\/www.eldiario.net\/portal\/wp-json\/wp\/v2\/tags?post=125325"}],"curies":[{"name":"wp","href":"https:\/\/api.w.org\/{rel}","templated":true}]}}