{"id":125321,"date":"2022-12-02T05:50:13","date_gmt":"2022-12-02T09:50:13","guid":{"rendered":"https:\/\/www.eldiario.net\/portal\/?p=125321"},"modified":"2022-12-02T05:50:13","modified_gmt":"2022-12-02T09:50:13","slug":"cuestionan-viraje-de-posicion-boliviana-en-juicio-por-el-silala","status":"publish","type":"post","link":"https:\/\/www.eldiario.net\/portal\/2022\/12\/02\/cuestionan-viraje-de-posicion-boliviana-en-juicio-por-el-silala\/","title":{"rendered":"Cuestionan viraje de posici\u00f3n  boliviana en juicio por el Silala"},"content":{"rendered":"<p>Se\u00f1alando que no hubo un fallo determinante de la Corte Internacional de Justicia (CIJ) porque las partes en litigio acercaron sus posiciones durante el proceso, el analista V\u00edctor Hugo Ch\u00e1vez, reproch\u00f3 a la representaci\u00f3n boliviana por aceptar el car\u00e1cter de r\u00edo internacional para el Silala, descartando un resarcimiento y la deuda hist\u00f3rica, hecho que se constituye en una traici\u00f3n a la patria por parte de Evo Morales, David Choquehuanca y H\u00e9ctor Arce Zaconeta.<br \/>\nConsultado por EL DIARIO, Ch\u00e1vez sostuvo que la negativa de la CIJ para pronunciarse sobre varios puntos de la demanda chilena y la contrademanda boliviana, indicando que no hay raz\u00f3n para un pronunciamiento se debe a que ambas partes arribaron a acuerdos dentro de la tramitaci\u00f3n del juicio.<br \/>\nEn relaci\u00f3n a la versi\u00f3n del canciller, Rogelio Mayta, sobre la posibilidad abierta por el fallo para poder proceder con el desmantelamiento de los trabajos de canalizaci\u00f3n en la zona del Silala, el experto asegur\u00f3 que esto no conlleva una reducci\u00f3n considerable del caudal de agua. \u201cNo se trata de ning\u00fan triunfo para Bolivia el hecho de que se autorice desmantelar las obras, lo que nos interesa es el agua\u201d, se\u00f1al\u00f3 Ch\u00e1vez.<br \/>\nPor ello, asegur\u00f3 que el proceso y posterior fallo por el Silala se constituye en una nueva derrota para el pa\u00eds en instancias de justicia internacional y no un escenario positivo como se afirma desde la Canciller\u00eda. \u201cTienen que leer nuestra Carta Magna para enterarse que la Asamblea Constituyente justamente a protegido este recurso\u201d, cuestion\u00f3 el jurista.<br \/>\nEn este sentido, manifest\u00f3 que pese a la negativa de la Corte para pronunciarse sobre varios puntos de las demandas chilenas y bolivianas, debe quedar claro que el estatus del recurso en disputa se modific\u00f3 despu\u00e9s de la lectura del fallo. \u201cHasta las diez de la ma\u00f1ana de hoy \u00e9ramos plenamente soberanos sobre el manantial del Silala, tras la lectura del fallo somos copropietarios\u201d, lament\u00f3 Ch\u00e1vez.<br \/>\nSobre las responsabilidades por esta derrota que afecta la plena soberan\u00eda del pa\u00eds sobre el Silala, apunt\u00f3 al gobierno del presidente Evo Morales y los encargados de dirigir la defensa presentada por el pa\u00eds ante La Haya, hecho por el que deber\u00e1n responder ante las instancias que corresponda.<\/p>\n","protected":false},"excerpt":{"rendered":"<p>Se\u00f1alando que no hubo un fallo determinante de la Corte Internacional de Justicia (CIJ) porque las partes en litigio acercaron sus posiciones durante el proceso, el analista V\u00edctor Hugo Ch\u00e1vez, reproch\u00f3 a la representaci\u00f3n boliviana por aceptar el car\u00e1cter de r\u00edo internacional para el Silala, descartando un resarcimiento y la deuda hist\u00f3rica, hecho que se [&hellip;]<\/p>\n","protected":false},"author":1,"featured_media":0,"comment_status":"closed","ping_status":"closed","sticky":false,"template":"","format":"standard","meta":{"_acf_changed":false,"footnotes":""},"categories":[14],"tags":[],"class_list":["post-125321","post","type-post","status-publish","format-standard","category-politica"],"acf":{"antetitulo":""},"yoast_head":"<!-- This site is optimized with the Yoast SEO plugin v28.4 - https:\/\/yoast.com\/product\/yoast-seo-wordpress\/ -->\n<title>Cuestionan viraje de posici\u00f3n boliviana en juicio por el Silala - El Diario - Bolivia<\/title>\n<meta name=\"robots\" content=\"index, follow, max-snippet:-1, max-image-preview:large, max-video-preview:-1\" \/>\n<link rel=\"canonical\" href=\"https:\/\/www.eldiario.net\/portal\/2022\/12\/02\/cuestionan-viraje-de-posicion-boliviana-en-juicio-por-el-silala\/\" \/>\n<meta property=\"og:locale\" content=\"es_ES\" \/>\n<meta property=\"og:type\" content=\"article\" \/>\n<meta property=\"og:title\" content=\"Cuestionan viraje de posici\u00f3n boliviana en juicio por el Silala - El Diario - Bolivia\" \/>\n<meta property=\"og:description\" content=\"Se\u00f1alando que no hubo un fallo determinante de la Corte Internacional de Justicia (CIJ) porque las partes en litigio acercaron sus posiciones durante el proceso, el analista V\u00edctor Hugo Ch\u00e1vez, reproch\u00f3 a la representaci\u00f3n boliviana por aceptar el car\u00e1cter de r\u00edo internacional para el Silala, descartando un resarcimiento y la deuda hist\u00f3rica, hecho que se [&hellip;]\" \/>\n<meta property=\"og:url\" content=\"https:\/\/www.eldiario.net\/portal\/2022\/12\/02\/cuestionan-viraje-de-posicion-boliviana-en-juicio-por-el-silala\/\" \/>\n<meta property=\"og:site_name\" content=\"El Diario - Bolivia\" \/>\n<meta property=\"article:publisher\" content=\"https:\/\/www.facebook.com\/eldiario.bolivia\/\" \/>\n<meta property=\"article:published_time\" content=\"2022-12-02T09:50:13+00:00\" \/>\n<meta name=\"author\" content=\"Jeanette\" \/>\n<meta name=\"twitter:card\" content=\"summary_large_image\" \/>\n<meta name=\"twitter:creator\" content=\"@eldiario_net\" \/>\n<meta name=\"twitter:site\" content=\"@eldiario_net\" \/>\n<meta name=\"twitter:label1\" content=\"Escrito por\" \/>\n\t<meta name=\"twitter:data1\" content=\"Jeanette\" \/>\n\t<meta name=\"twitter:label2\" content=\"Tiempo de lectura\" \/>\n\t<meta name=\"twitter:data2\" content=\"2 minutos\" \/>\n<script type=\"application\/ld+json\" class=\"yoast-schema-graph\">{\"@context\":\"https:\\\/\\\/schema.org\",\"@graph\":[{\"@type\":\"Article\",\"@id\":\"https:\\\/\\\/www.eldiario.net\\\/portal\\\/2022\\\/12\\\/02\\\/cuestionan-viraje-de-posicion-boliviana-en-juicio-por-el-silala\\\/#article\",\"isPartOf\":{\"@id\":\"https:\\\/\\\/www.eldiario.net\\\/portal\\\/2022\\\/12\\\/02\\\/cuestionan-viraje-de-posicion-boliviana-en-juicio-por-el-silala\\\/\"},\"author\":{\"name\":\"Jeanette\",\"@id\":\"https:\\\/\\\/www.eldiario.net\\\/portal\\\/#\\\/schema\\\/person\\\/2c57cf2b7a7ae032e449e4c9b1019eac\"},\"headline\":\"Cuestionan viraje de posici\u00f3n boliviana en juicio por el Silala\",\"datePublished\":\"2022-12-02T09:50:13+00:00\",\"mainEntityOfPage\":{\"@id\":\"https:\\\/\\\/www.eldiario.net\\\/portal\\\/2022\\\/12\\\/02\\\/cuestionan-viraje-de-posicion-boliviana-en-juicio-por-el-silala\\\/\"},\"wordCount\":403,\"publisher\":{\"@id\":\"https:\\\/\\\/www.eldiario.net\\\/portal\\\/#organization\"},\"articleSection\":[\"Pol\u00edtica\"],\"inLanguage\":\"es\"},{\"@type\":\"WebPage\",\"@id\":\"https:\\\/\\\/www.eldiario.net\\\/portal\\\/2022\\\/12\\\/02\\\/cuestionan-viraje-de-posicion-boliviana-en-juicio-por-el-silala\\\/\",\"url\":\"https:\\\/\\\/www.eldiario.net\\\/portal\\\/2022\\\/12\\\/02\\\/cuestionan-viraje-de-posicion-boliviana-en-juicio-por-el-silala\\\/\",\"name\":\"Cuestionan viraje de posici\u00f3n boliviana en juicio por el Silala - El Diario - Bolivia\",\"isPartOf\":{\"@id\":\"https:\\\/\\\/www.eldiario.net\\\/portal\\\/#website\"},\"datePublished\":\"2022-12-02T09:50:13+00:00\",\"breadcrumb\":{\"@id\":\"https:\\\/\\\/www.eldiario.net\\\/portal\\\/2022\\\/12\\\/02\\\/cuestionan-viraje-de-posicion-boliviana-en-juicio-por-el-silala\\\/#breadcrumb\"},\"inLanguage\":\"es\",\"potentialAction\":[{\"@type\":\"ReadAction\",\"target\":[\"https:\\\/\\\/www.eldiario.net\\\/portal\\\/2022\\\/12\\\/02\\\/cuestionan-viraje-de-posicion-boliviana-en-juicio-por-el-silala\\\/\"]}]},{\"@type\":\"BreadcrumbList\",\"@id\":\"https:\\\/\\\/www.eldiario.net\\\/portal\\\/2022\\\/12\\\/02\\\/cuestionan-viraje-de-posicion-boliviana-en-juicio-por-el-silala\\\/#breadcrumb\",\"itemListElement\":[{\"@type\":\"ListItem\",\"position\":1,\"name\":\"Portada\",\"item\":\"https:\\\/\\\/www.eldiario.net\\\/portal\\\/\"},{\"@type\":\"ListItem\",\"position\":2,\"name\":\"Cuestionan viraje de posici\u00f3n boliviana en juicio por el Silala\"}]},{\"@type\":\"WebSite\",\"@id\":\"https:\\\/\\\/www.eldiario.net\\\/portal\\\/#website\",\"url\":\"https:\\\/\\\/www.eldiario.net\\\/portal\\\/\",\"name\":\"El Diario - Decano de la prensa nacional\",\"description\":\"El Diario - Decano de la prensa nacional\",\"publisher\":{\"@id\":\"https:\\\/\\\/www.eldiario.net\\\/portal\\\/#organization\"},\"potentialAction\":[{\"@type\":\"SearchAction\",\"target\":{\"@type\":\"EntryPoint\",\"urlTemplate\":\"https:\\\/\\\/www.eldiario.net\\\/portal\\\/?s={search_term_string}\"},\"query-input\":{\"@type\":\"PropertyValueSpecification\",\"valueRequired\":true,\"valueName\":\"search_term_string\"}}],\"inLanguage\":\"es\"},{\"@type\":\"Organization\",\"@id\":\"https:\\\/\\\/www.eldiario.net\\\/portal\\\/#organization\",\"name\":\"El Diario - Decano de la prensa nacional\",\"url\":\"https:\\\/\\\/www.eldiario.net\\\/portal\\\/\",\"logo\":{\"@type\":\"ImageObject\",\"inLanguage\":\"es\",\"@id\":\"https:\\\/\\\/www.eldiario.net\\\/portal\\\/#\\\/schema\\\/logo\\\/image\\\/\",\"url\":\"https:\\\/\\\/www.eldiario.net\\\/portal\\\/wp-content\\\/uploads\\\/2023\\\/07\\\/logo_ED.jpg\",\"contentUrl\":\"https:\\\/\\\/www.eldiario.net\\\/portal\\\/wp-content\\\/uploads\\\/2023\\\/07\\\/logo_ED.jpg\",\"width\":272,\"height\":52,\"caption\":\"El Diario - Decano de la prensa nacional\"},\"image\":{\"@id\":\"https:\\\/\\\/www.eldiario.net\\\/portal\\\/#\\\/schema\\\/logo\\\/image\\\/\"},\"sameAs\":[\"https:\\\/\\\/www.facebook.com\\\/eldiario.bolivia\\\/\",\"https:\\\/\\\/x.com\\\/eldiario_net\"]},{\"@type\":\"Person\",\"@id\":\"https:\\\/\\\/www.eldiario.net\\\/portal\\\/#\\\/schema\\\/person\\\/2c57cf2b7a7ae032e449e4c9b1019eac\",\"name\":\"Jeanette\",\"image\":{\"@type\":\"ImageObject\",\"inLanguage\":\"es\",\"@id\":\"https:\\\/\\\/secure.gravatar.com\\\/avatar\\\/3ea2118a5f7dad2b7138b1187a6b7ee55f160b9968b66013c3a3ef39dd7e5798?s=96&d=mm&r=g\",\"url\":\"https:\\\/\\\/secure.gravatar.com\\\/avatar\\\/3ea2118a5f7dad2b7138b1187a6b7ee55f160b9968b66013c3a3ef39dd7e5798?s=96&d=mm&r=g\",\"contentUrl\":\"https:\\\/\\\/secure.gravatar.com\\\/avatar\\\/3ea2118a5f7dad2b7138b1187a6b7ee55f160b9968b66013c3a3ef39dd7e5798?s=96&d=mm&r=g\",\"caption\":\"Jeanette\"},\"sameAs\":[\"https:\\\/\\\/www.eldiario.net\\\/portal\"],\"url\":\"https:\\\/\\\/www.eldiario.net\\\/portal\\\/author\\\/jeanette\\\/\"}]}<\/script>\n<!-- \/ Yoast SEO plugin. -->","yoast_head_json":{"title":"Cuestionan viraje de posici\u00f3n boliviana en juicio por el Silala - El Diario - Bolivia","robots":{"index":"index","follow":"follow","max-snippet":"max-snippet:-1","max-image-preview":"max-image-preview:large","max-video-preview":"max-video-preview:-1"},"canonical":"https:\/\/www.eldiario.net\/portal\/2022\/12\/02\/cuestionan-viraje-de-posicion-boliviana-en-juicio-por-el-silala\/","og_locale":"es_ES","og_type":"article","og_title":"Cuestionan viraje de posici\u00f3n boliviana en juicio por el Silala - El Diario - Bolivia","og_description":"Se\u00f1alando que no hubo un fallo determinante de la Corte Internacional de Justicia (CIJ) porque las partes en litigio acercaron sus posiciones durante el proceso, el analista V\u00edctor Hugo Ch\u00e1vez, reproch\u00f3 a la representaci\u00f3n boliviana por aceptar el car\u00e1cter de r\u00edo internacional para el Silala, descartando un resarcimiento y la deuda hist\u00f3rica, hecho que se [&hellip;]","og_url":"https:\/\/www.eldiario.net\/portal\/2022\/12\/02\/cuestionan-viraje-de-posicion-boliviana-en-juicio-por-el-silala\/","og_site_name":"El Diario - Bolivia","article_publisher":"https:\/\/www.facebook.com\/eldiario.bolivia\/","article_published_time":"2022-12-02T09:50:13+00:00","author":"Jeanette","twitter_card":"summary_large_image","twitter_creator":"@eldiario_net","twitter_site":"@eldiario_net","twitter_misc":{"Escrito por":"Jeanette","Tiempo de lectura":"2 minutos"},"schema":{"@context":"https:\/\/schema.org","@graph":[{"@type":"Article","@id":"https:\/\/www.eldiario.net\/portal\/2022\/12\/02\/cuestionan-viraje-de-posicion-boliviana-en-juicio-por-el-silala\/#article","isPartOf":{"@id":"https:\/\/www.eldiario.net\/portal\/2022\/12\/02\/cuestionan-viraje-de-posicion-boliviana-en-juicio-por-el-silala\/"},"author":{"name":"Jeanette","@id":"https:\/\/www.eldiario.net\/portal\/#\/schema\/person\/2c57cf2b7a7ae032e449e4c9b1019eac"},"headline":"Cuestionan viraje de posici\u00f3n boliviana en juicio por el Silala","datePublished":"2022-12-02T09:50:13+00:00","mainEntityOfPage":{"@id":"https:\/\/www.eldiario.net\/portal\/2022\/12\/02\/cuestionan-viraje-de-posicion-boliviana-en-juicio-por-el-silala\/"},"wordCount":403,"publisher":{"@id":"https:\/\/www.eldiario.net\/portal\/#organization"},"articleSection":["Pol\u00edtica"],"inLanguage":"es"},{"@type":"WebPage","@id":"https:\/\/www.eldiario.net\/portal\/2022\/12\/02\/cuestionan-viraje-de-posicion-boliviana-en-juicio-por-el-silala\/","url":"https:\/\/www.eldiario.net\/portal\/2022\/12\/02\/cuestionan-viraje-de-posicion-boliviana-en-juicio-por-el-silala\/","name":"Cuestionan viraje de posici\u00f3n boliviana en juicio por el Silala - El Diario - Bolivia","isPartOf":{"@id":"https:\/\/www.eldiario.net\/portal\/#website"},"datePublished":"2022-12-02T09:50:13+00:00","breadcrumb":{"@id":"https:\/\/www.eldiario.net\/portal\/2022\/12\/02\/cuestionan-viraje-de-posicion-boliviana-en-juicio-por-el-silala\/#breadcrumb"},"inLanguage":"es","potentialAction":[{"@type":"ReadAction","target":["https:\/\/www.eldiario.net\/portal\/2022\/12\/02\/cuestionan-viraje-de-posicion-boliviana-en-juicio-por-el-silala\/"]}]},{"@type":"BreadcrumbList","@id":"https:\/\/www.eldiario.net\/portal\/2022\/12\/02\/cuestionan-viraje-de-posicion-boliviana-en-juicio-por-el-silala\/#breadcrumb","itemListElement":[{"@type":"ListItem","position":1,"name":"Portada","item":"https:\/\/www.eldiario.net\/portal\/"},{"@type":"ListItem","position":2,"name":"Cuestionan viraje de posici\u00f3n boliviana en juicio por el Silala"}]},{"@type":"WebSite","@id":"https:\/\/www.eldiario.net\/portal\/#website","url":"https:\/\/www.eldiario.net\/portal\/","name":"El Diario - Decano de la prensa nacional","description":"El Diario - Decano de la prensa nacional","publisher":{"@id":"https:\/\/www.eldiario.net\/portal\/#organization"},"potentialAction":[{"@type":"SearchAction","target":{"@type":"EntryPoint","urlTemplate":"https:\/\/www.eldiario.net\/portal\/?s={search_term_string}"},"query-input":{"@type":"PropertyValueSpecification","valueRequired":true,"valueName":"search_term_string"}}],"inLanguage":"es"},{"@type":"Organization","@id":"https:\/\/www.eldiario.net\/portal\/#organization","name":"El Diario - Decano de la prensa nacional","url":"https:\/\/www.eldiario.net\/portal\/","logo":{"@type":"ImageObject","inLanguage":"es","@id":"https:\/\/www.eldiario.net\/portal\/#\/schema\/logo\/image\/","url":"https:\/\/www.eldiario.net\/portal\/wp-content\/uploads\/2023\/07\/logo_ED.jpg","contentUrl":"https:\/\/www.eldiario.net\/portal\/wp-content\/uploads\/2023\/07\/logo_ED.jpg","width":272,"height":52,"caption":"El Diario - Decano de la prensa nacional"},"image":{"@id":"https:\/\/www.eldiario.net\/portal\/#\/schema\/logo\/image\/"},"sameAs":["https:\/\/www.facebook.com\/eldiario.bolivia\/","https:\/\/x.com\/eldiario_net"]},{"@type":"Person","@id":"https:\/\/www.eldiario.net\/portal\/#\/schema\/person\/2c57cf2b7a7ae032e449e4c9b1019eac","name":"Jeanette","image":{"@type":"ImageObject","inLanguage":"es","@id":"https:\/\/secure.gravatar.com\/avatar\/3ea2118a5f7dad2b7138b1187a6b7ee55f160b9968b66013c3a3ef39dd7e5798?s=96&d=mm&r=g","url":"https:\/\/secure.gravatar.com\/avatar\/3ea2118a5f7dad2b7138b1187a6b7ee55f160b9968b66013c3a3ef39dd7e5798?s=96&d=mm&r=g","contentUrl":"https:\/\/secure.gravatar.com\/avatar\/3ea2118a5f7dad2b7138b1187a6b7ee55f160b9968b66013c3a3ef39dd7e5798?s=96&d=mm&r=g","caption":"Jeanette"},"sameAs":["https:\/\/www.eldiario.net\/portal"],"url":"https:\/\/www.eldiario.net\/portal\/author\/jeanette\/"}]}},"_links":{"self":[{"href":"https:\/\/www.eldiario.net\/portal\/wp-json\/wp\/v2\/posts\/125321","targetHints":{"allow":["GET"]}}],"collection":[{"href":"https:\/\/www.eldiario.net\/portal\/wp-json\/wp\/v2\/posts"}],"about":[{"href":"https:\/\/www.eldiario.net\/portal\/wp-json\/wp\/v2\/types\/post"}],"author":[{"embeddable":true,"href":"https:\/\/www.eldiario.net\/portal\/wp-json\/wp\/v2\/users\/1"}],"replies":[{"embeddable":true,"href":"https:\/\/www.eldiario.net\/portal\/wp-json\/wp\/v2\/comments?post=125321"}],"version-history":[{"count":0,"href":"https:\/\/www.eldiario.net\/portal\/wp-json\/wp\/v2\/posts\/125321\/revisions"}],"wp:attachment":[{"href":"https:\/\/www.eldiario.net\/portal\/wp-json\/wp\/v2\/media?parent=125321"}],"wp:term":[{"taxonomy":"category","embeddable":true,"href":"https:\/\/www.eldiario.net\/portal\/wp-json\/wp\/v2\/categories?post=125321"},{"taxonomy":"post_tag","embeddable":true,"href":"https:\/\/www.eldiario.net\/portal\/wp-json\/wp\/v2\/tags?post=125321"}],"curies":[{"name":"wp","href":"https:\/\/api.w.org\/{rel}","templated":true}]}}