{"id":125313,"date":"2022-12-02T05:47:40","date_gmt":"2022-12-02T09:47:40","guid":{"rendered":"https:\/\/www.eldiario.net\/portal\/?p=125313"},"modified":"2022-12-02T05:47:40","modified_gmt":"2022-12-02T09:47:40","slug":"otro-gol-mundialista-pero-esta-vez-en-la-lucha-por-la-igualdad-de-genero","status":"publish","type":"post","link":"https:\/\/www.eldiario.net\/portal\/2022\/12\/02\/otro-gol-mundialista-pero-esta-vez-en-la-lucha-por-la-igualdad-de-genero\/","title":{"rendered":"\u00a1Otro gol mundialista! Pero esta vez en la lucha por la igualdad de g\u00e9nero"},"content":{"rendered":"<p>No siempre nos damos cuenta cuando se est\u00e1 haciendo historia. Sin embargo, el 1 de diciembre es uno de esos d\u00edas. Millones de personas repartidas por todo el planeta y yo, nos sentimos orgullosos y honrados de acompa\u00f1ar a la francesa St\u00e9phanie Frappart en el arbitraje del partido entre Alemania y Costa Rica.<br \/>\nNo es cualquier situaci\u00f3n. Es la primera mujer en dirigir un partido para el mundial de f\u00fatbol masculino, y estuvo acompa\u00f1ada por las asistentes Neuza Back, de Brasil, y Karen D\u00edaz Medina, de M\u00e9xico. En la lucha por la igualdad de derechos y la equidad de g\u00e9nero, este es otro gran hito hacia un mundo m\u00e1s equitativo.<br \/>\n\u00a1La visibilidad de St\u00e9phanie ser\u00e1 enorme y estoy segura de que todos vamos a apoyarla! Y pensar, que hace unas d\u00e9cadas, a la brasile\u00f1a Lea Campos, a finales de los a\u00f1os 60, se le impidi\u00f3 hacer sonar el silbato por prejuicio por ser mujer y menstruar. Hoy, m\u00e1s que nunca, resuena en mi cabeza el video de la campa\u00f1a de nuestra marca Kotex, que relata la lucha de Lea Campos, quien hasta estos d\u00edas pensaba que no iba a vivir para ver semejante desenlace.<br \/>\nDesde Kimberly-Clark y a trav\u00e9s de nuestra marca Kotex impulsamos el avance de las mujeres, luchamos contra los estigmas de la menstruaci\u00f3n y las barreras que representan para que las mujeres obtengan igualdad de oportunidades en todos los \u00e1mbitos de la vida.<br \/>\nLa equidad de g\u00e9nero, la b\u00fasqueda para eliminar las diferencias de trato y oportunidades entre hombres y mujeres, a pesar de todos los avances, sabemos que a\u00fan est\u00e1 lejos de ser la ideal. Seg\u00fan el Informe Global de Brecha de G\u00e9nero 2020, publicado en el Foro Econ\u00f3mico Mundial (WEF), se necesitar\u00edan 99,5 a\u00f1os para lograr la igualdad de g\u00e9nero en las empresas.<br \/>\nEntiendo que los ejemplos pr\u00e1cticos y la conciencia pueden acortar este camino. Informar siempre es necesario, pero tener a una mujer en el centro del mayor espect\u00e1culo del f\u00fatbol mundial, el deporte m\u00e1s amado por la gente en todo el mundo, tiene un impacto tan inmenso y profundo que no podremos medirlo.<br \/>\nAyer los ni\u00f1os estuvieron mirando, todos reunidos frente a los televisores y vieron a una mujer empoderada, cumpliendo un papel para el que estaba preparada al igual que sus pares, los \u00e1rbitros masculinos.<br \/>\nLos precursores, como Lea Campos, que fue en contra de todas las normas que le hab\u00edan impuesto, deben estar felices. Lo que sembraron ahora empieza a dar sus frutos, t\u00edmidos pero necesarios para que esta ola de equidad tome fuerza y fluya hacia una playa tranquila donde las mujeres puedan ser y hacer lo que quieran. Buen juego para St\u00e9phanie, Neuza y Karen, que suene el silbato y que empiece el partido para nosotras\u2026<\/p>\n<p>Acerca de Kimberly-Clark<br \/>\nKimberly-Clark y sus reconocidas marcas somos una parte indispensable en la vida de las personas en m\u00e1s de 175 pa\u00edses. Guiados por el ingenio, la creatividad y la comprensi\u00f3n de las necesidades m\u00e1s esenciales de las personas, creamos productos que ayudan a las familias a mejorar su salud, higiene y bienestar. Nuestro portafolio de marcas, que incluye Huggies, Kleenex, Scott, Kotex, Plenitud, entre otras, tienen la posici\u00f3n de participaci\u00f3n No. 1 o No. 2 en m\u00e1s de 80 pa\u00edses\u2026<\/p>\n<p>Mar\u00eda Toffoli, directora de Marketing para la categor\u00eda Femenino y Adulto Kimberly-Clark Latinoam\u00e9rica.<\/p>\n","protected":false},"excerpt":{"rendered":"<p>No siempre nos damos cuenta cuando se est\u00e1 haciendo historia. Sin embargo, el 1 de diciembre es uno de esos d\u00edas. Millones de personas repartidas por todo el planeta y yo, nos sentimos orgullosos y honrados de acompa\u00f1ar a la francesa St\u00e9phanie Frappart en el arbitraje del partido entre Alemania y Costa Rica. No es [&hellip;]<\/p>\n","protected":false},"author":1,"featured_media":0,"comment_status":"closed","ping_status":"closed","sticky":false,"template":"","format":"standard","meta":{"_acf_changed":false,"footnotes":""},"categories":[9],"tags":[],"class_list":["post-125313","post","type-post","status-publish","format-standard","category-opinion"],"acf":{"antetitulo":""},"yoast_head":"<!-- This site is optimized with the Yoast SEO plugin v28.4 - https:\/\/yoast.com\/product\/yoast-seo-wordpress\/ -->\n<title>\u00a1Otro gol mundialista! Pero esta vez en la lucha por la igualdad de g\u00e9nero - El Diario - Bolivia<\/title>\n<meta name=\"robots\" content=\"index, follow, max-snippet:-1, max-image-preview:large, max-video-preview:-1\" \/>\n<link rel=\"canonical\" href=\"https:\/\/www.eldiario.net\/portal\/2022\/12\/02\/otro-gol-mundialista-pero-esta-vez-en-la-lucha-por-la-igualdad-de-genero\/\" \/>\n<meta property=\"og:locale\" content=\"es_ES\" \/>\n<meta property=\"og:type\" content=\"article\" \/>\n<meta property=\"og:title\" content=\"\u00a1Otro gol mundialista! Pero esta vez en la lucha por la igualdad de g\u00e9nero - El Diario - Bolivia\" \/>\n<meta property=\"og:description\" content=\"No siempre nos damos cuenta cuando se est\u00e1 haciendo historia. Sin embargo, el 1 de diciembre es uno de esos d\u00edas. Millones de personas repartidas por todo el planeta y yo, nos sentimos orgullosos y honrados de acompa\u00f1ar a la francesa St\u00e9phanie Frappart en el arbitraje del partido entre Alemania y Costa Rica. No es [&hellip;]\" \/>\n<meta property=\"og:url\" content=\"https:\/\/www.eldiario.net\/portal\/2022\/12\/02\/otro-gol-mundialista-pero-esta-vez-en-la-lucha-por-la-igualdad-de-genero\/\" \/>\n<meta property=\"og:site_name\" content=\"El Diario - Bolivia\" \/>\n<meta property=\"article:publisher\" content=\"https:\/\/www.facebook.com\/eldiario.bolivia\/\" \/>\n<meta property=\"article:published_time\" content=\"2022-12-02T09:47:40+00:00\" \/>\n<meta name=\"author\" content=\"Jeanette\" \/>\n<meta name=\"twitter:card\" content=\"summary_large_image\" \/>\n<meta name=\"twitter:creator\" content=\"@eldiario_net\" \/>\n<meta name=\"twitter:site\" content=\"@eldiario_net\" \/>\n<meta name=\"twitter:label1\" content=\"Escrito por\" \/>\n\t<meta name=\"twitter:data1\" content=\"Jeanette\" \/>\n<script type=\"application\/ld+json\" class=\"yoast-schema-graph\">{\"@context\":\"https:\\\/\\\/schema.org\",\"@graph\":[{\"@type\":\"Article\",\"@id\":\"https:\\\/\\\/www.eldiario.net\\\/portal\\\/2022\\\/12\\\/02\\\/otro-gol-mundialista-pero-esta-vez-en-la-lucha-por-la-igualdad-de-genero\\\/#article\",\"isPartOf\":{\"@id\":\"https:\\\/\\\/www.eldiario.net\\\/portal\\\/2022\\\/12\\\/02\\\/otro-gol-mundialista-pero-esta-vez-en-la-lucha-por-la-igualdad-de-genero\\\/\"},\"author\":{\"name\":\"Jeanette\",\"@id\":\"https:\\\/\\\/www.eldiario.net\\\/portal\\\/#\\\/schema\\\/person\\\/2c57cf2b7a7ae032e449e4c9b1019eac\"},\"headline\":\"\u00a1Otro gol mundialista! Pero esta vez en la lucha por la igualdad de g\u00e9nero\",\"datePublished\":\"2022-12-02T09:47:40+00:00\",\"mainEntityOfPage\":{\"@id\":\"https:\\\/\\\/www.eldiario.net\\\/portal\\\/2022\\\/12\\\/02\\\/otro-gol-mundialista-pero-esta-vez-en-la-lucha-por-la-igualdad-de-genero\\\/\"},\"wordCount\":606,\"publisher\":{\"@id\":\"https:\\\/\\\/www.eldiario.net\\\/portal\\\/#organization\"},\"articleSection\":[\"Opini\u00f3n\"],\"inLanguage\":\"es\"},{\"@type\":\"WebPage\",\"@id\":\"https:\\\/\\\/www.eldiario.net\\\/portal\\\/2022\\\/12\\\/02\\\/otro-gol-mundialista-pero-esta-vez-en-la-lucha-por-la-igualdad-de-genero\\\/\",\"url\":\"https:\\\/\\\/www.eldiario.net\\\/portal\\\/2022\\\/12\\\/02\\\/otro-gol-mundialista-pero-esta-vez-en-la-lucha-por-la-igualdad-de-genero\\\/\",\"name\":\"\u00a1Otro gol mundialista! Pero esta vez en la lucha por la igualdad de g\u00e9nero - El Diario - Bolivia\",\"isPartOf\":{\"@id\":\"https:\\\/\\\/www.eldiario.net\\\/portal\\\/#website\"},\"datePublished\":\"2022-12-02T09:47:40+00:00\",\"breadcrumb\":{\"@id\":\"https:\\\/\\\/www.eldiario.net\\\/portal\\\/2022\\\/12\\\/02\\\/otro-gol-mundialista-pero-esta-vez-en-la-lucha-por-la-igualdad-de-genero\\\/#breadcrumb\"},\"inLanguage\":\"es\",\"potentialAction\":[{\"@type\":\"ReadAction\",\"target\":[\"https:\\\/\\\/www.eldiario.net\\\/portal\\\/2022\\\/12\\\/02\\\/otro-gol-mundialista-pero-esta-vez-en-la-lucha-por-la-igualdad-de-genero\\\/\"]}]},{\"@type\":\"BreadcrumbList\",\"@id\":\"https:\\\/\\\/www.eldiario.net\\\/portal\\\/2022\\\/12\\\/02\\\/otro-gol-mundialista-pero-esta-vez-en-la-lucha-por-la-igualdad-de-genero\\\/#breadcrumb\",\"itemListElement\":[{\"@type\":\"ListItem\",\"position\":1,\"name\":\"Portada\",\"item\":\"https:\\\/\\\/www.eldiario.net\\\/portal\\\/\"},{\"@type\":\"ListItem\",\"position\":2,\"name\":\"\u00a1Otro gol mundialista! Pero esta vez en la lucha por la igualdad de g\u00e9nero\"}]},{\"@type\":\"WebSite\",\"@id\":\"https:\\\/\\\/www.eldiario.net\\\/portal\\\/#website\",\"url\":\"https:\\\/\\\/www.eldiario.net\\\/portal\\\/\",\"name\":\"El Diario - Decano de la prensa nacional\",\"description\":\"El Diario - Decano de la prensa nacional\",\"publisher\":{\"@id\":\"https:\\\/\\\/www.eldiario.net\\\/portal\\\/#organization\"},\"potentialAction\":[{\"@type\":\"SearchAction\",\"target\":{\"@type\":\"EntryPoint\",\"urlTemplate\":\"https:\\\/\\\/www.eldiario.net\\\/portal\\\/?s={search_term_string}\"},\"query-input\":{\"@type\":\"PropertyValueSpecification\",\"valueRequired\":true,\"valueName\":\"search_term_string\"}}],\"inLanguage\":\"es\"},{\"@type\":\"Organization\",\"@id\":\"https:\\\/\\\/www.eldiario.net\\\/portal\\\/#organization\",\"name\":\"El Diario - Decano de la prensa nacional\",\"url\":\"https:\\\/\\\/www.eldiario.net\\\/portal\\\/\",\"logo\":{\"@type\":\"ImageObject\",\"inLanguage\":\"es\",\"@id\":\"https:\\\/\\\/www.eldiario.net\\\/portal\\\/#\\\/schema\\\/logo\\\/image\\\/\",\"url\":\"https:\\\/\\\/www.eldiario.net\\\/portal\\\/wp-content\\\/uploads\\\/2023\\\/07\\\/logo_ED.jpg\",\"contentUrl\":\"https:\\\/\\\/www.eldiario.net\\\/portal\\\/wp-content\\\/uploads\\\/2023\\\/07\\\/logo_ED.jpg\",\"width\":272,\"height\":52,\"caption\":\"El Diario - Decano de la prensa nacional\"},\"image\":{\"@id\":\"https:\\\/\\\/www.eldiario.net\\\/portal\\\/#\\\/schema\\\/logo\\\/image\\\/\"},\"sameAs\":[\"https:\\\/\\\/www.facebook.com\\\/eldiario.bolivia\\\/\",\"https:\\\/\\\/x.com\\\/eldiario_net\"]},{\"@type\":\"Person\",\"@id\":\"https:\\\/\\\/www.eldiario.net\\\/portal\\\/#\\\/schema\\\/person\\\/2c57cf2b7a7ae032e449e4c9b1019eac\",\"name\":\"Jeanette\",\"image\":{\"@type\":\"ImageObject\",\"inLanguage\":\"es\",\"@id\":\"https:\\\/\\\/secure.gravatar.com\\\/avatar\\\/3ea2118a5f7dad2b7138b1187a6b7ee55f160b9968b66013c3a3ef39dd7e5798?s=96&d=mm&r=g\",\"url\":\"https:\\\/\\\/secure.gravatar.com\\\/avatar\\\/3ea2118a5f7dad2b7138b1187a6b7ee55f160b9968b66013c3a3ef39dd7e5798?s=96&d=mm&r=g\",\"contentUrl\":\"https:\\\/\\\/secure.gravatar.com\\\/avatar\\\/3ea2118a5f7dad2b7138b1187a6b7ee55f160b9968b66013c3a3ef39dd7e5798?s=96&d=mm&r=g\",\"caption\":\"Jeanette\"},\"sameAs\":[\"https:\\\/\\\/www.eldiario.net\\\/portal\"],\"url\":\"https:\\\/\\\/www.eldiario.net\\\/portal\\\/author\\\/jeanette\\\/\"}]}<\/script>\n<!-- \/ Yoast SEO plugin. -->","yoast_head_json":{"title":"\u00a1Otro gol mundialista! Pero esta vez en la lucha por la igualdad de g\u00e9nero - El Diario - Bolivia","robots":{"index":"index","follow":"follow","max-snippet":"max-snippet:-1","max-image-preview":"max-image-preview:large","max-video-preview":"max-video-preview:-1"},"canonical":"https:\/\/www.eldiario.net\/portal\/2022\/12\/02\/otro-gol-mundialista-pero-esta-vez-en-la-lucha-por-la-igualdad-de-genero\/","og_locale":"es_ES","og_type":"article","og_title":"\u00a1Otro gol mundialista! Pero esta vez en la lucha por la igualdad de g\u00e9nero - El Diario - Bolivia","og_description":"No siempre nos damos cuenta cuando se est\u00e1 haciendo historia. Sin embargo, el 1 de diciembre es uno de esos d\u00edas. Millones de personas repartidas por todo el planeta y yo, nos sentimos orgullosos y honrados de acompa\u00f1ar a la francesa St\u00e9phanie Frappart en el arbitraje del partido entre Alemania y Costa Rica. No es [&hellip;]","og_url":"https:\/\/www.eldiario.net\/portal\/2022\/12\/02\/otro-gol-mundialista-pero-esta-vez-en-la-lucha-por-la-igualdad-de-genero\/","og_site_name":"El Diario - Bolivia","article_publisher":"https:\/\/www.facebook.com\/eldiario.bolivia\/","article_published_time":"2022-12-02T09:47:40+00:00","author":"Jeanette","twitter_card":"summary_large_image","twitter_creator":"@eldiario_net","twitter_site":"@eldiario_net","twitter_misc":{"Escrito por":"Jeanette"},"schema":{"@context":"https:\/\/schema.org","@graph":[{"@type":"Article","@id":"https:\/\/www.eldiario.net\/portal\/2022\/12\/02\/otro-gol-mundialista-pero-esta-vez-en-la-lucha-por-la-igualdad-de-genero\/#article","isPartOf":{"@id":"https:\/\/www.eldiario.net\/portal\/2022\/12\/02\/otro-gol-mundialista-pero-esta-vez-en-la-lucha-por-la-igualdad-de-genero\/"},"author":{"name":"Jeanette","@id":"https:\/\/www.eldiario.net\/portal\/#\/schema\/person\/2c57cf2b7a7ae032e449e4c9b1019eac"},"headline":"\u00a1Otro gol mundialista! Pero esta vez en la lucha por la igualdad de g\u00e9nero","datePublished":"2022-12-02T09:47:40+00:00","mainEntityOfPage":{"@id":"https:\/\/www.eldiario.net\/portal\/2022\/12\/02\/otro-gol-mundialista-pero-esta-vez-en-la-lucha-por-la-igualdad-de-genero\/"},"wordCount":606,"publisher":{"@id":"https:\/\/www.eldiario.net\/portal\/#organization"},"articleSection":["Opini\u00f3n"],"inLanguage":"es"},{"@type":"WebPage","@id":"https:\/\/www.eldiario.net\/portal\/2022\/12\/02\/otro-gol-mundialista-pero-esta-vez-en-la-lucha-por-la-igualdad-de-genero\/","url":"https:\/\/www.eldiario.net\/portal\/2022\/12\/02\/otro-gol-mundialista-pero-esta-vez-en-la-lucha-por-la-igualdad-de-genero\/","name":"\u00a1Otro gol mundialista! Pero esta vez en la lucha por la igualdad de g\u00e9nero - El Diario - Bolivia","isPartOf":{"@id":"https:\/\/www.eldiario.net\/portal\/#website"},"datePublished":"2022-12-02T09:47:40+00:00","breadcrumb":{"@id":"https:\/\/www.eldiario.net\/portal\/2022\/12\/02\/otro-gol-mundialista-pero-esta-vez-en-la-lucha-por-la-igualdad-de-genero\/#breadcrumb"},"inLanguage":"es","potentialAction":[{"@type":"ReadAction","target":["https:\/\/www.eldiario.net\/portal\/2022\/12\/02\/otro-gol-mundialista-pero-esta-vez-en-la-lucha-por-la-igualdad-de-genero\/"]}]},{"@type":"BreadcrumbList","@id":"https:\/\/www.eldiario.net\/portal\/2022\/12\/02\/otro-gol-mundialista-pero-esta-vez-en-la-lucha-por-la-igualdad-de-genero\/#breadcrumb","itemListElement":[{"@type":"ListItem","position":1,"name":"Portada","item":"https:\/\/www.eldiario.net\/portal\/"},{"@type":"ListItem","position":2,"name":"\u00a1Otro gol mundialista! Pero esta vez en la lucha por la igualdad de g\u00e9nero"}]},{"@type":"WebSite","@id":"https:\/\/www.eldiario.net\/portal\/#website","url":"https:\/\/www.eldiario.net\/portal\/","name":"El Diario - Decano de la prensa nacional","description":"El Diario - Decano de la prensa nacional","publisher":{"@id":"https:\/\/www.eldiario.net\/portal\/#organization"},"potentialAction":[{"@type":"SearchAction","target":{"@type":"EntryPoint","urlTemplate":"https:\/\/www.eldiario.net\/portal\/?s={search_term_string}"},"query-input":{"@type":"PropertyValueSpecification","valueRequired":true,"valueName":"search_term_string"}}],"inLanguage":"es"},{"@type":"Organization","@id":"https:\/\/www.eldiario.net\/portal\/#organization","name":"El Diario - Decano de la prensa nacional","url":"https:\/\/www.eldiario.net\/portal\/","logo":{"@type":"ImageObject","inLanguage":"es","@id":"https:\/\/www.eldiario.net\/portal\/#\/schema\/logo\/image\/","url":"https:\/\/www.eldiario.net\/portal\/wp-content\/uploads\/2023\/07\/logo_ED.jpg","contentUrl":"https:\/\/www.eldiario.net\/portal\/wp-content\/uploads\/2023\/07\/logo_ED.jpg","width":272,"height":52,"caption":"El Diario - Decano de la prensa nacional"},"image":{"@id":"https:\/\/www.eldiario.net\/portal\/#\/schema\/logo\/image\/"},"sameAs":["https:\/\/www.facebook.com\/eldiario.bolivia\/","https:\/\/x.com\/eldiario_net"]},{"@type":"Person","@id":"https:\/\/www.eldiario.net\/portal\/#\/schema\/person\/2c57cf2b7a7ae032e449e4c9b1019eac","name":"Jeanette","image":{"@type":"ImageObject","inLanguage":"es","@id":"https:\/\/secure.gravatar.com\/avatar\/3ea2118a5f7dad2b7138b1187a6b7ee55f160b9968b66013c3a3ef39dd7e5798?s=96&d=mm&r=g","url":"https:\/\/secure.gravatar.com\/avatar\/3ea2118a5f7dad2b7138b1187a6b7ee55f160b9968b66013c3a3ef39dd7e5798?s=96&d=mm&r=g","contentUrl":"https:\/\/secure.gravatar.com\/avatar\/3ea2118a5f7dad2b7138b1187a6b7ee55f160b9968b66013c3a3ef39dd7e5798?s=96&d=mm&r=g","caption":"Jeanette"},"sameAs":["https:\/\/www.eldiario.net\/portal"],"url":"https:\/\/www.eldiario.net\/portal\/author\/jeanette\/"}]}},"_links":{"self":[{"href":"https:\/\/www.eldiario.net\/portal\/wp-json\/wp\/v2\/posts\/125313","targetHints":{"allow":["GET"]}}],"collection":[{"href":"https:\/\/www.eldiario.net\/portal\/wp-json\/wp\/v2\/posts"}],"about":[{"href":"https:\/\/www.eldiario.net\/portal\/wp-json\/wp\/v2\/types\/post"}],"author":[{"embeddable":true,"href":"https:\/\/www.eldiario.net\/portal\/wp-json\/wp\/v2\/users\/1"}],"replies":[{"embeddable":true,"href":"https:\/\/www.eldiario.net\/portal\/wp-json\/wp\/v2\/comments?post=125313"}],"version-history":[{"count":0,"href":"https:\/\/www.eldiario.net\/portal\/wp-json\/wp\/v2\/posts\/125313\/revisions"}],"wp:attachment":[{"href":"https:\/\/www.eldiario.net\/portal\/wp-json\/wp\/v2\/media?parent=125313"}],"wp:term":[{"taxonomy":"category","embeddable":true,"href":"https:\/\/www.eldiario.net\/portal\/wp-json\/wp\/v2\/categories?post=125313"},{"taxonomy":"post_tag","embeddable":true,"href":"https:\/\/www.eldiario.net\/portal\/wp-json\/wp\/v2\/tags?post=125313"}],"curies":[{"name":"wp","href":"https:\/\/api.w.org\/{rel}","templated":true}]}}