{"id":125309,"date":"2022-12-02T05:46:13","date_gmt":"2022-12-02T09:46:13","guid":{"rendered":"https:\/\/www.eldiario.net\/portal\/?p=125309"},"modified":"2022-12-02T05:46:13","modified_gmt":"2022-12-02T09:46:13","slug":"el-derecho-a-orar-donde-a-uno-le-plazca","status":"publish","type":"post","link":"https:\/\/www.eldiario.net\/portal\/2022\/12\/02\/el-derecho-a-orar-donde-a-uno-le-plazca\/","title":{"rendered":"El derecho a orar  donde a uno le plazca"},"content":{"rendered":"<p>La XVIII sesi\u00f3n ordinaria de la c\u00e1mara alta estaba a punto de inaugurarse para la consideraci\u00f3n de la Ley del Censo y, antes de entrar en materia, la senadora Claudia Eg\u00fcez invit\u00f3 al pleno a una oraci\u00f3n a Dios, para que le pudiera donar sabidur\u00eda en el tratamiento del tema que en los siguientes minutos se iba a tratar.<br \/>\nCasi seguidamente, es decir, cuando la sesi\u00f3n hab\u00eda concluido, dos destacados periodistas de un conocido programa radial generaron un peque\u00f1o debate sobre la licitud o infractora actitud de la representante nacional. Y como quiera que por muy notables que pueden ser muchos comunicadores, no tienen por qu\u00e9 ser infalibles. Uno de ellos, entre muchas consideraciones, adujo categ\u00f3ricamente que el status laico del Estado Plurinacional hace il\u00edcita cualquier expresi\u00f3n de fe o de credo religioso trat\u00e1ndose de servidores del propio Estado, haciendo hincapi\u00e9 en que si bien todos tienen libertad de culto, su pr\u00e1ctica debe limitarse al \u00e1mbito privado; es decir que, desde su punto de vista, es inaceptable que una autoridad como la antedicha senadora haya procedido de la forma que lo hizo en un contexto como la ALP, no obstante la prescripci\u00f3n constitucional.<br \/>\nEmpero, antes de emitir criterios apresurados sobre ese tema, se debe hacer una puntual definici\u00f3n de lo que es un estado laico. Y es que, como sostiene el tratadista Jorge Adame Goddard, un estado laico no es m\u00e1s que aquella organizaci\u00f3n pol\u00edtica que no establece una religi\u00f3n oficial en particular como la religi\u00f3n propia del pueblo, que por lo mismo merece una protecci\u00f3n especial en lo pol\u00edtico y en lo jur\u00eddico. Luego, lejos de lo que irreflexivamente pudiera creerse, no obstante que el estado laico es el opuesto al estado confesional que establece una determinada religi\u00f3n como la oficial, el complemento natural y necesario del Estado es el reconocimiento y protecci\u00f3n jur\u00eddica de la libertad religiosa de los ciudadanos, de modo que cada uno tenga la libertad de elegir y seguir la religi\u00f3n que prefiera o no optar por ninguna.<br \/>\nAs\u00ed, el estado laico supone la libertad que la organizaci\u00f3n pol\u00edtica del Estado concede a los ciudadanos para el ejercicio de otra categor\u00eda de libertad, que es la de conciencia, por un lado, y la supresi\u00f3n de privilegios y de su situaci\u00f3n social y pol\u00edtica preponderante de una determinada religi\u00f3n, para permitir una libertad de cultos y de creencias, por otro lado.<br \/>\nHasta la Constituci\u00f3n de 1967, la Iglesia cat\u00f3lica gozaba de ciertos privilegios por parte del Estado, pero, adem\u00e1s, al ser la religi\u00f3n oficial, las autoridades pol\u00edticas, administrativas, militares y otras, estaban obligadas a participar en actos eclesiales, como los tedeums en fiestas c\u00edvicas o procesiones en fiestas de guardar. Con la nueva carta magna, ni siquiera la educaci\u00f3n primaria debe tener una materia de religi\u00f3n, por lo menos en la teor\u00eda, porque dem\u00e1s est\u00e1 decir que Bolivia est\u00e1 conformada por una poblaci\u00f3n cat\u00f3lica mayoritaria.<br \/>\nAhora bien, m\u00e1s all\u00e1 del derecho que tienen las personas de practicar el culto que prefieran y de que el Estado mantenga independencia de la religi\u00f3n, es la propia Constituci\u00f3n la que estatuye que nadie ser\u00e1 obligado a hacer lo que ella y las leyes no manden, ni a privarse de lo que \u00e9stas no proh\u00edban, que concuerda con lo que de manera inequ\u00edvoca establece el Art. 21-3, relativo a los derechos civiles. Esto es: \u201c\u2026 libertad de pensamiento, espiritualidad, religi\u00f3n y culto, expresados en forma individual o colectiva, tanto en p\u00fablico como en privado, con fines l\u00edcitos\u201d.<br \/>\nEso no es m\u00e1s que el ejercicio del derecho a la libre expresi\u00f3n, ejercida precisamente por la senadora de oposici\u00f3n. \u00bfHay un lugar m\u00e1s p\u00fablico que un hemiciclo parlamentario, cuyos curules est\u00e1n ocupados por representantes de la sociedad? Pero una plaza, un despacho de autoridad importante o cualquier lugar son leg\u00edtimos y legalmente aptos para la expresi\u00f3n de las preferencias religiosas, en tanto no formen parte de un Orden del D\u00eda o una programaci\u00f3n oficial. De hecho, desde hace 16 a\u00f1os las autoridades del estado promueven los cultos a la Pachamama y nadie se queja. Invitar a una oraci\u00f3n al Creador es leg\u00edtimo derecho de cualquier persona; atender la invitaci\u00f3n, potestad de los invitados.<br \/>\nLo que s\u00ed es condenable es la incoherencia de quienes se definen como marxistas y rinden culto sagrado a la tierra. Cosas del populismo\u2026<\/p>\n<p>El autor es jurista y escritor.<\/p>\n","protected":false},"excerpt":{"rendered":"<p>La XVIII sesi\u00f3n ordinaria de la c\u00e1mara alta estaba a punto de inaugurarse para la consideraci\u00f3n de la Ley del Censo y, antes de entrar en materia, la senadora Claudia Eg\u00fcez invit\u00f3 al pleno a una oraci\u00f3n a Dios, para que le pudiera donar sabidur\u00eda en el tratamiento del tema que en los siguientes minutos [&hellip;]<\/p>\n","protected":false},"author":1,"featured_media":7684,"comment_status":"closed","ping_status":"closed","sticky":false,"template":"","format":"standard","meta":{"_acf_changed":false,"footnotes":""},"categories":[9],"tags":[],"class_list":["post-125309","post","type-post","status-publish","format-standard","has-post-thumbnail","category-opinion"],"acf":{"antetitulo":""},"yoast_head":"<!-- This site is optimized with the Yoast SEO plugin v28.4 - https:\/\/yoast.com\/product\/yoast-seo-wordpress\/ -->\n<title>El derecho a orar donde a uno le plazca - El Diario - Bolivia<\/title>\n<meta name=\"robots\" content=\"index, follow, max-snippet:-1, max-image-preview:large, max-video-preview:-1\" \/>\n<link rel=\"canonical\" href=\"https:\/\/www.eldiario.net\/portal\/2022\/12\/02\/el-derecho-a-orar-donde-a-uno-le-plazca\/\" \/>\n<meta property=\"og:locale\" content=\"es_ES\" \/>\n<meta property=\"og:type\" content=\"article\" \/>\n<meta property=\"og:title\" content=\"El derecho a orar donde a uno le plazca - El Diario - Bolivia\" \/>\n<meta property=\"og:description\" content=\"La XVIII sesi\u00f3n ordinaria de la c\u00e1mara alta estaba a punto de inaugurarse para la consideraci\u00f3n de la Ley del Censo y, antes de entrar en materia, la senadora Claudia Eg\u00fcez invit\u00f3 al pleno a una oraci\u00f3n a Dios, para que le pudiera donar sabidur\u00eda en el tratamiento del tema que en los siguientes minutos [&hellip;]\" \/>\n<meta property=\"og:url\" content=\"https:\/\/www.eldiario.net\/portal\/2022\/12\/02\/el-derecho-a-orar-donde-a-uno-le-plazca\/\" \/>\n<meta property=\"og:site_name\" content=\"El Diario - Bolivia\" \/>\n<meta property=\"article:publisher\" content=\"https:\/\/www.facebook.com\/eldiario.bolivia\/\" \/>\n<meta property=\"article:published_time\" content=\"2022-12-02T09:46:13+00:00\" \/>\n<meta property=\"og:image\" content=\"https:\/\/www.eldiario.net\/portal\/wp-content\/uploads\/2021\/06\/Augusto-Vera-Riveros.jpg\" \/>\n\t<meta property=\"og:image:width\" content=\"1\" \/>\n\t<meta property=\"og:image:height\" content=\"1\" \/>\n\t<meta property=\"og:image:type\" content=\"image\/jpeg\" \/>\n<meta name=\"author\" content=\"Jeanette\" \/>\n<meta name=\"twitter:card\" content=\"summary_large_image\" \/>\n<meta name=\"twitter:creator\" content=\"@eldiario_net\" \/>\n<meta name=\"twitter:site\" content=\"@eldiario_net\" \/>\n<meta name=\"twitter:label1\" content=\"Escrito por\" \/>\n\t<meta name=\"twitter:data1\" content=\"Jeanette\" \/>\n\t<meta name=\"twitter:label2\" content=\"Tiempo de lectura\" \/>\n\t<meta name=\"twitter:data2\" content=\"4 minutos\" \/>\n<script type=\"application\/ld+json\" class=\"yoast-schema-graph\">{\"@context\":\"https:\\\/\\\/schema.org\",\"@graph\":[{\"@type\":\"Article\",\"@id\":\"https:\\\/\\\/www.eldiario.net\\\/portal\\\/2022\\\/12\\\/02\\\/el-derecho-a-orar-donde-a-uno-le-plazca\\\/#article\",\"isPartOf\":{\"@id\":\"https:\\\/\\\/www.eldiario.net\\\/portal\\\/2022\\\/12\\\/02\\\/el-derecho-a-orar-donde-a-uno-le-plazca\\\/\"},\"author\":{\"name\":\"Jeanette\",\"@id\":\"https:\\\/\\\/www.eldiario.net\\\/portal\\\/#\\\/schema\\\/person\\\/2c57cf2b7a7ae032e449e4c9b1019eac\"},\"headline\":\"El derecho a orar donde a uno le plazca\",\"datePublished\":\"2022-12-02T09:46:13+00:00\",\"mainEntityOfPage\":{\"@id\":\"https:\\\/\\\/www.eldiario.net\\\/portal\\\/2022\\\/12\\\/02\\\/el-derecho-a-orar-donde-a-uno-le-plazca\\\/\"},\"wordCount\":796,\"publisher\":{\"@id\":\"https:\\\/\\\/www.eldiario.net\\\/portal\\\/#organization\"},\"image\":{\"@id\":\"https:\\\/\\\/www.eldiario.net\\\/portal\\\/2022\\\/12\\\/02\\\/el-derecho-a-orar-donde-a-uno-le-plazca\\\/#primaryimage\"},\"thumbnailUrl\":\"https:\\\/\\\/www.eldiario.net\\\/portal\\\/wp-content\\\/uploads\\\/2021\\\/06\\\/Augusto-Vera-Riveros.jpg\",\"articleSection\":[\"Opini\u00f3n\"],\"inLanguage\":\"es\"},{\"@type\":\"WebPage\",\"@id\":\"https:\\\/\\\/www.eldiario.net\\\/portal\\\/2022\\\/12\\\/02\\\/el-derecho-a-orar-donde-a-uno-le-plazca\\\/\",\"url\":\"https:\\\/\\\/www.eldiario.net\\\/portal\\\/2022\\\/12\\\/02\\\/el-derecho-a-orar-donde-a-uno-le-plazca\\\/\",\"name\":\"El derecho a orar donde a uno le plazca - El Diario - Bolivia\",\"isPartOf\":{\"@id\":\"https:\\\/\\\/www.eldiario.net\\\/portal\\\/#website\"},\"primaryImageOfPage\":{\"@id\":\"https:\\\/\\\/www.eldiario.net\\\/portal\\\/2022\\\/12\\\/02\\\/el-derecho-a-orar-donde-a-uno-le-plazca\\\/#primaryimage\"},\"image\":{\"@id\":\"https:\\\/\\\/www.eldiario.net\\\/portal\\\/2022\\\/12\\\/02\\\/el-derecho-a-orar-donde-a-uno-le-plazca\\\/#primaryimage\"},\"thumbnailUrl\":\"https:\\\/\\\/www.eldiario.net\\\/portal\\\/wp-content\\\/uploads\\\/2021\\\/06\\\/Augusto-Vera-Riveros.jpg\",\"datePublished\":\"2022-12-02T09:46:13+00:00\",\"breadcrumb\":{\"@id\":\"https:\\\/\\\/www.eldiario.net\\\/portal\\\/2022\\\/12\\\/02\\\/el-derecho-a-orar-donde-a-uno-le-plazca\\\/#breadcrumb\"},\"inLanguage\":\"es\",\"potentialAction\":[{\"@type\":\"ReadAction\",\"target\":[\"https:\\\/\\\/www.eldiario.net\\\/portal\\\/2022\\\/12\\\/02\\\/el-derecho-a-orar-donde-a-uno-le-plazca\\\/\"]}]},{\"@type\":\"ImageObject\",\"inLanguage\":\"es\",\"@id\":\"https:\\\/\\\/www.eldiario.net\\\/portal\\\/2022\\\/12\\\/02\\\/el-derecho-a-orar-donde-a-uno-le-plazca\\\/#primaryimage\",\"url\":\"https:\\\/\\\/www.eldiario.net\\\/portal\\\/wp-content\\\/uploads\\\/2021\\\/06\\\/Augusto-Vera-Riveros.jpg\",\"contentUrl\":\"https:\\\/\\\/www.eldiario.net\\\/portal\\\/wp-content\\\/uploads\\\/2021\\\/06\\\/Augusto-Vera-Riveros.jpg\"},{\"@type\":\"BreadcrumbList\",\"@id\":\"https:\\\/\\\/www.eldiario.net\\\/portal\\\/2022\\\/12\\\/02\\\/el-derecho-a-orar-donde-a-uno-le-plazca\\\/#breadcrumb\",\"itemListElement\":[{\"@type\":\"ListItem\",\"position\":1,\"name\":\"Portada\",\"item\":\"https:\\\/\\\/www.eldiario.net\\\/portal\\\/\"},{\"@type\":\"ListItem\",\"position\":2,\"name\":\"El derecho a orar donde a uno le plazca\"}]},{\"@type\":\"WebSite\",\"@id\":\"https:\\\/\\\/www.eldiario.net\\\/portal\\\/#website\",\"url\":\"https:\\\/\\\/www.eldiario.net\\\/portal\\\/\",\"name\":\"El Diario - Decano de la prensa nacional\",\"description\":\"El Diario - Decano de la prensa nacional\",\"publisher\":{\"@id\":\"https:\\\/\\\/www.eldiario.net\\\/portal\\\/#organization\"},\"potentialAction\":[{\"@type\":\"SearchAction\",\"target\":{\"@type\":\"EntryPoint\",\"urlTemplate\":\"https:\\\/\\\/www.eldiario.net\\\/portal\\\/?s={search_term_string}\"},\"query-input\":{\"@type\":\"PropertyValueSpecification\",\"valueRequired\":true,\"valueName\":\"search_term_string\"}}],\"inLanguage\":\"es\"},{\"@type\":\"Organization\",\"@id\":\"https:\\\/\\\/www.eldiario.net\\\/portal\\\/#organization\",\"name\":\"El Diario - Decano de la prensa nacional\",\"url\":\"https:\\\/\\\/www.eldiario.net\\\/portal\\\/\",\"logo\":{\"@type\":\"ImageObject\",\"inLanguage\":\"es\",\"@id\":\"https:\\\/\\\/www.eldiario.net\\\/portal\\\/#\\\/schema\\\/logo\\\/image\\\/\",\"url\":\"https:\\\/\\\/www.eldiario.net\\\/portal\\\/wp-content\\\/uploads\\\/2023\\\/07\\\/logo_ED.jpg\",\"contentUrl\":\"https:\\\/\\\/www.eldiario.net\\\/portal\\\/wp-content\\\/uploads\\\/2023\\\/07\\\/logo_ED.jpg\",\"width\":272,\"height\":52,\"caption\":\"El Diario - Decano de la prensa nacional\"},\"image\":{\"@id\":\"https:\\\/\\\/www.eldiario.net\\\/portal\\\/#\\\/schema\\\/logo\\\/image\\\/\"},\"sameAs\":[\"https:\\\/\\\/www.facebook.com\\\/eldiario.bolivia\\\/\",\"https:\\\/\\\/x.com\\\/eldiario_net\"]},{\"@type\":\"Person\",\"@id\":\"https:\\\/\\\/www.eldiario.net\\\/portal\\\/#\\\/schema\\\/person\\\/2c57cf2b7a7ae032e449e4c9b1019eac\",\"name\":\"Jeanette\",\"image\":{\"@type\":\"ImageObject\",\"inLanguage\":\"es\",\"@id\":\"https:\\\/\\\/secure.gravatar.com\\\/avatar\\\/3ea2118a5f7dad2b7138b1187a6b7ee55f160b9968b66013c3a3ef39dd7e5798?s=96&d=mm&r=g\",\"url\":\"https:\\\/\\\/secure.gravatar.com\\\/avatar\\\/3ea2118a5f7dad2b7138b1187a6b7ee55f160b9968b66013c3a3ef39dd7e5798?s=96&d=mm&r=g\",\"contentUrl\":\"https:\\\/\\\/secure.gravatar.com\\\/avatar\\\/3ea2118a5f7dad2b7138b1187a6b7ee55f160b9968b66013c3a3ef39dd7e5798?s=96&d=mm&r=g\",\"caption\":\"Jeanette\"},\"sameAs\":[\"https:\\\/\\\/www.eldiario.net\\\/portal\"],\"url\":\"https:\\\/\\\/www.eldiario.net\\\/portal\\\/author\\\/jeanette\\\/\"}]}<\/script>\n<!-- \/ Yoast SEO plugin. -->","yoast_head_json":{"title":"El derecho a orar donde a uno le plazca - El Diario - Bolivia","robots":{"index":"index","follow":"follow","max-snippet":"max-snippet:-1","max-image-preview":"max-image-preview:large","max-video-preview":"max-video-preview:-1"},"canonical":"https:\/\/www.eldiario.net\/portal\/2022\/12\/02\/el-derecho-a-orar-donde-a-uno-le-plazca\/","og_locale":"es_ES","og_type":"article","og_title":"El derecho a orar donde a uno le plazca - El Diario - Bolivia","og_description":"La XVIII sesi\u00f3n ordinaria de la c\u00e1mara alta estaba a punto de inaugurarse para la consideraci\u00f3n de la Ley del Censo y, antes de entrar en materia, la senadora Claudia Eg\u00fcez invit\u00f3 al pleno a una oraci\u00f3n a Dios, para que le pudiera donar sabidur\u00eda en el tratamiento del tema que en los siguientes minutos [&hellip;]","og_url":"https:\/\/www.eldiario.net\/portal\/2022\/12\/02\/el-derecho-a-orar-donde-a-uno-le-plazca\/","og_site_name":"El Diario - Bolivia","article_publisher":"https:\/\/www.facebook.com\/eldiario.bolivia\/","article_published_time":"2022-12-02T09:46:13+00:00","og_image":[{"url":"https:\/\/www.eldiario.net\/portal\/wp-content\/uploads\/2021\/06\/Augusto-Vera-Riveros.jpg","width":1,"height":1,"type":"image\/jpeg"}],"author":"Jeanette","twitter_card":"summary_large_image","twitter_creator":"@eldiario_net","twitter_site":"@eldiario_net","twitter_misc":{"Escrito por":"Jeanette","Tiempo de lectura":"4 minutos"},"schema":{"@context":"https:\/\/schema.org","@graph":[{"@type":"Article","@id":"https:\/\/www.eldiario.net\/portal\/2022\/12\/02\/el-derecho-a-orar-donde-a-uno-le-plazca\/#article","isPartOf":{"@id":"https:\/\/www.eldiario.net\/portal\/2022\/12\/02\/el-derecho-a-orar-donde-a-uno-le-plazca\/"},"author":{"name":"Jeanette","@id":"https:\/\/www.eldiario.net\/portal\/#\/schema\/person\/2c57cf2b7a7ae032e449e4c9b1019eac"},"headline":"El derecho a orar donde a uno le plazca","datePublished":"2022-12-02T09:46:13+00:00","mainEntityOfPage":{"@id":"https:\/\/www.eldiario.net\/portal\/2022\/12\/02\/el-derecho-a-orar-donde-a-uno-le-plazca\/"},"wordCount":796,"publisher":{"@id":"https:\/\/www.eldiario.net\/portal\/#organization"},"image":{"@id":"https:\/\/www.eldiario.net\/portal\/2022\/12\/02\/el-derecho-a-orar-donde-a-uno-le-plazca\/#primaryimage"},"thumbnailUrl":"https:\/\/www.eldiario.net\/portal\/wp-content\/uploads\/2021\/06\/Augusto-Vera-Riveros.jpg","articleSection":["Opini\u00f3n"],"inLanguage":"es"},{"@type":"WebPage","@id":"https:\/\/www.eldiario.net\/portal\/2022\/12\/02\/el-derecho-a-orar-donde-a-uno-le-plazca\/","url":"https:\/\/www.eldiario.net\/portal\/2022\/12\/02\/el-derecho-a-orar-donde-a-uno-le-plazca\/","name":"El derecho a orar donde a uno le plazca - El Diario - Bolivia","isPartOf":{"@id":"https:\/\/www.eldiario.net\/portal\/#website"},"primaryImageOfPage":{"@id":"https:\/\/www.eldiario.net\/portal\/2022\/12\/02\/el-derecho-a-orar-donde-a-uno-le-plazca\/#primaryimage"},"image":{"@id":"https:\/\/www.eldiario.net\/portal\/2022\/12\/02\/el-derecho-a-orar-donde-a-uno-le-plazca\/#primaryimage"},"thumbnailUrl":"https:\/\/www.eldiario.net\/portal\/wp-content\/uploads\/2021\/06\/Augusto-Vera-Riveros.jpg","datePublished":"2022-12-02T09:46:13+00:00","breadcrumb":{"@id":"https:\/\/www.eldiario.net\/portal\/2022\/12\/02\/el-derecho-a-orar-donde-a-uno-le-plazca\/#breadcrumb"},"inLanguage":"es","potentialAction":[{"@type":"ReadAction","target":["https:\/\/www.eldiario.net\/portal\/2022\/12\/02\/el-derecho-a-orar-donde-a-uno-le-plazca\/"]}]},{"@type":"ImageObject","inLanguage":"es","@id":"https:\/\/www.eldiario.net\/portal\/2022\/12\/02\/el-derecho-a-orar-donde-a-uno-le-plazca\/#primaryimage","url":"https:\/\/www.eldiario.net\/portal\/wp-content\/uploads\/2021\/06\/Augusto-Vera-Riveros.jpg","contentUrl":"https:\/\/www.eldiario.net\/portal\/wp-content\/uploads\/2021\/06\/Augusto-Vera-Riveros.jpg"},{"@type":"BreadcrumbList","@id":"https:\/\/www.eldiario.net\/portal\/2022\/12\/02\/el-derecho-a-orar-donde-a-uno-le-plazca\/#breadcrumb","itemListElement":[{"@type":"ListItem","position":1,"name":"Portada","item":"https:\/\/www.eldiario.net\/portal\/"},{"@type":"ListItem","position":2,"name":"El derecho a orar donde a uno le plazca"}]},{"@type":"WebSite","@id":"https:\/\/www.eldiario.net\/portal\/#website","url":"https:\/\/www.eldiario.net\/portal\/","name":"El Diario - Decano de la prensa nacional","description":"El Diario - Decano de la prensa nacional","publisher":{"@id":"https:\/\/www.eldiario.net\/portal\/#organization"},"potentialAction":[{"@type":"SearchAction","target":{"@type":"EntryPoint","urlTemplate":"https:\/\/www.eldiario.net\/portal\/?s={search_term_string}"},"query-input":{"@type":"PropertyValueSpecification","valueRequired":true,"valueName":"search_term_string"}}],"inLanguage":"es"},{"@type":"Organization","@id":"https:\/\/www.eldiario.net\/portal\/#organization","name":"El Diario - Decano de la prensa nacional","url":"https:\/\/www.eldiario.net\/portal\/","logo":{"@type":"ImageObject","inLanguage":"es","@id":"https:\/\/www.eldiario.net\/portal\/#\/schema\/logo\/image\/","url":"https:\/\/www.eldiario.net\/portal\/wp-content\/uploads\/2023\/07\/logo_ED.jpg","contentUrl":"https:\/\/www.eldiario.net\/portal\/wp-content\/uploads\/2023\/07\/logo_ED.jpg","width":272,"height":52,"caption":"El Diario - Decano de la prensa nacional"},"image":{"@id":"https:\/\/www.eldiario.net\/portal\/#\/schema\/logo\/image\/"},"sameAs":["https:\/\/www.facebook.com\/eldiario.bolivia\/","https:\/\/x.com\/eldiario_net"]},{"@type":"Person","@id":"https:\/\/www.eldiario.net\/portal\/#\/schema\/person\/2c57cf2b7a7ae032e449e4c9b1019eac","name":"Jeanette","image":{"@type":"ImageObject","inLanguage":"es","@id":"https:\/\/secure.gravatar.com\/avatar\/3ea2118a5f7dad2b7138b1187a6b7ee55f160b9968b66013c3a3ef39dd7e5798?s=96&d=mm&r=g","url":"https:\/\/secure.gravatar.com\/avatar\/3ea2118a5f7dad2b7138b1187a6b7ee55f160b9968b66013c3a3ef39dd7e5798?s=96&d=mm&r=g","contentUrl":"https:\/\/secure.gravatar.com\/avatar\/3ea2118a5f7dad2b7138b1187a6b7ee55f160b9968b66013c3a3ef39dd7e5798?s=96&d=mm&r=g","caption":"Jeanette"},"sameAs":["https:\/\/www.eldiario.net\/portal"],"url":"https:\/\/www.eldiario.net\/portal\/author\/jeanette\/"}]}},"_links":{"self":[{"href":"https:\/\/www.eldiario.net\/portal\/wp-json\/wp\/v2\/posts\/125309","targetHints":{"allow":["GET"]}}],"collection":[{"href":"https:\/\/www.eldiario.net\/portal\/wp-json\/wp\/v2\/posts"}],"about":[{"href":"https:\/\/www.eldiario.net\/portal\/wp-json\/wp\/v2\/types\/post"}],"author":[{"embeddable":true,"href":"https:\/\/www.eldiario.net\/portal\/wp-json\/wp\/v2\/users\/1"}],"replies":[{"embeddable":true,"href":"https:\/\/www.eldiario.net\/portal\/wp-json\/wp\/v2\/comments?post=125309"}],"version-history":[{"count":0,"href":"https:\/\/www.eldiario.net\/portal\/wp-json\/wp\/v2\/posts\/125309\/revisions"}],"wp:featuredmedia":[{"embeddable":true,"href":"https:\/\/www.eldiario.net\/portal\/wp-json\/wp\/v2\/media\/7684"}],"wp:attachment":[{"href":"https:\/\/www.eldiario.net\/portal\/wp-json\/wp\/v2\/media?parent=125309"}],"wp:term":[{"taxonomy":"category","embeddable":true,"href":"https:\/\/www.eldiario.net\/portal\/wp-json\/wp\/v2\/categories?post=125309"},{"taxonomy":"post_tag","embeddable":true,"href":"https:\/\/www.eldiario.net\/portal\/wp-json\/wp\/v2\/tags?post=125309"}],"curies":[{"name":"wp","href":"https:\/\/api.w.org\/{rel}","templated":true}]}}