{"id":125307,"date":"2022-12-02T05:45:25","date_gmt":"2022-12-02T09:45:25","guid":{"rendered":"https:\/\/www.eldiario.net\/portal\/?p=125307"},"modified":"2022-12-02T05:45:25","modified_gmt":"2022-12-02T09:45:25","slug":"supremo-protector","status":"publish","type":"post","link":"https:\/\/www.eldiario.net\/portal\/2022\/12\/02\/supremo-protector\/","title":{"rendered":"Supremo protector"},"content":{"rendered":"<p>Huarina, ubicada a orillas del Lago Titicaca, el 30 de noviembre record\u00f3 un hecho hist\u00f3rico. Se conmemor\u00f3 los 230 a\u00f1os del nacimiento de Andr\u00e9s de Santa Cruz Calahumana, acto que resalt\u00f3 por la presencia de altas autoridades tanto del Per\u00fa como de Bolivia, que a su turno rindieron su homenaje al Supremo protector de la Confederaci\u00f3n Per\u00fa-Boliviana. Las autoridades y habitantes de Huarina se consideran herederos de mantener viva esta hermandad.<br \/>\nNos referiremos solo a la etapa de la creaci\u00f3n de la Confederaci\u00f3n Per\u00fa-Boliviana, tomando como base el libro \u201cAndr\u00e9s de Santa Cruz y la Confederaci\u00f3n Per\u00fa-Boliviana, 1835-1839\u201d, de Phillip Taylor Parkerson, donde se destaca a Santa Cruz como el m\u00e1s destacado estadista que han tenido las rep\u00fablicas hermanas de Bolivia y Per\u00fa.<br \/>\nHombre del Siglo XIX, Santa Cruz fue capaz de idear e implementar un proyecto para integrar las dos rep\u00fablicas en un Estado econ\u00f3micamente estable, jur\u00eddicamente organizado, as\u00ed como militarmente poderoso. Para \u00e9l Bolivia y Per\u00fa significaban un solo Estado, tanto en la mente como en su coraz\u00f3n. Con la creaci\u00f3n de la Confederaci\u00f3n Per\u00fa-Boliviana, Santa Cruz en 1836 rompi\u00f3 el modelo adoptado en Sudam\u00e9rica tras la etapa independentista, de una serie de rep\u00fablicas separadas unas de otras a partir de los l\u00edmites establecidos anteriormente.<br \/>\nLa vida pol\u00edtica de ambas rep\u00fablicas en el Siglo XIX estaba en manos del caudillismo militar. En el caso del Per\u00fa, hab\u00eda rivalidades entre el norte y el sur, as\u00ed como entre la costa y la sierra. En Bolivia imperaba el regionalismo y rivalidades entre el norte y el sur del pa\u00eds, es decir entre Chuquisaca y La Paz.<br \/>\nEl proceso de creaci\u00f3n de la Confederaci\u00f3n de Andr\u00e9s de Santa Cruz Calahumana, inicia con la creaci\u00f3n el Estado Sud-Peruano, con una asamblea del sur que se reunir\u00eda el 16 de marzo de 1836, en la peque\u00f1a poblaci\u00f3n de Sicuani del departamento Cusco. En dicha asamblea se declar\u00f3 la independencia de los departamentos de Arequipa, Ayacucho, Cusco y Puno y su incorporaci\u00f3n al Estado Sud-Peruano y a Bolivia, as\u00ed como lo har\u00eda Nor-Peruano, que se encontraba en proceso de formaci\u00f3n.<br \/>\nEn cuanto a la creaci\u00f3n del Estado Nor-Peruano, fue a trav\u00e9s de una asamblea que se llev\u00f3 a cabo el 15 de julio de 1836 en la poblaci\u00f3n de Huaura del departamento de Lima. Dicha asamblea se posterga para el 3 de agosto de 1836, y el 6 de agosto se declara la independencia del Estado Nor-Peruano y su confederaci\u00f3n con Bolivia y el Sud-Peruano.<br \/>\nEn Bolivia se celebra una sesi\u00f3n especial del Congreso de Tapacari en el departamento de Cochabamba, donde se autoriza continuar con el proyecto de la Confederaci\u00f3n, al cual Bolivia se adhiere con la Ley de 22 de julio de 1835.<br \/>\nEl 1 de mayo de 1837, el Congreso de Tacna adopt\u00f3 formalmente el pacto que establec\u00eda las bases y la estructura de la Confederaci\u00f3n Per\u00fa-Boliviana, con 45 art\u00edculos que enumeraban las facultades y atribuciones de los poderes Ejecutivo y Legislativo, que se constitu\u00eda como una Constituci\u00f3n del nuevo Estado Confederado.<br \/>\nEl presente art\u00edculo solo pretende despertar esa inquietud de conocer las p\u00e1ginas de nuestra historia. Felicidades a todas las autoridades y habitantes de Huarina, por el esfuerzo de realzar esta fecha hist\u00f3rica.<\/p>\n<p>Bibliograf\u00eda<br \/>\nPhillip Taylor Parkerson (2019). Andr\u00e9s de Santa Cruz y la Confederaci\u00f3n Per\u00fa-Boliviana, 1835-1839 (2nd ed.). Biblioteca del Bicentenario de Bolivia.<\/p>\n","protected":false},"excerpt":{"rendered":"<p>Huarina, ubicada a orillas del Lago Titicaca, el 30 de noviembre record\u00f3 un hecho hist\u00f3rico. Se conmemor\u00f3 los 230 a\u00f1os del nacimiento de Andr\u00e9s de Santa Cruz Calahumana, acto que resalt\u00f3 por la presencia de altas autoridades tanto del Per\u00fa como de Bolivia, que a su turno rindieron su homenaje al Supremo protector de la [&hellip;]<\/p>\n","protected":false},"author":1,"featured_media":0,"comment_status":"closed","ping_status":"closed","sticky":false,"template":"","format":"standard","meta":{"_acf_changed":false,"footnotes":""},"categories":[9],"tags":[],"class_list":["post-125307","post","type-post","status-publish","format-standard","category-opinion"],"acf":{"antetitulo":""},"yoast_head":"<!-- This site is optimized with the Yoast SEO plugin v28.4 - https:\/\/yoast.com\/product\/yoast-seo-wordpress\/ -->\n<title>Supremo protector - El Diario - Bolivia<\/title>\n<meta name=\"robots\" content=\"index, follow, max-snippet:-1, max-image-preview:large, max-video-preview:-1\" \/>\n<link rel=\"canonical\" href=\"https:\/\/www.eldiario.net\/portal\/2022\/12\/02\/supremo-protector\/\" \/>\n<meta property=\"og:locale\" content=\"es_ES\" \/>\n<meta property=\"og:type\" content=\"article\" \/>\n<meta property=\"og:title\" content=\"Supremo protector - El Diario - Bolivia\" \/>\n<meta property=\"og:description\" content=\"Huarina, ubicada a orillas del Lago Titicaca, el 30 de noviembre record\u00f3 un hecho hist\u00f3rico. Se conmemor\u00f3 los 230 a\u00f1os del nacimiento de Andr\u00e9s de Santa Cruz Calahumana, acto que resalt\u00f3 por la presencia de altas autoridades tanto del Per\u00fa como de Bolivia, que a su turno rindieron su homenaje al Supremo protector de la [&hellip;]\" \/>\n<meta property=\"og:url\" content=\"https:\/\/www.eldiario.net\/portal\/2022\/12\/02\/supremo-protector\/\" \/>\n<meta property=\"og:site_name\" content=\"El Diario - Bolivia\" \/>\n<meta property=\"article:publisher\" content=\"https:\/\/www.facebook.com\/eldiario.bolivia\/\" \/>\n<meta property=\"article:published_time\" content=\"2022-12-02T09:45:25+00:00\" \/>\n<meta name=\"author\" content=\"Jeanette\" \/>\n<meta name=\"twitter:card\" content=\"summary_large_image\" \/>\n<meta name=\"twitter:creator\" content=\"@eldiario_net\" \/>\n<meta name=\"twitter:site\" content=\"@eldiario_net\" \/>\n<meta name=\"twitter:label1\" content=\"Escrito por\" \/>\n\t<meta name=\"twitter:data1\" content=\"Jeanette\" \/>\n\t<meta name=\"twitter:label2\" content=\"Tiempo de lectura\" \/>\n\t<meta name=\"twitter:data2\" content=\"3 minutos\" \/>\n<script type=\"application\/ld+json\" class=\"yoast-schema-graph\">{\"@context\":\"https:\\\/\\\/schema.org\",\"@graph\":[{\"@type\":\"Article\",\"@id\":\"https:\\\/\\\/www.eldiario.net\\\/portal\\\/2022\\\/12\\\/02\\\/supremo-protector\\\/#article\",\"isPartOf\":{\"@id\":\"https:\\\/\\\/www.eldiario.net\\\/portal\\\/2022\\\/12\\\/02\\\/supremo-protector\\\/\"},\"author\":{\"name\":\"Jeanette\",\"@id\":\"https:\\\/\\\/www.eldiario.net\\\/portal\\\/#\\\/schema\\\/person\\\/2c57cf2b7a7ae032e449e4c9b1019eac\"},\"headline\":\"Supremo protector\",\"datePublished\":\"2022-12-02T09:45:25+00:00\",\"mainEntityOfPage\":{\"@id\":\"https:\\\/\\\/www.eldiario.net\\\/portal\\\/2022\\\/12\\\/02\\\/supremo-protector\\\/\"},\"wordCount\":596,\"publisher\":{\"@id\":\"https:\\\/\\\/www.eldiario.net\\\/portal\\\/#organization\"},\"articleSection\":[\"Opini\u00f3n\"],\"inLanguage\":\"es\"},{\"@type\":\"WebPage\",\"@id\":\"https:\\\/\\\/www.eldiario.net\\\/portal\\\/2022\\\/12\\\/02\\\/supremo-protector\\\/\",\"url\":\"https:\\\/\\\/www.eldiario.net\\\/portal\\\/2022\\\/12\\\/02\\\/supremo-protector\\\/\",\"name\":\"Supremo protector - El Diario - Bolivia\",\"isPartOf\":{\"@id\":\"https:\\\/\\\/www.eldiario.net\\\/portal\\\/#website\"},\"datePublished\":\"2022-12-02T09:45:25+00:00\",\"breadcrumb\":{\"@id\":\"https:\\\/\\\/www.eldiario.net\\\/portal\\\/2022\\\/12\\\/02\\\/supremo-protector\\\/#breadcrumb\"},\"inLanguage\":\"es\",\"potentialAction\":[{\"@type\":\"ReadAction\",\"target\":[\"https:\\\/\\\/www.eldiario.net\\\/portal\\\/2022\\\/12\\\/02\\\/supremo-protector\\\/\"]}]},{\"@type\":\"BreadcrumbList\",\"@id\":\"https:\\\/\\\/www.eldiario.net\\\/portal\\\/2022\\\/12\\\/02\\\/supremo-protector\\\/#breadcrumb\",\"itemListElement\":[{\"@type\":\"ListItem\",\"position\":1,\"name\":\"Portada\",\"item\":\"https:\\\/\\\/www.eldiario.net\\\/portal\\\/\"},{\"@type\":\"ListItem\",\"position\":2,\"name\":\"Supremo protector\"}]},{\"@type\":\"WebSite\",\"@id\":\"https:\\\/\\\/www.eldiario.net\\\/portal\\\/#website\",\"url\":\"https:\\\/\\\/www.eldiario.net\\\/portal\\\/\",\"name\":\"El Diario - Decano de la prensa nacional\",\"description\":\"El Diario - Decano de la prensa nacional\",\"publisher\":{\"@id\":\"https:\\\/\\\/www.eldiario.net\\\/portal\\\/#organization\"},\"potentialAction\":[{\"@type\":\"SearchAction\",\"target\":{\"@type\":\"EntryPoint\",\"urlTemplate\":\"https:\\\/\\\/www.eldiario.net\\\/portal\\\/?s={search_term_string}\"},\"query-input\":{\"@type\":\"PropertyValueSpecification\",\"valueRequired\":true,\"valueName\":\"search_term_string\"}}],\"inLanguage\":\"es\"},{\"@type\":\"Organization\",\"@id\":\"https:\\\/\\\/www.eldiario.net\\\/portal\\\/#organization\",\"name\":\"El Diario - Decano de la prensa nacional\",\"url\":\"https:\\\/\\\/www.eldiario.net\\\/portal\\\/\",\"logo\":{\"@type\":\"ImageObject\",\"inLanguage\":\"es\",\"@id\":\"https:\\\/\\\/www.eldiario.net\\\/portal\\\/#\\\/schema\\\/logo\\\/image\\\/\",\"url\":\"https:\\\/\\\/www.eldiario.net\\\/portal\\\/wp-content\\\/uploads\\\/2023\\\/07\\\/logo_ED.jpg\",\"contentUrl\":\"https:\\\/\\\/www.eldiario.net\\\/portal\\\/wp-content\\\/uploads\\\/2023\\\/07\\\/logo_ED.jpg\",\"width\":272,\"height\":52,\"caption\":\"El Diario - Decano de la prensa nacional\"},\"image\":{\"@id\":\"https:\\\/\\\/www.eldiario.net\\\/portal\\\/#\\\/schema\\\/logo\\\/image\\\/\"},\"sameAs\":[\"https:\\\/\\\/www.facebook.com\\\/eldiario.bolivia\\\/\",\"https:\\\/\\\/x.com\\\/eldiario_net\"]},{\"@type\":\"Person\",\"@id\":\"https:\\\/\\\/www.eldiario.net\\\/portal\\\/#\\\/schema\\\/person\\\/2c57cf2b7a7ae032e449e4c9b1019eac\",\"name\":\"Jeanette\",\"image\":{\"@type\":\"ImageObject\",\"inLanguage\":\"es\",\"@id\":\"https:\\\/\\\/secure.gravatar.com\\\/avatar\\\/3ea2118a5f7dad2b7138b1187a6b7ee55f160b9968b66013c3a3ef39dd7e5798?s=96&d=mm&r=g\",\"url\":\"https:\\\/\\\/secure.gravatar.com\\\/avatar\\\/3ea2118a5f7dad2b7138b1187a6b7ee55f160b9968b66013c3a3ef39dd7e5798?s=96&d=mm&r=g\",\"contentUrl\":\"https:\\\/\\\/secure.gravatar.com\\\/avatar\\\/3ea2118a5f7dad2b7138b1187a6b7ee55f160b9968b66013c3a3ef39dd7e5798?s=96&d=mm&r=g\",\"caption\":\"Jeanette\"},\"sameAs\":[\"https:\\\/\\\/www.eldiario.net\\\/portal\"],\"url\":\"https:\\\/\\\/www.eldiario.net\\\/portal\\\/author\\\/jeanette\\\/\"}]}<\/script>\n<!-- \/ Yoast SEO plugin. -->","yoast_head_json":{"title":"Supremo protector - El Diario - Bolivia","robots":{"index":"index","follow":"follow","max-snippet":"max-snippet:-1","max-image-preview":"max-image-preview:large","max-video-preview":"max-video-preview:-1"},"canonical":"https:\/\/www.eldiario.net\/portal\/2022\/12\/02\/supremo-protector\/","og_locale":"es_ES","og_type":"article","og_title":"Supremo protector - El Diario - Bolivia","og_description":"Huarina, ubicada a orillas del Lago Titicaca, el 30 de noviembre record\u00f3 un hecho hist\u00f3rico. Se conmemor\u00f3 los 230 a\u00f1os del nacimiento de Andr\u00e9s de Santa Cruz Calahumana, acto que resalt\u00f3 por la presencia de altas autoridades tanto del Per\u00fa como de Bolivia, que a su turno rindieron su homenaje al Supremo protector de la [&hellip;]","og_url":"https:\/\/www.eldiario.net\/portal\/2022\/12\/02\/supremo-protector\/","og_site_name":"El Diario - Bolivia","article_publisher":"https:\/\/www.facebook.com\/eldiario.bolivia\/","article_published_time":"2022-12-02T09:45:25+00:00","author":"Jeanette","twitter_card":"summary_large_image","twitter_creator":"@eldiario_net","twitter_site":"@eldiario_net","twitter_misc":{"Escrito por":"Jeanette","Tiempo de lectura":"3 minutos"},"schema":{"@context":"https:\/\/schema.org","@graph":[{"@type":"Article","@id":"https:\/\/www.eldiario.net\/portal\/2022\/12\/02\/supremo-protector\/#article","isPartOf":{"@id":"https:\/\/www.eldiario.net\/portal\/2022\/12\/02\/supremo-protector\/"},"author":{"name":"Jeanette","@id":"https:\/\/www.eldiario.net\/portal\/#\/schema\/person\/2c57cf2b7a7ae032e449e4c9b1019eac"},"headline":"Supremo protector","datePublished":"2022-12-02T09:45:25+00:00","mainEntityOfPage":{"@id":"https:\/\/www.eldiario.net\/portal\/2022\/12\/02\/supremo-protector\/"},"wordCount":596,"publisher":{"@id":"https:\/\/www.eldiario.net\/portal\/#organization"},"articleSection":["Opini\u00f3n"],"inLanguage":"es"},{"@type":"WebPage","@id":"https:\/\/www.eldiario.net\/portal\/2022\/12\/02\/supremo-protector\/","url":"https:\/\/www.eldiario.net\/portal\/2022\/12\/02\/supremo-protector\/","name":"Supremo protector - El Diario - Bolivia","isPartOf":{"@id":"https:\/\/www.eldiario.net\/portal\/#website"},"datePublished":"2022-12-02T09:45:25+00:00","breadcrumb":{"@id":"https:\/\/www.eldiario.net\/portal\/2022\/12\/02\/supremo-protector\/#breadcrumb"},"inLanguage":"es","potentialAction":[{"@type":"ReadAction","target":["https:\/\/www.eldiario.net\/portal\/2022\/12\/02\/supremo-protector\/"]}]},{"@type":"BreadcrumbList","@id":"https:\/\/www.eldiario.net\/portal\/2022\/12\/02\/supremo-protector\/#breadcrumb","itemListElement":[{"@type":"ListItem","position":1,"name":"Portada","item":"https:\/\/www.eldiario.net\/portal\/"},{"@type":"ListItem","position":2,"name":"Supremo protector"}]},{"@type":"WebSite","@id":"https:\/\/www.eldiario.net\/portal\/#website","url":"https:\/\/www.eldiario.net\/portal\/","name":"El Diario - Decano de la prensa nacional","description":"El Diario - Decano de la prensa nacional","publisher":{"@id":"https:\/\/www.eldiario.net\/portal\/#organization"},"potentialAction":[{"@type":"SearchAction","target":{"@type":"EntryPoint","urlTemplate":"https:\/\/www.eldiario.net\/portal\/?s={search_term_string}"},"query-input":{"@type":"PropertyValueSpecification","valueRequired":true,"valueName":"search_term_string"}}],"inLanguage":"es"},{"@type":"Organization","@id":"https:\/\/www.eldiario.net\/portal\/#organization","name":"El Diario - Decano de la prensa nacional","url":"https:\/\/www.eldiario.net\/portal\/","logo":{"@type":"ImageObject","inLanguage":"es","@id":"https:\/\/www.eldiario.net\/portal\/#\/schema\/logo\/image\/","url":"https:\/\/www.eldiario.net\/portal\/wp-content\/uploads\/2023\/07\/logo_ED.jpg","contentUrl":"https:\/\/www.eldiario.net\/portal\/wp-content\/uploads\/2023\/07\/logo_ED.jpg","width":272,"height":52,"caption":"El Diario - Decano de la prensa nacional"},"image":{"@id":"https:\/\/www.eldiario.net\/portal\/#\/schema\/logo\/image\/"},"sameAs":["https:\/\/www.facebook.com\/eldiario.bolivia\/","https:\/\/x.com\/eldiario_net"]},{"@type":"Person","@id":"https:\/\/www.eldiario.net\/portal\/#\/schema\/person\/2c57cf2b7a7ae032e449e4c9b1019eac","name":"Jeanette","image":{"@type":"ImageObject","inLanguage":"es","@id":"https:\/\/secure.gravatar.com\/avatar\/3ea2118a5f7dad2b7138b1187a6b7ee55f160b9968b66013c3a3ef39dd7e5798?s=96&d=mm&r=g","url":"https:\/\/secure.gravatar.com\/avatar\/3ea2118a5f7dad2b7138b1187a6b7ee55f160b9968b66013c3a3ef39dd7e5798?s=96&d=mm&r=g","contentUrl":"https:\/\/secure.gravatar.com\/avatar\/3ea2118a5f7dad2b7138b1187a6b7ee55f160b9968b66013c3a3ef39dd7e5798?s=96&d=mm&r=g","caption":"Jeanette"},"sameAs":["https:\/\/www.eldiario.net\/portal"],"url":"https:\/\/www.eldiario.net\/portal\/author\/jeanette\/"}]}},"_links":{"self":[{"href":"https:\/\/www.eldiario.net\/portal\/wp-json\/wp\/v2\/posts\/125307","targetHints":{"allow":["GET"]}}],"collection":[{"href":"https:\/\/www.eldiario.net\/portal\/wp-json\/wp\/v2\/posts"}],"about":[{"href":"https:\/\/www.eldiario.net\/portal\/wp-json\/wp\/v2\/types\/post"}],"author":[{"embeddable":true,"href":"https:\/\/www.eldiario.net\/portal\/wp-json\/wp\/v2\/users\/1"}],"replies":[{"embeddable":true,"href":"https:\/\/www.eldiario.net\/portal\/wp-json\/wp\/v2\/comments?post=125307"}],"version-history":[{"count":0,"href":"https:\/\/www.eldiario.net\/portal\/wp-json\/wp\/v2\/posts\/125307\/revisions"}],"wp:attachment":[{"href":"https:\/\/www.eldiario.net\/portal\/wp-json\/wp\/v2\/media?parent=125307"}],"wp:term":[{"taxonomy":"category","embeddable":true,"href":"https:\/\/www.eldiario.net\/portal\/wp-json\/wp\/v2\/categories?post=125307"},{"taxonomy":"post_tag","embeddable":true,"href":"https:\/\/www.eldiario.net\/portal\/wp-json\/wp\/v2\/tags?post=125307"}],"curies":[{"name":"wp","href":"https:\/\/api.w.org\/{rel}","templated":true}]}}