{"id":125302,"date":"2022-12-02T05:43:46","date_gmt":"2022-12-02T09:43:46","guid":{"rendered":"https:\/\/www.eldiario.net\/portal\/?p=125302"},"modified":"2022-12-02T05:43:46","modified_gmt":"2022-12-02T09:43:46","slug":"el-tren-metropolitano-de-cochabamba","status":"publish","type":"post","link":"https:\/\/www.eldiario.net\/portal\/2022\/12\/02\/el-tren-metropolitano-de-cochabamba\/","title":{"rendered":"El Tren Metropolitano de Cochabamba"},"content":{"rendered":"<p><em><span class=\"dropcap \" style=\"background-color: #ffffff; color: #000000; border-color: #ffffff;\">E<\/span>l primer tren el\u00e9ctrico de Bolivia es el Metropolitano de Cochabamba, recientemente entregado. Su futuro de normalidad y funcionamiento parece incierto por la escasa demanda de los usuarios. A tiempo de inaugurarse este transporte fue gratuito y subieron unas 3.500 personas, quienes disfrutaron de sus condiciones de confort y comodidad, incluidas sus estaciones, sin algo que envidiar a sus pares de otros pa\u00edses. La velocidad que desarrolla es de 45 kil\u00f3metros por hora, pero lo m\u00e1s preocupante es la inversi\u00f3n mayor a los 447 millones de d\u00f3lares por sus l\u00edneas roja, amarilla y verde, funcionando ahora solamente la roja.<\/em><br \/>\n<em>Ante la poca demanda de pasajeros al presente y que no es buen precedente para el futuro, pareciera que no hubo estudios de pre factibilidad del tren metropolitano y si los hubo, no se los tom\u00f3 en cuenta. Nuevamente vuelve al tapete el apresuramiento en tomar decisi\u00f3n para su instalaci\u00f3n, por el empe\u00f1o de Evo Morales de ofrecer obras innovadoras para el medio, mostr\u00e1ndose amigo de la modernidad. Es el mismo caso del telef\u00e9rico que exige fuerte soporte estatal. Ese h\u00e1bito de modernidad de Morales contrasta cuando discursivamente aparece admirador y adicto al Tawantinsuyu, vigente cinco siglos atr\u00e1s. <\/em><br \/>\n<em>No se ha valorado que nuestro gran p\u00fablico prefiere ahorrar unos centavos a viajar c\u00f3modo, libre de apreturas y dem\u00e1s incomodidades. Esta preferencia se ve tambi\u00e9n en La Paz con el PumaKatari y el mismo telef\u00e9rico. Estamos ante el costo del boleto de Bs. 3.50 y el m\u00e1s econ\u00f3mico de Bs. 2 de los minibuses, por lo que \u00e9ste es de mayor demanda, adem\u00e1s el tren el\u00e9ctrico tiene que competir con unas 30 l\u00edneas del segundo. Esta l\u00ednea alberga a 142 empleados, calcul\u00e1ndose el salario mensual de los ejecutivos alrededor de Bs. 20.000 y de los de planta en promedio Bs. 10.000, implicando un costo alto que, al paso que va este transporte, es insostenible. Por todo lo anterior se prev\u00e9 que significar\u00e1 una carga econ\u00f3mica para el Estado a trav\u00e9s del Ministerio de Obras P\u00fablicas, solo en v\u00eda de sostenimiento sin pensar en rentabilidad alguna. A la larga o a la corta, se tendr\u00e1 que pensar en su venta, si hay postores, o trasladarlo a otro departamento. Es un problema que se suma a los muchos del Estado, lo que es muy lamentable.<\/em><\/p>\n","protected":false},"excerpt":{"rendered":"<p>El primer tren el\u00e9ctrico de Bolivia es el Metropolitano de Cochabamba, recientemente entregado. Su futuro de normalidad y funcionamiento parece incierto por la escasa demanda de los usuarios. A tiempo de inaugurarse este transporte fue gratuito y subieron unas 3.500 personas, quienes disfrutaron de sus condiciones de confort y comodidad, incluidas sus estaciones, sin algo [&hellip;]<\/p>\n","protected":false},"author":1,"featured_media":0,"comment_status":"closed","ping_status":"closed","sticky":false,"template":"","format":"standard","meta":{"_acf_changed":false,"footnotes":""},"categories":[4],"tags":[],"class_list":["post-125302","post","type-post","status-publish","format-standard","category-editorial"],"acf":{"antetitulo":""},"yoast_head":"<!-- This site is optimized with the Yoast SEO plugin v28.4 - https:\/\/yoast.com\/product\/yoast-seo-wordpress\/ -->\n<title>El Tren Metropolitano de Cochabamba - El Diario - Bolivia<\/title>\n<meta name=\"robots\" content=\"index, follow, max-snippet:-1, max-image-preview:large, max-video-preview:-1\" \/>\n<link rel=\"canonical\" href=\"https:\/\/www.eldiario.net\/portal\/2022\/12\/02\/el-tren-metropolitano-de-cochabamba\/\" \/>\n<meta property=\"og:locale\" content=\"es_ES\" \/>\n<meta property=\"og:type\" content=\"article\" \/>\n<meta property=\"og:title\" content=\"El Tren Metropolitano de Cochabamba - El Diario - Bolivia\" \/>\n<meta property=\"og:description\" content=\"El primer tren el\u00e9ctrico de Bolivia es el Metropolitano de Cochabamba, recientemente entregado. Su futuro de normalidad y funcionamiento parece incierto por la escasa demanda de los usuarios. A tiempo de inaugurarse este transporte fue gratuito y subieron unas 3.500 personas, quienes disfrutaron de sus condiciones de confort y comodidad, incluidas sus estaciones, sin algo [&hellip;]\" \/>\n<meta property=\"og:url\" content=\"https:\/\/www.eldiario.net\/portal\/2022\/12\/02\/el-tren-metropolitano-de-cochabamba\/\" \/>\n<meta property=\"og:site_name\" content=\"El Diario - Bolivia\" \/>\n<meta property=\"article:publisher\" content=\"https:\/\/www.facebook.com\/eldiario.bolivia\/\" \/>\n<meta property=\"article:published_time\" content=\"2022-12-02T09:43:46+00:00\" \/>\n<meta name=\"author\" content=\"Jeanette\" \/>\n<meta name=\"twitter:card\" content=\"summary_large_image\" \/>\n<meta name=\"twitter:creator\" content=\"@eldiario_net\" \/>\n<meta name=\"twitter:site\" content=\"@eldiario_net\" \/>\n<meta name=\"twitter:label1\" content=\"Escrito por\" \/>\n\t<meta name=\"twitter:data1\" content=\"Jeanette\" \/>\n\t<meta name=\"twitter:label2\" content=\"Tiempo de lectura\" \/>\n\t<meta name=\"twitter:data2\" content=\"2 minutos\" \/>\n<script type=\"application\/ld+json\" class=\"yoast-schema-graph\">{\"@context\":\"https:\\\/\\\/schema.org\",\"@graph\":[{\"@type\":\"Article\",\"@id\":\"https:\\\/\\\/www.eldiario.net\\\/portal\\\/2022\\\/12\\\/02\\\/el-tren-metropolitano-de-cochabamba\\\/#article\",\"isPartOf\":{\"@id\":\"https:\\\/\\\/www.eldiario.net\\\/portal\\\/2022\\\/12\\\/02\\\/el-tren-metropolitano-de-cochabamba\\\/\"},\"author\":{\"name\":\"Jeanette\",\"@id\":\"https:\\\/\\\/www.eldiario.net\\\/portal\\\/#\\\/schema\\\/person\\\/2c57cf2b7a7ae032e449e4c9b1019eac\"},\"headline\":\"El Tren Metropolitano de Cochabamba\",\"datePublished\":\"2022-12-02T09:43:46+00:00\",\"mainEntityOfPage\":{\"@id\":\"https:\\\/\\\/www.eldiario.net\\\/portal\\\/2022\\\/12\\\/02\\\/el-tren-metropolitano-de-cochabamba\\\/\"},\"wordCount\":407,\"publisher\":{\"@id\":\"https:\\\/\\\/www.eldiario.net\\\/portal\\\/#organization\"},\"articleSection\":[\"Editorial\"],\"inLanguage\":\"es\"},{\"@type\":\"WebPage\",\"@id\":\"https:\\\/\\\/www.eldiario.net\\\/portal\\\/2022\\\/12\\\/02\\\/el-tren-metropolitano-de-cochabamba\\\/\",\"url\":\"https:\\\/\\\/www.eldiario.net\\\/portal\\\/2022\\\/12\\\/02\\\/el-tren-metropolitano-de-cochabamba\\\/\",\"name\":\"El Tren Metropolitano de Cochabamba - El Diario - Bolivia\",\"isPartOf\":{\"@id\":\"https:\\\/\\\/www.eldiario.net\\\/portal\\\/#website\"},\"datePublished\":\"2022-12-02T09:43:46+00:00\",\"breadcrumb\":{\"@id\":\"https:\\\/\\\/www.eldiario.net\\\/portal\\\/2022\\\/12\\\/02\\\/el-tren-metropolitano-de-cochabamba\\\/#breadcrumb\"},\"inLanguage\":\"es\",\"potentialAction\":[{\"@type\":\"ReadAction\",\"target\":[\"https:\\\/\\\/www.eldiario.net\\\/portal\\\/2022\\\/12\\\/02\\\/el-tren-metropolitano-de-cochabamba\\\/\"]}]},{\"@type\":\"BreadcrumbList\",\"@id\":\"https:\\\/\\\/www.eldiario.net\\\/portal\\\/2022\\\/12\\\/02\\\/el-tren-metropolitano-de-cochabamba\\\/#breadcrumb\",\"itemListElement\":[{\"@type\":\"ListItem\",\"position\":1,\"name\":\"Portada\",\"item\":\"https:\\\/\\\/www.eldiario.net\\\/portal\\\/\"},{\"@type\":\"ListItem\",\"position\":2,\"name\":\"El Tren Metropolitano de Cochabamba\"}]},{\"@type\":\"WebSite\",\"@id\":\"https:\\\/\\\/www.eldiario.net\\\/portal\\\/#website\",\"url\":\"https:\\\/\\\/www.eldiario.net\\\/portal\\\/\",\"name\":\"El Diario - Decano de la prensa nacional\",\"description\":\"El Diario - Decano de la prensa nacional\",\"publisher\":{\"@id\":\"https:\\\/\\\/www.eldiario.net\\\/portal\\\/#organization\"},\"potentialAction\":[{\"@type\":\"SearchAction\",\"target\":{\"@type\":\"EntryPoint\",\"urlTemplate\":\"https:\\\/\\\/www.eldiario.net\\\/portal\\\/?s={search_term_string}\"},\"query-input\":{\"@type\":\"PropertyValueSpecification\",\"valueRequired\":true,\"valueName\":\"search_term_string\"}}],\"inLanguage\":\"es\"},{\"@type\":\"Organization\",\"@id\":\"https:\\\/\\\/www.eldiario.net\\\/portal\\\/#organization\",\"name\":\"El Diario - Decano de la prensa nacional\",\"url\":\"https:\\\/\\\/www.eldiario.net\\\/portal\\\/\",\"logo\":{\"@type\":\"ImageObject\",\"inLanguage\":\"es\",\"@id\":\"https:\\\/\\\/www.eldiario.net\\\/portal\\\/#\\\/schema\\\/logo\\\/image\\\/\",\"url\":\"https:\\\/\\\/www.eldiario.net\\\/portal\\\/wp-content\\\/uploads\\\/2023\\\/07\\\/logo_ED.jpg\",\"contentUrl\":\"https:\\\/\\\/www.eldiario.net\\\/portal\\\/wp-content\\\/uploads\\\/2023\\\/07\\\/logo_ED.jpg\",\"width\":272,\"height\":52,\"caption\":\"El Diario - Decano de la prensa nacional\"},\"image\":{\"@id\":\"https:\\\/\\\/www.eldiario.net\\\/portal\\\/#\\\/schema\\\/logo\\\/image\\\/\"},\"sameAs\":[\"https:\\\/\\\/www.facebook.com\\\/eldiario.bolivia\\\/\",\"https:\\\/\\\/x.com\\\/eldiario_net\"]},{\"@type\":\"Person\",\"@id\":\"https:\\\/\\\/www.eldiario.net\\\/portal\\\/#\\\/schema\\\/person\\\/2c57cf2b7a7ae032e449e4c9b1019eac\",\"name\":\"Jeanette\",\"image\":{\"@type\":\"ImageObject\",\"inLanguage\":\"es\",\"@id\":\"https:\\\/\\\/secure.gravatar.com\\\/avatar\\\/3ea2118a5f7dad2b7138b1187a6b7ee55f160b9968b66013c3a3ef39dd7e5798?s=96&d=mm&r=g\",\"url\":\"https:\\\/\\\/secure.gravatar.com\\\/avatar\\\/3ea2118a5f7dad2b7138b1187a6b7ee55f160b9968b66013c3a3ef39dd7e5798?s=96&d=mm&r=g\",\"contentUrl\":\"https:\\\/\\\/secure.gravatar.com\\\/avatar\\\/3ea2118a5f7dad2b7138b1187a6b7ee55f160b9968b66013c3a3ef39dd7e5798?s=96&d=mm&r=g\",\"caption\":\"Jeanette\"},\"sameAs\":[\"https:\\\/\\\/www.eldiario.net\\\/portal\"],\"url\":\"https:\\\/\\\/www.eldiario.net\\\/portal\\\/author\\\/jeanette\\\/\"}]}<\/script>\n<!-- \/ Yoast SEO plugin. -->","yoast_head_json":{"title":"El Tren Metropolitano de Cochabamba - El Diario - Bolivia","robots":{"index":"index","follow":"follow","max-snippet":"max-snippet:-1","max-image-preview":"max-image-preview:large","max-video-preview":"max-video-preview:-1"},"canonical":"https:\/\/www.eldiario.net\/portal\/2022\/12\/02\/el-tren-metropolitano-de-cochabamba\/","og_locale":"es_ES","og_type":"article","og_title":"El Tren Metropolitano de Cochabamba - El Diario - Bolivia","og_description":"El primer tren el\u00e9ctrico de Bolivia es el Metropolitano de Cochabamba, recientemente entregado. Su futuro de normalidad y funcionamiento parece incierto por la escasa demanda de los usuarios. A tiempo de inaugurarse este transporte fue gratuito y subieron unas 3.500 personas, quienes disfrutaron de sus condiciones de confort y comodidad, incluidas sus estaciones, sin algo [&hellip;]","og_url":"https:\/\/www.eldiario.net\/portal\/2022\/12\/02\/el-tren-metropolitano-de-cochabamba\/","og_site_name":"El Diario - Bolivia","article_publisher":"https:\/\/www.facebook.com\/eldiario.bolivia\/","article_published_time":"2022-12-02T09:43:46+00:00","author":"Jeanette","twitter_card":"summary_large_image","twitter_creator":"@eldiario_net","twitter_site":"@eldiario_net","twitter_misc":{"Escrito por":"Jeanette","Tiempo de lectura":"2 minutos"},"schema":{"@context":"https:\/\/schema.org","@graph":[{"@type":"Article","@id":"https:\/\/www.eldiario.net\/portal\/2022\/12\/02\/el-tren-metropolitano-de-cochabamba\/#article","isPartOf":{"@id":"https:\/\/www.eldiario.net\/portal\/2022\/12\/02\/el-tren-metropolitano-de-cochabamba\/"},"author":{"name":"Jeanette","@id":"https:\/\/www.eldiario.net\/portal\/#\/schema\/person\/2c57cf2b7a7ae032e449e4c9b1019eac"},"headline":"El Tren Metropolitano de Cochabamba","datePublished":"2022-12-02T09:43:46+00:00","mainEntityOfPage":{"@id":"https:\/\/www.eldiario.net\/portal\/2022\/12\/02\/el-tren-metropolitano-de-cochabamba\/"},"wordCount":407,"publisher":{"@id":"https:\/\/www.eldiario.net\/portal\/#organization"},"articleSection":["Editorial"],"inLanguage":"es"},{"@type":"WebPage","@id":"https:\/\/www.eldiario.net\/portal\/2022\/12\/02\/el-tren-metropolitano-de-cochabamba\/","url":"https:\/\/www.eldiario.net\/portal\/2022\/12\/02\/el-tren-metropolitano-de-cochabamba\/","name":"El Tren Metropolitano de Cochabamba - El Diario - Bolivia","isPartOf":{"@id":"https:\/\/www.eldiario.net\/portal\/#website"},"datePublished":"2022-12-02T09:43:46+00:00","breadcrumb":{"@id":"https:\/\/www.eldiario.net\/portal\/2022\/12\/02\/el-tren-metropolitano-de-cochabamba\/#breadcrumb"},"inLanguage":"es","potentialAction":[{"@type":"ReadAction","target":["https:\/\/www.eldiario.net\/portal\/2022\/12\/02\/el-tren-metropolitano-de-cochabamba\/"]}]},{"@type":"BreadcrumbList","@id":"https:\/\/www.eldiario.net\/portal\/2022\/12\/02\/el-tren-metropolitano-de-cochabamba\/#breadcrumb","itemListElement":[{"@type":"ListItem","position":1,"name":"Portada","item":"https:\/\/www.eldiario.net\/portal\/"},{"@type":"ListItem","position":2,"name":"El Tren Metropolitano de Cochabamba"}]},{"@type":"WebSite","@id":"https:\/\/www.eldiario.net\/portal\/#website","url":"https:\/\/www.eldiario.net\/portal\/","name":"El Diario - Decano de la prensa nacional","description":"El Diario - Decano de la prensa nacional","publisher":{"@id":"https:\/\/www.eldiario.net\/portal\/#organization"},"potentialAction":[{"@type":"SearchAction","target":{"@type":"EntryPoint","urlTemplate":"https:\/\/www.eldiario.net\/portal\/?s={search_term_string}"},"query-input":{"@type":"PropertyValueSpecification","valueRequired":true,"valueName":"search_term_string"}}],"inLanguage":"es"},{"@type":"Organization","@id":"https:\/\/www.eldiario.net\/portal\/#organization","name":"El Diario - Decano de la prensa nacional","url":"https:\/\/www.eldiario.net\/portal\/","logo":{"@type":"ImageObject","inLanguage":"es","@id":"https:\/\/www.eldiario.net\/portal\/#\/schema\/logo\/image\/","url":"https:\/\/www.eldiario.net\/portal\/wp-content\/uploads\/2023\/07\/logo_ED.jpg","contentUrl":"https:\/\/www.eldiario.net\/portal\/wp-content\/uploads\/2023\/07\/logo_ED.jpg","width":272,"height":52,"caption":"El Diario - Decano de la prensa nacional"},"image":{"@id":"https:\/\/www.eldiario.net\/portal\/#\/schema\/logo\/image\/"},"sameAs":["https:\/\/www.facebook.com\/eldiario.bolivia\/","https:\/\/x.com\/eldiario_net"]},{"@type":"Person","@id":"https:\/\/www.eldiario.net\/portal\/#\/schema\/person\/2c57cf2b7a7ae032e449e4c9b1019eac","name":"Jeanette","image":{"@type":"ImageObject","inLanguage":"es","@id":"https:\/\/secure.gravatar.com\/avatar\/3ea2118a5f7dad2b7138b1187a6b7ee55f160b9968b66013c3a3ef39dd7e5798?s=96&d=mm&r=g","url":"https:\/\/secure.gravatar.com\/avatar\/3ea2118a5f7dad2b7138b1187a6b7ee55f160b9968b66013c3a3ef39dd7e5798?s=96&d=mm&r=g","contentUrl":"https:\/\/secure.gravatar.com\/avatar\/3ea2118a5f7dad2b7138b1187a6b7ee55f160b9968b66013c3a3ef39dd7e5798?s=96&d=mm&r=g","caption":"Jeanette"},"sameAs":["https:\/\/www.eldiario.net\/portal"],"url":"https:\/\/www.eldiario.net\/portal\/author\/jeanette\/"}]}},"_links":{"self":[{"href":"https:\/\/www.eldiario.net\/portal\/wp-json\/wp\/v2\/posts\/125302","targetHints":{"allow":["GET"]}}],"collection":[{"href":"https:\/\/www.eldiario.net\/portal\/wp-json\/wp\/v2\/posts"}],"about":[{"href":"https:\/\/www.eldiario.net\/portal\/wp-json\/wp\/v2\/types\/post"}],"author":[{"embeddable":true,"href":"https:\/\/www.eldiario.net\/portal\/wp-json\/wp\/v2\/users\/1"}],"replies":[{"embeddable":true,"href":"https:\/\/www.eldiario.net\/portal\/wp-json\/wp\/v2\/comments?post=125302"}],"version-history":[{"count":0,"href":"https:\/\/www.eldiario.net\/portal\/wp-json\/wp\/v2\/posts\/125302\/revisions"}],"wp:attachment":[{"href":"https:\/\/www.eldiario.net\/portal\/wp-json\/wp\/v2\/media?parent=125302"}],"wp:term":[{"taxonomy":"category","embeddable":true,"href":"https:\/\/www.eldiario.net\/portal\/wp-json\/wp\/v2\/categories?post=125302"},{"taxonomy":"post_tag","embeddable":true,"href":"https:\/\/www.eldiario.net\/portal\/wp-json\/wp\/v2\/tags?post=125302"}],"curies":[{"name":"wp","href":"https:\/\/api.w.org\/{rel}","templated":true}]}}