{"id":125298,"date":"2022-12-02T05:43:22","date_gmt":"2022-12-02T09:43:22","guid":{"rendered":"https:\/\/www.eldiario.net\/portal\/?p=125298"},"modified":"2022-12-02T05:43:22","modified_gmt":"2022-12-02T09:43:22","slug":"uruguay-solicita-ingreso-al-acuerdo-transpacifico","status":"publish","type":"post","link":"https:\/\/www.eldiario.net\/portal\/2022\/12\/02\/uruguay-solicita-ingreso-al-acuerdo-transpacifico\/","title":{"rendered":"Uruguay solicita ingreso al Acuerdo Transpac\u00edfico"},"content":{"rendered":"<p>Uruguay present\u00f3 formalmente la solicitud de ingreso al Acuerdo Amplio y Progresista de Asociaci\u00f3n Transpac\u00edfico (CPTPP), integrado por 11 pa\u00edses de Asia y Am\u00e9rica, entre ellos Chile y Per\u00fa.<br \/>\nFue el canciller uruguayo, Francisco Bustillo, que entreg\u00f3 el documento al ministro de Comercio y Crecimiento de las Exportaciones y responsable de Industrias Primarias de Nueva Zelanda, Damien O\u00b4Connor, durante su gira por Ocean\u00eda. En el encuentro tambi\u00e9n conversaron, entre otros asuntos, sobre los pasos a seguir para que la solicitud tenga el visto bueno de los integrantes del acuerdo.<br \/>\nEl presidente uruguayo Luis Lacalle Pou, por su parte, dedic\u00f3 un posteo en sus redes sociales a la solicitud: \u00abEl ministro de RREE, Francisco Bustillo, acaba de presentar formalmente en Nueva Zelanda la solicitud de ingreso al CPTPP. M\u00e1s oportunidades para nuestro pa\u00eds y nuestra gente. Un Uruguay abierto al mundo. Confiamos en los uruguayos y todo su potencial\u00bb.<br \/>\nEl \u00e1rea de libre comercio a la que Uruguay quiere integrarse tiene como socios Australia, Brunei, Canad\u00e1, Chile, Jap\u00f3n, Malasia, M\u00e9xico, Nueva Zelanda, Per\u00fa, Singapur y Vietnam.<br \/>\nMALESTAR EN SOCIOS<br \/>\nDEL MERCOSUR<br \/>\nLa solicitud fue formalizada tan solo horas luego de que Argentina, Brasil y Paraguay socios de Uruguay en el Mercosur se manifestaran al respecto se\u00f1alando que se reservan el derecho de adoptar las eventuales medidas que juzguen necesarias para defender sus intereses en los \u00e1mbitos jur\u00eddico y comercial.<br \/>\nLos coordinadores nacionales de Argentina, Brasil y Paraguay ante el Grupo Mercado Com\u00fan del Mercosur expusieron en un comunicado dirigido a Uruguay su posici\u00f3n respecto a las acciones del gobierno uruguayo con miras a la negociaci\u00f3n individual de acuerdos comerciales con dimensi\u00f3n arancelaria.<br \/>\nLa advertencia surge con base en la normativa del Mercosur que establece a cada pa\u00eds integrante la obligaci\u00f3n de que a la hora de querer negociar acuerdos de libre comercio con otros pa\u00edses, se haga en conjunto con el resto de los socios y vetan las negociaciones individuales.<br \/>\nSin embargo, la interpretaci\u00f3n del acuerdo hecha por el gobierno de turno uruguayo es diferente y sostiene que avanzar en acuerdos por fuera del bloque es legal, algo sostenido por el oficialismo desde que comenzaron las negociaciones con para avanzar hacia un posible tratado de libre comercio (TLC) con China.<br \/>\nLacalle Pou manifest\u00f3 que el gobierno se siente en todo su derecho de avanzar en el ingreso al CPTPP y que, a pesar de las advertencias de sus socios, colaboran en ese sentido el derecho internacional y los hechos recientes de decisiones que no son tomadas por consenso. Para ejemplificar este punto mencion\u00f3 la primera bajada de aranceles acordada entre Brasil y Argentina.<br \/>\nLas divergencias en el Mercosur se producen a tan solo seis d\u00edas de la cumbre que tendr\u00e1n los presidentes de los cuatro pa\u00edses en Montevideo y en la que Uruguay le trasmitir\u00e1 la presidencia protempore del bloque a Argentina. (Infobae).<\/p>\n","protected":false},"excerpt":{"rendered":"<p>Uruguay present\u00f3 formalmente la solicitud de ingreso al Acuerdo Amplio y Progresista de Asociaci\u00f3n Transpac\u00edfico (CPTPP), integrado por 11 pa\u00edses de Asia y Am\u00e9rica, entre ellos Chile y Per\u00fa. Fue el canciller uruguayo, Francisco Bustillo, que entreg\u00f3 el documento al ministro de Comercio y Crecimiento de las Exportaciones y responsable de Industrias Primarias de Nueva [&hellip;]<\/p>\n","protected":false},"author":1,"featured_media":125299,"comment_status":"closed","ping_status":"closed","sticky":false,"template":"","format":"standard","meta":{"_acf_changed":false,"footnotes":""},"categories":[3],"tags":[],"class_list":["post-125298","post","type-post","status-publish","format-standard","has-post-thumbnail","category-internacional"],"acf":{"antetitulo":""},"yoast_head":"<!-- This site is optimized with the Yoast SEO plugin v28.4 - https:\/\/yoast.com\/product\/yoast-seo-wordpress\/ -->\n<title>Uruguay solicita ingreso al Acuerdo Transpac\u00edfico - El Diario - Bolivia<\/title>\n<meta name=\"robots\" content=\"index, follow, max-snippet:-1, max-image-preview:large, max-video-preview:-1\" \/>\n<link rel=\"canonical\" href=\"https:\/\/www.eldiario.net\/portal\/2022\/12\/02\/uruguay-solicita-ingreso-al-acuerdo-transpacifico\/\" \/>\n<meta property=\"og:locale\" content=\"es_ES\" \/>\n<meta property=\"og:type\" content=\"article\" \/>\n<meta property=\"og:title\" content=\"Uruguay solicita ingreso al Acuerdo Transpac\u00edfico - El Diario - Bolivia\" \/>\n<meta property=\"og:description\" content=\"Uruguay present\u00f3 formalmente la solicitud de ingreso al Acuerdo Amplio y Progresista de Asociaci\u00f3n Transpac\u00edfico (CPTPP), integrado por 11 pa\u00edses de Asia y Am\u00e9rica, entre ellos Chile y Per\u00fa. Fue el canciller uruguayo, Francisco Bustillo, que entreg\u00f3 el documento al ministro de Comercio y Crecimiento de las Exportaciones y responsable de Industrias Primarias de Nueva [&hellip;]\" \/>\n<meta property=\"og:url\" content=\"https:\/\/www.eldiario.net\/portal\/2022\/12\/02\/uruguay-solicita-ingreso-al-acuerdo-transpacifico\/\" \/>\n<meta property=\"og:site_name\" content=\"El Diario - Bolivia\" \/>\n<meta property=\"article:publisher\" content=\"https:\/\/www.facebook.com\/eldiario.bolivia\/\" \/>\n<meta property=\"article:published_time\" content=\"2022-12-02T09:43:22+00:00\" \/>\n<meta name=\"author\" content=\"Jeanette\" \/>\n<meta name=\"twitter:card\" content=\"summary_large_image\" \/>\n<meta name=\"twitter:creator\" content=\"@eldiario_net\" \/>\n<meta name=\"twitter:site\" content=\"@eldiario_net\" \/>\n<meta name=\"twitter:label1\" content=\"Escrito por\" \/>\n\t<meta name=\"twitter:data1\" content=\"Jeanette\" \/>\n\t<meta name=\"twitter:label2\" content=\"Tiempo de lectura\" \/>\n\t<meta name=\"twitter:data2\" content=\"3 minutos\" \/>\n<script type=\"application\/ld+json\" class=\"yoast-schema-graph\">{\"@context\":\"https:\\\/\\\/schema.org\",\"@graph\":[{\"@type\":\"Article\",\"@id\":\"https:\\\/\\\/www.eldiario.net\\\/portal\\\/2022\\\/12\\\/02\\\/uruguay-solicita-ingreso-al-acuerdo-transpacifico\\\/#article\",\"isPartOf\":{\"@id\":\"https:\\\/\\\/www.eldiario.net\\\/portal\\\/2022\\\/12\\\/02\\\/uruguay-solicita-ingreso-al-acuerdo-transpacifico\\\/\"},\"author\":{\"name\":\"Jeanette\",\"@id\":\"https:\\\/\\\/www.eldiario.net\\\/portal\\\/#\\\/schema\\\/person\\\/2c57cf2b7a7ae032e449e4c9b1019eac\"},\"headline\":\"Uruguay solicita ingreso al Acuerdo Transpac\u00edfico\",\"datePublished\":\"2022-12-02T09:43:22+00:00\",\"mainEntityOfPage\":{\"@id\":\"https:\\\/\\\/www.eldiario.net\\\/portal\\\/2022\\\/12\\\/02\\\/uruguay-solicita-ingreso-al-acuerdo-transpacifico\\\/\"},\"wordCount\":502,\"publisher\":{\"@id\":\"https:\\\/\\\/www.eldiario.net\\\/portal\\\/#organization\"},\"image\":{\"@id\":\"https:\\\/\\\/www.eldiario.net\\\/portal\\\/2022\\\/12\\\/02\\\/uruguay-solicita-ingreso-al-acuerdo-transpacifico\\\/#primaryimage\"},\"thumbnailUrl\":\"\",\"articleSection\":[\"Internacional\"],\"inLanguage\":\"es\"},{\"@type\":\"WebPage\",\"@id\":\"https:\\\/\\\/www.eldiario.net\\\/portal\\\/2022\\\/12\\\/02\\\/uruguay-solicita-ingreso-al-acuerdo-transpacifico\\\/\",\"url\":\"https:\\\/\\\/www.eldiario.net\\\/portal\\\/2022\\\/12\\\/02\\\/uruguay-solicita-ingreso-al-acuerdo-transpacifico\\\/\",\"name\":\"Uruguay solicita ingreso al Acuerdo Transpac\u00edfico - El Diario - Bolivia\",\"isPartOf\":{\"@id\":\"https:\\\/\\\/www.eldiario.net\\\/portal\\\/#website\"},\"primaryImageOfPage\":{\"@id\":\"https:\\\/\\\/www.eldiario.net\\\/portal\\\/2022\\\/12\\\/02\\\/uruguay-solicita-ingreso-al-acuerdo-transpacifico\\\/#primaryimage\"},\"image\":{\"@id\":\"https:\\\/\\\/www.eldiario.net\\\/portal\\\/2022\\\/12\\\/02\\\/uruguay-solicita-ingreso-al-acuerdo-transpacifico\\\/#primaryimage\"},\"thumbnailUrl\":\"\",\"datePublished\":\"2022-12-02T09:43:22+00:00\",\"breadcrumb\":{\"@id\":\"https:\\\/\\\/www.eldiario.net\\\/portal\\\/2022\\\/12\\\/02\\\/uruguay-solicita-ingreso-al-acuerdo-transpacifico\\\/#breadcrumb\"},\"inLanguage\":\"es\",\"potentialAction\":[{\"@type\":\"ReadAction\",\"target\":[\"https:\\\/\\\/www.eldiario.net\\\/portal\\\/2022\\\/12\\\/02\\\/uruguay-solicita-ingreso-al-acuerdo-transpacifico\\\/\"]}]},{\"@type\":\"ImageObject\",\"inLanguage\":\"es\",\"@id\":\"https:\\\/\\\/www.eldiario.net\\\/portal\\\/2022\\\/12\\\/02\\\/uruguay-solicita-ingreso-al-acuerdo-transpacifico\\\/#primaryimage\",\"url\":\"\",\"contentUrl\":\"\"},{\"@type\":\"BreadcrumbList\",\"@id\":\"https:\\\/\\\/www.eldiario.net\\\/portal\\\/2022\\\/12\\\/02\\\/uruguay-solicita-ingreso-al-acuerdo-transpacifico\\\/#breadcrumb\",\"itemListElement\":[{\"@type\":\"ListItem\",\"position\":1,\"name\":\"Portada\",\"item\":\"https:\\\/\\\/www.eldiario.net\\\/portal\\\/\"},{\"@type\":\"ListItem\",\"position\":2,\"name\":\"Uruguay solicita ingreso al Acuerdo Transpac\u00edfico\"}]},{\"@type\":\"WebSite\",\"@id\":\"https:\\\/\\\/www.eldiario.net\\\/portal\\\/#website\",\"url\":\"https:\\\/\\\/www.eldiario.net\\\/portal\\\/\",\"name\":\"El Diario - Decano de la prensa nacional\",\"description\":\"El Diario - Decano de la prensa nacional\",\"publisher\":{\"@id\":\"https:\\\/\\\/www.eldiario.net\\\/portal\\\/#organization\"},\"potentialAction\":[{\"@type\":\"SearchAction\",\"target\":{\"@type\":\"EntryPoint\",\"urlTemplate\":\"https:\\\/\\\/www.eldiario.net\\\/portal\\\/?s={search_term_string}\"},\"query-input\":{\"@type\":\"PropertyValueSpecification\",\"valueRequired\":true,\"valueName\":\"search_term_string\"}}],\"inLanguage\":\"es\"},{\"@type\":\"Organization\",\"@id\":\"https:\\\/\\\/www.eldiario.net\\\/portal\\\/#organization\",\"name\":\"El Diario - Decano de la prensa nacional\",\"url\":\"https:\\\/\\\/www.eldiario.net\\\/portal\\\/\",\"logo\":{\"@type\":\"ImageObject\",\"inLanguage\":\"es\",\"@id\":\"https:\\\/\\\/www.eldiario.net\\\/portal\\\/#\\\/schema\\\/logo\\\/image\\\/\",\"url\":\"https:\\\/\\\/www.eldiario.net\\\/portal\\\/wp-content\\\/uploads\\\/2023\\\/07\\\/logo_ED.jpg\",\"contentUrl\":\"https:\\\/\\\/www.eldiario.net\\\/portal\\\/wp-content\\\/uploads\\\/2023\\\/07\\\/logo_ED.jpg\",\"width\":272,\"height\":52,\"caption\":\"El Diario - Decano de la prensa nacional\"},\"image\":{\"@id\":\"https:\\\/\\\/www.eldiario.net\\\/portal\\\/#\\\/schema\\\/logo\\\/image\\\/\"},\"sameAs\":[\"https:\\\/\\\/www.facebook.com\\\/eldiario.bolivia\\\/\",\"https:\\\/\\\/x.com\\\/eldiario_net\"]},{\"@type\":\"Person\",\"@id\":\"https:\\\/\\\/www.eldiario.net\\\/portal\\\/#\\\/schema\\\/person\\\/2c57cf2b7a7ae032e449e4c9b1019eac\",\"name\":\"Jeanette\",\"image\":{\"@type\":\"ImageObject\",\"inLanguage\":\"es\",\"@id\":\"https:\\\/\\\/secure.gravatar.com\\\/avatar\\\/3ea2118a5f7dad2b7138b1187a6b7ee55f160b9968b66013c3a3ef39dd7e5798?s=96&d=mm&r=g\",\"url\":\"https:\\\/\\\/secure.gravatar.com\\\/avatar\\\/3ea2118a5f7dad2b7138b1187a6b7ee55f160b9968b66013c3a3ef39dd7e5798?s=96&d=mm&r=g\",\"contentUrl\":\"https:\\\/\\\/secure.gravatar.com\\\/avatar\\\/3ea2118a5f7dad2b7138b1187a6b7ee55f160b9968b66013c3a3ef39dd7e5798?s=96&d=mm&r=g\",\"caption\":\"Jeanette\"},\"sameAs\":[\"https:\\\/\\\/www.eldiario.net\\\/portal\"],\"url\":\"https:\\\/\\\/www.eldiario.net\\\/portal\\\/author\\\/jeanette\\\/\"}]}<\/script>\n<!-- \/ Yoast SEO plugin. -->","yoast_head_json":{"title":"Uruguay solicita ingreso al Acuerdo Transpac\u00edfico - El Diario - Bolivia","robots":{"index":"index","follow":"follow","max-snippet":"max-snippet:-1","max-image-preview":"max-image-preview:large","max-video-preview":"max-video-preview:-1"},"canonical":"https:\/\/www.eldiario.net\/portal\/2022\/12\/02\/uruguay-solicita-ingreso-al-acuerdo-transpacifico\/","og_locale":"es_ES","og_type":"article","og_title":"Uruguay solicita ingreso al Acuerdo Transpac\u00edfico - El Diario - Bolivia","og_description":"Uruguay present\u00f3 formalmente la solicitud de ingreso al Acuerdo Amplio y Progresista de Asociaci\u00f3n Transpac\u00edfico (CPTPP), integrado por 11 pa\u00edses de Asia y Am\u00e9rica, entre ellos Chile y Per\u00fa. Fue el canciller uruguayo, Francisco Bustillo, que entreg\u00f3 el documento al ministro de Comercio y Crecimiento de las Exportaciones y responsable de Industrias Primarias de Nueva [&hellip;]","og_url":"https:\/\/www.eldiario.net\/portal\/2022\/12\/02\/uruguay-solicita-ingreso-al-acuerdo-transpacifico\/","og_site_name":"El Diario - Bolivia","article_publisher":"https:\/\/www.facebook.com\/eldiario.bolivia\/","article_published_time":"2022-12-02T09:43:22+00:00","author":"Jeanette","twitter_card":"summary_large_image","twitter_creator":"@eldiario_net","twitter_site":"@eldiario_net","twitter_misc":{"Escrito por":"Jeanette","Tiempo de lectura":"3 minutos"},"schema":{"@context":"https:\/\/schema.org","@graph":[{"@type":"Article","@id":"https:\/\/www.eldiario.net\/portal\/2022\/12\/02\/uruguay-solicita-ingreso-al-acuerdo-transpacifico\/#article","isPartOf":{"@id":"https:\/\/www.eldiario.net\/portal\/2022\/12\/02\/uruguay-solicita-ingreso-al-acuerdo-transpacifico\/"},"author":{"name":"Jeanette","@id":"https:\/\/www.eldiario.net\/portal\/#\/schema\/person\/2c57cf2b7a7ae032e449e4c9b1019eac"},"headline":"Uruguay solicita ingreso al Acuerdo Transpac\u00edfico","datePublished":"2022-12-02T09:43:22+00:00","mainEntityOfPage":{"@id":"https:\/\/www.eldiario.net\/portal\/2022\/12\/02\/uruguay-solicita-ingreso-al-acuerdo-transpacifico\/"},"wordCount":502,"publisher":{"@id":"https:\/\/www.eldiario.net\/portal\/#organization"},"image":{"@id":"https:\/\/www.eldiario.net\/portal\/2022\/12\/02\/uruguay-solicita-ingreso-al-acuerdo-transpacifico\/#primaryimage"},"thumbnailUrl":"","articleSection":["Internacional"],"inLanguage":"es"},{"@type":"WebPage","@id":"https:\/\/www.eldiario.net\/portal\/2022\/12\/02\/uruguay-solicita-ingreso-al-acuerdo-transpacifico\/","url":"https:\/\/www.eldiario.net\/portal\/2022\/12\/02\/uruguay-solicita-ingreso-al-acuerdo-transpacifico\/","name":"Uruguay solicita ingreso al Acuerdo Transpac\u00edfico - El Diario - Bolivia","isPartOf":{"@id":"https:\/\/www.eldiario.net\/portal\/#website"},"primaryImageOfPage":{"@id":"https:\/\/www.eldiario.net\/portal\/2022\/12\/02\/uruguay-solicita-ingreso-al-acuerdo-transpacifico\/#primaryimage"},"image":{"@id":"https:\/\/www.eldiario.net\/portal\/2022\/12\/02\/uruguay-solicita-ingreso-al-acuerdo-transpacifico\/#primaryimage"},"thumbnailUrl":"","datePublished":"2022-12-02T09:43:22+00:00","breadcrumb":{"@id":"https:\/\/www.eldiario.net\/portal\/2022\/12\/02\/uruguay-solicita-ingreso-al-acuerdo-transpacifico\/#breadcrumb"},"inLanguage":"es","potentialAction":[{"@type":"ReadAction","target":["https:\/\/www.eldiario.net\/portal\/2022\/12\/02\/uruguay-solicita-ingreso-al-acuerdo-transpacifico\/"]}]},{"@type":"ImageObject","inLanguage":"es","@id":"https:\/\/www.eldiario.net\/portal\/2022\/12\/02\/uruguay-solicita-ingreso-al-acuerdo-transpacifico\/#primaryimage","url":"","contentUrl":""},{"@type":"BreadcrumbList","@id":"https:\/\/www.eldiario.net\/portal\/2022\/12\/02\/uruguay-solicita-ingreso-al-acuerdo-transpacifico\/#breadcrumb","itemListElement":[{"@type":"ListItem","position":1,"name":"Portada","item":"https:\/\/www.eldiario.net\/portal\/"},{"@type":"ListItem","position":2,"name":"Uruguay solicita ingreso al Acuerdo Transpac\u00edfico"}]},{"@type":"WebSite","@id":"https:\/\/www.eldiario.net\/portal\/#website","url":"https:\/\/www.eldiario.net\/portal\/","name":"El Diario - Decano de la prensa nacional","description":"El Diario - Decano de la prensa nacional","publisher":{"@id":"https:\/\/www.eldiario.net\/portal\/#organization"},"potentialAction":[{"@type":"SearchAction","target":{"@type":"EntryPoint","urlTemplate":"https:\/\/www.eldiario.net\/portal\/?s={search_term_string}"},"query-input":{"@type":"PropertyValueSpecification","valueRequired":true,"valueName":"search_term_string"}}],"inLanguage":"es"},{"@type":"Organization","@id":"https:\/\/www.eldiario.net\/portal\/#organization","name":"El Diario - Decano de la prensa nacional","url":"https:\/\/www.eldiario.net\/portal\/","logo":{"@type":"ImageObject","inLanguage":"es","@id":"https:\/\/www.eldiario.net\/portal\/#\/schema\/logo\/image\/","url":"https:\/\/www.eldiario.net\/portal\/wp-content\/uploads\/2023\/07\/logo_ED.jpg","contentUrl":"https:\/\/www.eldiario.net\/portal\/wp-content\/uploads\/2023\/07\/logo_ED.jpg","width":272,"height":52,"caption":"El Diario - Decano de la prensa nacional"},"image":{"@id":"https:\/\/www.eldiario.net\/portal\/#\/schema\/logo\/image\/"},"sameAs":["https:\/\/www.facebook.com\/eldiario.bolivia\/","https:\/\/x.com\/eldiario_net"]},{"@type":"Person","@id":"https:\/\/www.eldiario.net\/portal\/#\/schema\/person\/2c57cf2b7a7ae032e449e4c9b1019eac","name":"Jeanette","image":{"@type":"ImageObject","inLanguage":"es","@id":"https:\/\/secure.gravatar.com\/avatar\/3ea2118a5f7dad2b7138b1187a6b7ee55f160b9968b66013c3a3ef39dd7e5798?s=96&d=mm&r=g","url":"https:\/\/secure.gravatar.com\/avatar\/3ea2118a5f7dad2b7138b1187a6b7ee55f160b9968b66013c3a3ef39dd7e5798?s=96&d=mm&r=g","contentUrl":"https:\/\/secure.gravatar.com\/avatar\/3ea2118a5f7dad2b7138b1187a6b7ee55f160b9968b66013c3a3ef39dd7e5798?s=96&d=mm&r=g","caption":"Jeanette"},"sameAs":["https:\/\/www.eldiario.net\/portal"],"url":"https:\/\/www.eldiario.net\/portal\/author\/jeanette\/"}]}},"_links":{"self":[{"href":"https:\/\/www.eldiario.net\/portal\/wp-json\/wp\/v2\/posts\/125298","targetHints":{"allow":["GET"]}}],"collection":[{"href":"https:\/\/www.eldiario.net\/portal\/wp-json\/wp\/v2\/posts"}],"about":[{"href":"https:\/\/www.eldiario.net\/portal\/wp-json\/wp\/v2\/types\/post"}],"author":[{"embeddable":true,"href":"https:\/\/www.eldiario.net\/portal\/wp-json\/wp\/v2\/users\/1"}],"replies":[{"embeddable":true,"href":"https:\/\/www.eldiario.net\/portal\/wp-json\/wp\/v2\/comments?post=125298"}],"version-history":[{"count":0,"href":"https:\/\/www.eldiario.net\/portal\/wp-json\/wp\/v2\/posts\/125298\/revisions"}],"wp:attachment":[{"href":"https:\/\/www.eldiario.net\/portal\/wp-json\/wp\/v2\/media?parent=125298"}],"wp:term":[{"taxonomy":"category","embeddable":true,"href":"https:\/\/www.eldiario.net\/portal\/wp-json\/wp\/v2\/categories?post=125298"},{"taxonomy":"post_tag","embeddable":true,"href":"https:\/\/www.eldiario.net\/portal\/wp-json\/wp\/v2\/tags?post=125298"}],"curies":[{"name":"wp","href":"https:\/\/api.w.org\/{rel}","templated":true}]}}