{"id":125190,"date":"2022-12-01T06:19:04","date_gmt":"2022-12-01T10:19:04","guid":{"rendered":"https:\/\/www.eldiario.net\/portal\/?p=125190"},"modified":"2022-12-01T06:19:04","modified_gmt":"2022-12-01T10:19:04","slug":"asi-fue-la-disputa-sobre-el-estado-y-uso-de-las-aguas-del-silala-entre-chile-y-bolivia","status":"publish","type":"post","link":"https:\/\/www.eldiario.net\/portal\/2022\/12\/01\/asi-fue-la-disputa-sobre-el-estado-y-uso-de-las-aguas-del-silala-entre-chile-y-bolivia\/","title":{"rendered":"As\u00ed fue la disputa sobre el estado y uso de  las aguas del Silala entre Chile y Bolivia"},"content":{"rendered":"<p>Lleg\u00f3 el d\u00eda. La Corte Internacional de Justicia (CIJ) de La Haya dictar\u00e1 hoy su fallo sobre el estado y el uso de las aguas del Silala que confronta en los estrados internacionales a Bolivia y Chile.<\/p>\n<p>Br\u00fajula Digital realiz\u00f3 un l\u00ednea de tiempo de la disputa sobre el recurso h\u00eddrico que fue iniciada por Chile en junio de 2016, tres meses despu\u00e9s de la amenaza del entonces presidente Evo Morales de enjuiciar al vecino pa\u00eds por el uso indebido del Silala. (Br\u00fajula Digital)<\/p>\n<figure id=\"attachment_125191\" aria-describedby=\"caption-attachment-125191\" style=\"width: 800px\" class=\"wp-caption aligncenter\"><a href=\"https:\/\/www.eldiario.net\/portal\/wp-content\/uploads\/2022\/12\/RIO-FOTO.png\"><img loading=\"lazy\" decoding=\"async\" class=\"size-full wp-image-125191\" src=\"https:\/\/www.eldiario.net\/portal\/wp-content\/uploads\/2022\/12\/RIO-FOTO.png\" alt=\"\" width=\"800\" height=\"2000\" \/><\/a><figcaption id=\"caption-attachment-125191\" class=\"wp-caption-text\">Infograf\u00eda<br \/>Cr\u00e9dito: Br\u00fajula Digital<\/figcaption><\/figure>\n","protected":false},"excerpt":{"rendered":"<p>Lleg\u00f3 el d\u00eda. La Corte Internacional de Justicia (CIJ) de La Haya dictar\u00e1 hoy su fallo sobre el estado y el uso de las aguas del Silala que confronta en los estrados internacionales a Bolivia y Chile. Br\u00fajula Digital realiz\u00f3 un l\u00ednea de tiempo de la disputa sobre el recurso h\u00eddrico que fue iniciada por [&hellip;]<\/p>\n","protected":false},"author":1,"featured_media":125191,"comment_status":"closed","ping_status":"closed","sticky":false,"template":"","format":"standard","meta":{"_acf_changed":false,"footnotes":""},"categories":[14],"tags":[],"class_list":["post-125190","post","type-post","status-publish","format-standard","has-post-thumbnail","category-politica"],"acf":{"antetitulo":""},"yoast_head":"<!-- This site is optimized with the Yoast SEO plugin v28.3 - https:\/\/yoast.com\/product\/yoast-seo-wordpress\/ -->\n<title>As\u00ed fue la disputa sobre el estado y uso de las aguas del Silala entre Chile y Bolivia - El Diario - Bolivia<\/title>\n<meta name=\"robots\" content=\"index, follow, max-snippet:-1, max-image-preview:large, max-video-preview:-1\" \/>\n<link rel=\"canonical\" href=\"https:\/\/www.eldiario.net\/portal\/2022\/12\/01\/asi-fue-la-disputa-sobre-el-estado-y-uso-de-las-aguas-del-silala-entre-chile-y-bolivia\/\" \/>\n<meta property=\"og:locale\" content=\"es_ES\" \/>\n<meta property=\"og:type\" content=\"article\" \/>\n<meta property=\"og:title\" content=\"As\u00ed fue la disputa sobre el estado y uso de las aguas del Silala entre Chile y Bolivia - El Diario - Bolivia\" \/>\n<meta property=\"og:description\" content=\"Lleg\u00f3 el d\u00eda. La Corte Internacional de Justicia (CIJ) de La Haya dictar\u00e1 hoy su fallo sobre el estado y el uso de las aguas del Silala que confronta en los estrados internacionales a Bolivia y Chile. Br\u00fajula Digital realiz\u00f3 un l\u00ednea de tiempo de la disputa sobre el recurso h\u00eddrico que fue iniciada por [&hellip;]\" \/>\n<meta property=\"og:url\" content=\"https:\/\/www.eldiario.net\/portal\/2022\/12\/01\/asi-fue-la-disputa-sobre-el-estado-y-uso-de-las-aguas-del-silala-entre-chile-y-bolivia\/\" \/>\n<meta property=\"og:site_name\" content=\"El Diario - Bolivia\" \/>\n<meta property=\"article:publisher\" content=\"https:\/\/www.facebook.com\/eldiario.bolivia\/\" \/>\n<meta property=\"article:published_time\" content=\"2022-12-01T10:19:04+00:00\" \/>\n<meta name=\"author\" content=\"Jeanette\" \/>\n<meta name=\"twitter:card\" content=\"summary_large_image\" \/>\n<meta name=\"twitter:creator\" content=\"@eldiario_net\" \/>\n<meta name=\"twitter:site\" content=\"@eldiario_net\" \/>\n<meta name=\"twitter:label1\" content=\"Escrito por\" \/>\n\t<meta name=\"twitter:data1\" content=\"Jeanette\" \/>\n\t<meta name=\"twitter:label2\" content=\"Tiempo de lectura\" \/>\n\t<meta name=\"twitter:data2\" content=\"1 minuto\" \/>\n<script type=\"application\/ld+json\" class=\"yoast-schema-graph\">{\"@context\":\"https:\\\/\\\/schema.org\",\"@graph\":[{\"@type\":\"Article\",\"@id\":\"https:\\\/\\\/www.eldiario.net\\\/portal\\\/2022\\\/12\\\/01\\\/asi-fue-la-disputa-sobre-el-estado-y-uso-de-las-aguas-del-silala-entre-chile-y-bolivia\\\/#article\",\"isPartOf\":{\"@id\":\"https:\\\/\\\/www.eldiario.net\\\/portal\\\/2022\\\/12\\\/01\\\/asi-fue-la-disputa-sobre-el-estado-y-uso-de-las-aguas-del-silala-entre-chile-y-bolivia\\\/\"},\"author\":{\"name\":\"Jeanette\",\"@id\":\"https:\\\/\\\/www.eldiario.net\\\/portal\\\/#\\\/schema\\\/person\\\/f46445640444750d7d753ccd04ae01b7\"},\"headline\":\"As\u00ed fue la disputa sobre el estado y uso de las aguas del Silala entre Chile y Bolivia\",\"datePublished\":\"2022-12-01T10:19:04+00:00\",\"mainEntityOfPage\":{\"@id\":\"https:\\\/\\\/www.eldiario.net\\\/portal\\\/2022\\\/12\\\/01\\\/asi-fue-la-disputa-sobre-el-estado-y-uso-de-las-aguas-del-silala-entre-chile-y-bolivia\\\/\"},\"wordCount\":121,\"publisher\":{\"@id\":\"https:\\\/\\\/www.eldiario.net\\\/portal\\\/#organization\"},\"image\":{\"@id\":\"https:\\\/\\\/www.eldiario.net\\\/portal\\\/2022\\\/12\\\/01\\\/asi-fue-la-disputa-sobre-el-estado-y-uso-de-las-aguas-del-silala-entre-chile-y-bolivia\\\/#primaryimage\"},\"thumbnailUrl\":\"\",\"articleSection\":[\"Pol\u00edtica\"],\"inLanguage\":\"es\"},{\"@type\":\"WebPage\",\"@id\":\"https:\\\/\\\/www.eldiario.net\\\/portal\\\/2022\\\/12\\\/01\\\/asi-fue-la-disputa-sobre-el-estado-y-uso-de-las-aguas-del-silala-entre-chile-y-bolivia\\\/\",\"url\":\"https:\\\/\\\/www.eldiario.net\\\/portal\\\/2022\\\/12\\\/01\\\/asi-fue-la-disputa-sobre-el-estado-y-uso-de-las-aguas-del-silala-entre-chile-y-bolivia\\\/\",\"name\":\"As\u00ed fue la disputa sobre el estado y uso de las aguas del Silala entre Chile y Bolivia - El Diario - Bolivia\",\"isPartOf\":{\"@id\":\"https:\\\/\\\/www.eldiario.net\\\/portal\\\/#website\"},\"primaryImageOfPage\":{\"@id\":\"https:\\\/\\\/www.eldiario.net\\\/portal\\\/2022\\\/12\\\/01\\\/asi-fue-la-disputa-sobre-el-estado-y-uso-de-las-aguas-del-silala-entre-chile-y-bolivia\\\/#primaryimage\"},\"image\":{\"@id\":\"https:\\\/\\\/www.eldiario.net\\\/portal\\\/2022\\\/12\\\/01\\\/asi-fue-la-disputa-sobre-el-estado-y-uso-de-las-aguas-del-silala-entre-chile-y-bolivia\\\/#primaryimage\"},\"thumbnailUrl\":\"\",\"datePublished\":\"2022-12-01T10:19:04+00:00\",\"breadcrumb\":{\"@id\":\"https:\\\/\\\/www.eldiario.net\\\/portal\\\/2022\\\/12\\\/01\\\/asi-fue-la-disputa-sobre-el-estado-y-uso-de-las-aguas-del-silala-entre-chile-y-bolivia\\\/#breadcrumb\"},\"inLanguage\":\"es\",\"potentialAction\":[{\"@type\":\"ReadAction\",\"target\":[\"https:\\\/\\\/www.eldiario.net\\\/portal\\\/2022\\\/12\\\/01\\\/asi-fue-la-disputa-sobre-el-estado-y-uso-de-las-aguas-del-silala-entre-chile-y-bolivia\\\/\"]}]},{\"@type\":\"ImageObject\",\"inLanguage\":\"es\",\"@id\":\"https:\\\/\\\/www.eldiario.net\\\/portal\\\/2022\\\/12\\\/01\\\/asi-fue-la-disputa-sobre-el-estado-y-uso-de-las-aguas-del-silala-entre-chile-y-bolivia\\\/#primaryimage\",\"url\":\"\",\"contentUrl\":\"\"},{\"@type\":\"BreadcrumbList\",\"@id\":\"https:\\\/\\\/www.eldiario.net\\\/portal\\\/2022\\\/12\\\/01\\\/asi-fue-la-disputa-sobre-el-estado-y-uso-de-las-aguas-del-silala-entre-chile-y-bolivia\\\/#breadcrumb\",\"itemListElement\":[{\"@type\":\"ListItem\",\"position\":1,\"name\":\"Portada\",\"item\":\"https:\\\/\\\/www.eldiario.net\\\/portal\\\/\"},{\"@type\":\"ListItem\",\"position\":2,\"name\":\"As\u00ed fue la disputa sobre el estado y uso de las aguas del Silala entre Chile y Bolivia\"}]},{\"@type\":\"WebSite\",\"@id\":\"https:\\\/\\\/www.eldiario.net\\\/portal\\\/#website\",\"url\":\"https:\\\/\\\/www.eldiario.net\\\/portal\\\/\",\"name\":\"El Diario - Decano de la prensa nacional\",\"description\":\"El Diario - Decano de la prensa nacional\",\"publisher\":{\"@id\":\"https:\\\/\\\/www.eldiario.net\\\/portal\\\/#organization\"},\"potentialAction\":[{\"@type\":\"SearchAction\",\"target\":{\"@type\":\"EntryPoint\",\"urlTemplate\":\"https:\\\/\\\/www.eldiario.net\\\/portal\\\/?s={search_term_string}\"},\"query-input\":{\"@type\":\"PropertyValueSpecification\",\"valueRequired\":true,\"valueName\":\"search_term_string\"}}],\"inLanguage\":\"es\"},{\"@type\":\"Organization\",\"@id\":\"https:\\\/\\\/www.eldiario.net\\\/portal\\\/#organization\",\"name\":\"El Diario - Decano de la prensa nacional\",\"url\":\"https:\\\/\\\/www.eldiario.net\\\/portal\\\/\",\"logo\":{\"@type\":\"ImageObject\",\"inLanguage\":\"es\",\"@id\":\"https:\\\/\\\/www.eldiario.net\\\/portal\\\/#\\\/schema\\\/logo\\\/image\\\/\",\"url\":\"https:\\\/\\\/www.eldiario.net\\\/portal\\\/wp-content\\\/uploads\\\/2023\\\/07\\\/logo_ED.jpg\",\"contentUrl\":\"https:\\\/\\\/www.eldiario.net\\\/portal\\\/wp-content\\\/uploads\\\/2023\\\/07\\\/logo_ED.jpg\",\"width\":272,\"height\":52,\"caption\":\"El Diario - Decano de la prensa nacional\"},\"image\":{\"@id\":\"https:\\\/\\\/www.eldiario.net\\\/portal\\\/#\\\/schema\\\/logo\\\/image\\\/\"},\"sameAs\":[\"https:\\\/\\\/www.facebook.com\\\/eldiario.bolivia\\\/\",\"https:\\\/\\\/x.com\\\/eldiario_net\"]},{\"@type\":\"Person\",\"@id\":\"https:\\\/\\\/www.eldiario.net\\\/portal\\\/#\\\/schema\\\/person\\\/f46445640444750d7d753ccd04ae01b7\",\"name\":\"Jeanette\",\"image\":{\"@type\":\"ImageObject\",\"inLanguage\":\"es\",\"@id\":\"https:\\\/\\\/secure.gravatar.com\\\/avatar\\\/3ea2118a5f7dad2b7138b1187a6b7ee55f160b9968b66013c3a3ef39dd7e5798?s=96&d=mm&r=g\",\"url\":\"https:\\\/\\\/secure.gravatar.com\\\/avatar\\\/3ea2118a5f7dad2b7138b1187a6b7ee55f160b9968b66013c3a3ef39dd7e5798?s=96&d=mm&r=g\",\"contentUrl\":\"https:\\\/\\\/secure.gravatar.com\\\/avatar\\\/3ea2118a5f7dad2b7138b1187a6b7ee55f160b9968b66013c3a3ef39dd7e5798?s=96&d=mm&r=g\",\"caption\":\"Jeanette\"},\"sameAs\":[\"https:\\\/\\\/www.eldiario.net\\\/portal\"],\"url\":\"https:\\\/\\\/www.eldiario.net\\\/portal\\\/author\\\/jeanette\\\/\"}]}<\/script>\n<!-- \/ Yoast SEO plugin. -->","yoast_head_json":{"title":"As\u00ed fue la disputa sobre el estado y uso de las aguas del Silala entre Chile y Bolivia - El Diario - Bolivia","robots":{"index":"index","follow":"follow","max-snippet":"max-snippet:-1","max-image-preview":"max-image-preview:large","max-video-preview":"max-video-preview:-1"},"canonical":"https:\/\/www.eldiario.net\/portal\/2022\/12\/01\/asi-fue-la-disputa-sobre-el-estado-y-uso-de-las-aguas-del-silala-entre-chile-y-bolivia\/","og_locale":"es_ES","og_type":"article","og_title":"As\u00ed fue la disputa sobre el estado y uso de las aguas del Silala entre Chile y Bolivia - El Diario - Bolivia","og_description":"Lleg\u00f3 el d\u00eda. La Corte Internacional de Justicia (CIJ) de La Haya dictar\u00e1 hoy su fallo sobre el estado y el uso de las aguas del Silala que confronta en los estrados internacionales a Bolivia y Chile. Br\u00fajula Digital realiz\u00f3 un l\u00ednea de tiempo de la disputa sobre el recurso h\u00eddrico que fue iniciada por [&hellip;]","og_url":"https:\/\/www.eldiario.net\/portal\/2022\/12\/01\/asi-fue-la-disputa-sobre-el-estado-y-uso-de-las-aguas-del-silala-entre-chile-y-bolivia\/","og_site_name":"El Diario - Bolivia","article_publisher":"https:\/\/www.facebook.com\/eldiario.bolivia\/","article_published_time":"2022-12-01T10:19:04+00:00","author":"Jeanette","twitter_card":"summary_large_image","twitter_creator":"@eldiario_net","twitter_site":"@eldiario_net","twitter_misc":{"Escrito por":"Jeanette","Tiempo de lectura":"1 minuto"},"schema":{"@context":"https:\/\/schema.org","@graph":[{"@type":"Article","@id":"https:\/\/www.eldiario.net\/portal\/2022\/12\/01\/asi-fue-la-disputa-sobre-el-estado-y-uso-de-las-aguas-del-silala-entre-chile-y-bolivia\/#article","isPartOf":{"@id":"https:\/\/www.eldiario.net\/portal\/2022\/12\/01\/asi-fue-la-disputa-sobre-el-estado-y-uso-de-las-aguas-del-silala-entre-chile-y-bolivia\/"},"author":{"name":"Jeanette","@id":"https:\/\/www.eldiario.net\/portal\/#\/schema\/person\/f46445640444750d7d753ccd04ae01b7"},"headline":"As\u00ed fue la disputa sobre el estado y uso de las aguas del Silala entre Chile y Bolivia","datePublished":"2022-12-01T10:19:04+00:00","mainEntityOfPage":{"@id":"https:\/\/www.eldiario.net\/portal\/2022\/12\/01\/asi-fue-la-disputa-sobre-el-estado-y-uso-de-las-aguas-del-silala-entre-chile-y-bolivia\/"},"wordCount":121,"publisher":{"@id":"https:\/\/www.eldiario.net\/portal\/#organization"},"image":{"@id":"https:\/\/www.eldiario.net\/portal\/2022\/12\/01\/asi-fue-la-disputa-sobre-el-estado-y-uso-de-las-aguas-del-silala-entre-chile-y-bolivia\/#primaryimage"},"thumbnailUrl":"","articleSection":["Pol\u00edtica"],"inLanguage":"es"},{"@type":"WebPage","@id":"https:\/\/www.eldiario.net\/portal\/2022\/12\/01\/asi-fue-la-disputa-sobre-el-estado-y-uso-de-las-aguas-del-silala-entre-chile-y-bolivia\/","url":"https:\/\/www.eldiario.net\/portal\/2022\/12\/01\/asi-fue-la-disputa-sobre-el-estado-y-uso-de-las-aguas-del-silala-entre-chile-y-bolivia\/","name":"As\u00ed fue la disputa sobre el estado y uso de las aguas del Silala entre Chile y Bolivia - El Diario - Bolivia","isPartOf":{"@id":"https:\/\/www.eldiario.net\/portal\/#website"},"primaryImageOfPage":{"@id":"https:\/\/www.eldiario.net\/portal\/2022\/12\/01\/asi-fue-la-disputa-sobre-el-estado-y-uso-de-las-aguas-del-silala-entre-chile-y-bolivia\/#primaryimage"},"image":{"@id":"https:\/\/www.eldiario.net\/portal\/2022\/12\/01\/asi-fue-la-disputa-sobre-el-estado-y-uso-de-las-aguas-del-silala-entre-chile-y-bolivia\/#primaryimage"},"thumbnailUrl":"","datePublished":"2022-12-01T10:19:04+00:00","breadcrumb":{"@id":"https:\/\/www.eldiario.net\/portal\/2022\/12\/01\/asi-fue-la-disputa-sobre-el-estado-y-uso-de-las-aguas-del-silala-entre-chile-y-bolivia\/#breadcrumb"},"inLanguage":"es","potentialAction":[{"@type":"ReadAction","target":["https:\/\/www.eldiario.net\/portal\/2022\/12\/01\/asi-fue-la-disputa-sobre-el-estado-y-uso-de-las-aguas-del-silala-entre-chile-y-bolivia\/"]}]},{"@type":"ImageObject","inLanguage":"es","@id":"https:\/\/www.eldiario.net\/portal\/2022\/12\/01\/asi-fue-la-disputa-sobre-el-estado-y-uso-de-las-aguas-del-silala-entre-chile-y-bolivia\/#primaryimage","url":"","contentUrl":""},{"@type":"BreadcrumbList","@id":"https:\/\/www.eldiario.net\/portal\/2022\/12\/01\/asi-fue-la-disputa-sobre-el-estado-y-uso-de-las-aguas-del-silala-entre-chile-y-bolivia\/#breadcrumb","itemListElement":[{"@type":"ListItem","position":1,"name":"Portada","item":"https:\/\/www.eldiario.net\/portal\/"},{"@type":"ListItem","position":2,"name":"As\u00ed fue la disputa sobre el estado y uso de las aguas del Silala entre Chile y Bolivia"}]},{"@type":"WebSite","@id":"https:\/\/www.eldiario.net\/portal\/#website","url":"https:\/\/www.eldiario.net\/portal\/","name":"El Diario - Decano de la prensa nacional","description":"El Diario - Decano de la prensa nacional","publisher":{"@id":"https:\/\/www.eldiario.net\/portal\/#organization"},"potentialAction":[{"@type":"SearchAction","target":{"@type":"EntryPoint","urlTemplate":"https:\/\/www.eldiario.net\/portal\/?s={search_term_string}"},"query-input":{"@type":"PropertyValueSpecification","valueRequired":true,"valueName":"search_term_string"}}],"inLanguage":"es"},{"@type":"Organization","@id":"https:\/\/www.eldiario.net\/portal\/#organization","name":"El Diario - Decano de la prensa nacional","url":"https:\/\/www.eldiario.net\/portal\/","logo":{"@type":"ImageObject","inLanguage":"es","@id":"https:\/\/www.eldiario.net\/portal\/#\/schema\/logo\/image\/","url":"https:\/\/www.eldiario.net\/portal\/wp-content\/uploads\/2023\/07\/logo_ED.jpg","contentUrl":"https:\/\/www.eldiario.net\/portal\/wp-content\/uploads\/2023\/07\/logo_ED.jpg","width":272,"height":52,"caption":"El Diario - Decano de la prensa nacional"},"image":{"@id":"https:\/\/www.eldiario.net\/portal\/#\/schema\/logo\/image\/"},"sameAs":["https:\/\/www.facebook.com\/eldiario.bolivia\/","https:\/\/x.com\/eldiario_net"]},{"@type":"Person","@id":"https:\/\/www.eldiario.net\/portal\/#\/schema\/person\/f46445640444750d7d753ccd04ae01b7","name":"Jeanette","image":{"@type":"ImageObject","inLanguage":"es","@id":"https:\/\/secure.gravatar.com\/avatar\/3ea2118a5f7dad2b7138b1187a6b7ee55f160b9968b66013c3a3ef39dd7e5798?s=96&d=mm&r=g","url":"https:\/\/secure.gravatar.com\/avatar\/3ea2118a5f7dad2b7138b1187a6b7ee55f160b9968b66013c3a3ef39dd7e5798?s=96&d=mm&r=g","contentUrl":"https:\/\/secure.gravatar.com\/avatar\/3ea2118a5f7dad2b7138b1187a6b7ee55f160b9968b66013c3a3ef39dd7e5798?s=96&d=mm&r=g","caption":"Jeanette"},"sameAs":["https:\/\/www.eldiario.net\/portal"],"url":"https:\/\/www.eldiario.net\/portal\/author\/jeanette\/"}]}},"_links":{"self":[{"href":"https:\/\/www.eldiario.net\/portal\/wp-json\/wp\/v2\/posts\/125190","targetHints":{"allow":["GET"]}}],"collection":[{"href":"https:\/\/www.eldiario.net\/portal\/wp-json\/wp\/v2\/posts"}],"about":[{"href":"https:\/\/www.eldiario.net\/portal\/wp-json\/wp\/v2\/types\/post"}],"author":[{"embeddable":true,"href":"https:\/\/www.eldiario.net\/portal\/wp-json\/wp\/v2\/users\/1"}],"replies":[{"embeddable":true,"href":"https:\/\/www.eldiario.net\/portal\/wp-json\/wp\/v2\/comments?post=125190"}],"version-history":[{"count":0,"href":"https:\/\/www.eldiario.net\/portal\/wp-json\/wp\/v2\/posts\/125190\/revisions"}],"wp:attachment":[{"href":"https:\/\/www.eldiario.net\/portal\/wp-json\/wp\/v2\/media?parent=125190"}],"wp:term":[{"taxonomy":"category","embeddable":true,"href":"https:\/\/www.eldiario.net\/portal\/wp-json\/wp\/v2\/categories?post=125190"},{"taxonomy":"post_tag","embeddable":true,"href":"https:\/\/www.eldiario.net\/portal\/wp-json\/wp\/v2\/tags?post=125190"}],"curies":[{"name":"wp","href":"https:\/\/api.w.org\/{rel}","templated":true}]}}