{"id":125108,"date":"2022-12-01T05:50:11","date_gmt":"2022-12-01T09:50:11","guid":{"rendered":"https:\/\/www.eldiario.net\/portal\/?p=125108"},"modified":"2022-12-01T05:50:11","modified_gmt":"2022-12-01T09:50:11","slug":"el-censo-mucho-ruido-pocas-nueces","status":"publish","type":"post","link":"https:\/\/www.eldiario.net\/portal\/2022\/12\/01\/el-censo-mucho-ruido-pocas-nueces\/","title":{"rendered":"El censo, mucho   ruido, pocas nueces"},"content":{"rendered":"<p><em><span class=\"dropcap \" style=\"background-color: #ffffff; color: #000000; border-color: #ffffff;\">N<\/span>o pod\u00eda ser otro el fruto de este tiempo de las cosas peque\u00f1as que atraviesa el pa\u00eds, que va de tumbo en tumbo y de crisis en crisis. En efecto, acaba de pasar un estado de alta tensi\u00f3n de m\u00e1s de dos meses, por el que se estuvo a punto de llegar a las manos, produjo grandes p\u00e9rdidas, intranquiliz\u00f3 a la ciudadan\u00eda con todo tipo de amenaza, pero, finalmente, concluy\u00f3 con resultados de m\u00ednima cuant\u00eda, que hace recordar la sentencia \u201cAl \u00e1rbol se lo conoce por sus frutos\u201d.<\/em><\/p>\n<p><em>El ardor empez\u00f3 por la convocatoria oficial contra la realizaci\u00f3n del censo, que no tuvo fr\u00eda bienvenida de parte de la oposici\u00f3n y la duda surgi\u00f3 en la poblaci\u00f3n, aspecto al que sigui\u00f3 el candente punto del padr\u00f3n electoral, que se convirti\u00f3 en el meollo de la cuesti\u00f3n. Entonces, estall\u00f3 la crisis que lleg\u00f3 al rojo vivo cuando Santa Cruz declar\u00f3 que, si no eran atendidas sus demandas, entrar\u00eda en huelga general.<\/em><\/p>\n<p><em>Entonces el conflicto se convirti\u00f3 en antagonismo y, perdiendo los estribos, el gobierno declar\u00f3 el cerco a la ciudad de Santa Cruz de la Sierra y la suspensi\u00f3n de la exportaci\u00f3n de algunos productos estrat\u00e9gicos. Esa amenaza de casus belli (motivo de guerra), puso a la poblaci\u00f3n y autoridades cruce\u00f1as en estado de apronte, lleg\u00e1ndose inclusive a acciones de violencia de ambas partes, lo que alarm\u00f3 a todo el pa\u00eds.<\/em><\/p>\n<p><em>Diversos planteamientos, largos debates, argumentaciones de ida y venida agitaron el ambiente e inclusive algunas negociaciones fracasaron. Entonces, el mare magnum empez\u00f3 a sedimentar las causas de la crisis, hasta que, finalmente, se vislumbr\u00f3 el final del aquelarre. En efecto, los puntos del padr\u00f3n electoral y la fecha de realizaci\u00f3n del censo, fueron aceptados por Santa Cruz, as\u00ed como por el gobierno, excepto asuntos de la distribuci\u00f3n de asientos en el Parlamento y el referido a los recursos fiscales, sobre los cuales el gobierno hizo oposici\u00f3n, mientras Santa Cruz los respald\u00f3.<\/em><\/p>\n<p><em>Sin embargo, el caso no qued\u00f3 zanjado con esas aprobaciones y la discusi\u00f3n se traslad\u00f3 a un nuevo campo de batalla; el Parlamento, donde el asunto entr\u00f3 a debate final, pudiendo vislumbrarse el final de la crisis pol\u00edtica, como con el parto de los montes, cuando nace algo insignificante y no lo que se esperaba.<\/em><\/p>\n","protected":false},"excerpt":{"rendered":"<p>No pod\u00eda ser otro el fruto de este tiempo de las cosas peque\u00f1as que atraviesa el pa\u00eds, que va de tumbo en tumbo y de crisis en crisis. En efecto, acaba de pasar un estado de alta tensi\u00f3n de m\u00e1s de dos meses, por el que se estuvo a punto de llegar a las manos, [&hellip;]<\/p>\n","protected":false},"author":1,"featured_media":0,"comment_status":"closed","ping_status":"closed","sticky":false,"template":"","format":"standard","meta":{"_acf_changed":false,"footnotes":""},"categories":[4],"tags":[],"class_list":["post-125108","post","type-post","status-publish","format-standard","category-editorial"],"acf":{"antetitulo":""},"yoast_head":"<!-- This site is optimized with the Yoast SEO plugin v28.3 - https:\/\/yoast.com\/product\/yoast-seo-wordpress\/ -->\n<title>El censo, mucho  ruido, pocas nueces - El Diario - Bolivia<\/title>\n<meta name=\"robots\" content=\"index, follow, max-snippet:-1, max-image-preview:large, max-video-preview:-1\" \/>\n<link rel=\"canonical\" href=\"https:\/\/www.eldiario.net\/portal\/2022\/12\/01\/el-censo-mucho-ruido-pocas-nueces\/\" \/>\n<meta property=\"og:locale\" content=\"es_ES\" \/>\n<meta property=\"og:type\" content=\"article\" \/>\n<meta property=\"og:title\" content=\"El censo, mucho  ruido, pocas nueces - El Diario - Bolivia\" \/>\n<meta property=\"og:description\" content=\"No pod\u00eda ser otro el fruto de este tiempo de las cosas peque\u00f1as que atraviesa el pa\u00eds, que va de tumbo en tumbo y de crisis en crisis. En efecto, acaba de pasar un estado de alta tensi\u00f3n de m\u00e1s de dos meses, por el que se estuvo a punto de llegar a las manos, [&hellip;]\" \/>\n<meta property=\"og:url\" content=\"https:\/\/www.eldiario.net\/portal\/2022\/12\/01\/el-censo-mucho-ruido-pocas-nueces\/\" \/>\n<meta property=\"og:site_name\" content=\"El Diario - Bolivia\" \/>\n<meta property=\"article:publisher\" content=\"https:\/\/www.facebook.com\/eldiario.bolivia\/\" \/>\n<meta property=\"article:published_time\" content=\"2022-12-01T09:50:11+00:00\" \/>\n<meta name=\"author\" content=\"Jeanette\" \/>\n<meta name=\"twitter:card\" content=\"summary_large_image\" \/>\n<meta name=\"twitter:creator\" content=\"@eldiario_net\" \/>\n<meta name=\"twitter:site\" content=\"@eldiario_net\" \/>\n<meta name=\"twitter:label1\" content=\"Escrito por\" \/>\n\t<meta name=\"twitter:data1\" content=\"Jeanette\" \/>\n\t<meta name=\"twitter:label2\" content=\"Tiempo de lectura\" \/>\n\t<meta name=\"twitter:data2\" content=\"2 minutos\" \/>\n<script type=\"application\/ld+json\" class=\"yoast-schema-graph\">{\"@context\":\"https:\\\/\\\/schema.org\",\"@graph\":[{\"@type\":\"Article\",\"@id\":\"https:\\\/\\\/www.eldiario.net\\\/portal\\\/2022\\\/12\\\/01\\\/el-censo-mucho-ruido-pocas-nueces\\\/#article\",\"isPartOf\":{\"@id\":\"https:\\\/\\\/www.eldiario.net\\\/portal\\\/2022\\\/12\\\/01\\\/el-censo-mucho-ruido-pocas-nueces\\\/\"},\"author\":{\"name\":\"Jeanette\",\"@id\":\"https:\\\/\\\/www.eldiario.net\\\/portal\\\/#\\\/schema\\\/person\\\/f46445640444750d7d753ccd04ae01b7\"},\"headline\":\"El censo, mucho ruido, pocas nueces\",\"datePublished\":\"2022-12-01T09:50:11+00:00\",\"mainEntityOfPage\":{\"@id\":\"https:\\\/\\\/www.eldiario.net\\\/portal\\\/2022\\\/12\\\/01\\\/el-censo-mucho-ruido-pocas-nueces\\\/\"},\"wordCount\":411,\"publisher\":{\"@id\":\"https:\\\/\\\/www.eldiario.net\\\/portal\\\/#organization\"},\"articleSection\":[\"Editorial\"],\"inLanguage\":\"es\"},{\"@type\":\"WebPage\",\"@id\":\"https:\\\/\\\/www.eldiario.net\\\/portal\\\/2022\\\/12\\\/01\\\/el-censo-mucho-ruido-pocas-nueces\\\/\",\"url\":\"https:\\\/\\\/www.eldiario.net\\\/portal\\\/2022\\\/12\\\/01\\\/el-censo-mucho-ruido-pocas-nueces\\\/\",\"name\":\"El censo, mucho ruido, pocas nueces - El Diario - Bolivia\",\"isPartOf\":{\"@id\":\"https:\\\/\\\/www.eldiario.net\\\/portal\\\/#website\"},\"datePublished\":\"2022-12-01T09:50:11+00:00\",\"breadcrumb\":{\"@id\":\"https:\\\/\\\/www.eldiario.net\\\/portal\\\/2022\\\/12\\\/01\\\/el-censo-mucho-ruido-pocas-nueces\\\/#breadcrumb\"},\"inLanguage\":\"es\",\"potentialAction\":[{\"@type\":\"ReadAction\",\"target\":[\"https:\\\/\\\/www.eldiario.net\\\/portal\\\/2022\\\/12\\\/01\\\/el-censo-mucho-ruido-pocas-nueces\\\/\"]}]},{\"@type\":\"BreadcrumbList\",\"@id\":\"https:\\\/\\\/www.eldiario.net\\\/portal\\\/2022\\\/12\\\/01\\\/el-censo-mucho-ruido-pocas-nueces\\\/#breadcrumb\",\"itemListElement\":[{\"@type\":\"ListItem\",\"position\":1,\"name\":\"Portada\",\"item\":\"https:\\\/\\\/www.eldiario.net\\\/portal\\\/\"},{\"@type\":\"ListItem\",\"position\":2,\"name\":\"El censo, mucho ruido, pocas nueces\"}]},{\"@type\":\"WebSite\",\"@id\":\"https:\\\/\\\/www.eldiario.net\\\/portal\\\/#website\",\"url\":\"https:\\\/\\\/www.eldiario.net\\\/portal\\\/\",\"name\":\"El Diario - Decano de la prensa nacional\",\"description\":\"El Diario - Decano de la prensa nacional\",\"publisher\":{\"@id\":\"https:\\\/\\\/www.eldiario.net\\\/portal\\\/#organization\"},\"potentialAction\":[{\"@type\":\"SearchAction\",\"target\":{\"@type\":\"EntryPoint\",\"urlTemplate\":\"https:\\\/\\\/www.eldiario.net\\\/portal\\\/?s={search_term_string}\"},\"query-input\":{\"@type\":\"PropertyValueSpecification\",\"valueRequired\":true,\"valueName\":\"search_term_string\"}}],\"inLanguage\":\"es\"},{\"@type\":\"Organization\",\"@id\":\"https:\\\/\\\/www.eldiario.net\\\/portal\\\/#organization\",\"name\":\"El Diario - Decano de la prensa nacional\",\"url\":\"https:\\\/\\\/www.eldiario.net\\\/portal\\\/\",\"logo\":{\"@type\":\"ImageObject\",\"inLanguage\":\"es\",\"@id\":\"https:\\\/\\\/www.eldiario.net\\\/portal\\\/#\\\/schema\\\/logo\\\/image\\\/\",\"url\":\"https:\\\/\\\/www.eldiario.net\\\/portal\\\/wp-content\\\/uploads\\\/2023\\\/07\\\/logo_ED.jpg\",\"contentUrl\":\"https:\\\/\\\/www.eldiario.net\\\/portal\\\/wp-content\\\/uploads\\\/2023\\\/07\\\/logo_ED.jpg\",\"width\":272,\"height\":52,\"caption\":\"El Diario - Decano de la prensa nacional\"},\"image\":{\"@id\":\"https:\\\/\\\/www.eldiario.net\\\/portal\\\/#\\\/schema\\\/logo\\\/image\\\/\"},\"sameAs\":[\"https:\\\/\\\/www.facebook.com\\\/eldiario.bolivia\\\/\",\"https:\\\/\\\/x.com\\\/eldiario_net\"]},{\"@type\":\"Person\",\"@id\":\"https:\\\/\\\/www.eldiario.net\\\/portal\\\/#\\\/schema\\\/person\\\/f46445640444750d7d753ccd04ae01b7\",\"name\":\"Jeanette\",\"image\":{\"@type\":\"ImageObject\",\"inLanguage\":\"es\",\"@id\":\"https:\\\/\\\/secure.gravatar.com\\\/avatar\\\/3ea2118a5f7dad2b7138b1187a6b7ee55f160b9968b66013c3a3ef39dd7e5798?s=96&d=mm&r=g\",\"url\":\"https:\\\/\\\/secure.gravatar.com\\\/avatar\\\/3ea2118a5f7dad2b7138b1187a6b7ee55f160b9968b66013c3a3ef39dd7e5798?s=96&d=mm&r=g\",\"contentUrl\":\"https:\\\/\\\/secure.gravatar.com\\\/avatar\\\/3ea2118a5f7dad2b7138b1187a6b7ee55f160b9968b66013c3a3ef39dd7e5798?s=96&d=mm&r=g\",\"caption\":\"Jeanette\"},\"sameAs\":[\"https:\\\/\\\/www.eldiario.net\\\/portal\"],\"url\":\"https:\\\/\\\/www.eldiario.net\\\/portal\\\/author\\\/jeanette\\\/\"}]}<\/script>\n<!-- \/ Yoast SEO plugin. -->","yoast_head_json":{"title":"El censo, mucho  ruido, pocas nueces - El Diario - Bolivia","robots":{"index":"index","follow":"follow","max-snippet":"max-snippet:-1","max-image-preview":"max-image-preview:large","max-video-preview":"max-video-preview:-1"},"canonical":"https:\/\/www.eldiario.net\/portal\/2022\/12\/01\/el-censo-mucho-ruido-pocas-nueces\/","og_locale":"es_ES","og_type":"article","og_title":"El censo, mucho  ruido, pocas nueces - El Diario - Bolivia","og_description":"No pod\u00eda ser otro el fruto de este tiempo de las cosas peque\u00f1as que atraviesa el pa\u00eds, que va de tumbo en tumbo y de crisis en crisis. En efecto, acaba de pasar un estado de alta tensi\u00f3n de m\u00e1s de dos meses, por el que se estuvo a punto de llegar a las manos, [&hellip;]","og_url":"https:\/\/www.eldiario.net\/portal\/2022\/12\/01\/el-censo-mucho-ruido-pocas-nueces\/","og_site_name":"El Diario - Bolivia","article_publisher":"https:\/\/www.facebook.com\/eldiario.bolivia\/","article_published_time":"2022-12-01T09:50:11+00:00","author":"Jeanette","twitter_card":"summary_large_image","twitter_creator":"@eldiario_net","twitter_site":"@eldiario_net","twitter_misc":{"Escrito por":"Jeanette","Tiempo de lectura":"2 minutos"},"schema":{"@context":"https:\/\/schema.org","@graph":[{"@type":"Article","@id":"https:\/\/www.eldiario.net\/portal\/2022\/12\/01\/el-censo-mucho-ruido-pocas-nueces\/#article","isPartOf":{"@id":"https:\/\/www.eldiario.net\/portal\/2022\/12\/01\/el-censo-mucho-ruido-pocas-nueces\/"},"author":{"name":"Jeanette","@id":"https:\/\/www.eldiario.net\/portal\/#\/schema\/person\/f46445640444750d7d753ccd04ae01b7"},"headline":"El censo, mucho ruido, pocas nueces","datePublished":"2022-12-01T09:50:11+00:00","mainEntityOfPage":{"@id":"https:\/\/www.eldiario.net\/portal\/2022\/12\/01\/el-censo-mucho-ruido-pocas-nueces\/"},"wordCount":411,"publisher":{"@id":"https:\/\/www.eldiario.net\/portal\/#organization"},"articleSection":["Editorial"],"inLanguage":"es"},{"@type":"WebPage","@id":"https:\/\/www.eldiario.net\/portal\/2022\/12\/01\/el-censo-mucho-ruido-pocas-nueces\/","url":"https:\/\/www.eldiario.net\/portal\/2022\/12\/01\/el-censo-mucho-ruido-pocas-nueces\/","name":"El censo, mucho ruido, pocas nueces - El Diario - Bolivia","isPartOf":{"@id":"https:\/\/www.eldiario.net\/portal\/#website"},"datePublished":"2022-12-01T09:50:11+00:00","breadcrumb":{"@id":"https:\/\/www.eldiario.net\/portal\/2022\/12\/01\/el-censo-mucho-ruido-pocas-nueces\/#breadcrumb"},"inLanguage":"es","potentialAction":[{"@type":"ReadAction","target":["https:\/\/www.eldiario.net\/portal\/2022\/12\/01\/el-censo-mucho-ruido-pocas-nueces\/"]}]},{"@type":"BreadcrumbList","@id":"https:\/\/www.eldiario.net\/portal\/2022\/12\/01\/el-censo-mucho-ruido-pocas-nueces\/#breadcrumb","itemListElement":[{"@type":"ListItem","position":1,"name":"Portada","item":"https:\/\/www.eldiario.net\/portal\/"},{"@type":"ListItem","position":2,"name":"El censo, mucho ruido, pocas nueces"}]},{"@type":"WebSite","@id":"https:\/\/www.eldiario.net\/portal\/#website","url":"https:\/\/www.eldiario.net\/portal\/","name":"El Diario - Decano de la prensa nacional","description":"El Diario - Decano de la prensa nacional","publisher":{"@id":"https:\/\/www.eldiario.net\/portal\/#organization"},"potentialAction":[{"@type":"SearchAction","target":{"@type":"EntryPoint","urlTemplate":"https:\/\/www.eldiario.net\/portal\/?s={search_term_string}"},"query-input":{"@type":"PropertyValueSpecification","valueRequired":true,"valueName":"search_term_string"}}],"inLanguage":"es"},{"@type":"Organization","@id":"https:\/\/www.eldiario.net\/portal\/#organization","name":"El Diario - Decano de la prensa nacional","url":"https:\/\/www.eldiario.net\/portal\/","logo":{"@type":"ImageObject","inLanguage":"es","@id":"https:\/\/www.eldiario.net\/portal\/#\/schema\/logo\/image\/","url":"https:\/\/www.eldiario.net\/portal\/wp-content\/uploads\/2023\/07\/logo_ED.jpg","contentUrl":"https:\/\/www.eldiario.net\/portal\/wp-content\/uploads\/2023\/07\/logo_ED.jpg","width":272,"height":52,"caption":"El Diario - Decano de la prensa nacional"},"image":{"@id":"https:\/\/www.eldiario.net\/portal\/#\/schema\/logo\/image\/"},"sameAs":["https:\/\/www.facebook.com\/eldiario.bolivia\/","https:\/\/x.com\/eldiario_net"]},{"@type":"Person","@id":"https:\/\/www.eldiario.net\/portal\/#\/schema\/person\/f46445640444750d7d753ccd04ae01b7","name":"Jeanette","image":{"@type":"ImageObject","inLanguage":"es","@id":"https:\/\/secure.gravatar.com\/avatar\/3ea2118a5f7dad2b7138b1187a6b7ee55f160b9968b66013c3a3ef39dd7e5798?s=96&d=mm&r=g","url":"https:\/\/secure.gravatar.com\/avatar\/3ea2118a5f7dad2b7138b1187a6b7ee55f160b9968b66013c3a3ef39dd7e5798?s=96&d=mm&r=g","contentUrl":"https:\/\/secure.gravatar.com\/avatar\/3ea2118a5f7dad2b7138b1187a6b7ee55f160b9968b66013c3a3ef39dd7e5798?s=96&d=mm&r=g","caption":"Jeanette"},"sameAs":["https:\/\/www.eldiario.net\/portal"],"url":"https:\/\/www.eldiario.net\/portal\/author\/jeanette\/"}]}},"_links":{"self":[{"href":"https:\/\/www.eldiario.net\/portal\/wp-json\/wp\/v2\/posts\/125108","targetHints":{"allow":["GET"]}}],"collection":[{"href":"https:\/\/www.eldiario.net\/portal\/wp-json\/wp\/v2\/posts"}],"about":[{"href":"https:\/\/www.eldiario.net\/portal\/wp-json\/wp\/v2\/types\/post"}],"author":[{"embeddable":true,"href":"https:\/\/www.eldiario.net\/portal\/wp-json\/wp\/v2\/users\/1"}],"replies":[{"embeddable":true,"href":"https:\/\/www.eldiario.net\/portal\/wp-json\/wp\/v2\/comments?post=125108"}],"version-history":[{"count":0,"href":"https:\/\/www.eldiario.net\/portal\/wp-json\/wp\/v2\/posts\/125108\/revisions"}],"wp:attachment":[{"href":"https:\/\/www.eldiario.net\/portal\/wp-json\/wp\/v2\/media?parent=125108"}],"wp:term":[{"taxonomy":"category","embeddable":true,"href":"https:\/\/www.eldiario.net\/portal\/wp-json\/wp\/v2\/categories?post=125108"},{"taxonomy":"post_tag","embeddable":true,"href":"https:\/\/www.eldiario.net\/portal\/wp-json\/wp\/v2\/tags?post=125108"}],"curies":[{"name":"wp","href":"https:\/\/api.w.org\/{rel}","templated":true}]}}