{"id":125106,"date":"2022-12-01T05:48:59","date_gmt":"2022-12-01T09:48:59","guid":{"rendered":"https:\/\/www.eldiario.net\/portal\/?p=125106"},"modified":"2022-12-01T05:48:59","modified_gmt":"2022-12-01T09:48:59","slug":"vuelve-la-calma","status":"publish","type":"post","link":"https:\/\/www.eldiario.net\/portal\/2022\/12\/01\/vuelve-la-calma\/","title":{"rendered":"Vuelve la calma"},"content":{"rendered":"<p>Despu\u00e9s de 36 de d\u00edas de enfrentamientos en las calles y de cercos a la boliviana, ha retornado la calma en Santa Cruz, sin v\u00edctimas que lamentar. Hubo 36 d\u00edas en que los cruce\u00f1os y cruce\u00f1as ocuparon voluntariamente y con entusiasmo, decenas de rotondas \u201cestrat\u00e9gicas\u201d, en las circunvalaciones principalmente, ante la amenaza de masistas de todo pelaje y h\u00e1lito, que amagaban invadirnos. Todo, por supuesto, fue un amago de guerra, casi como un entrenamiento para lo que pudiera venir. Sin embargo, pese a los 40 grados, dignos de la sala de m\u00e1quinas de un viejo vapor a carb\u00f3n, la gente sali\u00f3 a las calles en defensa de su ciudad y en demanda del Censo de Poblaci\u00f3n y Vivienda, que ya se hab\u00eda pasado de lerdo y que daba la impresi\u00f3n de que al Gobierno no le interesaba realizar hasta que las elecciones del 2025 estuvieran bien cocinadas a favor del MAS.<\/p>\n<p>La poblaci\u00f3n se volc\u00f3 a las plazuelas de manera dispersa para ocupar sus sitios de vigilia, no masivamente como en el multitudinario \u00faltimo cabildo, sino que para defender su barrio de lo que pudiera suceder. Y sucedi\u00f3 menos de lo que se esperaba. Los masistas, alentados por \u201cquintacolumnistas\u201d collas acambados, se hicieron fuertes en el Plan 3.000 y atacaron espor\u00e1dicamente en algunos lugares de la ciudad, siendo rechazados. Pero lo peor, lo m\u00e1s peligroso, fue cuando cercaron las v\u00edas principales de la ciudad capital y del departamento entero. Fue un cerco breve, pero que amenaz\u00f3 con su prop\u00f3sito de perjudicar a la econom\u00eda cruce\u00f1a paralizando sus exportaciones. Hubo la peregrina idea de cercarnos por hambre (Boquer\u00f3n, Leningrado), pero, repetimos, todo en miniatura. Puro amenazadores discursos b\u00e9licos, que a cualquier forastero le habr\u00e1 hecho parar los pelos pensando en la proximidad de un cerco numantino.<\/p>\n<p>Para quienes en el exterior han visto im\u00e1genes de la televisi\u00f3n boliviana, la guerrita en el Plan 3.000 nada ten\u00eda que envidiar a lo que se ve en la guerra de Ucrania. Ruidos atronadores, explosiones que iluminaban el cielo nocturno, cohetazos que parec\u00edan disparos, ulular de ambulancias, angustia por lo que acontec\u00eda. Afortunadamente, al final, los polic\u00edas, defendiendo a los masistas, hab\u00edan ahogado con gases a algunos ciudadanos y a otros les hab\u00edan repartido algunos garrotazos. Finalmente, algunos ojos irritados y chichones.<\/p>\n<p>Lo hermoso fue, sin embargo, el esp\u00edritu solidario y corajudo de los cruce\u00f1os, quienes durante 36 d\u00edas estuvieron al sol, vigilantes, tomando agua y comiendo de ollas comunes. Hubo m\u00fasica en algunas rotondas y mucha charla y chistes sobre la situaci\u00f3n. Y aunque los masistas se quejaban de que algunos borrachos abusaban de los transe\u00fantes, al parecer los borrachos eran ellos mismos, que tomaban coraje para pasar la noche lanzando fuegos artificiales. Una guerra sin h\u00e9roes y con dos fallecidos en m\u00e1s de un mes: uno por ahogarse con los gases lacrim\u00f3genos de la Polic\u00eda y otro por degollarse con una cuerda que no hab\u00eda sido retirada, al pasar en su moto en plena noche.<\/p>\n<p>Finalmente, en vista de que no hab\u00eda soluci\u00f3n que hubiera satisfecho plenamente a ninguno de los dos bandos en pugna, se lleg\u00f3 a un acuerdo dentro del sofisma que manejamos con maestr\u00eda los bolivianos cuando no nos va bien: \u201c<em>sin vencedores ni vencidos<\/em>\u201d. As\u00ed lo plante\u00f3 en el armisticio de 1935 el gobierno boliviano, despu\u00e9s de que los paraguayos nos quitaron m\u00e1s de medio Chaco, pero hicimos como si lo crey\u00e9ramos. Ahora lo hace el centralismo con los cruce\u00f1os. El \u00fanico que no cree en lo de \u201c<em>sin vencedores ni vencidos<\/em>\u201d, es el inefable Evo Morales, odiador de los cambas, que alentaba una guerra de verdad y que ahora est\u00e1 maldiciendo a quienes fumaron la pipa de la paz. Morales ha tratado de detener el entendimiento denunciando que Chuquisaca, Potos\u00ed y Oruro, van a perder parlamentarios y plata si se produce el censo, con lo que demuestra que, por su brillante cerebro, jam\u00e1s pas\u00f3 la idea de hacer un censo, ahora que \u00e9ste podr\u00eda no favorecer sus intenciones de retornar al poder.<\/p>\n<p>Que cada uno piense si hubo vencedores o vencidos como mejor le convenga. En el caso de Santa Cruz, nos interesa saber que Camacho, Calvo y Cu\u00e9llar, cumplieron con su deber sufridamente, que ser\u00e1n objeto de muchas cr\u00edticas tal vez, pero es indudable que obligaron al Gobierno a que, hasta el 2024, entregue los resultados correctos del censo, con la redistribuci\u00f3n actualizada de ingresos econ\u00f3micos y de esca\u00f1os parlamentarios a cada departamento. Suponemos que como resultado del censo tambi\u00e9n contaremos con un nuevo padr\u00f3n electoral que ya no permitir\u00e1 al MAS ganar otra elecci\u00f3n presidencial tramposamente. \u00bfEs suficiente? Creemos que s\u00ed. \u00bfSe ha ganado? Sin duda que se ha ganado. \u00bfSe pudo ganar m\u00e1s? Siempre se puede ganar m\u00e1s. Pero eso de ganar todo lo que hay en juego sobre la mesa o en el campo de batalla solo se da cuando en la otra parte hay una rendici\u00f3n sin condiciones. \u201c<em>Unconditional surrender<\/em>\u201d, dicen los gringos cuando el enemigo est\u00e1 hecho talco, lo que no era el caso por la soledad con la que Santa Cruz enfrent\u00f3 la disputa.<\/p>\n","protected":false},"excerpt":{"rendered":"<p>Despu\u00e9s de 36 de d\u00edas de enfrentamientos en las calles y de cercos a la boliviana, ha retornado la calma en Santa Cruz, sin v\u00edctimas que lamentar. Hubo 36 d\u00edas en que los cruce\u00f1os y cruce\u00f1as ocuparon voluntariamente y con entusiasmo, decenas de rotondas \u201cestrat\u00e9gicas\u201d, en las circunvalaciones principalmente, ante la amenaza de masistas de [&hellip;]<\/p>\n","protected":false},"author":1,"featured_media":3793,"comment_status":"closed","ping_status":"closed","sticky":false,"template":"","format":"standard","meta":{"_acf_changed":false,"footnotes":""},"categories":[9],"tags":[],"class_list":["post-125106","post","type-post","status-publish","format-standard","has-post-thumbnail","category-opinion"],"acf":{"antetitulo":""},"yoast_head":"<!-- This site is optimized with the Yoast SEO plugin v28.3 - https:\/\/yoast.com\/product\/yoast-seo-wordpress\/ -->\n<title>Vuelve la calma - El Diario - Bolivia<\/title>\n<meta name=\"robots\" content=\"index, follow, max-snippet:-1, max-image-preview:large, max-video-preview:-1\" \/>\n<link rel=\"canonical\" href=\"https:\/\/www.eldiario.net\/portal\/2022\/12\/01\/vuelve-la-calma\/\" \/>\n<meta property=\"og:locale\" content=\"es_ES\" \/>\n<meta property=\"og:type\" content=\"article\" \/>\n<meta property=\"og:title\" content=\"Vuelve la calma - El Diario - Bolivia\" \/>\n<meta property=\"og:description\" content=\"Despu\u00e9s de 36 de d\u00edas de enfrentamientos en las calles y de cercos a la boliviana, ha retornado la calma en Santa Cruz, sin v\u00edctimas que lamentar. Hubo 36 d\u00edas en que los cruce\u00f1os y cruce\u00f1as ocuparon voluntariamente y con entusiasmo, decenas de rotondas \u201cestrat\u00e9gicas\u201d, en las circunvalaciones principalmente, ante la amenaza de masistas de [&hellip;]\" \/>\n<meta property=\"og:url\" content=\"https:\/\/www.eldiario.net\/portal\/2022\/12\/01\/vuelve-la-calma\/\" \/>\n<meta property=\"og:site_name\" content=\"El Diario - Bolivia\" \/>\n<meta property=\"article:publisher\" content=\"https:\/\/www.facebook.com\/eldiario.bolivia\/\" \/>\n<meta property=\"article:published_time\" content=\"2022-12-01T09:48:59+00:00\" \/>\n<meta property=\"og:image\" content=\"https:\/\/www.eldiario.net\/portal\/wp-content\/uploads\/2021\/05\/Manfredo-Kempff-Suarez-1.jpg\" \/>\n\t<meta property=\"og:image:width\" content=\"1200\" \/>\n\t<meta property=\"og:image:height\" content=\"628\" \/>\n\t<meta property=\"og:image:type\" content=\"image\/jpeg\" \/>\n<meta name=\"author\" content=\"Jeanette\" \/>\n<meta name=\"twitter:card\" content=\"summary_large_image\" \/>\n<meta name=\"twitter:creator\" content=\"@eldiario_net\" \/>\n<meta name=\"twitter:site\" content=\"@eldiario_net\" \/>\n<meta name=\"twitter:label1\" content=\"Escrito por\" \/>\n\t<meta name=\"twitter:data1\" content=\"Jeanette\" \/>\n\t<meta name=\"twitter:label2\" content=\"Tiempo de lectura\" \/>\n\t<meta name=\"twitter:data2\" content=\"4 minutos\" \/>\n<script type=\"application\/ld+json\" class=\"yoast-schema-graph\">{\"@context\":\"https:\\\/\\\/schema.org\",\"@graph\":[{\"@type\":\"Article\",\"@id\":\"https:\\\/\\\/www.eldiario.net\\\/portal\\\/2022\\\/12\\\/01\\\/vuelve-la-calma\\\/#article\",\"isPartOf\":{\"@id\":\"https:\\\/\\\/www.eldiario.net\\\/portal\\\/2022\\\/12\\\/01\\\/vuelve-la-calma\\\/\"},\"author\":{\"name\":\"Jeanette\",\"@id\":\"https:\\\/\\\/www.eldiario.net\\\/portal\\\/#\\\/schema\\\/person\\\/f46445640444750d7d753ccd04ae01b7\"},\"headline\":\"Vuelve la calma\",\"datePublished\":\"2022-12-01T09:48:59+00:00\",\"mainEntityOfPage\":{\"@id\":\"https:\\\/\\\/www.eldiario.net\\\/portal\\\/2022\\\/12\\\/01\\\/vuelve-la-calma\\\/\"},\"wordCount\":899,\"publisher\":{\"@id\":\"https:\\\/\\\/www.eldiario.net\\\/portal\\\/#organization\"},\"image\":{\"@id\":\"https:\\\/\\\/www.eldiario.net\\\/portal\\\/2022\\\/12\\\/01\\\/vuelve-la-calma\\\/#primaryimage\"},\"thumbnailUrl\":\"https:\\\/\\\/www.eldiario.net\\\/portal\\\/wp-content\\\/uploads\\\/2021\\\/05\\\/Manfredo-Kempff-Suarez-1.jpg\",\"articleSection\":[\"Opini\u00f3n\"],\"inLanguage\":\"es\"},{\"@type\":\"WebPage\",\"@id\":\"https:\\\/\\\/www.eldiario.net\\\/portal\\\/2022\\\/12\\\/01\\\/vuelve-la-calma\\\/\",\"url\":\"https:\\\/\\\/www.eldiario.net\\\/portal\\\/2022\\\/12\\\/01\\\/vuelve-la-calma\\\/\",\"name\":\"Vuelve la calma - El Diario - Bolivia\",\"isPartOf\":{\"@id\":\"https:\\\/\\\/www.eldiario.net\\\/portal\\\/#website\"},\"primaryImageOfPage\":{\"@id\":\"https:\\\/\\\/www.eldiario.net\\\/portal\\\/2022\\\/12\\\/01\\\/vuelve-la-calma\\\/#primaryimage\"},\"image\":{\"@id\":\"https:\\\/\\\/www.eldiario.net\\\/portal\\\/2022\\\/12\\\/01\\\/vuelve-la-calma\\\/#primaryimage\"},\"thumbnailUrl\":\"https:\\\/\\\/www.eldiario.net\\\/portal\\\/wp-content\\\/uploads\\\/2021\\\/05\\\/Manfredo-Kempff-Suarez-1.jpg\",\"datePublished\":\"2022-12-01T09:48:59+00:00\",\"breadcrumb\":{\"@id\":\"https:\\\/\\\/www.eldiario.net\\\/portal\\\/2022\\\/12\\\/01\\\/vuelve-la-calma\\\/#breadcrumb\"},\"inLanguage\":\"es\",\"potentialAction\":[{\"@type\":\"ReadAction\",\"target\":[\"https:\\\/\\\/www.eldiario.net\\\/portal\\\/2022\\\/12\\\/01\\\/vuelve-la-calma\\\/\"]}]},{\"@type\":\"ImageObject\",\"inLanguage\":\"es\",\"@id\":\"https:\\\/\\\/www.eldiario.net\\\/portal\\\/2022\\\/12\\\/01\\\/vuelve-la-calma\\\/#primaryimage\",\"url\":\"https:\\\/\\\/www.eldiario.net\\\/portal\\\/wp-content\\\/uploads\\\/2021\\\/05\\\/Manfredo-Kempff-Suarez-1.jpg\",\"contentUrl\":\"https:\\\/\\\/www.eldiario.net\\\/portal\\\/wp-content\\\/uploads\\\/2021\\\/05\\\/Manfredo-Kempff-Suarez-1.jpg\",\"width\":1200,\"height\":628},{\"@type\":\"BreadcrumbList\",\"@id\":\"https:\\\/\\\/www.eldiario.net\\\/portal\\\/2022\\\/12\\\/01\\\/vuelve-la-calma\\\/#breadcrumb\",\"itemListElement\":[{\"@type\":\"ListItem\",\"position\":1,\"name\":\"Portada\",\"item\":\"https:\\\/\\\/www.eldiario.net\\\/portal\\\/\"},{\"@type\":\"ListItem\",\"position\":2,\"name\":\"Vuelve la calma\"}]},{\"@type\":\"WebSite\",\"@id\":\"https:\\\/\\\/www.eldiario.net\\\/portal\\\/#website\",\"url\":\"https:\\\/\\\/www.eldiario.net\\\/portal\\\/\",\"name\":\"El Diario - Decano de la prensa nacional\",\"description\":\"El Diario - Decano de la prensa nacional\",\"publisher\":{\"@id\":\"https:\\\/\\\/www.eldiario.net\\\/portal\\\/#organization\"},\"potentialAction\":[{\"@type\":\"SearchAction\",\"target\":{\"@type\":\"EntryPoint\",\"urlTemplate\":\"https:\\\/\\\/www.eldiario.net\\\/portal\\\/?s={search_term_string}\"},\"query-input\":{\"@type\":\"PropertyValueSpecification\",\"valueRequired\":true,\"valueName\":\"search_term_string\"}}],\"inLanguage\":\"es\"},{\"@type\":\"Organization\",\"@id\":\"https:\\\/\\\/www.eldiario.net\\\/portal\\\/#organization\",\"name\":\"El Diario - Decano de la prensa nacional\",\"url\":\"https:\\\/\\\/www.eldiario.net\\\/portal\\\/\",\"logo\":{\"@type\":\"ImageObject\",\"inLanguage\":\"es\",\"@id\":\"https:\\\/\\\/www.eldiario.net\\\/portal\\\/#\\\/schema\\\/logo\\\/image\\\/\",\"url\":\"https:\\\/\\\/www.eldiario.net\\\/portal\\\/wp-content\\\/uploads\\\/2023\\\/07\\\/logo_ED.jpg\",\"contentUrl\":\"https:\\\/\\\/www.eldiario.net\\\/portal\\\/wp-content\\\/uploads\\\/2023\\\/07\\\/logo_ED.jpg\",\"width\":272,\"height\":52,\"caption\":\"El Diario - Decano de la prensa nacional\"},\"image\":{\"@id\":\"https:\\\/\\\/www.eldiario.net\\\/portal\\\/#\\\/schema\\\/logo\\\/image\\\/\"},\"sameAs\":[\"https:\\\/\\\/www.facebook.com\\\/eldiario.bolivia\\\/\",\"https:\\\/\\\/x.com\\\/eldiario_net\"]},{\"@type\":\"Person\",\"@id\":\"https:\\\/\\\/www.eldiario.net\\\/portal\\\/#\\\/schema\\\/person\\\/f46445640444750d7d753ccd04ae01b7\",\"name\":\"Jeanette\",\"image\":{\"@type\":\"ImageObject\",\"inLanguage\":\"es\",\"@id\":\"https:\\\/\\\/secure.gravatar.com\\\/avatar\\\/3ea2118a5f7dad2b7138b1187a6b7ee55f160b9968b66013c3a3ef39dd7e5798?s=96&d=mm&r=g\",\"url\":\"https:\\\/\\\/secure.gravatar.com\\\/avatar\\\/3ea2118a5f7dad2b7138b1187a6b7ee55f160b9968b66013c3a3ef39dd7e5798?s=96&d=mm&r=g\",\"contentUrl\":\"https:\\\/\\\/secure.gravatar.com\\\/avatar\\\/3ea2118a5f7dad2b7138b1187a6b7ee55f160b9968b66013c3a3ef39dd7e5798?s=96&d=mm&r=g\",\"caption\":\"Jeanette\"},\"sameAs\":[\"https:\\\/\\\/www.eldiario.net\\\/portal\"],\"url\":\"https:\\\/\\\/www.eldiario.net\\\/portal\\\/author\\\/jeanette\\\/\"}]}<\/script>\n<!-- \/ Yoast SEO plugin. -->","yoast_head_json":{"title":"Vuelve la calma - El Diario - Bolivia","robots":{"index":"index","follow":"follow","max-snippet":"max-snippet:-1","max-image-preview":"max-image-preview:large","max-video-preview":"max-video-preview:-1"},"canonical":"https:\/\/www.eldiario.net\/portal\/2022\/12\/01\/vuelve-la-calma\/","og_locale":"es_ES","og_type":"article","og_title":"Vuelve la calma - El Diario - Bolivia","og_description":"Despu\u00e9s de 36 de d\u00edas de enfrentamientos en las calles y de cercos a la boliviana, ha retornado la calma en Santa Cruz, sin v\u00edctimas que lamentar. Hubo 36 d\u00edas en que los cruce\u00f1os y cruce\u00f1as ocuparon voluntariamente y con entusiasmo, decenas de rotondas \u201cestrat\u00e9gicas\u201d, en las circunvalaciones principalmente, ante la amenaza de masistas de [&hellip;]","og_url":"https:\/\/www.eldiario.net\/portal\/2022\/12\/01\/vuelve-la-calma\/","og_site_name":"El Diario - Bolivia","article_publisher":"https:\/\/www.facebook.com\/eldiario.bolivia\/","article_published_time":"2022-12-01T09:48:59+00:00","og_image":[{"width":1200,"height":628,"url":"https:\/\/www.eldiario.net\/portal\/wp-content\/uploads\/2021\/05\/Manfredo-Kempff-Suarez-1.jpg","type":"image\/jpeg"}],"author":"Jeanette","twitter_card":"summary_large_image","twitter_creator":"@eldiario_net","twitter_site":"@eldiario_net","twitter_misc":{"Escrito por":"Jeanette","Tiempo de lectura":"4 minutos"},"schema":{"@context":"https:\/\/schema.org","@graph":[{"@type":"Article","@id":"https:\/\/www.eldiario.net\/portal\/2022\/12\/01\/vuelve-la-calma\/#article","isPartOf":{"@id":"https:\/\/www.eldiario.net\/portal\/2022\/12\/01\/vuelve-la-calma\/"},"author":{"name":"Jeanette","@id":"https:\/\/www.eldiario.net\/portal\/#\/schema\/person\/f46445640444750d7d753ccd04ae01b7"},"headline":"Vuelve la calma","datePublished":"2022-12-01T09:48:59+00:00","mainEntityOfPage":{"@id":"https:\/\/www.eldiario.net\/portal\/2022\/12\/01\/vuelve-la-calma\/"},"wordCount":899,"publisher":{"@id":"https:\/\/www.eldiario.net\/portal\/#organization"},"image":{"@id":"https:\/\/www.eldiario.net\/portal\/2022\/12\/01\/vuelve-la-calma\/#primaryimage"},"thumbnailUrl":"https:\/\/www.eldiario.net\/portal\/wp-content\/uploads\/2021\/05\/Manfredo-Kempff-Suarez-1.jpg","articleSection":["Opini\u00f3n"],"inLanguage":"es"},{"@type":"WebPage","@id":"https:\/\/www.eldiario.net\/portal\/2022\/12\/01\/vuelve-la-calma\/","url":"https:\/\/www.eldiario.net\/portal\/2022\/12\/01\/vuelve-la-calma\/","name":"Vuelve la calma - El Diario - Bolivia","isPartOf":{"@id":"https:\/\/www.eldiario.net\/portal\/#website"},"primaryImageOfPage":{"@id":"https:\/\/www.eldiario.net\/portal\/2022\/12\/01\/vuelve-la-calma\/#primaryimage"},"image":{"@id":"https:\/\/www.eldiario.net\/portal\/2022\/12\/01\/vuelve-la-calma\/#primaryimage"},"thumbnailUrl":"https:\/\/www.eldiario.net\/portal\/wp-content\/uploads\/2021\/05\/Manfredo-Kempff-Suarez-1.jpg","datePublished":"2022-12-01T09:48:59+00:00","breadcrumb":{"@id":"https:\/\/www.eldiario.net\/portal\/2022\/12\/01\/vuelve-la-calma\/#breadcrumb"},"inLanguage":"es","potentialAction":[{"@type":"ReadAction","target":["https:\/\/www.eldiario.net\/portal\/2022\/12\/01\/vuelve-la-calma\/"]}]},{"@type":"ImageObject","inLanguage":"es","@id":"https:\/\/www.eldiario.net\/portal\/2022\/12\/01\/vuelve-la-calma\/#primaryimage","url":"https:\/\/www.eldiario.net\/portal\/wp-content\/uploads\/2021\/05\/Manfredo-Kempff-Suarez-1.jpg","contentUrl":"https:\/\/www.eldiario.net\/portal\/wp-content\/uploads\/2021\/05\/Manfredo-Kempff-Suarez-1.jpg","width":1200,"height":628},{"@type":"BreadcrumbList","@id":"https:\/\/www.eldiario.net\/portal\/2022\/12\/01\/vuelve-la-calma\/#breadcrumb","itemListElement":[{"@type":"ListItem","position":1,"name":"Portada","item":"https:\/\/www.eldiario.net\/portal\/"},{"@type":"ListItem","position":2,"name":"Vuelve la calma"}]},{"@type":"WebSite","@id":"https:\/\/www.eldiario.net\/portal\/#website","url":"https:\/\/www.eldiario.net\/portal\/","name":"El Diario - Decano de la prensa nacional","description":"El Diario - Decano de la prensa nacional","publisher":{"@id":"https:\/\/www.eldiario.net\/portal\/#organization"},"potentialAction":[{"@type":"SearchAction","target":{"@type":"EntryPoint","urlTemplate":"https:\/\/www.eldiario.net\/portal\/?s={search_term_string}"},"query-input":{"@type":"PropertyValueSpecification","valueRequired":true,"valueName":"search_term_string"}}],"inLanguage":"es"},{"@type":"Organization","@id":"https:\/\/www.eldiario.net\/portal\/#organization","name":"El Diario - Decano de la prensa nacional","url":"https:\/\/www.eldiario.net\/portal\/","logo":{"@type":"ImageObject","inLanguage":"es","@id":"https:\/\/www.eldiario.net\/portal\/#\/schema\/logo\/image\/","url":"https:\/\/www.eldiario.net\/portal\/wp-content\/uploads\/2023\/07\/logo_ED.jpg","contentUrl":"https:\/\/www.eldiario.net\/portal\/wp-content\/uploads\/2023\/07\/logo_ED.jpg","width":272,"height":52,"caption":"El Diario - Decano de la prensa nacional"},"image":{"@id":"https:\/\/www.eldiario.net\/portal\/#\/schema\/logo\/image\/"},"sameAs":["https:\/\/www.facebook.com\/eldiario.bolivia\/","https:\/\/x.com\/eldiario_net"]},{"@type":"Person","@id":"https:\/\/www.eldiario.net\/portal\/#\/schema\/person\/f46445640444750d7d753ccd04ae01b7","name":"Jeanette","image":{"@type":"ImageObject","inLanguage":"es","@id":"https:\/\/secure.gravatar.com\/avatar\/3ea2118a5f7dad2b7138b1187a6b7ee55f160b9968b66013c3a3ef39dd7e5798?s=96&d=mm&r=g","url":"https:\/\/secure.gravatar.com\/avatar\/3ea2118a5f7dad2b7138b1187a6b7ee55f160b9968b66013c3a3ef39dd7e5798?s=96&d=mm&r=g","contentUrl":"https:\/\/secure.gravatar.com\/avatar\/3ea2118a5f7dad2b7138b1187a6b7ee55f160b9968b66013c3a3ef39dd7e5798?s=96&d=mm&r=g","caption":"Jeanette"},"sameAs":["https:\/\/www.eldiario.net\/portal"],"url":"https:\/\/www.eldiario.net\/portal\/author\/jeanette\/"}]}},"_links":{"self":[{"href":"https:\/\/www.eldiario.net\/portal\/wp-json\/wp\/v2\/posts\/125106","targetHints":{"allow":["GET"]}}],"collection":[{"href":"https:\/\/www.eldiario.net\/portal\/wp-json\/wp\/v2\/posts"}],"about":[{"href":"https:\/\/www.eldiario.net\/portal\/wp-json\/wp\/v2\/types\/post"}],"author":[{"embeddable":true,"href":"https:\/\/www.eldiario.net\/portal\/wp-json\/wp\/v2\/users\/1"}],"replies":[{"embeddable":true,"href":"https:\/\/www.eldiario.net\/portal\/wp-json\/wp\/v2\/comments?post=125106"}],"version-history":[{"count":0,"href":"https:\/\/www.eldiario.net\/portal\/wp-json\/wp\/v2\/posts\/125106\/revisions"}],"wp:featuredmedia":[{"embeddable":true,"href":"https:\/\/www.eldiario.net\/portal\/wp-json\/wp\/v2\/media\/3793"}],"wp:attachment":[{"href":"https:\/\/www.eldiario.net\/portal\/wp-json\/wp\/v2\/media?parent=125106"}],"wp:term":[{"taxonomy":"category","embeddable":true,"href":"https:\/\/www.eldiario.net\/portal\/wp-json\/wp\/v2\/categories?post=125106"},{"taxonomy":"post_tag","embeddable":true,"href":"https:\/\/www.eldiario.net\/portal\/wp-json\/wp\/v2\/tags?post=125106"}],"curies":[{"name":"wp","href":"https:\/\/api.w.org\/{rel}","templated":true}]}}