{"id":12432,"date":"2021-06-24T06:34:02","date_gmt":"2021-06-24T10:34:02","guid":{"rendered":"https:\/\/www.eldiario.net\/portal\/?p=12432"},"modified":"2021-06-24T06:34:02","modified_gmt":"2021-06-24T10:34:02","slug":"presentaron-aplicaciones-que-buscan-fortalecer-la-seguridad-ciudadana","status":"publish","type":"post","link":"https:\/\/www.eldiario.net\/portal\/2021\/06\/24\/presentaron-aplicaciones-que-buscan-fortalecer-la-seguridad-ciudadana\/","title":{"rendered":"Presentaron aplicaciones que buscan  fortalecer la seguridad ciudadana"},"content":{"rendered":"<p>Tres aplicaciones m\u00f3viles que buscan coadyuvar con el fortalecimiento de la seguridad ciudadana, mismas se enmarcan en la implementaci\u00f3n del plan Mi Barrio Seguro fueron presentadas este mi\u00e9rcoles por autoridades de Gobierno y policiales.<\/p>\n<p>La primera herramienta tecnol\u00f3gica se denomina \u201cBolivia Denuncia\u201d, aplicaci\u00f3n que permitir\u00e1 realizar denuncias a tiempo real desde cualquier punto geogr\u00e1fico del pa\u00eds, sea una zona, un barrio o un domicilio particular. Esta aplicaci\u00f3n se encuentra disponible en la plataforma de PlayStore, para su uso solo se requiere registrar los datos personales del denunciante, una descripci\u00f3n detallada de la denuncia y con ello la polic\u00eda evaluar\u00e1 y dar\u00e1 respuesta al requerimiento.<\/p>\n<p>La segunda aplicaci\u00f3n es la de \u201cObjetos Recuperados\u201d, cuyo objetivo es el de recobrar pertenencias que fueron denunciadas como robadas, desde muebles hasta celulares. La misma tambi\u00e9n se halla en PlayStore y cuenta con un buscador donde se podr\u00e1n especificar las caracter\u00edsticas del objeto robado y el lugar de donde se lo sustrajo.<\/p>\n<p>Los objetos recuperados ser\u00e1n expuestos en una base de datos para que las personas puedan reconocerlos y posteriormente reclamarlos a las autoridades. Esta aplicaci\u00f3n se ir\u00e1 actualizando constantemente acorde al trabajo que realice la Fuerza Especial de Lucha Contra el Crimen (FELCC), recuperando pertenencias robadas y se necesitar\u00e1 presentar alg\u00fan documento que certifique la pertenencia para su devoluci\u00f3n por parte de las autoridades.<\/p>\n<p>La aplicaci\u00f3n tercera se la denomina \u201cMi Veh\u00edculo\u201d, es similar a la anterior solo que se centra en el robo y recuperaci\u00f3n de automotores. Esta aplicaci\u00f3n servir\u00e1 para exponer todos los veh\u00edculos recuperados por la Polic\u00eda Boliviana, muchos de ellos denunciados por robo, para que posteriormente los propietarios puedan recuperarlos.<\/p>\n<p>Esta herramienta tecnol\u00f3gica cuenta con un buscador donde se podr\u00e1 determinar si el veh\u00edculo fue recuperado por la polic\u00eda. Asimismo, se podr\u00e1n especificar las caracter\u00edsticas del automotor para lograr identificarlo y en caso de que se encuentre en posesi\u00f3n de las autoridades el due\u00f1o podr\u00e1 recuperarlo en Diprove.<\/p>\n","protected":false},"excerpt":{"rendered":"<p>Tres aplicaciones m\u00f3viles que buscan coadyuvar con el fortalecimiento de la seguridad ciudadana, mismas se enmarcan en la implementaci\u00f3n del plan Mi Barrio Seguro fueron presentadas este mi\u00e9rcoles por autoridades de Gobierno y policiales. La primera herramienta tecnol\u00f3gica se denomina \u201cBolivia Denuncia\u201d, aplicaci\u00f3n que permitir\u00e1 realizar denuncias a tiempo real desde cualquier punto geogr\u00e1fico del [&hellip;]<\/p>\n","protected":false},"author":1,"featured_media":12433,"comment_status":"closed","ping_status":"closed","sticky":false,"template":"","format":"standard","meta":{"_acf_changed":false,"footnotes":""},"categories":[39],"tags":[],"class_list":["post-12432","post","type-post","status-publish","format-standard","has-post-thumbnail","category-sociedad"],"acf":{"antetitulo":""},"yoast_head":"<!-- This site is optimized with the Yoast SEO plugin v28.4 - https:\/\/yoast.com\/product\/yoast-seo-wordpress\/ -->\n<title>Presentaron aplicaciones que buscan fortalecer la seguridad ciudadana - El Diario - Bolivia<\/title>\n<meta name=\"robots\" content=\"index, follow, max-snippet:-1, max-image-preview:large, max-video-preview:-1\" \/>\n<link rel=\"canonical\" href=\"https:\/\/www.eldiario.net\/portal\/2021\/06\/24\/presentaron-aplicaciones-que-buscan-fortalecer-la-seguridad-ciudadana\/\" \/>\n<meta property=\"og:locale\" content=\"es_ES\" \/>\n<meta property=\"og:type\" content=\"article\" \/>\n<meta property=\"og:title\" content=\"Presentaron aplicaciones que buscan fortalecer la seguridad ciudadana - El Diario - Bolivia\" \/>\n<meta property=\"og:description\" content=\"Tres aplicaciones m\u00f3viles que buscan coadyuvar con el fortalecimiento de la seguridad ciudadana, mismas se enmarcan en la implementaci\u00f3n del plan Mi Barrio Seguro fueron presentadas este mi\u00e9rcoles por autoridades de Gobierno y policiales. La primera herramienta tecnol\u00f3gica se denomina \u201cBolivia Denuncia\u201d, aplicaci\u00f3n que permitir\u00e1 realizar denuncias a tiempo real desde cualquier punto geogr\u00e1fico del [&hellip;]\" \/>\n<meta property=\"og:url\" content=\"https:\/\/www.eldiario.net\/portal\/2021\/06\/24\/presentaron-aplicaciones-que-buscan-fortalecer-la-seguridad-ciudadana\/\" \/>\n<meta property=\"og:site_name\" content=\"El Diario - Bolivia\" \/>\n<meta property=\"article:publisher\" content=\"https:\/\/www.facebook.com\/eldiario.bolivia\/\" \/>\n<meta property=\"article:published_time\" content=\"2021-06-24T10:34:02+00:00\" \/>\n<meta name=\"author\" content=\"Jeanette\" \/>\n<meta name=\"twitter:card\" content=\"summary_large_image\" \/>\n<meta name=\"twitter:creator\" content=\"@eldiario_net\" \/>\n<meta name=\"twitter:site\" content=\"@eldiario_net\" \/>\n<meta name=\"twitter:label1\" content=\"Escrito por\" \/>\n\t<meta name=\"twitter:data1\" content=\"Jeanette\" \/>\n\t<meta name=\"twitter:label2\" content=\"Tiempo de lectura\" \/>\n\t<meta name=\"twitter:data2\" content=\"2 minutos\" \/>\n<script type=\"application\/ld+json\" class=\"yoast-schema-graph\">{\"@context\":\"https:\\\/\\\/schema.org\",\"@graph\":[{\"@type\":\"Article\",\"@id\":\"https:\\\/\\\/www.eldiario.net\\\/portal\\\/2021\\\/06\\\/24\\\/presentaron-aplicaciones-que-buscan-fortalecer-la-seguridad-ciudadana\\\/#article\",\"isPartOf\":{\"@id\":\"https:\\\/\\\/www.eldiario.net\\\/portal\\\/2021\\\/06\\\/24\\\/presentaron-aplicaciones-que-buscan-fortalecer-la-seguridad-ciudadana\\\/\"},\"author\":{\"name\":\"Jeanette\",\"@id\":\"https:\\\/\\\/www.eldiario.net\\\/portal\\\/#\\\/schema\\\/person\\\/f46445640444750d7d753ccd04ae01b7\"},\"headline\":\"Presentaron aplicaciones que buscan fortalecer la seguridad ciudadana\",\"datePublished\":\"2021-06-24T10:34:02+00:00\",\"mainEntityOfPage\":{\"@id\":\"https:\\\/\\\/www.eldiario.net\\\/portal\\\/2021\\\/06\\\/24\\\/presentaron-aplicaciones-que-buscan-fortalecer-la-seguridad-ciudadana\\\/\"},\"wordCount\":357,\"publisher\":{\"@id\":\"https:\\\/\\\/www.eldiario.net\\\/portal\\\/#organization\"},\"image\":{\"@id\":\"https:\\\/\\\/www.eldiario.net\\\/portal\\\/2021\\\/06\\\/24\\\/presentaron-aplicaciones-que-buscan-fortalecer-la-seguridad-ciudadana\\\/#primaryimage\"},\"thumbnailUrl\":\"\",\"articleSection\":[\"Sociedad - Seguridad\"],\"inLanguage\":\"es\"},{\"@type\":\"WebPage\",\"@id\":\"https:\\\/\\\/www.eldiario.net\\\/portal\\\/2021\\\/06\\\/24\\\/presentaron-aplicaciones-que-buscan-fortalecer-la-seguridad-ciudadana\\\/\",\"url\":\"https:\\\/\\\/www.eldiario.net\\\/portal\\\/2021\\\/06\\\/24\\\/presentaron-aplicaciones-que-buscan-fortalecer-la-seguridad-ciudadana\\\/\",\"name\":\"Presentaron aplicaciones que buscan fortalecer la seguridad ciudadana - El Diario - Bolivia\",\"isPartOf\":{\"@id\":\"https:\\\/\\\/www.eldiario.net\\\/portal\\\/#website\"},\"primaryImageOfPage\":{\"@id\":\"https:\\\/\\\/www.eldiario.net\\\/portal\\\/2021\\\/06\\\/24\\\/presentaron-aplicaciones-que-buscan-fortalecer-la-seguridad-ciudadana\\\/#primaryimage\"},\"image\":{\"@id\":\"https:\\\/\\\/www.eldiario.net\\\/portal\\\/2021\\\/06\\\/24\\\/presentaron-aplicaciones-que-buscan-fortalecer-la-seguridad-ciudadana\\\/#primaryimage\"},\"thumbnailUrl\":\"\",\"datePublished\":\"2021-06-24T10:34:02+00:00\",\"breadcrumb\":{\"@id\":\"https:\\\/\\\/www.eldiario.net\\\/portal\\\/2021\\\/06\\\/24\\\/presentaron-aplicaciones-que-buscan-fortalecer-la-seguridad-ciudadana\\\/#breadcrumb\"},\"inLanguage\":\"es\",\"potentialAction\":[{\"@type\":\"ReadAction\",\"target\":[\"https:\\\/\\\/www.eldiario.net\\\/portal\\\/2021\\\/06\\\/24\\\/presentaron-aplicaciones-que-buscan-fortalecer-la-seguridad-ciudadana\\\/\"]}]},{\"@type\":\"ImageObject\",\"inLanguage\":\"es\",\"@id\":\"https:\\\/\\\/www.eldiario.net\\\/portal\\\/2021\\\/06\\\/24\\\/presentaron-aplicaciones-que-buscan-fortalecer-la-seguridad-ciudadana\\\/#primaryimage\",\"url\":\"\",\"contentUrl\":\"\"},{\"@type\":\"BreadcrumbList\",\"@id\":\"https:\\\/\\\/www.eldiario.net\\\/portal\\\/2021\\\/06\\\/24\\\/presentaron-aplicaciones-que-buscan-fortalecer-la-seguridad-ciudadana\\\/#breadcrumb\",\"itemListElement\":[{\"@type\":\"ListItem\",\"position\":1,\"name\":\"Portada\",\"item\":\"https:\\\/\\\/www.eldiario.net\\\/portal\\\/\"},{\"@type\":\"ListItem\",\"position\":2,\"name\":\"Presentaron aplicaciones que buscan fortalecer la seguridad ciudadana\"}]},{\"@type\":\"WebSite\",\"@id\":\"https:\\\/\\\/www.eldiario.net\\\/portal\\\/#website\",\"url\":\"https:\\\/\\\/www.eldiario.net\\\/portal\\\/\",\"name\":\"El Diario - Decano de la prensa nacional\",\"description\":\"El Diario - Decano de la prensa nacional\",\"publisher\":{\"@id\":\"https:\\\/\\\/www.eldiario.net\\\/portal\\\/#organization\"},\"potentialAction\":[{\"@type\":\"SearchAction\",\"target\":{\"@type\":\"EntryPoint\",\"urlTemplate\":\"https:\\\/\\\/www.eldiario.net\\\/portal\\\/?s={search_term_string}\"},\"query-input\":{\"@type\":\"PropertyValueSpecification\",\"valueRequired\":true,\"valueName\":\"search_term_string\"}}],\"inLanguage\":\"es\"},{\"@type\":\"Organization\",\"@id\":\"https:\\\/\\\/www.eldiario.net\\\/portal\\\/#organization\",\"name\":\"El Diario - Decano de la prensa nacional\",\"url\":\"https:\\\/\\\/www.eldiario.net\\\/portal\\\/\",\"logo\":{\"@type\":\"ImageObject\",\"inLanguage\":\"es\",\"@id\":\"https:\\\/\\\/www.eldiario.net\\\/portal\\\/#\\\/schema\\\/logo\\\/image\\\/\",\"url\":\"https:\\\/\\\/www.eldiario.net\\\/portal\\\/wp-content\\\/uploads\\\/2023\\\/07\\\/logo_ED.jpg\",\"contentUrl\":\"https:\\\/\\\/www.eldiario.net\\\/portal\\\/wp-content\\\/uploads\\\/2023\\\/07\\\/logo_ED.jpg\",\"width\":272,\"height\":52,\"caption\":\"El Diario - Decano de la prensa nacional\"},\"image\":{\"@id\":\"https:\\\/\\\/www.eldiario.net\\\/portal\\\/#\\\/schema\\\/logo\\\/image\\\/\"},\"sameAs\":[\"https:\\\/\\\/www.facebook.com\\\/eldiario.bolivia\\\/\",\"https:\\\/\\\/x.com\\\/eldiario_net\"]},{\"@type\":\"Person\",\"@id\":\"https:\\\/\\\/www.eldiario.net\\\/portal\\\/#\\\/schema\\\/person\\\/f46445640444750d7d753ccd04ae01b7\",\"name\":\"Jeanette\",\"image\":{\"@type\":\"ImageObject\",\"inLanguage\":\"es\",\"@id\":\"https:\\\/\\\/secure.gravatar.com\\\/avatar\\\/3ea2118a5f7dad2b7138b1187a6b7ee55f160b9968b66013c3a3ef39dd7e5798?s=96&d=mm&r=g\",\"url\":\"https:\\\/\\\/secure.gravatar.com\\\/avatar\\\/3ea2118a5f7dad2b7138b1187a6b7ee55f160b9968b66013c3a3ef39dd7e5798?s=96&d=mm&r=g\",\"contentUrl\":\"https:\\\/\\\/secure.gravatar.com\\\/avatar\\\/3ea2118a5f7dad2b7138b1187a6b7ee55f160b9968b66013c3a3ef39dd7e5798?s=96&d=mm&r=g\",\"caption\":\"Jeanette\"},\"sameAs\":[\"https:\\\/\\\/www.eldiario.net\\\/portal\"],\"url\":\"https:\\\/\\\/www.eldiario.net\\\/portal\\\/author\\\/jeanette\\\/\"}]}<\/script>\n<!-- \/ Yoast SEO plugin. -->","yoast_head_json":{"title":"Presentaron aplicaciones que buscan fortalecer la seguridad ciudadana - El Diario - Bolivia","robots":{"index":"index","follow":"follow","max-snippet":"max-snippet:-1","max-image-preview":"max-image-preview:large","max-video-preview":"max-video-preview:-1"},"canonical":"https:\/\/www.eldiario.net\/portal\/2021\/06\/24\/presentaron-aplicaciones-que-buscan-fortalecer-la-seguridad-ciudadana\/","og_locale":"es_ES","og_type":"article","og_title":"Presentaron aplicaciones que buscan fortalecer la seguridad ciudadana - El Diario - Bolivia","og_description":"Tres aplicaciones m\u00f3viles que buscan coadyuvar con el fortalecimiento de la seguridad ciudadana, mismas se enmarcan en la implementaci\u00f3n del plan Mi Barrio Seguro fueron presentadas este mi\u00e9rcoles por autoridades de Gobierno y policiales. La primera herramienta tecnol\u00f3gica se denomina \u201cBolivia Denuncia\u201d, aplicaci\u00f3n que permitir\u00e1 realizar denuncias a tiempo real desde cualquier punto geogr\u00e1fico del [&hellip;]","og_url":"https:\/\/www.eldiario.net\/portal\/2021\/06\/24\/presentaron-aplicaciones-que-buscan-fortalecer-la-seguridad-ciudadana\/","og_site_name":"El Diario - Bolivia","article_publisher":"https:\/\/www.facebook.com\/eldiario.bolivia\/","article_published_time":"2021-06-24T10:34:02+00:00","author":"Jeanette","twitter_card":"summary_large_image","twitter_creator":"@eldiario_net","twitter_site":"@eldiario_net","twitter_misc":{"Escrito por":"Jeanette","Tiempo de lectura":"2 minutos"},"schema":{"@context":"https:\/\/schema.org","@graph":[{"@type":"Article","@id":"https:\/\/www.eldiario.net\/portal\/2021\/06\/24\/presentaron-aplicaciones-que-buscan-fortalecer-la-seguridad-ciudadana\/#article","isPartOf":{"@id":"https:\/\/www.eldiario.net\/portal\/2021\/06\/24\/presentaron-aplicaciones-que-buscan-fortalecer-la-seguridad-ciudadana\/"},"author":{"name":"Jeanette","@id":"https:\/\/www.eldiario.net\/portal\/#\/schema\/person\/f46445640444750d7d753ccd04ae01b7"},"headline":"Presentaron aplicaciones que buscan fortalecer la seguridad ciudadana","datePublished":"2021-06-24T10:34:02+00:00","mainEntityOfPage":{"@id":"https:\/\/www.eldiario.net\/portal\/2021\/06\/24\/presentaron-aplicaciones-que-buscan-fortalecer-la-seguridad-ciudadana\/"},"wordCount":357,"publisher":{"@id":"https:\/\/www.eldiario.net\/portal\/#organization"},"image":{"@id":"https:\/\/www.eldiario.net\/portal\/2021\/06\/24\/presentaron-aplicaciones-que-buscan-fortalecer-la-seguridad-ciudadana\/#primaryimage"},"thumbnailUrl":"","articleSection":["Sociedad - Seguridad"],"inLanguage":"es"},{"@type":"WebPage","@id":"https:\/\/www.eldiario.net\/portal\/2021\/06\/24\/presentaron-aplicaciones-que-buscan-fortalecer-la-seguridad-ciudadana\/","url":"https:\/\/www.eldiario.net\/portal\/2021\/06\/24\/presentaron-aplicaciones-que-buscan-fortalecer-la-seguridad-ciudadana\/","name":"Presentaron aplicaciones que buscan fortalecer la seguridad ciudadana - El Diario - Bolivia","isPartOf":{"@id":"https:\/\/www.eldiario.net\/portal\/#website"},"primaryImageOfPage":{"@id":"https:\/\/www.eldiario.net\/portal\/2021\/06\/24\/presentaron-aplicaciones-que-buscan-fortalecer-la-seguridad-ciudadana\/#primaryimage"},"image":{"@id":"https:\/\/www.eldiario.net\/portal\/2021\/06\/24\/presentaron-aplicaciones-que-buscan-fortalecer-la-seguridad-ciudadana\/#primaryimage"},"thumbnailUrl":"","datePublished":"2021-06-24T10:34:02+00:00","breadcrumb":{"@id":"https:\/\/www.eldiario.net\/portal\/2021\/06\/24\/presentaron-aplicaciones-que-buscan-fortalecer-la-seguridad-ciudadana\/#breadcrumb"},"inLanguage":"es","potentialAction":[{"@type":"ReadAction","target":["https:\/\/www.eldiario.net\/portal\/2021\/06\/24\/presentaron-aplicaciones-que-buscan-fortalecer-la-seguridad-ciudadana\/"]}]},{"@type":"ImageObject","inLanguage":"es","@id":"https:\/\/www.eldiario.net\/portal\/2021\/06\/24\/presentaron-aplicaciones-que-buscan-fortalecer-la-seguridad-ciudadana\/#primaryimage","url":"","contentUrl":""},{"@type":"BreadcrumbList","@id":"https:\/\/www.eldiario.net\/portal\/2021\/06\/24\/presentaron-aplicaciones-que-buscan-fortalecer-la-seguridad-ciudadana\/#breadcrumb","itemListElement":[{"@type":"ListItem","position":1,"name":"Portada","item":"https:\/\/www.eldiario.net\/portal\/"},{"@type":"ListItem","position":2,"name":"Presentaron aplicaciones que buscan fortalecer la seguridad ciudadana"}]},{"@type":"WebSite","@id":"https:\/\/www.eldiario.net\/portal\/#website","url":"https:\/\/www.eldiario.net\/portal\/","name":"El Diario - Decano de la prensa nacional","description":"El Diario - Decano de la prensa nacional","publisher":{"@id":"https:\/\/www.eldiario.net\/portal\/#organization"},"potentialAction":[{"@type":"SearchAction","target":{"@type":"EntryPoint","urlTemplate":"https:\/\/www.eldiario.net\/portal\/?s={search_term_string}"},"query-input":{"@type":"PropertyValueSpecification","valueRequired":true,"valueName":"search_term_string"}}],"inLanguage":"es"},{"@type":"Organization","@id":"https:\/\/www.eldiario.net\/portal\/#organization","name":"El Diario - Decano de la prensa nacional","url":"https:\/\/www.eldiario.net\/portal\/","logo":{"@type":"ImageObject","inLanguage":"es","@id":"https:\/\/www.eldiario.net\/portal\/#\/schema\/logo\/image\/","url":"https:\/\/www.eldiario.net\/portal\/wp-content\/uploads\/2023\/07\/logo_ED.jpg","contentUrl":"https:\/\/www.eldiario.net\/portal\/wp-content\/uploads\/2023\/07\/logo_ED.jpg","width":272,"height":52,"caption":"El Diario - Decano de la prensa nacional"},"image":{"@id":"https:\/\/www.eldiario.net\/portal\/#\/schema\/logo\/image\/"},"sameAs":["https:\/\/www.facebook.com\/eldiario.bolivia\/","https:\/\/x.com\/eldiario_net"]},{"@type":"Person","@id":"https:\/\/www.eldiario.net\/portal\/#\/schema\/person\/f46445640444750d7d753ccd04ae01b7","name":"Jeanette","image":{"@type":"ImageObject","inLanguage":"es","@id":"https:\/\/secure.gravatar.com\/avatar\/3ea2118a5f7dad2b7138b1187a6b7ee55f160b9968b66013c3a3ef39dd7e5798?s=96&d=mm&r=g","url":"https:\/\/secure.gravatar.com\/avatar\/3ea2118a5f7dad2b7138b1187a6b7ee55f160b9968b66013c3a3ef39dd7e5798?s=96&d=mm&r=g","contentUrl":"https:\/\/secure.gravatar.com\/avatar\/3ea2118a5f7dad2b7138b1187a6b7ee55f160b9968b66013c3a3ef39dd7e5798?s=96&d=mm&r=g","caption":"Jeanette"},"sameAs":["https:\/\/www.eldiario.net\/portal"],"url":"https:\/\/www.eldiario.net\/portal\/author\/jeanette\/"}]}},"_links":{"self":[{"href":"https:\/\/www.eldiario.net\/portal\/wp-json\/wp\/v2\/posts\/12432","targetHints":{"allow":["GET"]}}],"collection":[{"href":"https:\/\/www.eldiario.net\/portal\/wp-json\/wp\/v2\/posts"}],"about":[{"href":"https:\/\/www.eldiario.net\/portal\/wp-json\/wp\/v2\/types\/post"}],"author":[{"embeddable":true,"href":"https:\/\/www.eldiario.net\/portal\/wp-json\/wp\/v2\/users\/1"}],"replies":[{"embeddable":true,"href":"https:\/\/www.eldiario.net\/portal\/wp-json\/wp\/v2\/comments?post=12432"}],"version-history":[{"count":0,"href":"https:\/\/www.eldiario.net\/portal\/wp-json\/wp\/v2\/posts\/12432\/revisions"}],"wp:attachment":[{"href":"https:\/\/www.eldiario.net\/portal\/wp-json\/wp\/v2\/media?parent=12432"}],"wp:term":[{"taxonomy":"category","embeddable":true,"href":"https:\/\/www.eldiario.net\/portal\/wp-json\/wp\/v2\/categories?post=12432"},{"taxonomy":"post_tag","embeddable":true,"href":"https:\/\/www.eldiario.net\/portal\/wp-json\/wp\/v2\/tags?post=12432"}],"curies":[{"name":"wp","href":"https:\/\/api.w.org\/{rel}","templated":true}]}}