{"id":122261,"date":"2022-11-16T06:34:12","date_gmt":"2022-11-16T10:34:12","guid":{"rendered":"https:\/\/www.eldiario.net\/portal\/?p=122261"},"modified":"2022-11-16T06:34:12","modified_gmt":"2022-11-16T10:34:12","slug":"cristo-del-cielo-agua-tatay-claman-comunarios-en-betanzos","status":"publish","type":"post","link":"https:\/\/www.eldiario.net\/portal\/2022\/11\/16\/cristo-del-cielo-agua-tatay-claman-comunarios-en-betanzos\/","title":{"rendered":"\u201cCristo del cielo, agua Tatay\u201d, claman comunarios en Betanzos"},"content":{"rendered":"<p class=\"v1MsoNormal\">\u00abCristo del cielo agua Tatay\u00bb se escucha una voz a trav\u00e9s del meg\u00e1fono y tambi\u00e9n la respuesta al un\u00edsono de hombres y mujeres que la ma\u00f1ana de este martes subieron hasta el cerro Puca Orco, en el municipio de Betanzos, para pedir al supremo creador que llueva en esa poblaci\u00f3n.<\/p>\n<p class=\"v1MsoNormal\">De acuerdo con un video difundido en redes sociales, la gente de la comunidad Chorrillos llev\u00f3 en hombros al patrono del pueblo San Bartolom\u00e9 hasta los cerros, clamando por agua ante la prolongada sequ\u00eda que sufre la comunidad.<\/p>\n<p class=\"v1MsoNormal\">Las rogativas continuar\u00e1n esta tarde cuando estos mismos pobladores lleven al tata San Bartolom\u00e9 a juntarse con el Se\u00f1or de Santa Vera Cruz, en una plaza local, de donde partir\u00e1n rumbo al cerro Rosario para cumplir otra rogativa.<\/p>\n<p class=\"v1MsoNormal\">De esta actividad participar\u00e1n estudiantes de las cinco unidades educativas que tambi\u00e9n son las m\u00e1s afectadas por este fen\u00f3meno que se repite cada a\u00f1o.<\/p>\n<p class=\"v1MsoNormal\">El dirigente del comit\u00e9 c\u00edvico Emiliano Guti\u00e9rrez declar\u00f3 al periodista Jorge Pe\u00f1aranda de Erbol-Betanzos que estas rogativas fueron coordinadas con los directores de las unidades educativas y es de conocimiento de la Polic\u00eda Boliviana.<\/p>\n<p class=\"v1MsoNormal\">Sin embargo, las comunidades del municipio de Betanzos, no solo sufren la sequ\u00eda sino tambi\u00e9n heladas como es el caso de Potobamba, Poco Poco Quivincha, Siporo, Tecoya y Villa Carmen.<\/p>\n<p class=\"v1MsoNormal\">El portal oficial de la Alcald\u00eda, estima que hay unas 50 comunidades afectadas, 1.915 familias damnificadas y 997 hect\u00e1reas de papa y ma\u00edz da\u00f1adas.<\/p>\n<p class=\"v1MsoNormal\">La Alcald\u00eda ha declarado estado de emergencia por las continuas heladas y anunci\u00f3 la urgente asistencia de fertilizantes qu\u00edmicos de r\u00e1pida acci\u00f3n para recuperar los cultivos a fin de garantizar la seguridad alimentaria.<\/p>\n<p class=\"v1MsoNormal\">El anuncio oficial, difundido en el portal oficial de la Alcald\u00eda, ha generado malestar de sus seguidores quienes manifestaron su extra\u00f1eza porque la alcald\u00eda solo se ocupa de un sector que sufre las haladas y no del otro no tiene agua ni para consumo humano, menos para riego. (Erbol)<\/p>\n<p class=\"v1MsoNormal\">\n","protected":false},"excerpt":{"rendered":"<p>\u00abCristo del cielo agua Tatay\u00bb se escucha una voz a trav\u00e9s del meg\u00e1fono y tambi\u00e9n la respuesta al un\u00edsono de hombres y mujeres que la ma\u00f1ana de este martes subieron hasta el cerro Puca Orco, en el municipio de Betanzos, para pedir al supremo creador que llueva en esa poblaci\u00f3n. De acuerdo con un video [&hellip;]<\/p>\n","protected":false},"author":1,"featured_media":122262,"comment_status":"closed","ping_status":"closed","sticky":false,"template":"","format":"standard","meta":{"_acf_changed":false,"footnotes":""},"categories":[15],"tags":[],"class_list":["post-122261","post","type-post","status-publish","format-standard","has-post-thumbnail","category-portada"],"acf":{"antetitulo":""},"yoast_head":"<!-- This site is optimized with the Yoast SEO plugin v28.3 - https:\/\/yoast.com\/product\/yoast-seo-wordpress\/ -->\n<title>\u201cCristo del cielo, agua Tatay\u201d, claman comunarios en Betanzos - El Diario - Bolivia<\/title>\n<meta name=\"robots\" content=\"index, follow, max-snippet:-1, max-image-preview:large, max-video-preview:-1\" \/>\n<link rel=\"canonical\" href=\"https:\/\/www.eldiario.net\/portal\/2022\/11\/16\/cristo-del-cielo-agua-tatay-claman-comunarios-en-betanzos\/\" \/>\n<meta property=\"og:locale\" content=\"es_ES\" \/>\n<meta property=\"og:type\" content=\"article\" \/>\n<meta property=\"og:title\" content=\"\u201cCristo del cielo, agua Tatay\u201d, claman comunarios en Betanzos - El Diario - Bolivia\" \/>\n<meta property=\"og:description\" content=\"\u00abCristo del cielo agua Tatay\u00bb se escucha una voz a trav\u00e9s del meg\u00e1fono y tambi\u00e9n la respuesta al un\u00edsono de hombres y mujeres que la ma\u00f1ana de este martes subieron hasta el cerro Puca Orco, en el municipio de Betanzos, para pedir al supremo creador que llueva en esa poblaci\u00f3n. De acuerdo con un video [&hellip;]\" \/>\n<meta property=\"og:url\" content=\"https:\/\/www.eldiario.net\/portal\/2022\/11\/16\/cristo-del-cielo-agua-tatay-claman-comunarios-en-betanzos\/\" \/>\n<meta property=\"og:site_name\" content=\"El Diario - Bolivia\" \/>\n<meta property=\"article:publisher\" content=\"https:\/\/www.facebook.com\/eldiario.bolivia\/\" \/>\n<meta property=\"article:published_time\" content=\"2022-11-16T10:34:12+00:00\" \/>\n<meta name=\"author\" content=\"Jeanette\" \/>\n<meta name=\"twitter:card\" content=\"summary_large_image\" \/>\n<meta name=\"twitter:creator\" content=\"@eldiario_net\" \/>\n<meta name=\"twitter:site\" content=\"@eldiario_net\" \/>\n<meta name=\"twitter:label1\" content=\"Escrito por\" \/>\n\t<meta name=\"twitter:data1\" content=\"Jeanette\" \/>\n\t<meta name=\"twitter:label2\" content=\"Tiempo de lectura\" \/>\n\t<meta name=\"twitter:data2\" content=\"2 minutos\" \/>\n<script type=\"application\/ld+json\" class=\"yoast-schema-graph\">{\"@context\":\"https:\\\/\\\/schema.org\",\"@graph\":[{\"@type\":\"Article\",\"@id\":\"https:\\\/\\\/www.eldiario.net\\\/portal\\\/2022\\\/11\\\/16\\\/cristo-del-cielo-agua-tatay-claman-comunarios-en-betanzos\\\/#article\",\"isPartOf\":{\"@id\":\"https:\\\/\\\/www.eldiario.net\\\/portal\\\/2022\\\/11\\\/16\\\/cristo-del-cielo-agua-tatay-claman-comunarios-en-betanzos\\\/\"},\"author\":{\"name\":\"Jeanette\",\"@id\":\"https:\\\/\\\/www.eldiario.net\\\/portal\\\/#\\\/schema\\\/person\\\/f46445640444750d7d753ccd04ae01b7\"},\"headline\":\"\u201cCristo del cielo, agua Tatay\u201d, claman comunarios en Betanzos\",\"datePublished\":\"2022-11-16T10:34:12+00:00\",\"mainEntityOfPage\":{\"@id\":\"https:\\\/\\\/www.eldiario.net\\\/portal\\\/2022\\\/11\\\/16\\\/cristo-del-cielo-agua-tatay-claman-comunarios-en-betanzos\\\/\"},\"wordCount\":358,\"publisher\":{\"@id\":\"https:\\\/\\\/www.eldiario.net\\\/portal\\\/#organization\"},\"image\":{\"@id\":\"https:\\\/\\\/www.eldiario.net\\\/portal\\\/2022\\\/11\\\/16\\\/cristo-del-cielo-agua-tatay-claman-comunarios-en-betanzos\\\/#primaryimage\"},\"thumbnailUrl\":\"\",\"articleSection\":[\"Portada\"],\"inLanguage\":\"es\"},{\"@type\":\"WebPage\",\"@id\":\"https:\\\/\\\/www.eldiario.net\\\/portal\\\/2022\\\/11\\\/16\\\/cristo-del-cielo-agua-tatay-claman-comunarios-en-betanzos\\\/\",\"url\":\"https:\\\/\\\/www.eldiario.net\\\/portal\\\/2022\\\/11\\\/16\\\/cristo-del-cielo-agua-tatay-claman-comunarios-en-betanzos\\\/\",\"name\":\"\u201cCristo del cielo, agua Tatay\u201d, claman comunarios en Betanzos - El Diario - Bolivia\",\"isPartOf\":{\"@id\":\"https:\\\/\\\/www.eldiario.net\\\/portal\\\/#website\"},\"primaryImageOfPage\":{\"@id\":\"https:\\\/\\\/www.eldiario.net\\\/portal\\\/2022\\\/11\\\/16\\\/cristo-del-cielo-agua-tatay-claman-comunarios-en-betanzos\\\/#primaryimage\"},\"image\":{\"@id\":\"https:\\\/\\\/www.eldiario.net\\\/portal\\\/2022\\\/11\\\/16\\\/cristo-del-cielo-agua-tatay-claman-comunarios-en-betanzos\\\/#primaryimage\"},\"thumbnailUrl\":\"\",\"datePublished\":\"2022-11-16T10:34:12+00:00\",\"breadcrumb\":{\"@id\":\"https:\\\/\\\/www.eldiario.net\\\/portal\\\/2022\\\/11\\\/16\\\/cristo-del-cielo-agua-tatay-claman-comunarios-en-betanzos\\\/#breadcrumb\"},\"inLanguage\":\"es\",\"potentialAction\":[{\"@type\":\"ReadAction\",\"target\":[\"https:\\\/\\\/www.eldiario.net\\\/portal\\\/2022\\\/11\\\/16\\\/cristo-del-cielo-agua-tatay-claman-comunarios-en-betanzos\\\/\"]}]},{\"@type\":\"ImageObject\",\"inLanguage\":\"es\",\"@id\":\"https:\\\/\\\/www.eldiario.net\\\/portal\\\/2022\\\/11\\\/16\\\/cristo-del-cielo-agua-tatay-claman-comunarios-en-betanzos\\\/#primaryimage\",\"url\":\"\",\"contentUrl\":\"\"},{\"@type\":\"BreadcrumbList\",\"@id\":\"https:\\\/\\\/www.eldiario.net\\\/portal\\\/2022\\\/11\\\/16\\\/cristo-del-cielo-agua-tatay-claman-comunarios-en-betanzos\\\/#breadcrumb\",\"itemListElement\":[{\"@type\":\"ListItem\",\"position\":1,\"name\":\"Portada\",\"item\":\"https:\\\/\\\/www.eldiario.net\\\/portal\\\/\"},{\"@type\":\"ListItem\",\"position\":2,\"name\":\"\u201cCristo del cielo, agua Tatay\u201d, claman comunarios en Betanzos\"}]},{\"@type\":\"WebSite\",\"@id\":\"https:\\\/\\\/www.eldiario.net\\\/portal\\\/#website\",\"url\":\"https:\\\/\\\/www.eldiario.net\\\/portal\\\/\",\"name\":\"El Diario - Decano de la prensa nacional\",\"description\":\"El Diario - Decano de la prensa nacional\",\"publisher\":{\"@id\":\"https:\\\/\\\/www.eldiario.net\\\/portal\\\/#organization\"},\"potentialAction\":[{\"@type\":\"SearchAction\",\"target\":{\"@type\":\"EntryPoint\",\"urlTemplate\":\"https:\\\/\\\/www.eldiario.net\\\/portal\\\/?s={search_term_string}\"},\"query-input\":{\"@type\":\"PropertyValueSpecification\",\"valueRequired\":true,\"valueName\":\"search_term_string\"}}],\"inLanguage\":\"es\"},{\"@type\":\"Organization\",\"@id\":\"https:\\\/\\\/www.eldiario.net\\\/portal\\\/#organization\",\"name\":\"El Diario - Decano de la prensa nacional\",\"url\":\"https:\\\/\\\/www.eldiario.net\\\/portal\\\/\",\"logo\":{\"@type\":\"ImageObject\",\"inLanguage\":\"es\",\"@id\":\"https:\\\/\\\/www.eldiario.net\\\/portal\\\/#\\\/schema\\\/logo\\\/image\\\/\",\"url\":\"https:\\\/\\\/www.eldiario.net\\\/portal\\\/wp-content\\\/uploads\\\/2023\\\/07\\\/logo_ED.jpg\",\"contentUrl\":\"https:\\\/\\\/www.eldiario.net\\\/portal\\\/wp-content\\\/uploads\\\/2023\\\/07\\\/logo_ED.jpg\",\"width\":272,\"height\":52,\"caption\":\"El Diario - Decano de la prensa nacional\"},\"image\":{\"@id\":\"https:\\\/\\\/www.eldiario.net\\\/portal\\\/#\\\/schema\\\/logo\\\/image\\\/\"},\"sameAs\":[\"https:\\\/\\\/www.facebook.com\\\/eldiario.bolivia\\\/\",\"https:\\\/\\\/x.com\\\/eldiario_net\"]},{\"@type\":\"Person\",\"@id\":\"https:\\\/\\\/www.eldiario.net\\\/portal\\\/#\\\/schema\\\/person\\\/f46445640444750d7d753ccd04ae01b7\",\"name\":\"Jeanette\",\"image\":{\"@type\":\"ImageObject\",\"inLanguage\":\"es\",\"@id\":\"https:\\\/\\\/secure.gravatar.com\\\/avatar\\\/3ea2118a5f7dad2b7138b1187a6b7ee55f160b9968b66013c3a3ef39dd7e5798?s=96&d=mm&r=g\",\"url\":\"https:\\\/\\\/secure.gravatar.com\\\/avatar\\\/3ea2118a5f7dad2b7138b1187a6b7ee55f160b9968b66013c3a3ef39dd7e5798?s=96&d=mm&r=g\",\"contentUrl\":\"https:\\\/\\\/secure.gravatar.com\\\/avatar\\\/3ea2118a5f7dad2b7138b1187a6b7ee55f160b9968b66013c3a3ef39dd7e5798?s=96&d=mm&r=g\",\"caption\":\"Jeanette\"},\"sameAs\":[\"https:\\\/\\\/www.eldiario.net\\\/portal\"],\"url\":\"https:\\\/\\\/www.eldiario.net\\\/portal\\\/author\\\/jeanette\\\/\"}]}<\/script>\n<!-- \/ Yoast SEO plugin. -->","yoast_head_json":{"title":"\u201cCristo del cielo, agua Tatay\u201d, claman comunarios en Betanzos - El Diario - Bolivia","robots":{"index":"index","follow":"follow","max-snippet":"max-snippet:-1","max-image-preview":"max-image-preview:large","max-video-preview":"max-video-preview:-1"},"canonical":"https:\/\/www.eldiario.net\/portal\/2022\/11\/16\/cristo-del-cielo-agua-tatay-claman-comunarios-en-betanzos\/","og_locale":"es_ES","og_type":"article","og_title":"\u201cCristo del cielo, agua Tatay\u201d, claman comunarios en Betanzos - El Diario - Bolivia","og_description":"\u00abCristo del cielo agua Tatay\u00bb se escucha una voz a trav\u00e9s del meg\u00e1fono y tambi\u00e9n la respuesta al un\u00edsono de hombres y mujeres que la ma\u00f1ana de este martes subieron hasta el cerro Puca Orco, en el municipio de Betanzos, para pedir al supremo creador que llueva en esa poblaci\u00f3n. De acuerdo con un video [&hellip;]","og_url":"https:\/\/www.eldiario.net\/portal\/2022\/11\/16\/cristo-del-cielo-agua-tatay-claman-comunarios-en-betanzos\/","og_site_name":"El Diario - Bolivia","article_publisher":"https:\/\/www.facebook.com\/eldiario.bolivia\/","article_published_time":"2022-11-16T10:34:12+00:00","author":"Jeanette","twitter_card":"summary_large_image","twitter_creator":"@eldiario_net","twitter_site":"@eldiario_net","twitter_misc":{"Escrito por":"Jeanette","Tiempo de lectura":"2 minutos"},"schema":{"@context":"https:\/\/schema.org","@graph":[{"@type":"Article","@id":"https:\/\/www.eldiario.net\/portal\/2022\/11\/16\/cristo-del-cielo-agua-tatay-claman-comunarios-en-betanzos\/#article","isPartOf":{"@id":"https:\/\/www.eldiario.net\/portal\/2022\/11\/16\/cristo-del-cielo-agua-tatay-claman-comunarios-en-betanzos\/"},"author":{"name":"Jeanette","@id":"https:\/\/www.eldiario.net\/portal\/#\/schema\/person\/f46445640444750d7d753ccd04ae01b7"},"headline":"\u201cCristo del cielo, agua Tatay\u201d, claman comunarios en Betanzos","datePublished":"2022-11-16T10:34:12+00:00","mainEntityOfPage":{"@id":"https:\/\/www.eldiario.net\/portal\/2022\/11\/16\/cristo-del-cielo-agua-tatay-claman-comunarios-en-betanzos\/"},"wordCount":358,"publisher":{"@id":"https:\/\/www.eldiario.net\/portal\/#organization"},"image":{"@id":"https:\/\/www.eldiario.net\/portal\/2022\/11\/16\/cristo-del-cielo-agua-tatay-claman-comunarios-en-betanzos\/#primaryimage"},"thumbnailUrl":"","articleSection":["Portada"],"inLanguage":"es"},{"@type":"WebPage","@id":"https:\/\/www.eldiario.net\/portal\/2022\/11\/16\/cristo-del-cielo-agua-tatay-claman-comunarios-en-betanzos\/","url":"https:\/\/www.eldiario.net\/portal\/2022\/11\/16\/cristo-del-cielo-agua-tatay-claman-comunarios-en-betanzos\/","name":"\u201cCristo del cielo, agua Tatay\u201d, claman comunarios en Betanzos - El Diario - Bolivia","isPartOf":{"@id":"https:\/\/www.eldiario.net\/portal\/#website"},"primaryImageOfPage":{"@id":"https:\/\/www.eldiario.net\/portal\/2022\/11\/16\/cristo-del-cielo-agua-tatay-claman-comunarios-en-betanzos\/#primaryimage"},"image":{"@id":"https:\/\/www.eldiario.net\/portal\/2022\/11\/16\/cristo-del-cielo-agua-tatay-claman-comunarios-en-betanzos\/#primaryimage"},"thumbnailUrl":"","datePublished":"2022-11-16T10:34:12+00:00","breadcrumb":{"@id":"https:\/\/www.eldiario.net\/portal\/2022\/11\/16\/cristo-del-cielo-agua-tatay-claman-comunarios-en-betanzos\/#breadcrumb"},"inLanguage":"es","potentialAction":[{"@type":"ReadAction","target":["https:\/\/www.eldiario.net\/portal\/2022\/11\/16\/cristo-del-cielo-agua-tatay-claman-comunarios-en-betanzos\/"]}]},{"@type":"ImageObject","inLanguage":"es","@id":"https:\/\/www.eldiario.net\/portal\/2022\/11\/16\/cristo-del-cielo-agua-tatay-claman-comunarios-en-betanzos\/#primaryimage","url":"","contentUrl":""},{"@type":"BreadcrumbList","@id":"https:\/\/www.eldiario.net\/portal\/2022\/11\/16\/cristo-del-cielo-agua-tatay-claman-comunarios-en-betanzos\/#breadcrumb","itemListElement":[{"@type":"ListItem","position":1,"name":"Portada","item":"https:\/\/www.eldiario.net\/portal\/"},{"@type":"ListItem","position":2,"name":"\u201cCristo del cielo, agua Tatay\u201d, claman comunarios en Betanzos"}]},{"@type":"WebSite","@id":"https:\/\/www.eldiario.net\/portal\/#website","url":"https:\/\/www.eldiario.net\/portal\/","name":"El Diario - Decano de la prensa nacional","description":"El Diario - Decano de la prensa nacional","publisher":{"@id":"https:\/\/www.eldiario.net\/portal\/#organization"},"potentialAction":[{"@type":"SearchAction","target":{"@type":"EntryPoint","urlTemplate":"https:\/\/www.eldiario.net\/portal\/?s={search_term_string}"},"query-input":{"@type":"PropertyValueSpecification","valueRequired":true,"valueName":"search_term_string"}}],"inLanguage":"es"},{"@type":"Organization","@id":"https:\/\/www.eldiario.net\/portal\/#organization","name":"El Diario - Decano de la prensa nacional","url":"https:\/\/www.eldiario.net\/portal\/","logo":{"@type":"ImageObject","inLanguage":"es","@id":"https:\/\/www.eldiario.net\/portal\/#\/schema\/logo\/image\/","url":"https:\/\/www.eldiario.net\/portal\/wp-content\/uploads\/2023\/07\/logo_ED.jpg","contentUrl":"https:\/\/www.eldiario.net\/portal\/wp-content\/uploads\/2023\/07\/logo_ED.jpg","width":272,"height":52,"caption":"El Diario - Decano de la prensa nacional"},"image":{"@id":"https:\/\/www.eldiario.net\/portal\/#\/schema\/logo\/image\/"},"sameAs":["https:\/\/www.facebook.com\/eldiario.bolivia\/","https:\/\/x.com\/eldiario_net"]},{"@type":"Person","@id":"https:\/\/www.eldiario.net\/portal\/#\/schema\/person\/f46445640444750d7d753ccd04ae01b7","name":"Jeanette","image":{"@type":"ImageObject","inLanguage":"es","@id":"https:\/\/secure.gravatar.com\/avatar\/3ea2118a5f7dad2b7138b1187a6b7ee55f160b9968b66013c3a3ef39dd7e5798?s=96&d=mm&r=g","url":"https:\/\/secure.gravatar.com\/avatar\/3ea2118a5f7dad2b7138b1187a6b7ee55f160b9968b66013c3a3ef39dd7e5798?s=96&d=mm&r=g","contentUrl":"https:\/\/secure.gravatar.com\/avatar\/3ea2118a5f7dad2b7138b1187a6b7ee55f160b9968b66013c3a3ef39dd7e5798?s=96&d=mm&r=g","caption":"Jeanette"},"sameAs":["https:\/\/www.eldiario.net\/portal"],"url":"https:\/\/www.eldiario.net\/portal\/author\/jeanette\/"}]}},"_links":{"self":[{"href":"https:\/\/www.eldiario.net\/portal\/wp-json\/wp\/v2\/posts\/122261","targetHints":{"allow":["GET"]}}],"collection":[{"href":"https:\/\/www.eldiario.net\/portal\/wp-json\/wp\/v2\/posts"}],"about":[{"href":"https:\/\/www.eldiario.net\/portal\/wp-json\/wp\/v2\/types\/post"}],"author":[{"embeddable":true,"href":"https:\/\/www.eldiario.net\/portal\/wp-json\/wp\/v2\/users\/1"}],"replies":[{"embeddable":true,"href":"https:\/\/www.eldiario.net\/portal\/wp-json\/wp\/v2\/comments?post=122261"}],"version-history":[{"count":0,"href":"https:\/\/www.eldiario.net\/portal\/wp-json\/wp\/v2\/posts\/122261\/revisions"}],"wp:attachment":[{"href":"https:\/\/www.eldiario.net\/portal\/wp-json\/wp\/v2\/media?parent=122261"}],"wp:term":[{"taxonomy":"category","embeddable":true,"href":"https:\/\/www.eldiario.net\/portal\/wp-json\/wp\/v2\/categories?post=122261"},{"taxonomy":"post_tag","embeddable":true,"href":"https:\/\/www.eldiario.net\/portal\/wp-json\/wp\/v2\/tags?post=122261"}],"curies":[{"name":"wp","href":"https:\/\/api.w.org\/{rel}","templated":true}]}}