{"id":122146,"date":"2022-11-16T05:46:15","date_gmt":"2022-11-16T09:46:15","guid":{"rendered":"https:\/\/www.eldiario.net\/portal\/?p=122146"},"modified":"2022-11-16T05:46:15","modified_gmt":"2022-11-16T09:46:15","slug":"piden-unificar-fuerzas-para-lograr-federalismo","status":"publish","type":"post","link":"https:\/\/www.eldiario.net\/portal\/2022\/11\/16\/piden-unificar-fuerzas-para-lograr-federalismo\/","title":{"rendered":"Piden unificar fuerzas  para lograr federalismo"},"content":{"rendered":"<p>La presidenta del Comit\u00e9 C\u00edvico Potosinista (Comcipo), Roxana Graz, indic\u00f3 que Potos\u00ed pide federalismo desde las d\u00e9cadas de los 60 y 70, al considerar que no existe retribuci\u00f3n justa por parte del Gobierno por los recursos naturales extra\u00eddos del departamento.<br \/>\nAsimismo, la presidenta de Comcipo hizo referencia a la situaci\u00f3n que atraviesa Potos\u00ed \u201cseguimos con la misma l\u00f3gica de que extraen todas las riquezas, se llena el poder central con nuestros recursos, que salen de este departamento, pero nosotros estamos sumidos en la pobreza. Por eso Potos\u00ed pregona pa\u00eds federal\u201d, enfatiz\u00f3 Graz en contacto con La Revista.<br \/>\nGraz considera que la situaci\u00f3n de los departamentos ser\u00eda mejor si cada lugar manejara sus recursos, \u201csin estar mendigando al Gobierno\u201d, indic\u00f3 la c\u00edvica potosina y agreg\u00f3 que ahora Santa Cruz se suma al pedido.<br \/>\n\u201cAhora que Santa Cruz ha dado el primer el paso de realizar todo el tr\u00e1mite correspondiente, todo lo que se exige para llegar hasta un departamento federal, tenemos que unificar fuerzas y se hace el pedido a toda Bolivia para que esto tenga que ser realidad\u201d, indic\u00f3.<br \/>\nPotos\u00ed cumpli\u00f3 ayer el segundo d\u00eda del paro de 48 horas convocado por Comcipo por el Censo, la restauraci\u00f3n del Cerro Rico, regal\u00edas de litio y otros pedidos.<br \/>\nVarios sectores sociales, a partir de las 09:00 horas de ayer, activaron movilizaciones en el centro y parte suroeste de la ciudad.<br \/>\nA convocatoria del Comit\u00e9 C\u00edvico Potosinista (Comcipo), las instituciones y organizaciones decidieron asumir un paro de 48 horas en pedido de un proceso censal en 2023 y apoyo al paro indefinido a Santa Cruz. (Potos\u00ed, con datos de Unitel).<\/p>\n","protected":false},"excerpt":{"rendered":"<p>La presidenta del Comit\u00e9 C\u00edvico Potosinista (Comcipo), Roxana Graz, indic\u00f3 que Potos\u00ed pide federalismo desde las d\u00e9cadas de los 60 y 70, al considerar que no existe retribuci\u00f3n justa por parte del Gobierno por los recursos naturales extra\u00eddos del departamento. Asimismo, la presidenta de Comcipo hizo referencia a la situaci\u00f3n que atraviesa Potos\u00ed \u201cseguimos con [&hellip;]<\/p>\n","protected":false},"author":1,"featured_media":0,"comment_status":"closed","ping_status":"closed","sticky":false,"template":"","format":"standard","meta":{"_acf_changed":false,"footnotes":""},"categories":[12],"tags":[],"class_list":["post-122146","post","type-post","status-publish","format-standard","category-nacional"],"acf":{"antetitulo":""},"yoast_head":"<!-- This site is optimized with the Yoast SEO plugin v28.3 - https:\/\/yoast.com\/product\/yoast-seo-wordpress\/ -->\n<title>Piden unificar fuerzas para lograr federalismo - El Diario - Bolivia<\/title>\n<meta name=\"robots\" content=\"index, follow, max-snippet:-1, max-image-preview:large, max-video-preview:-1\" \/>\n<link rel=\"canonical\" href=\"https:\/\/www.eldiario.net\/portal\/2022\/11\/16\/piden-unificar-fuerzas-para-lograr-federalismo\/\" \/>\n<meta property=\"og:locale\" content=\"es_ES\" \/>\n<meta property=\"og:type\" content=\"article\" \/>\n<meta property=\"og:title\" content=\"Piden unificar fuerzas para lograr federalismo - El Diario - Bolivia\" \/>\n<meta property=\"og:description\" content=\"La presidenta del Comit\u00e9 C\u00edvico Potosinista (Comcipo), Roxana Graz, indic\u00f3 que Potos\u00ed pide federalismo desde las d\u00e9cadas de los 60 y 70, al considerar que no existe retribuci\u00f3n justa por parte del Gobierno por los recursos naturales extra\u00eddos del departamento. Asimismo, la presidenta de Comcipo hizo referencia a la situaci\u00f3n que atraviesa Potos\u00ed \u201cseguimos con [&hellip;]\" \/>\n<meta property=\"og:url\" content=\"https:\/\/www.eldiario.net\/portal\/2022\/11\/16\/piden-unificar-fuerzas-para-lograr-federalismo\/\" \/>\n<meta property=\"og:site_name\" content=\"El Diario - Bolivia\" \/>\n<meta property=\"article:publisher\" content=\"https:\/\/www.facebook.com\/eldiario.bolivia\/\" \/>\n<meta property=\"article:published_time\" content=\"2022-11-16T09:46:15+00:00\" \/>\n<meta name=\"author\" content=\"Jeanette\" \/>\n<meta name=\"twitter:card\" content=\"summary_large_image\" \/>\n<meta name=\"twitter:creator\" content=\"@eldiario_net\" \/>\n<meta name=\"twitter:site\" content=\"@eldiario_net\" \/>\n<meta name=\"twitter:label1\" content=\"Escrito por\" \/>\n\t<meta name=\"twitter:data1\" content=\"Jeanette\" \/>\n\t<meta name=\"twitter:label2\" content=\"Tiempo de lectura\" \/>\n\t<meta name=\"twitter:data2\" content=\"2 minutos\" \/>\n<script type=\"application\/ld+json\" class=\"yoast-schema-graph\">{\"@context\":\"https:\\\/\\\/schema.org\",\"@graph\":[{\"@type\":\"Article\",\"@id\":\"https:\\\/\\\/www.eldiario.net\\\/portal\\\/2022\\\/11\\\/16\\\/piden-unificar-fuerzas-para-lograr-federalismo\\\/#article\",\"isPartOf\":{\"@id\":\"https:\\\/\\\/www.eldiario.net\\\/portal\\\/2022\\\/11\\\/16\\\/piden-unificar-fuerzas-para-lograr-federalismo\\\/\"},\"author\":{\"name\":\"Jeanette\",\"@id\":\"https:\\\/\\\/www.eldiario.net\\\/portal\\\/#\\\/schema\\\/person\\\/f46445640444750d7d753ccd04ae01b7\"},\"headline\":\"Piden unificar fuerzas para lograr federalismo\",\"datePublished\":\"2022-11-16T09:46:15+00:00\",\"mainEntityOfPage\":{\"@id\":\"https:\\\/\\\/www.eldiario.net\\\/portal\\\/2022\\\/11\\\/16\\\/piden-unificar-fuerzas-para-lograr-federalismo\\\/\"},\"wordCount\":283,\"publisher\":{\"@id\":\"https:\\\/\\\/www.eldiario.net\\\/portal\\\/#organization\"},\"articleSection\":[\"Nacional\"],\"inLanguage\":\"es\"},{\"@type\":\"WebPage\",\"@id\":\"https:\\\/\\\/www.eldiario.net\\\/portal\\\/2022\\\/11\\\/16\\\/piden-unificar-fuerzas-para-lograr-federalismo\\\/\",\"url\":\"https:\\\/\\\/www.eldiario.net\\\/portal\\\/2022\\\/11\\\/16\\\/piden-unificar-fuerzas-para-lograr-federalismo\\\/\",\"name\":\"Piden unificar fuerzas para lograr federalismo - El Diario - Bolivia\",\"isPartOf\":{\"@id\":\"https:\\\/\\\/www.eldiario.net\\\/portal\\\/#website\"},\"datePublished\":\"2022-11-16T09:46:15+00:00\",\"breadcrumb\":{\"@id\":\"https:\\\/\\\/www.eldiario.net\\\/portal\\\/2022\\\/11\\\/16\\\/piden-unificar-fuerzas-para-lograr-federalismo\\\/#breadcrumb\"},\"inLanguage\":\"es\",\"potentialAction\":[{\"@type\":\"ReadAction\",\"target\":[\"https:\\\/\\\/www.eldiario.net\\\/portal\\\/2022\\\/11\\\/16\\\/piden-unificar-fuerzas-para-lograr-federalismo\\\/\"]}]},{\"@type\":\"BreadcrumbList\",\"@id\":\"https:\\\/\\\/www.eldiario.net\\\/portal\\\/2022\\\/11\\\/16\\\/piden-unificar-fuerzas-para-lograr-federalismo\\\/#breadcrumb\",\"itemListElement\":[{\"@type\":\"ListItem\",\"position\":1,\"name\":\"Portada\",\"item\":\"https:\\\/\\\/www.eldiario.net\\\/portal\\\/\"},{\"@type\":\"ListItem\",\"position\":2,\"name\":\"Piden unificar fuerzas para lograr federalismo\"}]},{\"@type\":\"WebSite\",\"@id\":\"https:\\\/\\\/www.eldiario.net\\\/portal\\\/#website\",\"url\":\"https:\\\/\\\/www.eldiario.net\\\/portal\\\/\",\"name\":\"El Diario - Decano de la prensa nacional\",\"description\":\"El Diario - Decano de la prensa nacional\",\"publisher\":{\"@id\":\"https:\\\/\\\/www.eldiario.net\\\/portal\\\/#organization\"},\"potentialAction\":[{\"@type\":\"SearchAction\",\"target\":{\"@type\":\"EntryPoint\",\"urlTemplate\":\"https:\\\/\\\/www.eldiario.net\\\/portal\\\/?s={search_term_string}\"},\"query-input\":{\"@type\":\"PropertyValueSpecification\",\"valueRequired\":true,\"valueName\":\"search_term_string\"}}],\"inLanguage\":\"es\"},{\"@type\":\"Organization\",\"@id\":\"https:\\\/\\\/www.eldiario.net\\\/portal\\\/#organization\",\"name\":\"El Diario - Decano de la prensa nacional\",\"url\":\"https:\\\/\\\/www.eldiario.net\\\/portal\\\/\",\"logo\":{\"@type\":\"ImageObject\",\"inLanguage\":\"es\",\"@id\":\"https:\\\/\\\/www.eldiario.net\\\/portal\\\/#\\\/schema\\\/logo\\\/image\\\/\",\"url\":\"https:\\\/\\\/www.eldiario.net\\\/portal\\\/wp-content\\\/uploads\\\/2023\\\/07\\\/logo_ED.jpg\",\"contentUrl\":\"https:\\\/\\\/www.eldiario.net\\\/portal\\\/wp-content\\\/uploads\\\/2023\\\/07\\\/logo_ED.jpg\",\"width\":272,\"height\":52,\"caption\":\"El Diario - Decano de la prensa nacional\"},\"image\":{\"@id\":\"https:\\\/\\\/www.eldiario.net\\\/portal\\\/#\\\/schema\\\/logo\\\/image\\\/\"},\"sameAs\":[\"https:\\\/\\\/www.facebook.com\\\/eldiario.bolivia\\\/\",\"https:\\\/\\\/x.com\\\/eldiario_net\"]},{\"@type\":\"Person\",\"@id\":\"https:\\\/\\\/www.eldiario.net\\\/portal\\\/#\\\/schema\\\/person\\\/f46445640444750d7d753ccd04ae01b7\",\"name\":\"Jeanette\",\"image\":{\"@type\":\"ImageObject\",\"inLanguage\":\"es\",\"@id\":\"https:\\\/\\\/secure.gravatar.com\\\/avatar\\\/3ea2118a5f7dad2b7138b1187a6b7ee55f160b9968b66013c3a3ef39dd7e5798?s=96&d=mm&r=g\",\"url\":\"https:\\\/\\\/secure.gravatar.com\\\/avatar\\\/3ea2118a5f7dad2b7138b1187a6b7ee55f160b9968b66013c3a3ef39dd7e5798?s=96&d=mm&r=g\",\"contentUrl\":\"https:\\\/\\\/secure.gravatar.com\\\/avatar\\\/3ea2118a5f7dad2b7138b1187a6b7ee55f160b9968b66013c3a3ef39dd7e5798?s=96&d=mm&r=g\",\"caption\":\"Jeanette\"},\"sameAs\":[\"https:\\\/\\\/www.eldiario.net\\\/portal\"],\"url\":\"https:\\\/\\\/www.eldiario.net\\\/portal\\\/author\\\/jeanette\\\/\"}]}<\/script>\n<!-- \/ Yoast SEO plugin. -->","yoast_head_json":{"title":"Piden unificar fuerzas para lograr federalismo - El Diario - Bolivia","robots":{"index":"index","follow":"follow","max-snippet":"max-snippet:-1","max-image-preview":"max-image-preview:large","max-video-preview":"max-video-preview:-1"},"canonical":"https:\/\/www.eldiario.net\/portal\/2022\/11\/16\/piden-unificar-fuerzas-para-lograr-federalismo\/","og_locale":"es_ES","og_type":"article","og_title":"Piden unificar fuerzas para lograr federalismo - El Diario - Bolivia","og_description":"La presidenta del Comit\u00e9 C\u00edvico Potosinista (Comcipo), Roxana Graz, indic\u00f3 que Potos\u00ed pide federalismo desde las d\u00e9cadas de los 60 y 70, al considerar que no existe retribuci\u00f3n justa por parte del Gobierno por los recursos naturales extra\u00eddos del departamento. Asimismo, la presidenta de Comcipo hizo referencia a la situaci\u00f3n que atraviesa Potos\u00ed \u201cseguimos con [&hellip;]","og_url":"https:\/\/www.eldiario.net\/portal\/2022\/11\/16\/piden-unificar-fuerzas-para-lograr-federalismo\/","og_site_name":"El Diario - Bolivia","article_publisher":"https:\/\/www.facebook.com\/eldiario.bolivia\/","article_published_time":"2022-11-16T09:46:15+00:00","author":"Jeanette","twitter_card":"summary_large_image","twitter_creator":"@eldiario_net","twitter_site":"@eldiario_net","twitter_misc":{"Escrito por":"Jeanette","Tiempo de lectura":"2 minutos"},"schema":{"@context":"https:\/\/schema.org","@graph":[{"@type":"Article","@id":"https:\/\/www.eldiario.net\/portal\/2022\/11\/16\/piden-unificar-fuerzas-para-lograr-federalismo\/#article","isPartOf":{"@id":"https:\/\/www.eldiario.net\/portal\/2022\/11\/16\/piden-unificar-fuerzas-para-lograr-federalismo\/"},"author":{"name":"Jeanette","@id":"https:\/\/www.eldiario.net\/portal\/#\/schema\/person\/f46445640444750d7d753ccd04ae01b7"},"headline":"Piden unificar fuerzas para lograr federalismo","datePublished":"2022-11-16T09:46:15+00:00","mainEntityOfPage":{"@id":"https:\/\/www.eldiario.net\/portal\/2022\/11\/16\/piden-unificar-fuerzas-para-lograr-federalismo\/"},"wordCount":283,"publisher":{"@id":"https:\/\/www.eldiario.net\/portal\/#organization"},"articleSection":["Nacional"],"inLanguage":"es"},{"@type":"WebPage","@id":"https:\/\/www.eldiario.net\/portal\/2022\/11\/16\/piden-unificar-fuerzas-para-lograr-federalismo\/","url":"https:\/\/www.eldiario.net\/portal\/2022\/11\/16\/piden-unificar-fuerzas-para-lograr-federalismo\/","name":"Piden unificar fuerzas para lograr federalismo - El Diario - Bolivia","isPartOf":{"@id":"https:\/\/www.eldiario.net\/portal\/#website"},"datePublished":"2022-11-16T09:46:15+00:00","breadcrumb":{"@id":"https:\/\/www.eldiario.net\/portal\/2022\/11\/16\/piden-unificar-fuerzas-para-lograr-federalismo\/#breadcrumb"},"inLanguage":"es","potentialAction":[{"@type":"ReadAction","target":["https:\/\/www.eldiario.net\/portal\/2022\/11\/16\/piden-unificar-fuerzas-para-lograr-federalismo\/"]}]},{"@type":"BreadcrumbList","@id":"https:\/\/www.eldiario.net\/portal\/2022\/11\/16\/piden-unificar-fuerzas-para-lograr-federalismo\/#breadcrumb","itemListElement":[{"@type":"ListItem","position":1,"name":"Portada","item":"https:\/\/www.eldiario.net\/portal\/"},{"@type":"ListItem","position":2,"name":"Piden unificar fuerzas para lograr federalismo"}]},{"@type":"WebSite","@id":"https:\/\/www.eldiario.net\/portal\/#website","url":"https:\/\/www.eldiario.net\/portal\/","name":"El Diario - Decano de la prensa nacional","description":"El Diario - Decano de la prensa nacional","publisher":{"@id":"https:\/\/www.eldiario.net\/portal\/#organization"},"potentialAction":[{"@type":"SearchAction","target":{"@type":"EntryPoint","urlTemplate":"https:\/\/www.eldiario.net\/portal\/?s={search_term_string}"},"query-input":{"@type":"PropertyValueSpecification","valueRequired":true,"valueName":"search_term_string"}}],"inLanguage":"es"},{"@type":"Organization","@id":"https:\/\/www.eldiario.net\/portal\/#organization","name":"El Diario - Decano de la prensa nacional","url":"https:\/\/www.eldiario.net\/portal\/","logo":{"@type":"ImageObject","inLanguage":"es","@id":"https:\/\/www.eldiario.net\/portal\/#\/schema\/logo\/image\/","url":"https:\/\/www.eldiario.net\/portal\/wp-content\/uploads\/2023\/07\/logo_ED.jpg","contentUrl":"https:\/\/www.eldiario.net\/portal\/wp-content\/uploads\/2023\/07\/logo_ED.jpg","width":272,"height":52,"caption":"El Diario - Decano de la prensa nacional"},"image":{"@id":"https:\/\/www.eldiario.net\/portal\/#\/schema\/logo\/image\/"},"sameAs":["https:\/\/www.facebook.com\/eldiario.bolivia\/","https:\/\/x.com\/eldiario_net"]},{"@type":"Person","@id":"https:\/\/www.eldiario.net\/portal\/#\/schema\/person\/f46445640444750d7d753ccd04ae01b7","name":"Jeanette","image":{"@type":"ImageObject","inLanguage":"es","@id":"https:\/\/secure.gravatar.com\/avatar\/3ea2118a5f7dad2b7138b1187a6b7ee55f160b9968b66013c3a3ef39dd7e5798?s=96&d=mm&r=g","url":"https:\/\/secure.gravatar.com\/avatar\/3ea2118a5f7dad2b7138b1187a6b7ee55f160b9968b66013c3a3ef39dd7e5798?s=96&d=mm&r=g","contentUrl":"https:\/\/secure.gravatar.com\/avatar\/3ea2118a5f7dad2b7138b1187a6b7ee55f160b9968b66013c3a3ef39dd7e5798?s=96&d=mm&r=g","caption":"Jeanette"},"sameAs":["https:\/\/www.eldiario.net\/portal"],"url":"https:\/\/www.eldiario.net\/portal\/author\/jeanette\/"}]}},"_links":{"self":[{"href":"https:\/\/www.eldiario.net\/portal\/wp-json\/wp\/v2\/posts\/122146","targetHints":{"allow":["GET"]}}],"collection":[{"href":"https:\/\/www.eldiario.net\/portal\/wp-json\/wp\/v2\/posts"}],"about":[{"href":"https:\/\/www.eldiario.net\/portal\/wp-json\/wp\/v2\/types\/post"}],"author":[{"embeddable":true,"href":"https:\/\/www.eldiario.net\/portal\/wp-json\/wp\/v2\/users\/1"}],"replies":[{"embeddable":true,"href":"https:\/\/www.eldiario.net\/portal\/wp-json\/wp\/v2\/comments?post=122146"}],"version-history":[{"count":0,"href":"https:\/\/www.eldiario.net\/portal\/wp-json\/wp\/v2\/posts\/122146\/revisions"}],"wp:attachment":[{"href":"https:\/\/www.eldiario.net\/portal\/wp-json\/wp\/v2\/media?parent=122146"}],"wp:term":[{"taxonomy":"category","embeddable":true,"href":"https:\/\/www.eldiario.net\/portal\/wp-json\/wp\/v2\/categories?post=122146"},{"taxonomy":"post_tag","embeddable":true,"href":"https:\/\/www.eldiario.net\/portal\/wp-json\/wp\/v2\/tags?post=122146"}],"curies":[{"name":"wp","href":"https:\/\/api.w.org\/{rel}","templated":true}]}}