{"id":120644,"date":"2022-11-07T05:53:30","date_gmt":"2022-11-07T09:53:30","guid":{"rendered":"https:\/\/www.eldiario.net\/portal\/?p=120644"},"modified":"2022-11-07T05:53:30","modified_gmt":"2022-11-07T09:53:30","slug":"galindo-y-chacon-en-el-podio-del-voleibol-de-playa","status":"publish","type":"post","link":"https:\/\/www.eldiario.net\/portal\/2022\/11\/07\/galindo-y-chacon-en-el-podio-del-voleibol-de-playa\/","title":{"rendered":"Galindo y Chac\u00f3n en el podio del voleibol de playa"},"content":{"rendered":"<p>La dupla boliviana Mar\u00eda Jos\u00e9 Galindo y Mar\u00eda Isabel Chac\u00f3n comenz\u00f3 haciendo podio en la primera etapa del Circuito Sudamericano de Beach Voley U-21, tras quedar en la tercera posici\u00f3n en el torneo que finaliz\u00f3 ayer en las canchas del Club Regatas, de Lima, Per\u00fa.<br \/>\nGalindo\/Chac\u00f3n hizo una excelente actuaci\u00f3n desde el viernes y cerr\u00f3 con triunfo su participaci\u00f3n en esta primera de las cuatro etapas sudamericanas de car\u00e1cter clasificatorio para definir a los pa\u00edses de la regi\u00f3n que competir\u00e1n en el Mundial 2023, con sede y fecha por definir. Luego de superar la fase de grupos y los cuartos de final, las cochabambinas Chac\u00f3n y Galindo jugaron ayerpor la ma\u00f1ana la semifinal frente a las brasile\u00f1as Carol y Larissa, en un encuentro re\u00f1ido, dejando todo por dar la sorpresa y estuvieron cerca de voltear la cuenta. Al final, Brasil pas\u00f3 a la final con un 2-0 con los parciales de 21-19 y 21-14. En el cotejo por el tercer puesto, Galindo\/Chac\u00f3n volvi\u00f3 a enfrentarse a Adri\/Denisse de Paraguay, rival con el cual abri\u00f3 su participaci\u00f3n en este Sudamericano el pasado viernes. Las bolivianas pudieron cobrarse la revancha con una victoria por dos sets contra uno, con los parciales de 21-13, 15-21 y 17-15. Bolivia tambi\u00e9n cerr\u00f3 su actuaci\u00f3n con un triunfo en la rama masculina en Lima, donde Eric Rayner Claros y Rafael Daza P\u00e9rez jugaron por el quinto puesto ante Camilo\/Mateo de Paraguay. Ganaron.<\/p>\n","protected":false},"excerpt":{"rendered":"<p>La dupla boliviana Mar\u00eda Jos\u00e9 Galindo y Mar\u00eda Isabel Chac\u00f3n comenz\u00f3 haciendo podio en la primera etapa del Circuito Sudamericano de Beach Voley U-21, tras quedar en la tercera posici\u00f3n en el torneo que finaliz\u00f3 ayer en las canchas del Club Regatas, de Lima, Per\u00fa. Galindo\/Chac\u00f3n hizo una excelente actuaci\u00f3n desde el viernes y cerr\u00f3 [&hellip;]<\/p>\n","protected":false},"author":1,"featured_media":120645,"comment_status":"closed","ping_status":"closed","sticky":false,"template":"","format":"standard","meta":{"_acf_changed":false,"footnotes":""},"categories":[6],"tags":[],"class_list":["post-120644","post","type-post","status-publish","format-standard","has-post-thumbnail","category-deportes"],"acf":{"antetitulo":""},"yoast_head":"<!-- This site is optimized with the Yoast SEO plugin v28.4 - https:\/\/yoast.com\/product\/yoast-seo-wordpress\/ -->\n<title>Galindo y Chac\u00f3n en el podio del voleibol de playa - El Diario - Bolivia<\/title>\n<meta name=\"robots\" content=\"index, follow, max-snippet:-1, max-image-preview:large, max-video-preview:-1\" \/>\n<link rel=\"canonical\" href=\"https:\/\/www.eldiario.net\/portal\/2022\/11\/07\/galindo-y-chacon-en-el-podio-del-voleibol-de-playa\/\" \/>\n<meta property=\"og:locale\" content=\"es_ES\" \/>\n<meta property=\"og:type\" content=\"article\" \/>\n<meta property=\"og:title\" content=\"Galindo y Chac\u00f3n en el podio del voleibol de playa - El Diario - Bolivia\" \/>\n<meta property=\"og:description\" content=\"La dupla boliviana Mar\u00eda Jos\u00e9 Galindo y Mar\u00eda Isabel Chac\u00f3n comenz\u00f3 haciendo podio en la primera etapa del Circuito Sudamericano de Beach Voley U-21, tras quedar en la tercera posici\u00f3n en el torneo que finaliz\u00f3 ayer en las canchas del Club Regatas, de Lima, Per\u00fa. Galindo\/Chac\u00f3n hizo una excelente actuaci\u00f3n desde el viernes y cerr\u00f3 [&hellip;]\" \/>\n<meta property=\"og:url\" content=\"https:\/\/www.eldiario.net\/portal\/2022\/11\/07\/galindo-y-chacon-en-el-podio-del-voleibol-de-playa\/\" \/>\n<meta property=\"og:site_name\" content=\"El Diario - Bolivia\" \/>\n<meta property=\"article:publisher\" content=\"https:\/\/www.facebook.com\/eldiario.bolivia\/\" \/>\n<meta property=\"article:published_time\" content=\"2022-11-07T09:53:30+00:00\" \/>\n<meta name=\"author\" content=\"Jeanette\" \/>\n<meta name=\"twitter:card\" content=\"summary_large_image\" \/>\n<meta name=\"twitter:creator\" content=\"@eldiario_net\" \/>\n<meta name=\"twitter:site\" content=\"@eldiario_net\" \/>\n<meta name=\"twitter:label1\" content=\"Escrito por\" \/>\n\t<meta name=\"twitter:data1\" content=\"Jeanette\" \/>\n\t<meta name=\"twitter:label2\" content=\"Tiempo de lectura\" \/>\n\t<meta name=\"twitter:data2\" content=\"2 minutos\" \/>\n<script type=\"application\/ld+json\" class=\"yoast-schema-graph\">{\"@context\":\"https:\\\/\\\/schema.org\",\"@graph\":[{\"@type\":\"Article\",\"@id\":\"https:\\\/\\\/www.eldiario.net\\\/portal\\\/2022\\\/11\\\/07\\\/galindo-y-chacon-en-el-podio-del-voleibol-de-playa\\\/#article\",\"isPartOf\":{\"@id\":\"https:\\\/\\\/www.eldiario.net\\\/portal\\\/2022\\\/11\\\/07\\\/galindo-y-chacon-en-el-podio-del-voleibol-de-playa\\\/\"},\"author\":{\"name\":\"Jeanette\",\"@id\":\"https:\\\/\\\/www.eldiario.net\\\/portal\\\/#\\\/schema\\\/person\\\/2c57cf2b7a7ae032e449e4c9b1019eac\"},\"headline\":\"Galindo y Chac\u00f3n en el podio del voleibol de playa\",\"datePublished\":\"2022-11-07T09:53:30+00:00\",\"mainEntityOfPage\":{\"@id\":\"https:\\\/\\\/www.eldiario.net\\\/portal\\\/2022\\\/11\\\/07\\\/galindo-y-chacon-en-el-podio-del-voleibol-de-playa\\\/\"},\"wordCount\":270,\"publisher\":{\"@id\":\"https:\\\/\\\/www.eldiario.net\\\/portal\\\/#organization\"},\"image\":{\"@id\":\"https:\\\/\\\/www.eldiario.net\\\/portal\\\/2022\\\/11\\\/07\\\/galindo-y-chacon-en-el-podio-del-voleibol-de-playa\\\/#primaryimage\"},\"thumbnailUrl\":\"\",\"articleSection\":[\"Deportes\"],\"inLanguage\":\"es\"},{\"@type\":\"WebPage\",\"@id\":\"https:\\\/\\\/www.eldiario.net\\\/portal\\\/2022\\\/11\\\/07\\\/galindo-y-chacon-en-el-podio-del-voleibol-de-playa\\\/\",\"url\":\"https:\\\/\\\/www.eldiario.net\\\/portal\\\/2022\\\/11\\\/07\\\/galindo-y-chacon-en-el-podio-del-voleibol-de-playa\\\/\",\"name\":\"Galindo y Chac\u00f3n en el podio del voleibol de playa - El Diario - Bolivia\",\"isPartOf\":{\"@id\":\"https:\\\/\\\/www.eldiario.net\\\/portal\\\/#website\"},\"primaryImageOfPage\":{\"@id\":\"https:\\\/\\\/www.eldiario.net\\\/portal\\\/2022\\\/11\\\/07\\\/galindo-y-chacon-en-el-podio-del-voleibol-de-playa\\\/#primaryimage\"},\"image\":{\"@id\":\"https:\\\/\\\/www.eldiario.net\\\/portal\\\/2022\\\/11\\\/07\\\/galindo-y-chacon-en-el-podio-del-voleibol-de-playa\\\/#primaryimage\"},\"thumbnailUrl\":\"\",\"datePublished\":\"2022-11-07T09:53:30+00:00\",\"breadcrumb\":{\"@id\":\"https:\\\/\\\/www.eldiario.net\\\/portal\\\/2022\\\/11\\\/07\\\/galindo-y-chacon-en-el-podio-del-voleibol-de-playa\\\/#breadcrumb\"},\"inLanguage\":\"es\",\"potentialAction\":[{\"@type\":\"ReadAction\",\"target\":[\"https:\\\/\\\/www.eldiario.net\\\/portal\\\/2022\\\/11\\\/07\\\/galindo-y-chacon-en-el-podio-del-voleibol-de-playa\\\/\"]}]},{\"@type\":\"ImageObject\",\"inLanguage\":\"es\",\"@id\":\"https:\\\/\\\/www.eldiario.net\\\/portal\\\/2022\\\/11\\\/07\\\/galindo-y-chacon-en-el-podio-del-voleibol-de-playa\\\/#primaryimage\",\"url\":\"\",\"contentUrl\":\"\"},{\"@type\":\"BreadcrumbList\",\"@id\":\"https:\\\/\\\/www.eldiario.net\\\/portal\\\/2022\\\/11\\\/07\\\/galindo-y-chacon-en-el-podio-del-voleibol-de-playa\\\/#breadcrumb\",\"itemListElement\":[{\"@type\":\"ListItem\",\"position\":1,\"name\":\"Portada\",\"item\":\"https:\\\/\\\/www.eldiario.net\\\/portal\\\/\"},{\"@type\":\"ListItem\",\"position\":2,\"name\":\"Galindo y Chac\u00f3n en el podio del voleibol de playa\"}]},{\"@type\":\"WebSite\",\"@id\":\"https:\\\/\\\/www.eldiario.net\\\/portal\\\/#website\",\"url\":\"https:\\\/\\\/www.eldiario.net\\\/portal\\\/\",\"name\":\"El Diario - Decano de la prensa nacional\",\"description\":\"El Diario - Decano de la prensa nacional\",\"publisher\":{\"@id\":\"https:\\\/\\\/www.eldiario.net\\\/portal\\\/#organization\"},\"potentialAction\":[{\"@type\":\"SearchAction\",\"target\":{\"@type\":\"EntryPoint\",\"urlTemplate\":\"https:\\\/\\\/www.eldiario.net\\\/portal\\\/?s={search_term_string}\"},\"query-input\":{\"@type\":\"PropertyValueSpecification\",\"valueRequired\":true,\"valueName\":\"search_term_string\"}}],\"inLanguage\":\"es\"},{\"@type\":\"Organization\",\"@id\":\"https:\\\/\\\/www.eldiario.net\\\/portal\\\/#organization\",\"name\":\"El Diario - Decano de la prensa nacional\",\"url\":\"https:\\\/\\\/www.eldiario.net\\\/portal\\\/\",\"logo\":{\"@type\":\"ImageObject\",\"inLanguage\":\"es\",\"@id\":\"https:\\\/\\\/www.eldiario.net\\\/portal\\\/#\\\/schema\\\/logo\\\/image\\\/\",\"url\":\"https:\\\/\\\/www.eldiario.net\\\/portal\\\/wp-content\\\/uploads\\\/2023\\\/07\\\/logo_ED.jpg\",\"contentUrl\":\"https:\\\/\\\/www.eldiario.net\\\/portal\\\/wp-content\\\/uploads\\\/2023\\\/07\\\/logo_ED.jpg\",\"width\":272,\"height\":52,\"caption\":\"El Diario - Decano de la prensa nacional\"},\"image\":{\"@id\":\"https:\\\/\\\/www.eldiario.net\\\/portal\\\/#\\\/schema\\\/logo\\\/image\\\/\"},\"sameAs\":[\"https:\\\/\\\/www.facebook.com\\\/eldiario.bolivia\\\/\",\"https:\\\/\\\/x.com\\\/eldiario_net\"]},{\"@type\":\"Person\",\"@id\":\"https:\\\/\\\/www.eldiario.net\\\/portal\\\/#\\\/schema\\\/person\\\/2c57cf2b7a7ae032e449e4c9b1019eac\",\"name\":\"Jeanette\",\"image\":{\"@type\":\"ImageObject\",\"inLanguage\":\"es\",\"@id\":\"https:\\\/\\\/secure.gravatar.com\\\/avatar\\\/3ea2118a5f7dad2b7138b1187a6b7ee55f160b9968b66013c3a3ef39dd7e5798?s=96&d=mm&r=g\",\"url\":\"https:\\\/\\\/secure.gravatar.com\\\/avatar\\\/3ea2118a5f7dad2b7138b1187a6b7ee55f160b9968b66013c3a3ef39dd7e5798?s=96&d=mm&r=g\",\"contentUrl\":\"https:\\\/\\\/secure.gravatar.com\\\/avatar\\\/3ea2118a5f7dad2b7138b1187a6b7ee55f160b9968b66013c3a3ef39dd7e5798?s=96&d=mm&r=g\",\"caption\":\"Jeanette\"},\"sameAs\":[\"https:\\\/\\\/www.eldiario.net\\\/portal\"],\"url\":\"https:\\\/\\\/www.eldiario.net\\\/portal\\\/author\\\/jeanette\\\/\"}]}<\/script>\n<!-- \/ Yoast SEO plugin. -->","yoast_head_json":{"title":"Galindo y Chac\u00f3n en el podio del voleibol de playa - El Diario - Bolivia","robots":{"index":"index","follow":"follow","max-snippet":"max-snippet:-1","max-image-preview":"max-image-preview:large","max-video-preview":"max-video-preview:-1"},"canonical":"https:\/\/www.eldiario.net\/portal\/2022\/11\/07\/galindo-y-chacon-en-el-podio-del-voleibol-de-playa\/","og_locale":"es_ES","og_type":"article","og_title":"Galindo y Chac\u00f3n en el podio del voleibol de playa - El Diario - Bolivia","og_description":"La dupla boliviana Mar\u00eda Jos\u00e9 Galindo y Mar\u00eda Isabel Chac\u00f3n comenz\u00f3 haciendo podio en la primera etapa del Circuito Sudamericano de Beach Voley U-21, tras quedar en la tercera posici\u00f3n en el torneo que finaliz\u00f3 ayer en las canchas del Club Regatas, de Lima, Per\u00fa. Galindo\/Chac\u00f3n hizo una excelente actuaci\u00f3n desde el viernes y cerr\u00f3 [&hellip;]","og_url":"https:\/\/www.eldiario.net\/portal\/2022\/11\/07\/galindo-y-chacon-en-el-podio-del-voleibol-de-playa\/","og_site_name":"El Diario - Bolivia","article_publisher":"https:\/\/www.facebook.com\/eldiario.bolivia\/","article_published_time":"2022-11-07T09:53:30+00:00","author":"Jeanette","twitter_card":"summary_large_image","twitter_creator":"@eldiario_net","twitter_site":"@eldiario_net","twitter_misc":{"Escrito por":"Jeanette","Tiempo de lectura":"2 minutos"},"schema":{"@context":"https:\/\/schema.org","@graph":[{"@type":"Article","@id":"https:\/\/www.eldiario.net\/portal\/2022\/11\/07\/galindo-y-chacon-en-el-podio-del-voleibol-de-playa\/#article","isPartOf":{"@id":"https:\/\/www.eldiario.net\/portal\/2022\/11\/07\/galindo-y-chacon-en-el-podio-del-voleibol-de-playa\/"},"author":{"name":"Jeanette","@id":"https:\/\/www.eldiario.net\/portal\/#\/schema\/person\/2c57cf2b7a7ae032e449e4c9b1019eac"},"headline":"Galindo y Chac\u00f3n en el podio del voleibol de playa","datePublished":"2022-11-07T09:53:30+00:00","mainEntityOfPage":{"@id":"https:\/\/www.eldiario.net\/portal\/2022\/11\/07\/galindo-y-chacon-en-el-podio-del-voleibol-de-playa\/"},"wordCount":270,"publisher":{"@id":"https:\/\/www.eldiario.net\/portal\/#organization"},"image":{"@id":"https:\/\/www.eldiario.net\/portal\/2022\/11\/07\/galindo-y-chacon-en-el-podio-del-voleibol-de-playa\/#primaryimage"},"thumbnailUrl":"","articleSection":["Deportes"],"inLanguage":"es"},{"@type":"WebPage","@id":"https:\/\/www.eldiario.net\/portal\/2022\/11\/07\/galindo-y-chacon-en-el-podio-del-voleibol-de-playa\/","url":"https:\/\/www.eldiario.net\/portal\/2022\/11\/07\/galindo-y-chacon-en-el-podio-del-voleibol-de-playa\/","name":"Galindo y Chac\u00f3n en el podio del voleibol de playa - El Diario - Bolivia","isPartOf":{"@id":"https:\/\/www.eldiario.net\/portal\/#website"},"primaryImageOfPage":{"@id":"https:\/\/www.eldiario.net\/portal\/2022\/11\/07\/galindo-y-chacon-en-el-podio-del-voleibol-de-playa\/#primaryimage"},"image":{"@id":"https:\/\/www.eldiario.net\/portal\/2022\/11\/07\/galindo-y-chacon-en-el-podio-del-voleibol-de-playa\/#primaryimage"},"thumbnailUrl":"","datePublished":"2022-11-07T09:53:30+00:00","breadcrumb":{"@id":"https:\/\/www.eldiario.net\/portal\/2022\/11\/07\/galindo-y-chacon-en-el-podio-del-voleibol-de-playa\/#breadcrumb"},"inLanguage":"es","potentialAction":[{"@type":"ReadAction","target":["https:\/\/www.eldiario.net\/portal\/2022\/11\/07\/galindo-y-chacon-en-el-podio-del-voleibol-de-playa\/"]}]},{"@type":"ImageObject","inLanguage":"es","@id":"https:\/\/www.eldiario.net\/portal\/2022\/11\/07\/galindo-y-chacon-en-el-podio-del-voleibol-de-playa\/#primaryimage","url":"","contentUrl":""},{"@type":"BreadcrumbList","@id":"https:\/\/www.eldiario.net\/portal\/2022\/11\/07\/galindo-y-chacon-en-el-podio-del-voleibol-de-playa\/#breadcrumb","itemListElement":[{"@type":"ListItem","position":1,"name":"Portada","item":"https:\/\/www.eldiario.net\/portal\/"},{"@type":"ListItem","position":2,"name":"Galindo y Chac\u00f3n en el podio del voleibol de playa"}]},{"@type":"WebSite","@id":"https:\/\/www.eldiario.net\/portal\/#website","url":"https:\/\/www.eldiario.net\/portal\/","name":"El Diario - Decano de la prensa nacional","description":"El Diario - Decano de la prensa nacional","publisher":{"@id":"https:\/\/www.eldiario.net\/portal\/#organization"},"potentialAction":[{"@type":"SearchAction","target":{"@type":"EntryPoint","urlTemplate":"https:\/\/www.eldiario.net\/portal\/?s={search_term_string}"},"query-input":{"@type":"PropertyValueSpecification","valueRequired":true,"valueName":"search_term_string"}}],"inLanguage":"es"},{"@type":"Organization","@id":"https:\/\/www.eldiario.net\/portal\/#organization","name":"El Diario - Decano de la prensa nacional","url":"https:\/\/www.eldiario.net\/portal\/","logo":{"@type":"ImageObject","inLanguage":"es","@id":"https:\/\/www.eldiario.net\/portal\/#\/schema\/logo\/image\/","url":"https:\/\/www.eldiario.net\/portal\/wp-content\/uploads\/2023\/07\/logo_ED.jpg","contentUrl":"https:\/\/www.eldiario.net\/portal\/wp-content\/uploads\/2023\/07\/logo_ED.jpg","width":272,"height":52,"caption":"El Diario - Decano de la prensa nacional"},"image":{"@id":"https:\/\/www.eldiario.net\/portal\/#\/schema\/logo\/image\/"},"sameAs":["https:\/\/www.facebook.com\/eldiario.bolivia\/","https:\/\/x.com\/eldiario_net"]},{"@type":"Person","@id":"https:\/\/www.eldiario.net\/portal\/#\/schema\/person\/2c57cf2b7a7ae032e449e4c9b1019eac","name":"Jeanette","image":{"@type":"ImageObject","inLanguage":"es","@id":"https:\/\/secure.gravatar.com\/avatar\/3ea2118a5f7dad2b7138b1187a6b7ee55f160b9968b66013c3a3ef39dd7e5798?s=96&d=mm&r=g","url":"https:\/\/secure.gravatar.com\/avatar\/3ea2118a5f7dad2b7138b1187a6b7ee55f160b9968b66013c3a3ef39dd7e5798?s=96&d=mm&r=g","contentUrl":"https:\/\/secure.gravatar.com\/avatar\/3ea2118a5f7dad2b7138b1187a6b7ee55f160b9968b66013c3a3ef39dd7e5798?s=96&d=mm&r=g","caption":"Jeanette"},"sameAs":["https:\/\/www.eldiario.net\/portal"],"url":"https:\/\/www.eldiario.net\/portal\/author\/jeanette\/"}]}},"_links":{"self":[{"href":"https:\/\/www.eldiario.net\/portal\/wp-json\/wp\/v2\/posts\/120644","targetHints":{"allow":["GET"]}}],"collection":[{"href":"https:\/\/www.eldiario.net\/portal\/wp-json\/wp\/v2\/posts"}],"about":[{"href":"https:\/\/www.eldiario.net\/portal\/wp-json\/wp\/v2\/types\/post"}],"author":[{"embeddable":true,"href":"https:\/\/www.eldiario.net\/portal\/wp-json\/wp\/v2\/users\/1"}],"replies":[{"embeddable":true,"href":"https:\/\/www.eldiario.net\/portal\/wp-json\/wp\/v2\/comments?post=120644"}],"version-history":[{"count":0,"href":"https:\/\/www.eldiario.net\/portal\/wp-json\/wp\/v2\/posts\/120644\/revisions"}],"wp:attachment":[{"href":"https:\/\/www.eldiario.net\/portal\/wp-json\/wp\/v2\/media?parent=120644"}],"wp:term":[{"taxonomy":"category","embeddable":true,"href":"https:\/\/www.eldiario.net\/portal\/wp-json\/wp\/v2\/categories?post=120644"},{"taxonomy":"post_tag","embeddable":true,"href":"https:\/\/www.eldiario.net\/portal\/wp-json\/wp\/v2\/tags?post=120644"}],"curies":[{"name":"wp","href":"https:\/\/api.w.org\/{rel}","templated":true}]}}