{"id":120628,"date":"2022-11-07T05:46:02","date_gmt":"2022-11-07T09:46:02","guid":{"rendered":"https:\/\/www.eldiario.net\/portal\/?p=120628"},"modified":"2022-11-07T05:46:02","modified_gmt":"2022-11-07T09:46:02","slug":"no-existe-voluntad-politica-del-gobierno-para-cambiar-fecha","status":"publish","type":"post","link":"https:\/\/www.eldiario.net\/portal\/2022\/11\/07\/no-existe-voluntad-politica-del-gobierno-para-cambiar-fecha\/","title":{"rendered":"No existe voluntad pol\u00edtica del  Gobierno para cambiar fecha"},"content":{"rendered":"<p>\u201cComo lo dijimos en conversaciones v\u00eda tel\u00e9fono con nuestro vicerrector, el doctor Santiestaban es una falta de voluntad pol\u00edtica del Gobierno, no es un tema t\u00e9cnico; entonces ellos desvirt\u00faan cualquier propuesta que tenga que ver con la que ellos tienen sobre el 2024, nosotros seguimos con la postura del 2023, no solo porque tenemos un mandato, sino porque la universidad y su equipo t\u00e9cnico elaboraron un proyecto factible en el cual demuestran que s\u00ed es posible realizar el censo el 2023\u201d, dijo Camacho en contacto con los medios de comunicaci\u00f3n.<br \/>\n\u201cDesde que comenzaron las mesas de arreglo el Gobierno no dej\u00f3 de sacar su propaganda en la televisi\u00f3n indicando que no era viable el censo este 2023\u201d, agreg\u00f3.<br \/>\nAl ser consultado su criterio sobre c\u00f3mo concluir\u00e1 la mesa t\u00e9cnica que instal\u00f3 el Gobierno en Trinidad, dijo que \u201ccomo siempre imponiendo sus posiciones e ideas y desvirtuando todo lo que se ha expuesto para que el censo se realice el 2023\u201d.<br \/>\nSIN CONSENSO<br \/>\nEl rector de la Universidad Aut\u00f3noma Gabriel Ren\u00e9 Moreno (Uagrm), Vicente Cu\u00e9llar, consider\u00f3 ayer que no existir\u00e1 consenso sobre la realizaci\u00f3n del Censo de Poblaci\u00f3n y Vivienda, por lo que pregunt\u00f3 qui\u00e9n dirimir\u00e1 la decisi\u00f3n y cuestion\u00f3 que el Gobierno tenga una postura anticipada al respecto.<br \/>\n\u201cNo se va a generar un consenso, la postura del Gobierno siempre ser\u00e1 hacer el censo el 2024; la postura del Comit\u00e9 Interinstitucional, demostrada t\u00e9cnicamente, es que el censo debe llevarse el 2023, \u00bfqui\u00e9n va a dirimir?\u201d, indic\u00f3 Cu\u00e9llar.<br \/>\nAgreg\u00f3 que le sorprendi\u00f3 que el ministro de Planificaci\u00f3n, Sergio Cusicanqui, \u201chaya declarado que todav\u00eda no tenemos el sustento para que el censo se haga el 2023 y da a entender que el censo est\u00e1 encaminado para hacerse el 2024\u201d.( Santa Cruz-Trinidad, con datos de Unitel y agencias).<\/p>\n","protected":false},"excerpt":{"rendered":"<p>\u201cComo lo dijimos en conversaciones v\u00eda tel\u00e9fono con nuestro vicerrector, el doctor Santiestaban es una falta de voluntad pol\u00edtica del Gobierno, no es un tema t\u00e9cnico; entonces ellos desvirt\u00faan cualquier propuesta que tenga que ver con la que ellos tienen sobre el 2024, nosotros seguimos con la postura del 2023, no solo porque tenemos un [&hellip;]<\/p>\n","protected":false},"author":1,"featured_media":0,"comment_status":"closed","ping_status":"closed","sticky":false,"template":"","format":"standard","meta":{"_acf_changed":false,"footnotes":""},"categories":[15],"tags":[],"class_list":["post-120628","post","type-post","status-publish","format-standard","category-portada"],"acf":{"antetitulo":""},"yoast_head":"<!-- This site is optimized with the Yoast SEO plugin v28.4 - https:\/\/yoast.com\/product\/yoast-seo-wordpress\/ -->\n<title>No existe voluntad pol\u00edtica del Gobierno para cambiar fecha - El Diario - Bolivia<\/title>\n<meta name=\"robots\" content=\"index, follow, max-snippet:-1, max-image-preview:large, max-video-preview:-1\" \/>\n<link rel=\"canonical\" href=\"https:\/\/www.eldiario.net\/portal\/2022\/11\/07\/no-existe-voluntad-politica-del-gobierno-para-cambiar-fecha\/\" \/>\n<meta property=\"og:locale\" content=\"es_ES\" \/>\n<meta property=\"og:type\" content=\"article\" \/>\n<meta property=\"og:title\" content=\"No existe voluntad pol\u00edtica del Gobierno para cambiar fecha - El Diario - Bolivia\" \/>\n<meta property=\"og:description\" content=\"\u201cComo lo dijimos en conversaciones v\u00eda tel\u00e9fono con nuestro vicerrector, el doctor Santiestaban es una falta de voluntad pol\u00edtica del Gobierno, no es un tema t\u00e9cnico; entonces ellos desvirt\u00faan cualquier propuesta que tenga que ver con la que ellos tienen sobre el 2024, nosotros seguimos con la postura del 2023, no solo porque tenemos un [&hellip;]\" \/>\n<meta property=\"og:url\" content=\"https:\/\/www.eldiario.net\/portal\/2022\/11\/07\/no-existe-voluntad-politica-del-gobierno-para-cambiar-fecha\/\" \/>\n<meta property=\"og:site_name\" content=\"El Diario - Bolivia\" \/>\n<meta property=\"article:publisher\" content=\"https:\/\/www.facebook.com\/eldiario.bolivia\/\" \/>\n<meta property=\"article:published_time\" content=\"2022-11-07T09:46:02+00:00\" \/>\n<meta name=\"author\" content=\"Jeanette\" \/>\n<meta name=\"twitter:card\" content=\"summary_large_image\" \/>\n<meta name=\"twitter:creator\" content=\"@eldiario_net\" \/>\n<meta name=\"twitter:site\" content=\"@eldiario_net\" \/>\n<meta name=\"twitter:label1\" content=\"Escrito por\" \/>\n\t<meta name=\"twitter:data1\" content=\"Jeanette\" \/>\n\t<meta name=\"twitter:label2\" content=\"Tiempo de lectura\" \/>\n\t<meta name=\"twitter:data2\" content=\"2 minutos\" \/>\n<script type=\"application\/ld+json\" class=\"yoast-schema-graph\">{\"@context\":\"https:\\\/\\\/schema.org\",\"@graph\":[{\"@type\":\"Article\",\"@id\":\"https:\\\/\\\/www.eldiario.net\\\/portal\\\/2022\\\/11\\\/07\\\/no-existe-voluntad-politica-del-gobierno-para-cambiar-fecha\\\/#article\",\"isPartOf\":{\"@id\":\"https:\\\/\\\/www.eldiario.net\\\/portal\\\/2022\\\/11\\\/07\\\/no-existe-voluntad-politica-del-gobierno-para-cambiar-fecha\\\/\"},\"author\":{\"name\":\"Jeanette\",\"@id\":\"https:\\\/\\\/www.eldiario.net\\\/portal\\\/#\\\/schema\\\/person\\\/2c57cf2b7a7ae032e449e4c9b1019eac\"},\"headline\":\"No existe voluntad pol\u00edtica del Gobierno para cambiar fecha\",\"datePublished\":\"2022-11-07T09:46:02+00:00\",\"mainEntityOfPage\":{\"@id\":\"https:\\\/\\\/www.eldiario.net\\\/portal\\\/2022\\\/11\\\/07\\\/no-existe-voluntad-politica-del-gobierno-para-cambiar-fecha\\\/\"},\"wordCount\":317,\"publisher\":{\"@id\":\"https:\\\/\\\/www.eldiario.net\\\/portal\\\/#organization\"},\"articleSection\":[\"Portada\"],\"inLanguage\":\"es\"},{\"@type\":\"WebPage\",\"@id\":\"https:\\\/\\\/www.eldiario.net\\\/portal\\\/2022\\\/11\\\/07\\\/no-existe-voluntad-politica-del-gobierno-para-cambiar-fecha\\\/\",\"url\":\"https:\\\/\\\/www.eldiario.net\\\/portal\\\/2022\\\/11\\\/07\\\/no-existe-voluntad-politica-del-gobierno-para-cambiar-fecha\\\/\",\"name\":\"No existe voluntad pol\u00edtica del Gobierno para cambiar fecha - El Diario - Bolivia\",\"isPartOf\":{\"@id\":\"https:\\\/\\\/www.eldiario.net\\\/portal\\\/#website\"},\"datePublished\":\"2022-11-07T09:46:02+00:00\",\"breadcrumb\":{\"@id\":\"https:\\\/\\\/www.eldiario.net\\\/portal\\\/2022\\\/11\\\/07\\\/no-existe-voluntad-politica-del-gobierno-para-cambiar-fecha\\\/#breadcrumb\"},\"inLanguage\":\"es\",\"potentialAction\":[{\"@type\":\"ReadAction\",\"target\":[\"https:\\\/\\\/www.eldiario.net\\\/portal\\\/2022\\\/11\\\/07\\\/no-existe-voluntad-politica-del-gobierno-para-cambiar-fecha\\\/\"]}]},{\"@type\":\"BreadcrumbList\",\"@id\":\"https:\\\/\\\/www.eldiario.net\\\/portal\\\/2022\\\/11\\\/07\\\/no-existe-voluntad-politica-del-gobierno-para-cambiar-fecha\\\/#breadcrumb\",\"itemListElement\":[{\"@type\":\"ListItem\",\"position\":1,\"name\":\"Portada\",\"item\":\"https:\\\/\\\/www.eldiario.net\\\/portal\\\/\"},{\"@type\":\"ListItem\",\"position\":2,\"name\":\"No existe voluntad pol\u00edtica del Gobierno para cambiar fecha\"}]},{\"@type\":\"WebSite\",\"@id\":\"https:\\\/\\\/www.eldiario.net\\\/portal\\\/#website\",\"url\":\"https:\\\/\\\/www.eldiario.net\\\/portal\\\/\",\"name\":\"El Diario - Decano de la prensa nacional\",\"description\":\"El Diario - Decano de la prensa nacional\",\"publisher\":{\"@id\":\"https:\\\/\\\/www.eldiario.net\\\/portal\\\/#organization\"},\"potentialAction\":[{\"@type\":\"SearchAction\",\"target\":{\"@type\":\"EntryPoint\",\"urlTemplate\":\"https:\\\/\\\/www.eldiario.net\\\/portal\\\/?s={search_term_string}\"},\"query-input\":{\"@type\":\"PropertyValueSpecification\",\"valueRequired\":true,\"valueName\":\"search_term_string\"}}],\"inLanguage\":\"es\"},{\"@type\":\"Organization\",\"@id\":\"https:\\\/\\\/www.eldiario.net\\\/portal\\\/#organization\",\"name\":\"El Diario - Decano de la prensa nacional\",\"url\":\"https:\\\/\\\/www.eldiario.net\\\/portal\\\/\",\"logo\":{\"@type\":\"ImageObject\",\"inLanguage\":\"es\",\"@id\":\"https:\\\/\\\/www.eldiario.net\\\/portal\\\/#\\\/schema\\\/logo\\\/image\\\/\",\"url\":\"https:\\\/\\\/www.eldiario.net\\\/portal\\\/wp-content\\\/uploads\\\/2023\\\/07\\\/logo_ED.jpg\",\"contentUrl\":\"https:\\\/\\\/www.eldiario.net\\\/portal\\\/wp-content\\\/uploads\\\/2023\\\/07\\\/logo_ED.jpg\",\"width\":272,\"height\":52,\"caption\":\"El Diario - Decano de la prensa nacional\"},\"image\":{\"@id\":\"https:\\\/\\\/www.eldiario.net\\\/portal\\\/#\\\/schema\\\/logo\\\/image\\\/\"},\"sameAs\":[\"https:\\\/\\\/www.facebook.com\\\/eldiario.bolivia\\\/\",\"https:\\\/\\\/x.com\\\/eldiario_net\"]},{\"@type\":\"Person\",\"@id\":\"https:\\\/\\\/www.eldiario.net\\\/portal\\\/#\\\/schema\\\/person\\\/2c57cf2b7a7ae032e449e4c9b1019eac\",\"name\":\"Jeanette\",\"image\":{\"@type\":\"ImageObject\",\"inLanguage\":\"es\",\"@id\":\"https:\\\/\\\/secure.gravatar.com\\\/avatar\\\/3ea2118a5f7dad2b7138b1187a6b7ee55f160b9968b66013c3a3ef39dd7e5798?s=96&d=mm&r=g\",\"url\":\"https:\\\/\\\/secure.gravatar.com\\\/avatar\\\/3ea2118a5f7dad2b7138b1187a6b7ee55f160b9968b66013c3a3ef39dd7e5798?s=96&d=mm&r=g\",\"contentUrl\":\"https:\\\/\\\/secure.gravatar.com\\\/avatar\\\/3ea2118a5f7dad2b7138b1187a6b7ee55f160b9968b66013c3a3ef39dd7e5798?s=96&d=mm&r=g\",\"caption\":\"Jeanette\"},\"sameAs\":[\"https:\\\/\\\/www.eldiario.net\\\/portal\"],\"url\":\"https:\\\/\\\/www.eldiario.net\\\/portal\\\/author\\\/jeanette\\\/\"}]}<\/script>\n<!-- \/ Yoast SEO plugin. -->","yoast_head_json":{"title":"No existe voluntad pol\u00edtica del Gobierno para cambiar fecha - El Diario - Bolivia","robots":{"index":"index","follow":"follow","max-snippet":"max-snippet:-1","max-image-preview":"max-image-preview:large","max-video-preview":"max-video-preview:-1"},"canonical":"https:\/\/www.eldiario.net\/portal\/2022\/11\/07\/no-existe-voluntad-politica-del-gobierno-para-cambiar-fecha\/","og_locale":"es_ES","og_type":"article","og_title":"No existe voluntad pol\u00edtica del Gobierno para cambiar fecha - El Diario - Bolivia","og_description":"\u201cComo lo dijimos en conversaciones v\u00eda tel\u00e9fono con nuestro vicerrector, el doctor Santiestaban es una falta de voluntad pol\u00edtica del Gobierno, no es un tema t\u00e9cnico; entonces ellos desvirt\u00faan cualquier propuesta que tenga que ver con la que ellos tienen sobre el 2024, nosotros seguimos con la postura del 2023, no solo porque tenemos un [&hellip;]","og_url":"https:\/\/www.eldiario.net\/portal\/2022\/11\/07\/no-existe-voluntad-politica-del-gobierno-para-cambiar-fecha\/","og_site_name":"El Diario - Bolivia","article_publisher":"https:\/\/www.facebook.com\/eldiario.bolivia\/","article_published_time":"2022-11-07T09:46:02+00:00","author":"Jeanette","twitter_card":"summary_large_image","twitter_creator":"@eldiario_net","twitter_site":"@eldiario_net","twitter_misc":{"Escrito por":"Jeanette","Tiempo de lectura":"2 minutos"},"schema":{"@context":"https:\/\/schema.org","@graph":[{"@type":"Article","@id":"https:\/\/www.eldiario.net\/portal\/2022\/11\/07\/no-existe-voluntad-politica-del-gobierno-para-cambiar-fecha\/#article","isPartOf":{"@id":"https:\/\/www.eldiario.net\/portal\/2022\/11\/07\/no-existe-voluntad-politica-del-gobierno-para-cambiar-fecha\/"},"author":{"name":"Jeanette","@id":"https:\/\/www.eldiario.net\/portal\/#\/schema\/person\/2c57cf2b7a7ae032e449e4c9b1019eac"},"headline":"No existe voluntad pol\u00edtica del Gobierno para cambiar fecha","datePublished":"2022-11-07T09:46:02+00:00","mainEntityOfPage":{"@id":"https:\/\/www.eldiario.net\/portal\/2022\/11\/07\/no-existe-voluntad-politica-del-gobierno-para-cambiar-fecha\/"},"wordCount":317,"publisher":{"@id":"https:\/\/www.eldiario.net\/portal\/#organization"},"articleSection":["Portada"],"inLanguage":"es"},{"@type":"WebPage","@id":"https:\/\/www.eldiario.net\/portal\/2022\/11\/07\/no-existe-voluntad-politica-del-gobierno-para-cambiar-fecha\/","url":"https:\/\/www.eldiario.net\/portal\/2022\/11\/07\/no-existe-voluntad-politica-del-gobierno-para-cambiar-fecha\/","name":"No existe voluntad pol\u00edtica del Gobierno para cambiar fecha - El Diario - Bolivia","isPartOf":{"@id":"https:\/\/www.eldiario.net\/portal\/#website"},"datePublished":"2022-11-07T09:46:02+00:00","breadcrumb":{"@id":"https:\/\/www.eldiario.net\/portal\/2022\/11\/07\/no-existe-voluntad-politica-del-gobierno-para-cambiar-fecha\/#breadcrumb"},"inLanguage":"es","potentialAction":[{"@type":"ReadAction","target":["https:\/\/www.eldiario.net\/portal\/2022\/11\/07\/no-existe-voluntad-politica-del-gobierno-para-cambiar-fecha\/"]}]},{"@type":"BreadcrumbList","@id":"https:\/\/www.eldiario.net\/portal\/2022\/11\/07\/no-existe-voluntad-politica-del-gobierno-para-cambiar-fecha\/#breadcrumb","itemListElement":[{"@type":"ListItem","position":1,"name":"Portada","item":"https:\/\/www.eldiario.net\/portal\/"},{"@type":"ListItem","position":2,"name":"No existe voluntad pol\u00edtica del Gobierno para cambiar fecha"}]},{"@type":"WebSite","@id":"https:\/\/www.eldiario.net\/portal\/#website","url":"https:\/\/www.eldiario.net\/portal\/","name":"El Diario - Decano de la prensa nacional","description":"El Diario - Decano de la prensa nacional","publisher":{"@id":"https:\/\/www.eldiario.net\/portal\/#organization"},"potentialAction":[{"@type":"SearchAction","target":{"@type":"EntryPoint","urlTemplate":"https:\/\/www.eldiario.net\/portal\/?s={search_term_string}"},"query-input":{"@type":"PropertyValueSpecification","valueRequired":true,"valueName":"search_term_string"}}],"inLanguage":"es"},{"@type":"Organization","@id":"https:\/\/www.eldiario.net\/portal\/#organization","name":"El Diario - Decano de la prensa nacional","url":"https:\/\/www.eldiario.net\/portal\/","logo":{"@type":"ImageObject","inLanguage":"es","@id":"https:\/\/www.eldiario.net\/portal\/#\/schema\/logo\/image\/","url":"https:\/\/www.eldiario.net\/portal\/wp-content\/uploads\/2023\/07\/logo_ED.jpg","contentUrl":"https:\/\/www.eldiario.net\/portal\/wp-content\/uploads\/2023\/07\/logo_ED.jpg","width":272,"height":52,"caption":"El Diario - Decano de la prensa nacional"},"image":{"@id":"https:\/\/www.eldiario.net\/portal\/#\/schema\/logo\/image\/"},"sameAs":["https:\/\/www.facebook.com\/eldiario.bolivia\/","https:\/\/x.com\/eldiario_net"]},{"@type":"Person","@id":"https:\/\/www.eldiario.net\/portal\/#\/schema\/person\/2c57cf2b7a7ae032e449e4c9b1019eac","name":"Jeanette","image":{"@type":"ImageObject","inLanguage":"es","@id":"https:\/\/secure.gravatar.com\/avatar\/3ea2118a5f7dad2b7138b1187a6b7ee55f160b9968b66013c3a3ef39dd7e5798?s=96&d=mm&r=g","url":"https:\/\/secure.gravatar.com\/avatar\/3ea2118a5f7dad2b7138b1187a6b7ee55f160b9968b66013c3a3ef39dd7e5798?s=96&d=mm&r=g","contentUrl":"https:\/\/secure.gravatar.com\/avatar\/3ea2118a5f7dad2b7138b1187a6b7ee55f160b9968b66013c3a3ef39dd7e5798?s=96&d=mm&r=g","caption":"Jeanette"},"sameAs":["https:\/\/www.eldiario.net\/portal"],"url":"https:\/\/www.eldiario.net\/portal\/author\/jeanette\/"}]}},"_links":{"self":[{"href":"https:\/\/www.eldiario.net\/portal\/wp-json\/wp\/v2\/posts\/120628","targetHints":{"allow":["GET"]}}],"collection":[{"href":"https:\/\/www.eldiario.net\/portal\/wp-json\/wp\/v2\/posts"}],"about":[{"href":"https:\/\/www.eldiario.net\/portal\/wp-json\/wp\/v2\/types\/post"}],"author":[{"embeddable":true,"href":"https:\/\/www.eldiario.net\/portal\/wp-json\/wp\/v2\/users\/1"}],"replies":[{"embeddable":true,"href":"https:\/\/www.eldiario.net\/portal\/wp-json\/wp\/v2\/comments?post=120628"}],"version-history":[{"count":0,"href":"https:\/\/www.eldiario.net\/portal\/wp-json\/wp\/v2\/posts\/120628\/revisions"}],"wp:attachment":[{"href":"https:\/\/www.eldiario.net\/portal\/wp-json\/wp\/v2\/media?parent=120628"}],"wp:term":[{"taxonomy":"category","embeddable":true,"href":"https:\/\/www.eldiario.net\/portal\/wp-json\/wp\/v2\/categories?post=120628"},{"taxonomy":"post_tag","embeddable":true,"href":"https:\/\/www.eldiario.net\/portal\/wp-json\/wp\/v2\/tags?post=120628"}],"curies":[{"name":"wp","href":"https:\/\/api.w.org\/{rel}","templated":true}]}}